{"id":32931,"date":"2026-06-22T11:42:06","date_gmt":"2026-06-22T09:42:06","guid":{"rendered":"https:\/\/turysta2.pttk.pl\/?p=32931"},"modified":"2026-06-22T11:42:06","modified_gmt":"2026-06-22T09:42:06","slug":"s-jak-sokol-franciszek","status":"publish","type":"post","link":"https:\/\/turysta2.pttk.pl\/?p=32931","title":{"rendered":"S jak Sok\u00f3\u0142 Franciszek"},"content":{"rendered":"<p>Franciszek Sok\u00f3\u0142 \u2013 komisarz rz\u0105du w Gdyni w latach 1933\u20131939<\/p>\n<p>W swojej 100-letniej historii Gdynia mia\u0142a szcz\u0119\u015bcie do dobrych gospodarzy. Jednym z nich by\u0142 Franciszek Sok\u00f3\u0142, kt\u00f3ry obj\u0105\u0142 urz\u0105d Komisarza Rz\u0105du RP w si\u00f3dm\u0105 rocznic\u0119 nadania jej praw miejskich (1933).<br \/>\nUrodzony w 1890 roku w Cyrance (dzi\u015b cz\u0119\u015b\u0107 Mielca), by\u0142 wcze\u015bniej wicestarost\u0105 w Kutnie, starost\u0105 w Nadw\u00f3rnej i wicewojewod\u0105 stanis\u0142awowskim.<br \/>\nNa stanowisku komisarza pracowa\u0142 do ewakuacji kutrem rybackim z Oksywia na Hel w ostatnich dniach obrony K\u0119py Oksywskiej we wrze\u015bniu 1939 roku.<br \/>\nW ci\u0105gu 6,5 roku urz\u0119dowania, cho\u0107 by\u0142 to dla niego nowy teren i \u015brodowisko, konsekwentnie realizowa\u0142 wa\u017cne dla miasta przedsi\u0119wzi\u0119cia: powo\u0142anie zawodowej stra\u017cy po\u017carnej, budow\u0119 rze\u017ani i hali targowej, rozw\u00f3j komunikacji miejskiej oraz uratowanie przed likwidacj\u0105 Stoczni Gdy\u0144skiej. Do 1939 roku wybrukowano i wyasfaltowano 90 km ulic, chodnik\u00f3w i kraw\u0119\u017cnik\u00f3w, a zaprojektowano kolejne 400 km.<br \/>\nPo wojnie, na zaproszenie Eugeniusza Kwiatkowskiego, pracowa\u0142 do 1947 roku w Delegaturze Rz\u0105du ds. Odbudowy Wybrze\u017ca. W 1950 roku zmuszony by\u0142 jednak opu\u015bci\u0107 miasto na zawsze. Zmar\u0142 na zawa\u0142 serca w 1956 roku w Krynicy-Zdroju i tam zosta\u0142 pochowany.<br \/>\nJego podej\u015bcie do s\u0142u\u017cby pa\u0144stwowej dobrze oddaj\u0105 s\u0142owa skierowane do pracownik\u00f3w Komisariatu Rz\u0105du: Wymagam czynnej lojalno\u015bci i sumienno\u015bci w wykonywaniu obowi\u0105zk\u00f3w. Sprzeciwiam si\u0119 rozwarstwieniu w waszym gronie. Chc\u0119 szybkiego za\u0142atwiania spraw i uczynno\u015bci wobec interesant\u00f3w oraz dbania o urz\u0119dnicz\u0105 opini\u0119. Jak was widz\u0105, tak was pisz\u0105 \u2013 nie tylko tutaj, ale tak\u017ce w restauracjach, kawiarniach czy kabaretach. Je\u015bli chodzi o wydatki \u2013 zalecam oszcz\u0119dno\u015bci. A dygnitarstwu i bujaniu nale\u017cy przeciwstawi\u0107 realn\u0105 prac\u0119.<br \/>\n<em>Tekst<\/em><strong> Jaros\u0142aw Kaczmarczyk<\/strong><\/p>\n","protected":false},"excerpt":{"rendered":"Franciszek Sok\u00f3\u0142 \u2013 komisarz rz\u0105du w Gdyni w latach 1933\u20131939 W swojej 100-letniej historii Gdynia mia\u0142a szcz\u0119\u015bcie do dobrych gospodarzy. Jednym z nich by\u0142 Franciszek Sok\u00f3\u0142, kt\u00f3ry obj\u0105\u0142 urz\u0105d Komisarza Rz\u0105du RP w si\u00f3dm\u0105 rocznic\u0119 nadania jej praw miejskich (1933). Urodzony w 1890 roku w Cyrance (dzi\u015b cz\u0119\u015b\u0107 Mielca), by\u0142 wcze\u015bniej wicestarost\u0105 w Kutnie, starost\u0105 w Nadw\u00f3rnej i wicewojewod\u0105 stanis\u0142awowskim.&nbsp;<a href=\"https:\/\/turysta2.pttk.pl\/?p=32931\" class=\"read-more\">Continue Reading<\/a>","protected":false},"author":13,"featured_media":32932,"comment_status":"closed","ping_status":"closed","sticky":false,"template":"","format":"standard","meta":{"footnotes":""},"categories":[113],"tags":[],"class_list":["post-32931","post","type-post","status-publish","format-standard","has-post-thumbnail","hentry","category-alfabet-krajoznawcy","cat-113-id"],"aioseo_notices":[],"_links":{"self":[{"href":"https:\/\/turysta2.pttk.pl\/index.php?rest_route=\/wp\/v2\/posts\/32931","targetHints":{"allow":["GET"]}}],"collection":[{"href":"https:\/\/turysta2.pttk.pl\/index.php?rest_route=\/wp\/v2\/posts"}],"about":[{"href":"https:\/\/turysta2.pttk.pl\/index.php?rest_route=\/wp\/v2\/types\/post"}],"author":[{"embeddable":true,"href":"https:\/\/turysta2.pttk.pl\/index.php?rest_route=\/wp\/v2\/users\/13"}],"replies":[{"embeddable":true,"href":"https:\/\/turysta2.pttk.pl\/index.php?rest_route=%2Fwp%2Fv2%2Fcomments&post=32931"}],"version-history":[{"count":1,"href":"https:\/\/turysta2.pttk.pl\/index.php?rest_route=\/wp\/v2\/posts\/32931\/revisions"}],"predecessor-version":[{"id":32933,"href":"https:\/\/turysta2.pttk.pl\/index.php?rest_route=\/wp\/v2\/posts\/32931\/revisions\/32933"}],"wp:featuredmedia":[{"embeddable":true,"href":"https:\/\/turysta2.pttk.pl\/index.php?rest_route=\/wp\/v2\/media\/32932"}],"wp:attachment":[{"href":"https:\/\/turysta2.pttk.pl\/index.php?rest_route=%2Fwp%2Fv2%2Fmedia&parent=32931"}],"wp:term":[{"taxonomy":"category","embeddable":true,"href":"https:\/\/turysta2.pttk.pl\/index.php?rest_route=%2Fwp%2Fv2%2Fcategories&post=32931"},{"taxonomy":"post_tag","embeddable":true,"href":"https:\/\/turysta2.pttk.pl\/index.php?rest_route=%2Fwp%2Fv2%2Ftags&post=32931"}],"curies":[{"name":"wp","href":"https:\/\/api.w.org\/{rel}","templated":true}]}}