{"id":32895,"date":"2026-06-22T10:39:06","date_gmt":"2026-06-22T08:39:06","guid":{"rendered":"https:\/\/turysta2.pttk.pl\/?p=32895"},"modified":"2026-06-22T10:39:06","modified_gmt":"2026-06-22T08:39:06","slug":"slaska-wies-zatrzymany-swiat","status":"publish","type":"post","link":"https:\/\/turysta2.pttk.pl\/?p=32895","title":{"rendered":"\u015al\u0105ska wie\u015b \u2013 zatrzymany \u015bwiat"},"content":{"rendered":"<p>Warsztaty kowalstwa podczas corocznego Dnia Rzemios\u0142a i R\u0119kodzie\u0142a<\/p>\n<p><strong>Muzeum \u201eG\u00f3rno\u015bl\u0105ski Park Etnograficzny w Chorzowie\u201d to jedno z najwa\u017cniejszych miejsc piel\u0119gnuj\u0105cych tradycj\u0119, kultur\u0119 i histori\u0119 regionu. Znajduje si\u0119 na terenie rozleg\u0142ego Parku \u015al\u0105skiego, w samym sercu G\u00f3rno\u015bl\u0105sko-Zag\u0142\u0119biowskiej Metropolii. <\/strong><\/p>\n<p>Idea utworzenia skansenu na \u015al\u0105sku narodzi\u0142a si\u0119 ju\u017c w okresie mi\u0119dzywojennym. Jednym z jej or\u0119downik\u00f3w by\u0142 historyk sztuki i konserwator zabytk\u00f3w prof. Tadeusz Dobrowolski (1899\u20131984).<br \/>\nW 1936 roku przeniesiono do Parku im. Tadeusza Ko\u015bciuszki w Katowicach pierwszy drewniany Ko\u015bci\u00f3\u0142 pw. \u015bw. Micha\u0142a Archanio\u0142a z Syryni oraz spichlerz z Go\u0142kowic. Plany rozwoju przerwa\u0142 jednak wybuch II wojny \u015bwiatowej. Dopiero po 1945 roku, w czasach odbudowy kraju, powr\u00f3cono do pomys\u0142u stworzenia muzeum etnograficznego, kt\u00f3re mia\u0142oby chroni\u0107 i prezentowa\u0107 gin\u0105ce zabytki kultury ludowej regionu.<br \/>\nW 1952 roku Polskie Towarzystwo Ludoznawcze ponownie wysun\u0119\u0142o projekt budowy skansenu, tym razem w nowo powstaj\u0105cym Wojew\u00f3dzkim Parku Kultury i Wypoczynku w Chorzowie. Prace przygotowawcze trwa\u0142y kilkana\u015bcie lat, a pierwsze obiekty przeniesiono na teren przysz\u0142ego muzeum w 1964 roku. W 1975 roku otwarto dla zwiedzaj\u0105cych G\u00f3rno\u015bl\u0105ski Park Etnograficzny, a w kolejnych dekadach ekspozycja stale si\u0119 rozrasta\u0142a, obejmuj\u0105c dzi\u015b 78 obiekt\u00f3w z r\u00f3\u017cnych cz\u0119\u015bci regionu.<\/p>\n<p><strong>W\u015br\u00f3d starych zagr\u00f3d i drewnianych zabytk\u00f3w<br \/>\n<\/strong>Muzeum pe\u0142ni dzi\u015b wielorakie funkcje. Z jednej strony jest stra\u017cnikiem materialnych \u015bwiadectw przesz\u0142o\u015bci, a z drugiej \u2013 miejscem, w kt\u00f3rym dawne tradycje i zwyczaje zyskuj\u0105 nowe \u017cycie. Na terenie o powierzchni oko\u0142o 33 hektar\u00f3w mo\u017cna zobaczy\u0107 zar\u00f3wno ch\u0142opskie zagrody, spichlerze, stodo\u0142y i ku\u017anie, jak i obiekty sakralne, takie jak zabytkowe drewniane ko\u015bcio\u0142y czy kapliczki. Przestrze\u0144 zosta\u0142a zaaran\u017cowana w taki spos\u00f3b, aby odzwierciedla\u0142a autentyczny krajobraz wiejski \u2013 z drogami, ogrodami, zagrodami, \u0142\u0105kami i stawami. Wn\u0119trza budynk\u00f3w wyposa\u017cone s\u0105 w oryginalne meble, naczynia, narz\u0119dzia i przedmioty codziennego u\u017cytku, kt\u00f3re pozwalaj\u0105 zwiedzaj\u0105cym zrozumie\u0107 rytm \u017cycia dawnej wsi, jej prac\u0119, wierzenia i zwyczaje. Jako jedno z nielicznych muze\u00f3w na wolnym powietrzu ma uk\u0142ad parkowy, oferuj\u0105c wygodn\u0105 tras\u0119 zwiedzania alej\u0105 asfaltow\u0105, biegn\u0105c\u0105 wok\u00f3\u0142 ekspozycji.<\/p>\n<div id=\"attachment_32898\" style=\"width: 609px\" class=\"wp-caption alignnone\"><img loading=\"lazy\" decoding=\"async\" aria-describedby=\"caption-attachment-32898\" class=\" wp-image-32898\" src=\"https:\/\/turysta2.pttk.pl\/wp-content\/uploads\/2026\/06\/Skansen-Dzieckowice-1369-300x225.jpg\" alt=\"\" width=\"599\" height=\"449\" srcset=\"https:\/\/turysta2.pttk.pl\/wp-content\/uploads\/2026\/06\/Skansen-Dzieckowice-1369-300x225.jpg 300w, https:\/\/turysta2.pttk.pl\/wp-content\/uploads\/2026\/06\/Skansen-Dzieckowice-1369-1024x768.jpg 1024w, https:\/\/turysta2.pttk.pl\/wp-content\/uploads\/2026\/06\/Skansen-Dzieckowice-1369-768x576.jpg 768w, https:\/\/turysta2.pttk.pl\/wp-content\/uploads\/2026\/06\/Skansen-Dzieckowice-1369-1536x1152.jpg 1536w, https:\/\/turysta2.pttk.pl\/wp-content\/uploads\/2026\/06\/Skansen-Dzieckowice-1369-2048x1536.jpg 2048w, https:\/\/turysta2.pttk.pl\/wp-content\/uploads\/2026\/06\/Skansen-Dzieckowice-1369-200x150.jpg 200w\" sizes=\"auto, (max-width: 599px) 100vw, 599px\" \/><p id=\"caption-attachment-32898\" class=\"wp-caption-text\">Zagroda z Dzie\u0107kowic \u2013 przyk\u0142ad tradycyjnej architektury wiejskiej regionu<\/p><\/div>\n<p><strong>Seminaria, publikacje i warsztaty<br \/>\n<\/strong>Misj\u0105 muzeum jest ochrona dziedzictwa materialnego i niematerialnego G\u00f3rnego \u015al\u0105ska oraz Zag\u0142\u0119bia D\u0105browskiego, a tak\u017ce popularyzacja wiedzy o tradycji i historii lokalnej. W praktyce oznacza to nie tylko przenoszenie i konserwacj\u0119 zabytk\u00f3w architektury drewnianej, lecz tak\u017ce badania nad dawnym rzemios\u0142em, sztuk\u0105 ludow\u0105, zwyczajami i gwar\u0105. Muzeum prowadzi w\u0142asne prace naukowe, organizuje konferencje i seminaria, a tak\u017ce wydaje publikacje. Wsp\u00f3\u0142pracuje z wieloma instytucjami naukowymi i kulturalnymi w Polsce, w tym z Narodowym Instytutem Kultury i Dziedzictwa Wsi, z kt\u00f3rym realizuje projekt \u201eEtnomozaika\u201d \u2013 program dokumentuj\u0105cy wsp\u00f3\u0142czesne formy kultury ludowej.<\/p>\n<div id=\"attachment_32899\" style=\"width: 619px\" class=\"wp-caption alignnone\"><img loading=\"lazy\" decoding=\"async\" aria-describedby=\"caption-attachment-32899\" class=\" wp-image-32899\" src=\"https:\/\/turysta2.pttk.pl\/wp-content\/uploads\/2026\/06\/4.-Wnetrze-dawnej-chaty-300x225.jpg\" alt=\"\" width=\"609\" height=\"457\" srcset=\"https:\/\/turysta2.pttk.pl\/wp-content\/uploads\/2026\/06\/4.-Wnetrze-dawnej-chaty-300x225.jpg 300w, https:\/\/turysta2.pttk.pl\/wp-content\/uploads\/2026\/06\/4.-Wnetrze-dawnej-chaty-1024x768.jpg 1024w, https:\/\/turysta2.pttk.pl\/wp-content\/uploads\/2026\/06\/4.-Wnetrze-dawnej-chaty-768x576.jpg 768w, https:\/\/turysta2.pttk.pl\/wp-content\/uploads\/2026\/06\/4.-Wnetrze-dawnej-chaty-200x150.jpg 200w, https:\/\/turysta2.pttk.pl\/wp-content\/uploads\/2026\/06\/4.-Wnetrze-dawnej-chaty.jpg 1280w\" sizes=\"auto, (max-width: 609px) 100vw, 609px\" \/><p id=\"caption-attachment-32899\" class=\"wp-caption-text\">Wn\u0119trze dawnej chaty \u2013 codzienno\u015b\u0107 \u015bl\u0105skiej wsi sprzed lat<\/p><\/div>\n<p>Muzeum dokumentuje tak\u017ce gin\u0105ce przejawy kultury niematerialnej, takie jak pie\u015bni, ta\u0144ce, zwyczaje obrz\u0119dowe i gwar\u0119, chroni\u0105c nie tylko budynki, lecz tak\u017ce duchowy wymiar dziedzic- twa regionu.<br \/>\nSzczeg\u00f3lne miejsce w dzia\u0142alno\u015bci muzeum zajmuje edukacja. G\u00f3rno\u015bl\u0105ski Park Etnograficzny od lat prowadzi bogaty program lekcji muzealnych i warsztat\u00f3w skierowanych do dzieci, m\u0142odzie\u017cy oraz doros\u0142ych. Uczestnicy mog\u0105 bra\u0107 udzia\u0142 w zaj\u0119ciach po\u015bwi\u0119conych dawnym zawodom, obrz\u0119dom, \u015bwi\u0119tom i tradycjom. Ucz\u0105 si\u0119, jak wypieka\u0107 chleb, tka\u0107 p\u0142\u00f3tno, wykonywa\u0107 ozdoby ludowe czy malowa\u0107 na szkle. Zaj\u0119cia odbywaj\u0105 si\u0119 cz\u0119sto w autentycznych wn\u0119trzach, co pozwala w pe\u0142ni poczu\u0107 klimat dawnych czas\u00f3w. Du\u017c\u0105 popularno\u015bci\u0105 ciesz\u0105 si\u0119 tak\u017ce warsztaty rodzinne i wydarzenia cykliczne, takie jak \u201eEtnoferie\u201d, kt\u00f3re w czasie zimowych wakacji \u0142\u0105cz\u0105 zabaw\u0119 z nauk\u0105 o kulturze regionu.<\/p>\n<p><strong>Imprezy dla mieszka\u0144c\u00f3w i turyst\u00f3w<br \/>\n<\/strong>Niemniej wa\u017cna jest rola muzeum w \u017cyciu kulturalnym i turystycznym regionu. Chorzowski skansen jest jedn\u0105 z najcz\u0119\u015bciej odwiedzanych atrakcji wojew\u00f3dztwa \u015bl\u0105skiego. Co roku odbywaj\u0105 si\u0119 tu dziesi\u0105tki imprez plenerowych, kt\u00f3re \u0142\u0105cz\u0105 edukacj\u0119 z rozrywk\u0105. Najwi\u0119ksze z nich to <em>Wielkanoc na \u015al\u0105sku<\/em>, <em>Dzie\u0144 rzemios\u0142a i r\u0119kodzie\u0142a<\/em>, <em>Dzie\u0144 Kartofla<\/em>, <em>Dzie\u0144 Miodu<\/em> czy <em>\u015al\u0105sko Wilijo<\/em>. Wydarzenia te przyci\u0105gaj\u0105 t\u0142umy mieszka\u0144c\u00f3w regionu, turyst\u00f3w i ca\u0142e rodziny. Podczas festyn\u00f3w mo\u017cna spr\u00f3bowa\u0107 tradycyjnych potraw, pos\u0142ucha\u0107 muzyki ludowej, obejrze\u0107 wyst\u0119py zespo\u0142\u00f3w folklorystycznych i spotka\u0107 tw\u00f3rc\u00f3w ludowych, prezentuj\u0105cych swoje rzemios\u0142o. W ten spos\u00f3b muzeum nie tylko przypomina o dawnych obyczajach, ale te\u017c buduje poczucie wsp\u00f3lnoty i to\u017csamo\u015bci kulturowej wsp\u00f3\u0142czesnych mieszka\u0144c\u00f3w \u015al\u0105ska.<\/p>\n<div id=\"attachment_32901\" style=\"width: 585px\" class=\"wp-caption alignnone\"><img loading=\"lazy\" decoding=\"async\" aria-describedby=\"caption-attachment-32901\" class=\" wp-image-32901\" src=\"https:\/\/turysta2.pttk.pl\/wp-content\/uploads\/2026\/06\/P5B1352-01-2-300x200.jpg\" alt=\"\" width=\"575\" height=\"383\" srcset=\"https:\/\/turysta2.pttk.pl\/wp-content\/uploads\/2026\/06\/P5B1352-01-2-300x200.jpg 300w, https:\/\/turysta2.pttk.pl\/wp-content\/uploads\/2026\/06\/P5B1352-01-2-1024x683.jpg 1024w, https:\/\/turysta2.pttk.pl\/wp-content\/uploads\/2026\/06\/P5B1352-01-2-768x512.jpg 768w, https:\/\/turysta2.pttk.pl\/wp-content\/uploads\/2026\/06\/P5B1352-01-2-1536x1024.jpg 1536w, https:\/\/turysta2.pttk.pl\/wp-content\/uploads\/2026\/06\/P5B1352-01-2-2048x1365.jpg 2048w\" sizes=\"auto, (max-width: 575px) 100vw, 575px\" \/><p id=\"caption-attachment-32901\" class=\"wp-caption-text\">Dygaj\u0105ca Kapela \u2013 \u017cywa tradycja muzyki ludowej<\/p><\/div>\n<p>W regionie kojarzonym g\u0142\u00f3wnie z przemys\u0142em G\u00f3rno\u015bl\u0105ski Park Etnograficzny w Chorzowie przypomina o jego dawnym, rolniczym i wiejskim obliczu. Jest miejscem wyciszenia, kontaktu z natur\u0105 i tradycj\u0105, a jednocze\u015bnie przestrzeni\u0105 integruj\u0105c\u0105 pokolenia i buduj\u0105c\u0105 \u015bwiadomo\u015b\u0107 historyczn\u0105.<br \/>\nW ostatnich latach muzeum rozwija swoj\u0105 ofert\u0119 \u2013 powi\u0119kszany jest teren ekspozycji, wprowadzane s\u0105 audioprzewodniki oraz realizowane projekty digitalizacyjne. Cho\u0107 wyzwa\u0144 nie brakuje, plac\u00f3wka pozostaje instytucj\u0105 nowoczesn\u0105 w dzia\u0142aniu i wiern\u0105 swojej misji.<\/p>\n<p>&nbsp;<\/p>\n<p><strong>W rytmie czterech p\u00f3r roku \u2013 kalendarium imprez<br \/>\n<\/strong>Przyroda od wiek\u00f3w porz\u0105dkowa\u0142a na wsi prac\u0119, obrz\u0119dy, \u015bwi\u0119ta i codzienne zaj\u0119cia. Muzeum \u201eG\u00f3rno\u015bl\u0105ski Park Etnograficzny w Chorzowie\u201d nawi\u0105zuje do tego cyklu, tworz\u0105c kalendarz wydarze\u0144 \u0142\u0105cz\u0105cych edukacj\u0119, zabaw\u0119 i tradycj\u0119. W pierwszym p\u00f3\u0142roczu 2026 roku odby\u0142y si\u0119 tu m.in. prezentacje zwyczaj\u00f3w zapustnych i wielkanocnych, pokazy rzemios\u0142 oraz spotkania przybli\u017caj\u0105ce codzienne \u017cycie dawnej wsi, a 20 czerwca \u2013 wydarzenie \u201eNoc \u015awi\u0119toja\u0144ska\u201d, z obrz\u0119dami sob\u00f3tkowymi i puszczaniem wiank\u00f3w.<\/p>\n<p><strong>W drugiej po\u0142owie 2026 roku zaplanowano:<\/strong><\/p>\n<ul>\n<li><strong>5 lipca \u2013 Dzie\u0144 Miodu <\/strong>Spotkanie po\u015bwi\u0119cone tradycyjnym metodom pozyskiwania miodu i historii pszczelarstwa. W programie prelekcje, pokazy oraz \u201e\u017cywa pasieka\u201d, pozwalaj\u0105ca z bliska pozna\u0107 prac\u0119 pszcz\u00f3\u0142 i pszczelarzy.<\/li>\n<\/ul>\n<p>Wsp\u00f3\u0142organizatorem wydarzenia jest \u015al\u0105ski Zwi\u0105zek Pszczelarzy w Katowicach.<\/p>\n<ul>\n<li><strong>2 sierpnia \u2013 Jarmark Produkt\u00f3w Tradycyjnych <\/strong>Wydarzenie promuj\u0105ce \u015bl\u0105skie potrawy i produkty regionalne wpisane na List\u0119 Produkt\u00f3w Tradycyjnych Wojew\u00f3dztwa \u015al\u0105skiego. Impreza \u0142\u0105czy kier- masz z wyst\u0119pami zespo\u0142\u00f3w muzycznych. Tegoroczn\u0105 edycj\u0119 u\u015bwietni pokaz gotowania Remigiusza R\u0105czki, popularyzuj\u0105cy regionaln\u0105 kuchni\u0119 i dawne smaki.<\/li>\n<li><strong>24 sierpnia \u2013 O zbo\u017cach, chlebie i zio\u0142ach <\/strong>Impreza po\u015bwi\u0119cona dawnym pracom polowym i tradycjom do\u017cynkowym. Program obejmuje warsztaty mielenia m\u0105ki w \u017carnach, tworzenia zielnik\u00f3w i mieszanek zio\u0142owych, a tak\u017ce wyk\u0142ady z historii m\u0142ynarstwa i zio\u0142olecznictwa. Uczestnicy poznaj\u0105 znaczenie zb\u00f3\u017c i chleba w kulturze ludowej oraz wezm\u0105 udzia\u0142 w korowodzie do\u017cynkowym. Ca\u0142o\u015b\u0107 uzupe\u0142ni \u015bwi\u0119to zup \u2013 potraw, kt\u00f3re przez wieki stanowi\u0142y podstaw\u0119 wiejskiej kuchni.<\/li>\n<li><strong>6 wrze\u015bnia \u2013 Wie\u015b ta\u0144czy i \u015bpiewa <\/strong>Wydarzenie po\u015bwi\u0119cone muzycznemu dziedzictwu wsi oraz tradycjom weselnym G\u00f3rnego \u015al\u0105ska i Za- g\u0142\u0119bia D\u0105browskiego. Program obejmuje warsztaty \u015bpiewacze, inscenizacje obrz\u0119d\u00f3w towarzysz\u0105cych weselom, m.in. oczepiny oraz pota\u0144c\u00f3wk\u0119. Zaplanowano te\u017c warsztaty r\u0119kodzielnicze, nawi\u0105zuj\u0105ce do kultury ludowej regionu.<\/li>\n<li><strong>20 wrze\u015bnia \u2013 Dzie\u0144 Kartofla <\/strong>Jesienne \u015bwi\u0119to ziemniaka i dawnych prac gospodarskich. W programie wykopki, pokaz kiszenia kapusty oraz prelekcje po\u015bwi\u0119cone \u017cyciu na wsi w okresie jesieni i przedzimia. Warsztaty kulinarne z kartoflem w roli g\u0142\u00f3wnej uzupe\u0142ni jarmark r\u0119kodzielniczy. Na uczestnik\u00f3w czekaj\u0105 tradycyjne potrawy przygotowane przez Ko\u0142a Gospody\u0144 Wiejskich i wystawc\u00f3w: pra\u017conki, zapiekanki, placki ziemniaczane, babki, kartoflanka, pierogi i wiele innych regionalnych przysmak\u00f3w.<\/li>\n<li><strong>13 grudnia \u2013 \u015al\u0105sko Wilijo <\/strong>Wydarzenie wprowadzaj\u0105ce w atmosfer\u0119 \u015bwi\u0105t Bo\u017cego Narodzenia, prezentuj\u0105ce dawne zwyczaje i obrz\u0119dy \u015bwi\u0105teczne. Program obejmuje warsztaty wykonywania ozd\u00f3b choinkowych i \u015bwi\u0105tecznych, poch\u00f3d kol\u0119dniczy oraz jase\u0142ka.<\/li>\n<\/ul>\n<p>To tak\u017ce doskona\u0142a okazja do poznania smaku tradycyjnych potraw wigilijnych charakterystycznych dla G\u00f3rnego \u015al\u0105ska.<\/p>\n<p><em>Tekst<\/em><strong> Marcin Gawe\u0142<em><br \/>\n<\/em><\/strong>Politolog, specjalista w zakresie polityki spo\u0142ecznej, absolwent Uniwersytetu \u015al\u0105skiego w Katowicach. Kierownik Dzia\u0142u Promocji i Organizacji Imprez w Muzeum \u201eG\u00f3rno\u015bl\u0105ski Park Etnograficzny w Chorzowie\u201d. Przez 17 lat zwi\u0105zany z administracj\u0105 samorz\u0105dow\u0105, m.in. z Urz\u0119dem Marsza\u0142kowskim Wojew\u00f3dztwa \u015al\u0105skiego, gdzie kierowa\u0142 Biurem Prasowym.<\/p>\n<p><em>Zdj\u0119cia<\/em><strong> archiwum MGPE<\/strong><\/p>\n<p>&nbsp;<\/p>\n<p>&nbsp;<\/p>\n<p>&nbsp;<\/p>\n<p>&nbsp;<\/p>\n","protected":false},"excerpt":{"rendered":"Warsztaty kowalstwa podczas corocznego Dnia Rzemios\u0142a i R\u0119kodzie\u0142a Muzeum \u201eG\u00f3rno\u015bl\u0105ski Park Etnograficzny w Chorzowie\u201d to jedno z najwa\u017cniejszych miejsc piel\u0119gnuj\u0105cych tradycj\u0119, kultur\u0119 i histori\u0119 regionu. Znajduje si\u0119 na terenie rozleg\u0142ego Parku \u015al\u0105skiego, w samym sercu G\u00f3rno\u015bl\u0105sko-Zag\u0142\u0119biowskiej Metropolii. Idea utworzenia skansenu na \u015al\u0105sku narodzi\u0142a si\u0119 ju\u017c w okresie mi\u0119dzywojennym. Jednym z jej or\u0119downik\u00f3w by\u0142 historyk sztuki i konserwator zabytk\u00f3w prof. Tadeusz&nbsp;<a href=\"https:\/\/turysta2.pttk.pl\/?p=32895\" class=\"read-more\">Continue Reading<\/a>","protected":false},"author":13,"featured_media":32897,"comment_status":"closed","ping_status":"closed","sticky":false,"template":"","format":"standard","meta":{"footnotes":""},"categories":[92,14],"tags":[],"class_list":["post-32895","post","type-post","status-publish","format-standard","has-post-thumbnail","hentry","category-polecamy","category-krajoznawstwo","cat-92-id","cat-14-id"],"aioseo_notices":[],"_links":{"self":[{"href":"https:\/\/turysta2.pttk.pl\/index.php?rest_route=\/wp\/v2\/posts\/32895","targetHints":{"allow":["GET"]}}],"collection":[{"href":"https:\/\/turysta2.pttk.pl\/index.php?rest_route=\/wp\/v2\/posts"}],"about":[{"href":"https:\/\/turysta2.pttk.pl\/index.php?rest_route=\/wp\/v2\/types\/post"}],"author":[{"embeddable":true,"href":"https:\/\/turysta2.pttk.pl\/index.php?rest_route=\/wp\/v2\/users\/13"}],"replies":[{"embeddable":true,"href":"https:\/\/turysta2.pttk.pl\/index.php?rest_route=%2Fwp%2Fv2%2Fcomments&post=32895"}],"version-history":[{"count":1,"href":"https:\/\/turysta2.pttk.pl\/index.php?rest_route=\/wp\/v2\/posts\/32895\/revisions"}],"predecessor-version":[{"id":32902,"href":"https:\/\/turysta2.pttk.pl\/index.php?rest_route=\/wp\/v2\/posts\/32895\/revisions\/32902"}],"wp:featuredmedia":[{"embeddable":true,"href":"https:\/\/turysta2.pttk.pl\/index.php?rest_route=\/wp\/v2\/media\/32897"}],"wp:attachment":[{"href":"https:\/\/turysta2.pttk.pl\/index.php?rest_route=%2Fwp%2Fv2%2Fmedia&parent=32895"}],"wp:term":[{"taxonomy":"category","embeddable":true,"href":"https:\/\/turysta2.pttk.pl\/index.php?rest_route=%2Fwp%2Fv2%2Fcategories&post=32895"},{"taxonomy":"post_tag","embeddable":true,"href":"https:\/\/turysta2.pttk.pl\/index.php?rest_route=%2Fwp%2Fv2%2Ftags&post=32895"}],"curies":[{"name":"wp","href":"https:\/\/api.w.org\/{rel}","templated":true}]}}