{"id":32868,"date":"2026-05-28T13:10:39","date_gmt":"2026-05-28T11:10:39","guid":{"rendered":"https:\/\/turysta2.pttk.pl\/?p=32868"},"modified":"2026-06-03T09:59:48","modified_gmt":"2026-06-03T07:59:48","slug":"pieszo-przez-ziemie-cieszynska","status":"publish","type":"post","link":"https:\/\/turysta2.pttk.pl\/?p=32868","title":{"rendered":"Pieszo przez ziemi\u0119 cieszy\u0144sk\u0105"},"content":{"rendered":"<p>Panorama Beskidu \u015al\u0105skiego z Baraniej G\u00f3ry<br \/>\nfot. Trybus\/CC BY-SA 3.0\/Wikimedia Commons<\/p>\n<p>Nowa odznaka turystyczna \u201eGranicami dawnego Ksi\u0119stwa Cieszy\u0144skiego 1918\u201d prowadzi 350-kilometrowym szlakiem, kt\u00f3ry pozwala pozna\u0107 walory krajobrazowe i bogate dziedzictwo regionu.<br \/>\nW 2023 roku w G\u00f3rskim Klubie Turystycznym \u201eCz\u0142apoki\u201d narodzi\u0142 si\u0119 pomys\u0142 utworzenia pieszej odznaki turystycznej wiod\u0105cej wok\u00f3\u0142 granic dawnego Ksi\u0119stwa Cieszy\u0144skiego. Inicjatywa spotka\u0142a si\u0119 z bardzo pozytywnym przyj\u0119ciem Starostwa Cieszy\u0144skiego, Oddzia\u0142u PTTK w Cieszynie oraz Gminnego O\u015brodka Kultury i Turystyki w \u0141\u0105czce.<br \/>\nPomys\u0142odawcami projektu s\u0105 Leszek Szurman i Pawe\u0142 Wi\u015bniowski.<br \/>\nG\u0142\u00f3wnym celem odznaki jest promocja ziemi cieszy\u0144skiej \u2013 regionu o bogatej i wielow\u0105tkowej historii. Ksi\u0119stwo Cieszy\u0144skie powsta\u0142o w 1290 roku pod panowaniem ksi\u0119cia Mieszka cieszy\u0144skiego, od 1653 roku znalaz\u0142o si\u0119 pod rz\u0105dami Habsburg\u00f3w, a w 1920 roku zosta\u0142o podzielone mi\u0119dzy Polsk\u0119 i Czechos\u0142owacj\u0119. Te wydarzenia ukszta\u0142- towa\u0142y wyj\u0105tkow\u0105 to\u017csamo\u015b\u0107 kulturow\u0105 mieszka\u0144c\u00f3w, charakteryzuj\u0105c\u0105 si\u0119 silnym poczuciem odr\u0119bno\u015bci regionalnej.<br \/>\nObszar ten wyr\u00f3\u017cnia si\u0119 du\u017c\u0105 r\u00f3\u017cnorodno\u015bci\u0105 kulturow\u0105 i religijn\u0105. Przez wieki wsp\u00f3\u0142istnieli tu katolicy i protestanci, a wp\u0142yw na lokaln\u0105 kultur\u0119 mia\u0142y spo\u0142eczno\u015bci polska, czeska, niemiecka, austriacka, s\u0142owacka i \u017cydowska. Ziemia cieszy\u0144ska obfituje w zabytki kultury materialnej, intelektualnej i sakralnej, a tak\u017ce w cenne przyrodniczo tereny, liczne rezerwaty oraz bogat\u0105 faun\u0119 i flor\u0119.<br \/>\nTo w\u0142a\u015bnie tutaj znajduj\u0105 si\u0119 \u017ar\u00f3d\u0142a Wis\u0142y, Olzy, Ostrawicy oraz rzeki Bia\u0142ej.<br \/>\nTrasa odznaki liczy oko\u0142o 350 km i przebiega istniej\u0105cymi szlakami pieszymi i rowerowymi po stronie polskiej i czeskiej. Prowadzi przez szczyty Beskidu \u015al\u0105skiego i \u015al\u0105sko-Morawskiego, m.in. Barani\u0105 G\u00f3r\u0119, Sza\u0144ce Jab\u0142onkowskie, Stare Hamry, \u0141ys\u0105 G\u00f3r\u0119 oraz dolin\u0119 Ostrawicy, a tak\u017ce przez malownicze miasta i miejscowo\u015bci, takie jak Cieszyn, Frydek-M\u00edstek, Ostrawa, Bogumin, Zebrzydowice, Strumie\u0144, Czechowice-Dziedzice i Bielsko-Bia\u0142a.<br \/>\nRegulamin zdobywania odznaki b\u0119dzie dost\u0119pny na stronie PTTK Oddzia\u0142 \u201eBeskid \u015al\u0105ski\u201d w Cieszynie oraz u Leszka Szurmana (e-mail: szur.leszek@gmail.com).<\/p>\n<div id=\"attachment_32870\" style=\"width: 445px\" class=\"wp-caption alignnone\"><img loading=\"lazy\" decoding=\"async\" aria-describedby=\"caption-attachment-32870\" class=\" wp-image-32870\" src=\"https:\/\/turysta2.pttk.pl\/wp-content\/uploads\/2026\/05\/IMG-20251007-WA0002-300x254.jpg\" alt=\"\" width=\"435\" height=\"368\" srcset=\"https:\/\/turysta2.pttk.pl\/wp-content\/uploads\/2026\/05\/IMG-20251007-WA0002-300x254.jpg 300w, https:\/\/turysta2.pttk.pl\/wp-content\/uploads\/2026\/05\/IMG-20251007-WA0002-1024x866.jpg 1024w, https:\/\/turysta2.pttk.pl\/wp-content\/uploads\/2026\/05\/IMG-20251007-WA0002-768x650.jpg 768w, https:\/\/turysta2.pttk.pl\/wp-content\/uploads\/2026\/05\/IMG-20251007-WA0002-1536x1299.jpg 1536w, https:\/\/turysta2.pttk.pl\/wp-content\/uploads\/2026\/05\/IMG-20251007-WA0002.jpg 2048w\" sizes=\"auto, (max-width: 435px) 100vw, 435px\" \/><p id=\"caption-attachment-32870\" class=\"wp-caption-text\">Piesza odznaka turystyczna<br \/>\u201eGranicami dawnego Ksi\u0119stwa Cieszy\u0144skiego 1918\u201d<\/p><\/div>\n<p>&nbsp;<\/p>\n<p>Za\u0142\u0105cznik do Uchwa\u0142y Zarz\u0105du Oddzia\u0142u PTTK \u201eBeskid \u015al\u0105ski\u201d w Cieszynie<br \/>\nz dnia 10.09.2025 r. nr 13\/2025<\/p>\n<p><strong>Regulamin zdobywania Regionalnej Odznaki Pieszej<\/strong><\/p>\n<p><strong>\u201e<\/strong><strong>Granicami dawnego Ksi\u0119stwa Cieszy\u0144skiego 1918\u201d<\/strong><\/p>\n<ol>\n<li>Odznaka zosta\u0142a ustanowiona przez Oddzia\u0142 PTTK \u201eBeskid \u015al\u0105ski\u201d w Cieszynie (zwanym dalej Ustanawiaj\u0105cym) z inicjatywy Klubu Turystyki G\u00f3rskiej PTTK \u201eCz\u0142apoki\u201d przy wsparciu Starostwa Powiatowego w Cieszynie oraz Gminnego O\u015brodka Kultury Sportu i Rekreacji w\u00a0D\u0119bowcu.<\/li>\n<li>Celem ustanowienia odznaki jest:<\/li>\n<\/ol>\n<ul>\n<li><u>dla mieszka\u0144c\u00f3w \u015al\u0105ska Cieszy\u0144skiego:<\/u> upowszechnienie wiedzy o historii, topografii i\u00a0kulturze naszej Ma\u0142ej Ojczyzny,<\/li>\n<li><u>dla turyst\u00f3w<\/u>: upowszechnienie turystyki pieszej g\u00f3rskiej i nizinnej, jako formy rozwijania zainteresowa\u0144 krajoznawczych,<\/li>\n<li><u>dla wszystkich zainteresowanych histori\u0105 i krajoznawstwem:<\/u> przybli\u017cenie i odkrywanie walor\u00f3w krajoznawczych \u015al\u0105ska Cieszy\u0144skiego.<\/li>\n<\/ul>\n<ol start=\"3\">\n<li>Odznaka jest czterostopniowa. Nadawanie odznak nast\u0119puje na nast\u0119puj\u0105cych warunkach:<\/li>\n<\/ol>\n<p><strong>- stopie\u0144 br\u0105zowy <\/strong>po odwiedzeniu <strong>pi\u0119ciu<\/strong> miejsc oznaczonych w\u00a0kanonie;<\/p>\n<p>- <strong>stopie\u0144 srebrny<\/strong> po odwiedzeniu kolejnych <strong>dziesi\u0119ciu<\/strong> miejsc oznaczonych w kanonie;<\/p>\n<p><strong>- stopie\u0144 z\u0142oty<\/strong> po przej\u015bciu wszystkich pozosta\u0142ych<strong>\u00a0<\/strong>miejsc nale\u017c\u0105cych do kanonu odznaki.<\/p>\n<p>Dla tych stopni nie okre\u015bla si\u0119 czasu zdobywania odznaki.<\/p>\n<p>- <strong>stopie\u0144 du\u017cy z\u0142oty <\/strong>zdob\u0119dzie turysta, kt\u00f3ry odwiedzi wszystkie miejsca nale\u017c\u0105ce do kanonu odznaki w ci\u0105gu 30 dni.<\/p>\n<p>Zdobywca stopnia z\u0142otego i du\u017cego z\u0142otego dodatkowo otrzyma imienny certyfikat nadania odznaki.<\/p>\n<p>Odznak\u0119 mo\u017cna zdobywa\u0107 w dowolnym kierunku.<\/p>\n<ol start=\"4\">\n<li>Zdobycie odznaki polega na pieszym pokonaniu trasy i odwiedzeniu miejscowo\u015bci po\u0142o\u017conych na granicy \u015al\u0105ska Cieszy\u0144skiego nale\u017c\u0105cych do kanonu odznaki. Historyczne granice \u015al\u0105ska Cieszy\u0144skiego okre\u015blaj\u0105 nast\u0119puj\u0105ce miejscowo\u015bci i miejsca (g\u00f3ry, prze\u0142\u0119cze itp.):<\/li>\n<\/ol>\n<p><strong>Strumie\u0144<\/strong>, <strong>Zarzecze<\/strong>, <strong>Zabrzeg<\/strong>, <strong>Czechowice-Dziedzice<\/strong>, Komorowice, <strong>Bielsko-Bia\u0142a<\/strong>, Mikuszowice, Bystra, <strong>Schronisko PTTK na Klimczoku<\/strong>, <strong>Prze\u0142\u0119cz Karkoszczonka <\/strong>(Chata Wuja Toma), <strong>Prze\u0142\u0119cz\u00a0 Salmopolska<\/strong>, <strong>Barania G\u00f3ra<\/strong>, <strong>Schronisko PTTK na Przys\u0142opiu<\/strong>, <strong>Koczy Zamek<\/strong>, <strong>Rupienka<\/strong>, <strong>Dolina Kr\u0119\u017celki<\/strong>, <strong>Jaworzynka, Tr\u00f3jstyk<\/strong>, <strong>Hr\u010dava <\/strong>(Herczawa), <strong>Hradisko \u0160ance <\/strong>(Sza\u0144ce jab\u0142onkowskie), Mosty u\u00a0Jab\u0142unkova (Mosty przy Jab\u0142onkowie), <strong>Velky Polom <\/strong>(Wielki Po\u0142om), <strong>Maly Polom <\/strong>(Ma\u0142y Po\u0142om), <strong>Bily K\u0159i\u017e <\/strong>(Bia\u0142y Krzy\u017c), <strong>schronisko Sulov, <\/strong>Kozlena \u2013 schronisko Charbulak, Stare Hamry, <strong>Ostravice<\/strong> (Ostrawica), <strong>Lysa Hora <\/strong>(\u0141ysa G\u00f3ra 1323mnpm- najwy\u017cszy szczyt pasma Beskidu \u015al\u0105sko - Morawskiego), <strong>Frydland nad Ostravici <\/strong>(Frydlant nad Ostawic\u0105), Pr\u017eno, Ba\u0161ka (Baszka), <strong>Frydek-Mistek<\/strong>, \u0158epi\u0161t\u011b (Rzepiszcze), <strong>Ostrava<\/strong>, Hru\u0161ov (Gruszo\u00f3w), Pudlov (Pud\u0142\u00f3w), <strong>Bohumin <\/strong>(Bogumin), \u0160onychel (Szonychel), <strong>V<\/strong><strong>\u011b\u0159<\/strong><strong>\u0148ovice<\/strong> (Wierzniowice), Zavada (Zawada), Petrovice u Karvine (Piotrowice przy Karwinie), <strong>Prstna <\/strong>(Piersna), Marklowice Dolne, <strong>Zebrzydowice<\/strong>, <strong>Pruchna<\/strong>, B\u0105k\u00f3w, Zbytk\u00f3w, <strong>Strumie\u0144 <\/strong>oraz <strong>Cieszyn <\/strong>(jako stolica dawnego Ksi\u0119stwa Cieszy\u0144skiego).<\/p>\n<p>Linia wyznaczona przez w\/w miejscowo\u015bci liczy <strong>\u0142\u0105cznie ok. 280 km.<\/strong><\/p>\n<p>Miejsca nale\u017c\u0105ce do kanonu odznaki zosta\u0142y oznaczone w tre\u015bci regulaminu pogrubieniem.<\/p>\n<ol start=\"5\">\n<li>Trasa biegnie zar\u00f3wno po istniej\u0105cych szlakach turystycznych oraz fragmentarycznie po drogach bez turystycznego oznakowania. Na trasie nale\u017cy korzysta\u0107 z aktualnej mapy turystycznej \u015al\u0105ska Cieszy\u0144skiego dost\u0119pnej w handlu, jak r\u00f3wnie\u017c z portali internetowych: <a href=\"https:\/\/mapa-turystyczna.pl\/\">https:\/\/mapaturystyczna.pl<\/a> oraz <a href=\"https:\/\/pl.mapy.cz\">https:\/\/pl.mapy.cz<\/a>.<\/li>\n<li>W miejscowo\u015bciach nale\u017c\u0105cych do kanonu odznaki nale\u017cy potwierdzi\u0107 swoj\u0105 obecno\u015b\u0107 poprzez odci\u015bni\u0119cie piecz\u0119ci z nazw\u0105 miejscowo\u015bci w tre\u015bci w niniejszej ksi\u0105\u017ceczce w miejscu do tego przeznaczonym. Mo\u017cliwe jest r\u00f3wnie\u017c potwierdzenie obecno\u015bci w formie fotografii z widokiem na tablic\u0119 z nazw\u0105 miejscowo\u015bci. Potwierdzenia nale\u017cy zbiera\u0107 w za\u0142o\u017conej ksi\u0105\u017ceczce\/kronice do zbierania potwierdze\u0144. Pierwsza strona ksi\u0105\u017ceczki\/kroniki powinna zawiera\u0107: imi\u0119, nazwisko, rok urodzenia oraz miejscowo\u015b\u0107 zamieszkania zdobywcy odznaki. Wy\u017cej wymienione dane s\u0142u\u017c\u0105 tylko do prowadzenia ewidencji zdobywanych odznak i w my\u015bl obowi\u0105zuj\u0105cych przepis\u00f3w s\u0105 danymi podlegaj\u0105cymi ochronie prawnej. W przypadku niniejszego regulaminu ochrona danych osobowych prowadzona jest zgodnie z \u201eKlauzul\u0105 informacyjn\u0105 dla posiadaczy ksi\u0105\u017ceczek GOT.\u201d Osoby prowadz\u0105ce ewidencj\u0119 przebytej trasy powinny przyklei\u0107 na pierwszej stronie tekst klauzuli j.w. z \u201eKsi\u0105\u017ceczki GOT PTTK\u201d.<\/li>\n<li>Zdobywanie odznaki jest prowadzone na w\u0142asny koszt, ryzyko i odpowiedzialno\u015b\u0107. Ustanawiaj\u0105cy nie bierze odpowiedzialno\u015bci za ewentualne zdarzenia w trakcie jej zdobywania, jak r\u00f3wnie\u017c szkody wyrz\u0105dzone osobom trzecim przez zdobywaj\u0105cego odznak\u0119.<\/li>\n<li>Odznaka jest zdobywana r\u00f3wnie\u017c na terenie Republiki Czeskiej, dlatego te\u017c nale\u017cy zapozna\u0107 si\u0119 i\u00a0stosowa\u0107 przepisy tam obowi\u0105zuj\u0105ce. Osoby nie b\u0119d\u0105ce cz\u0142onkami PTTK z op\u0142acon\u0105 sk\u0142adk\u0105 cz\u0142onkowsk\u0105 powinny pami\u0119ta\u0107 o wykupieniu ubezpieczenia od nast\u0119pstw od nieszcz\u0119\u015bliwych wypadk\u00f3w na czas w\u0119dr\u00f3wki poza granicami Rzeczpospolitej Polskiej.<\/li>\n<li>Osoby niepe\u0142noletnie mog\u0105 zdobywa\u0107 odznak\u0119 wy\u0142\u0105cznie pod opiek\u0105 os\u00f3b doros\u0142ych.<\/li>\n<li>Odznaka mo\u017ce zosta\u0107 przyznana przez Ustanawiaj\u0105cego honorowo instytucjom i osobom szczeg\u00f3lnie zas\u0142u\u017conym dla powstania niniejszej odznaki.<\/li>\n<li>Wype\u0142nione ksi\u0105\u017ceczki oraz ewentualnie pozosta\u0142e materia\u0142y potwierdzaj\u0105ce spe\u0142nienie wymog\u00f3w regulaminowych nale\u017cy przes\u0142a\u0107 do Oddzia\u0142u PTTK \u201eBeskid \u015al\u0105ski\u201d w Cieszynie, ul. G\u0142\u0119boka 56, 43-400 Cieszyn z dopiskiem KTG PTTK \u201eCz\u0142apoki\u201d za\u0142\u0105czaj\u0105c zaadresowan\u0105 kopert\u0119 zwrotn\u0105 z op\u0142at\u0105 za przesy\u0142k\u0119 polecon\u0105 jak przy nadaniu. Ustanawiaj\u0105cy nie bierze odpowiedzialno\u015bci za straty mog\u0105ce nast\u0105pi\u0107 w obiegu pocztowym. Pozytywna weryfikacja nades\u0142anych materia\u0142\u00f3w jest podstaw\u0105 upowa\u017cniaj\u0105c\u0105 Ustanawiaj\u0105cego do wydania odznaki i certyfikatu jej zdobycia.<\/li>\n<li>Weryfikacj\u0119 prowadzi i odznaki nieodp\u0142atnie (do wyczerpania zapasu odznak) wydaje Zarz\u0105d KTG PTTK \u201eCz\u0142apoki\u201d dzia\u0142aj\u0105cy w imieniu Ustanawiaj\u0105cego.<\/li>\n<li>Projekt odznaki stanowi integraln\u0105 cz\u0119\u015b\u0107 niniejszego regulaminu<\/li>\n<li>Interpretacja niniejszego regulaminu nale\u017cy wy\u0142\u0105cznie do Ustanawiaj\u0105cego. Wszelkie w\u0105tpliwo\u015bci dotycz\u0105ce interpretacji regulaminu, jak r\u00f3wnie\u017c konsultacje w zakresie przebiegu trasy prowadz\u0105 pomys\u0142odawcy ustanowienia odznaki: Leszek Szurman tel. +48 517 626 214 oraz Pawe\u0142 Wi\u015bniowski tel. +48 515 694 120, cz\u0142onkowie Turystycznego Klubu G\u00f3rskiego PTTK \u201eCz\u0142apoki\u201d.<\/li>\n<\/ol>\n<p><strong>\u00a0 \u00a0 \u00a0 \u00a0 \u00a0 \u00a0 \u00a0 \u00a0 \u017bYCZYMY WIELU WSPANIA\u0141YCH PRZYG\u00d3D NA TRASIE<\/strong><\/p>\n","protected":false},"excerpt":{"rendered":"Panorama Beskidu \u015al\u0105skiego z Baraniej G\u00f3ry fot. Trybus\/CC BY-SA 3.0\/Wikimedia Commons Nowa odznaka turystyczna \u201eGranicami dawnego Ksi\u0119stwa Cieszy\u0144skiego 1918\u201d prowadzi 350-kilometrowym szlakiem, kt\u00f3ry pozwala pozna\u0107 walory krajobrazowe i bogate dziedzictwo regionu. W 2023 roku w G\u00f3rskim Klubie Turystycznym \u201eCz\u0142apoki\u201d narodzi\u0142 si\u0119 pomys\u0142 utworzenia pieszej odznaki turystycznej wiod\u0105cej wok\u00f3\u0142 granic dawnego Ksi\u0119stwa Cieszy\u0144skiego. Inicjatywa spotka\u0142a si\u0119 z bardzo pozytywnym przyj\u0119ciem Starostwa&nbsp;<a href=\"https:\/\/turysta2.pttk.pl\/?p=32868\" class=\"read-more\">Continue Reading<\/a>","protected":false},"author":13,"featured_media":32869,"comment_status":"closed","ping_status":"closed","sticky":false,"template":"","format":"standard","meta":{"footnotes":""},"categories":[68],"tags":[],"class_list":["post-32868","post","type-post","status-publish","format-standard","has-post-thumbnail","hentry","category-turystyka-piesza","cat-68-id"],"aioseo_notices":[],"_links":{"self":[{"href":"https:\/\/turysta2.pttk.pl\/index.php?rest_route=\/wp\/v2\/posts\/32868","targetHints":{"allow":["GET"]}}],"collection":[{"href":"https:\/\/turysta2.pttk.pl\/index.php?rest_route=\/wp\/v2\/posts"}],"about":[{"href":"https:\/\/turysta2.pttk.pl\/index.php?rest_route=\/wp\/v2\/types\/post"}],"author":[{"embeddable":true,"href":"https:\/\/turysta2.pttk.pl\/index.php?rest_route=\/wp\/v2\/users\/13"}],"replies":[{"embeddable":true,"href":"https:\/\/turysta2.pttk.pl\/index.php?rest_route=%2Fwp%2Fv2%2Fcomments&post=32868"}],"version-history":[{"count":5,"href":"https:\/\/turysta2.pttk.pl\/index.php?rest_route=\/wp\/v2\/posts\/32868\/revisions"}],"predecessor-version":[{"id":32872,"href":"https:\/\/turysta2.pttk.pl\/index.php?rest_route=\/wp\/v2\/posts\/32868\/revisions\/32872"}],"wp:featuredmedia":[{"embeddable":true,"href":"https:\/\/turysta2.pttk.pl\/index.php?rest_route=\/wp\/v2\/media\/32869"}],"wp:attachment":[{"href":"https:\/\/turysta2.pttk.pl\/index.php?rest_route=%2Fwp%2Fv2%2Fmedia&parent=32868"}],"wp:term":[{"taxonomy":"category","embeddable":true,"href":"https:\/\/turysta2.pttk.pl\/index.php?rest_route=%2Fwp%2Fv2%2Fcategories&post=32868"},{"taxonomy":"post_tag","embeddable":true,"href":"https:\/\/turysta2.pttk.pl\/index.php?rest_route=%2Fwp%2Fv2%2Ftags&post=32868"}],"curies":[{"name":"wp","href":"https:\/\/api.w.org\/{rel}","templated":true}]}}