{"id":32860,"date":"2026-05-06T12:59:25","date_gmt":"2026-05-06T10:59:25","guid":{"rendered":"https:\/\/turysta2.pttk.pl\/?p=32860"},"modified":"2026-05-06T12:59:25","modified_gmt":"2026-05-06T10:59:25","slug":"moja-droga-przewodnicka-z-marcelim-mottym","status":"publish","type":"post","link":"https:\/\/turysta2.pttk.pl\/?p=32860","title":{"rendered":"Moja droga przewodnicka z Marcelim Mottym"},"content":{"rendered":"<p>Marceli Motty w gronie rodziny \u2013 z \u017con\u0105, dzie\u0107mi i zi\u0119ciem<br \/>\nfot. <em>archiwum Izabeli Wyszowskiej<\/em><\/p>\n<p><strong>Zainteresowanie przewodnictwem turystycznym mo\u017ce sta\u0107 si\u0119 pocz\u0105tkiem znacznie g\u0142\u0119bszej fascynacji. W moim przypadku doprowadzi\u0142o ono do wieloletnich bada\u0144 nad jedn\u0105 z najciekawszych postaci XIX-wiecznego Poznania \u2013 Marcelim Mottym.<\/strong><\/p>\n<p>W 1994 roku jako studentka Uniwersytetu im. Adama Mickiewicza w Poznaniu rozpocz\u0119\u0142am swoj\u0105 przygod\u0119 z przewodnictwem turystycznym po uko\u0144czeniu kursu i zdobyciu uprawnie\u0144 przewodnika miejskiego i terenowego w Kole Przewodnik\u00f3w im. Marcelego Mottego przy Oddziale Pozna\u0144skim PTTK. Ju\u017c znacznie wcze\u015bniej, b\u0119d\u0105c w liceum og\u00f3lnokszta\u0142c\u0105cym, dowiadywa\u0142am si\u0119, jak zosta\u0107 przewodnikiem, bardzo zale\u017ca\u0142o mi bowiem, aby sta\u0142o si\u0119 to jak najszybciej. Do tego jednak potrzebna by\u0142a najpierw matura. Po jej uzyskaniu i podj\u0119ciu studi\u00f3w, zapisa\u0142am si\u0119 na kurs, kt\u00f3ry odbywa\u0142 si\u0119 w\u00f3wczas w \u00f3wczesnej siedzibie przy ul. Wronieckiej 24 w Poznaniu.<br \/>\nMoja dzia\u0142alno\u015b\u0107 spo\u0142eczna w Kole Przewodnik\u00f3w, w du\u017cej mierze za spraw\u0105 inspiracji i wsp\u00f3\u0142pracy z \u00f3wczesnym prezesem ko\u0142a Stefanem \u017burkiem, wi\u0105\u017ce si\u0119 z realizacj\u0105 wielu inicjatyw na rzecz upami\u0119tnienia patrona Ko\u0142a \u2013 Marcelego Mottego oraz reprezentant\u00f3w jego rodziny.<\/p>\n<p><strong>Kronikarz dawnego Poznania<br \/>\n<\/strong>Rodzina Mottych, nale\u017c\u0105ca w XIX wieku do kr\u0119gu pozna\u0144skiej inteligencji, dzi\u0119ki swym zas\u0142u\u017conym przedstawicielom, pocz\u0105wszy od protoplasty \u2013 Jana Baptysty Mottego (1790\u20131856) przyby\u0142ego z Francji, po Marcelego Mottego (1818\u20131898) i jego potomnych, utrwali\u0142a si\u0119 znacz\u0105co na kartach historii miasta. Marceli okaza\u0142 si\u0119 najbardziej rozpoznawalny i kojarzony z autorstwem znakomitych felieton\u00f3w znanych jako <em>Listy Wojtusia z Zawad <\/em>(kt\u00f3re przynios\u0142y mu zaszczytne miano \u201ePozna\u0144skiego Prusa\u201d i kr\u00f3la pozna\u0144skiego felietonu), a nade wszystko pami\u0119tnikarskiego dzie\u0142a <em>Przechadzki po mie\u015bcie<\/em>, kt\u00f3re da\u0142o mu s\u0142aw\u0119, uznanie, wdzi\u0119czn\u0105 pami\u0119\u0107 rodak\u00f3w oraz miano piewcy XIX-wiecznego Poznania i jego mieszka\u0144c\u00f3w. <em>Przechadzki <\/em>stanowi\u0105 niewyczerpane i cenne \u017ar\u00f3d\u0142o dla historyk\u00f3w badaj\u0105cych epok\u0119 autora.<\/p>\n<p>W ramach mojej problematyki naukowej (jestem zwi\u0105zana zawodowo z Akademi\u0105 Wychowania Fizycznego w Poznaniu, kierunek Turystyka i Rekreacja), kt\u00f3r\u0105 rozwijam w zakresie historii regionu i jego wybitnych, zas\u0142u\u017conych przedstawicieli, zaj\u0119\u0142am si\u0119 przed laty badawczo \u017cyciem i dokonaniami Marcelego Mottego, zostaj\u0105c jego biografem, bowiem do momentu wydania przeze mnie w 2008 roku nak\u0142adem Wydawnictwa Pozna\u0144skiego ksi\u0105\u017cki: <em>Marceli Motty (1818\u20131898) pozna\u0144ski nauczyciel, felietonista i pami\u0119tnikarz,<\/em> nie powsta\u0142a pe\u0142na naukowa biografia tej postaci. Sta\u0142am si\u0119 w\u00f3wczas, jak to okre\u015bli\u0142 znakomity historyk dziewi\u0119tnastowiecznego Poznania \u2013 prof. Lech Trzeciakowski \u2013 \u201epani\u0105 od Mottego\u201d.<\/p>\n<div id=\"attachment_32864\" style=\"width: 516px\" class=\"wp-caption alignnone\"><img loading=\"lazy\" decoding=\"async\" aria-describedby=\"caption-attachment-32864\" class=\" wp-image-32864\" src=\"https:\/\/turysta2.pttk.pl\/wp-content\/uploads\/2026\/05\/Projekt-bez-nazwy-300x175.jpg\" alt=\"\" width=\"506\" height=\"295\" srcset=\"https:\/\/turysta2.pttk.pl\/wp-content\/uploads\/2026\/05\/Projekt-bez-nazwy-300x175.jpg 300w, https:\/\/turysta2.pttk.pl\/wp-content\/uploads\/2026\/05\/Projekt-bez-nazwy-1024x596.jpg 1024w, https:\/\/turysta2.pttk.pl\/wp-content\/uploads\/2026\/05\/Projekt-bez-nazwy-768x447.jpg 768w, https:\/\/turysta2.pttk.pl\/wp-content\/uploads\/2026\/05\/Projekt-bez-nazwy.jpg 1080w\" sizes=\"auto, (max-width: 506px) 100vw, 506px\" \/><p id=\"caption-attachment-32864\" class=\"wp-caption-text\">Publikacje po\u015bwi\u0119cone Marcelemu Mottemu<br \/>fot. archiwum Izabeli Wyszowskiej<\/p><\/div>\n<p><strong>Od bada\u0144 do popularyzacji<br \/>\n<\/strong>Moje badania nad Marcelim Mottym zacz\u0119\u0142y si\u0119 jednak ju\u017c nieco wcze\u015bniej, bowiem w 1998 roku z okazji jubileuszy 180. rocznicy urodzin i 100. rocznicy jego \u015bmierci zaanga\u017cowa\u0142am si\u0119 w realizacj\u0119 pierwszej, o szerszej skali, wystawy monograficznej jemu po\u015bwi\u0119conej w siedzibie Ko\u0142a Przewodnik\u00f3w PTTK przy ul. Wronieckiej, kt\u00f3remu Marceli Motty patronuje od 1981 roku. Potem nast\u0105pi\u0142y kolejne przedsi\u0119wzi\u0119cia upami\u0119tniaj\u0105ce Marcelego i jego rodzin\u0119, kt\u00f3re mia\u0142am okazj\u0119 przygotowywa\u0107 wraz ze wspomnianym prezesem S. \u017burkiem przy wsparciu kilku cz\u0142onk\u00f3w ko\u0142a. Jako pasjonaci patrona z entuzjazmem podchodzili\u015bmy do dzia\u0142a\u0144 organizacyjnych, a wiele ciekawych inicjatyw uda\u0142o nam si\u0119 zrealizowa\u0107, pocz\u0105wszy od wystaw dedykowanych reprezentantom rodziny po spotkania z \u017cyj\u0105cymi potomkami Mottego z Krakowa, Warszawy i Poznania oraz liczne przechadzki tematyczne i wiele innych. Opublikowa\u0142am ponadto szereg artyku\u0142\u00f3w i folder\u00f3w na temat Mottych, a tak\u017ce kolejn\u0105 ksi\u0105\u017ck\u0119 <em>\u015aladami Marcelego Mottego<\/em> (Wyd. Miejskie Posnania 2020), kt\u00f3ra ju\u017c podczas promocji okaza\u0142a si\u0119 poczytn\u0105 lektur\u0105 dla wielu mieszka\u0144c\u00f3w miasta.<\/p>\n<p>Wielkim wyzwaniem by\u0142 dla mnie rok jubileuszowy Marcelego Mottego (2018) z okazji 200-lecia jego urodzin i 120-lecia \u015bmierci. Jako koordynator obchod\u00f3w stworzy\u0142am ca\u0142oroczny program, w ramach kt\u00f3rego w ka\u017cdym miesi\u0105cu zaplanowanych by\u0142o kilka propozycji wyk\u0142ad\u00f3w, przechadzek, spotka\u0144 tematycznych itp. po\u015bwi\u0119conych Bohaterowi Roku. Najwi\u0119kszym dla mnie organizacyjnym przedsi\u0119wzi\u0119ciem jubileuszowym by\u0142a w\u00f3wczas moja autorska wystawa, kt\u00f3r\u0105 zrealizowa\u0142am w Galerii Atanazego w Bibliotece Raczy\u0144skich w Poznaniu pod tytu\u0142em \u201eMarceli Motty (1818\u20131898) i Pozna\u0144 jego czas\u00f3w\u201d (czerwiec\u2013sierpie\u0144 2018). Towarzyszy\u0142y jej wyk\u0142ady oraz oprowadzanie kuratorskie, kt\u00f3re mia\u0142am okazj\u0119 przeprowadzi\u0107. Te i inne dzia\u0142ania poszerzy\u0142y znacz\u0105co kr\u0105g os\u00f3b zainteresowanych postaci\u0105 Mottego, jego dzie\u0142em literackim <em>Przechadzki po mie\u015bcie <\/em>i felietonami <em>Listy Wojtusia z Zawad. <\/em>Wielu odbiorcom naszych spotka\u0144 i inicjatyw otworzy\u0142o oczy na Pozna\u0144 XIX wieku i szereg zagadnie\u0144, kt\u00f3re tw\u00f3rca zawar\u0142 w swych utworach.<br \/>\nW 2022 roku wesz\u0142am w sk\u0142ad Zarz\u0105du Ko\u0142a Przewodnik\u00f3w PTTK im. M. Mottego i w jego ramach pe\u0142ni\u0142am funkcj\u0119 koordynatora ds. upami\u0119tniania patrona Ko\u0142a oraz publikacji, aktualnie kontynuuj\u0119 t\u0119 dzia\u0142alno\u015b\u0107 jako pe\u0142nomocnik Zarz\u0105du. Niezmiernie raduje mnie, \u017ce mog\u0119 realizowa\u0107 sw\u0105 popularyzatorsk\u0105 misj\u0119 z nadziej\u0105, \u017ce pami\u0119\u0107 o Mottym nie wyga\u015bnie.<\/p>\n<div id=\"attachment_32865\" style=\"width: 596px\" class=\"wp-caption alignnone\"><img loading=\"lazy\" decoding=\"async\" aria-describedby=\"caption-attachment-32865\" class=\" wp-image-32865\" src=\"https:\/\/turysta2.pttk.pl\/wp-content\/uploads\/2026\/05\/Maraton-czytania-Przechadzek-po-miescie-M.-Mottego-w-siedzibie-PTPN-300x225.jpg\" alt=\"\" width=\"586\" height=\"439\" srcset=\"https:\/\/turysta2.pttk.pl\/wp-content\/uploads\/2026\/05\/Maraton-czytania-Przechadzek-po-miescie-M.-Mottego-w-siedzibie-PTPN-300x225.jpg 300w, https:\/\/turysta2.pttk.pl\/wp-content\/uploads\/2026\/05\/Maraton-czytania-Przechadzek-po-miescie-M.-Mottego-w-siedzibie-PTPN-1024x768.jpg 1024w, https:\/\/turysta2.pttk.pl\/wp-content\/uploads\/2026\/05\/Maraton-czytania-Przechadzek-po-miescie-M.-Mottego-w-siedzibie-PTPN-768x576.jpg 768w, https:\/\/turysta2.pttk.pl\/wp-content\/uploads\/2026\/05\/Maraton-czytania-Przechadzek-po-miescie-M.-Mottego-w-siedzibie-PTPN-200x150.jpg 200w, https:\/\/turysta2.pttk.pl\/wp-content\/uploads\/2026\/05\/Maraton-czytania-Przechadzek-po-miescie-M.-Mottego-w-siedzibie-PTPN.jpg 1260w\" sizes=\"auto, (max-width: 586px) 100vw, 586px\" \/><p id=\"caption-attachment-32865\" class=\"wp-caption-text\">5. Maraton czytania Przechadzek po mie\u015bcie Marcelego Mottego, Sala Posiedze\u0144 PTPN, rok jubileuszowy 2018. Na zdj\u0119ciu Izabela Wyszowska i W\u0142odzimierz \u0141\u0119cki<br \/>fot. archiwum Izabeli Wyszowskiej<\/p><\/div>\n<p>Podsumowuj\u0105c, chcia\u0142abym podkre\u015bli\u0107, i\u017c nie ustaj\u0119 w dzia\u0142aniach, by \u201em\u00f3j\u201d bohater na trwa\u0142e zapisa\u0142 si\u0119 w \u015bwiadomo\u015bci spo\u0142ecznej, zw\u0142aszcza naszego miasta, kt\u00f3re by\u0142o przez ca\u0142e jego owocne \u017cycie tak bliskie jego sercu.<br \/>\nNa rok 2026 przygotowa\u0142am kalendarium obchod\u00f3w jubileuszu 45-lecia przyj\u0119cia M. Mottego na patrona oraz 75. rocznicy powstania Ko\u0142a Przewodnik\u00f3w. Nie zabraknie w nim okazji do poszerzenia wiedzy o patronie, jego epoce i rodzinnym mie\u015bcie, o postaciach, kt\u00f3re tworzy\u0142y jego kr\u0105g, a zarazem bohaterach przedstawionych w serialu historycznym powsta\u0142ym 45 lat temu, <em>Najd\u0142u\u017csza Wojna Nowoczesnej Europy<\/em> w re\u017cyserii Jerzego Sztwiertni<em>. <\/em><\/p>\n<p><em>Tekst<\/em><strong> Izabela Wyszowska<em><br \/>\n<\/em><\/strong>Nauczyciel akademicki AWF w Poznaniu, przewodnik i instruktor przewodnictwa, cz\u0142onek Ko\u0142a Przewodnik\u00f3w PTTK im. M. Mottego oraz Pozna\u0144skiego Towarzystwa Przyjaci\u00f3\u0142 Nauk, Wielkopolskiego Klubu Publicyst\u00f3w Krajoznawczych, a tak\u017ce prezes Wielkopolskiego Oddzia\u0142u Stowarzyszenia \u201eWsp\u00f3lnota Polska\u201d.<\/p>\n<p>&nbsp;<\/p>\n<p><strong>Najwa\u017cniejsze inicjatywy zrealizowane dla upami\u0119tnienia <\/strong><br \/>\n<strong>postaci Marcelego Mottego (1998\u20132025)<br \/>\n<\/strong><\/p>\n<p><strong>1998<\/strong> \u2013 pierwsza wystawa po\u015bwi\u0119cona Marcelowi Mottemu (100. rocznica \u015bmierci, 180. urodzin)<\/p>\n<p><strong>1998 \u2013<\/strong> wystawa \u201eAdam Mickiewicz \u2013 200-lecie urodzin\u201d (wyeksponowane zosta\u0142y zwi\u0105zki wieszcza z M. Mottym)<\/p>\n<p><strong>1999<\/strong> \u2013 wystawa \u201eW\u0142adys\u0142aw Motty (105. rocznica \u015bmierci)\u201d<\/p>\n<p><strong>2000<\/strong> \u2013 wystawa \u201eJan Motty (150. rocznica urodzin)\u201d<\/p>\n<p><strong>2002<\/strong> \u2013 nagranie filmu edukacyjnego dla PTV na temat M. Mottego z udzia\u0142em moim, historyka XIX wieku prof. Witolda Molika, potomk\u00f3w rodziny patrona oraz przewodnik\u00f3w<\/p>\n<p><strong>2004<\/strong> \u2013 wystawa \u201e90 lat przewodnictwa turystycznego w Poznaniu\u201d (z uwzgl\u0119dnieniem postaci patrona Ko\u0142a)<\/p>\n<p><strong>2004<\/strong> \u2013 wzi\u0119\u0142am udzia\u0142 w konferencji naukowej w AWF, z referatem <em>Pozna\u0144ska rodzina Mottych \u2013 projekt szlaku biograficzno-kulturowego po Poznaniu<\/em><\/p>\n<p><strong>2005<\/strong> \u2013 uczestniczy\u0142am w konferencji naukowej \u201eEuropejsko\u015b\u0107 i rodzimo\u015b\u0107. Horyzonty tw\u00f3rczo\u015bci J\u00f3zefa Ignacego Kraszewskiego\u201d, z referatem: <em>Kontakty Marcelego i W\u0142adys\u0142awa Mottych z J\u00f3zefem Ignacym Kraszewskim w \u015bwietle zachowanej korespondencji<\/em><\/p>\n<p><strong>2006<\/strong> \u2013 przeprowadzi\u0142am pierwsz\u0105 autorsk\u0105 przechadzk\u0119 tematyczn\u0105 po\u015bwi\u0119con\u0105 patronowi \u201e\u015aladami Marcelego Mottego i jego rodziny\u201d w ramach corocznego cyklu \u201ePrzechadzki po Poznaniu\u201d dla mieszka\u0144c\u00f3w<\/p>\n<p><strong>2006 <\/strong>\u2013 obrona mojej pracy doktorskiej po\u015bwi\u0119conej patronowi <em>Marceli Motty (1818\u20131898)<\/em>, UAM w Poznaniu<\/p>\n<p><strong>2006 \u2013<\/strong> zorganizowa\u0142am wieczornic\u0119 z okazji 200-lecia rodziny Mottych w Wielkopolsce, 25-lecia przyj\u0119cia Marcelego Mottego na patrona Ko\u0142a i 55-lecia Ko\u0142a Przewodnik\u00f3w<\/p>\n<p><strong>2007<\/strong> \u2013 wystawa w aktualnej siedzibie ko\u0142a przy Pl. Kolegiackim \u201eMarceli Motty w pami\u0119ci potomnych\u201d oraz promocja ksi\u0105\u017cki <em>Mi\u0119dzy Poznaniem a Kresami <\/em>autorstwa Jana Karola Mottego \u2013 prawnuka Marcelego, zorganizowana w Sali Bia\u0142ej Urz\u0119du Miasta Poznania<\/p>\n<p><strong>2007<\/strong> \u2013 organizacja obchod\u00f3w 80-lecia urodzin Jana Karola Mottego<\/p>\n<p><strong>2008<\/strong> \u2013 wystawa w siedzibie Ko\u0142a \u201e\u015aladami Marcelego Mottego po Poznaniu\u201d oraz uroczysto\u015b\u0107 w Sali Bia\u0142ej Urz\u0119du Miasta z okazji 190-lecia urodzin i 110-lecia \u015bmierci Marcelego Mottego<\/p>\n<p><strong>2009<\/strong> \u2013 opublikowa\u0142am i zorganizowa\u0142am promocj\u0119 biografii naukowej <em>Marceli Motty (1818\u20131898) pozna\u0144ski nauczyciel, felietonista i pami\u0119tnikarz <\/em>(Sala Bia\u0142a Urz\u0119du Miasta)<\/p>\n<p><strong>2011<\/strong> \u2013 wystawa i uroczysto\u015b\u0107 z okazji 30-lecia pod patronatem Marcelego Mottego (siedziba Ko\u0142a i Dom Polonii)<\/p>\n<p><strong>2015<\/strong> \u2013 rozpocz\u0119cie spotka\u0144 z cyklu \u201ePrzechadzki Literackie\u201d na bazie tw\u00f3rczo\u015bci literackiej M. Mottego, (Hotel Kolegiacki \u2013 w kamienicy, w kt\u00f3rej mieszka\u0142 Motty)<\/p>\n<p><strong>2018<\/strong> \u2013 Rok Jubileuszowy Marcelego Mottego (200. rocznica urodzin i 120. rocznica \u015bmierci); by\u0142am inicjatork\u0105, autork\u0105 programu ca\u0142orocznych obchod\u00f3w oraz organizatork\u0105 i koordynatork\u0105 wielu przedsi\u0119wzi\u0119\u0107 tego\u017c programu, w tym m.in.:<\/p>\n<p>\u2013 Inauguracji Roku Jubileuszowego w Hotelu Kolegiackim (17 stycznia 2018), przekazania wizerunku patrona do tego obiektu, w kt\u00f3rym ponad 20 lat mieszka\u0142 Marceli Motty<\/p>\n<p>\u2013 Oficjalnych obchod\u00f3w 200. rocznicy (16 czerwca 2018)<\/p>\n<p>\u2013 zorganizowa\u0142am wystaw\u0119 \u201eMarceli Motty (1818\u20131898) i Pozna\u0144 jego czas\u00f3w\u201d w Galerii Atanazego w Bibliotece Raczy\u0144skich w Poznaniu (oraz towarzysz\u0105ce jej tematyczne spotkania kuratorskie)<\/p>\n<p>\u2013 organizacja konferencji \u201eCz\u0142owiek w\u0119druj\u0105cy. Turysta interdyscyplinarnie\u201d, pod jubileuszowym patronatem Marcelego Mottego, w siedzibie Pozna\u0144skiego Towarzystwa Przyjaci\u00f3\u0142 Nauk (PTPN)<\/p>\n<p>\u2013 udzia\u0142 w konferencji \u201eSeweryn Miel\u017cy\u0144ski (1804\u20131872)\u201d<em>, <\/em>z referatem<em> Wspomnienia Marcelego Mottego w Przechadzkach po mie\u015bcie jako nieocenione \u017ar\u00f3d\u0142o do biografii Seweryna Miel\u017cy\u0144skiego<\/em>, (Muzeum Narodowe w Poznaniu)<\/p>\n<p>\u2013 wyg\u0142osi\u0142am ponadto wiele prelekcji w roku jubileuszowym m.in. podczas \u201eNocy Muze\u00f3w\u201d (Dom Polonii)<\/p>\n<p><strong>2019<\/strong> \u2013 w ramach uroczystego zako\u0144czenia roku Marcelego Mottego zorganizowa\u0142am \u201eMaraton Czytania Dzie\u0142a M. Mottego Przechadzki po mie\u015bcie\u201d, w siedzibie PTPN<\/p>\n<p><strong>2019<\/strong> \u2013 zainicjowa\u0142am i zorganizowa\u0142am przekazanie wizerunku Marcelego Mottego do Liceum (dawniej Gimnazjum) \u015bw. Marii Magdaleny w Poznaniu, w kt\u00f3rym M. Motty by\u0142 uczniem i nauczycielem; zaprezentowa\u0142am wyk\u0142ad podczas uroczysto\u015bci rozpocz\u0119cia roku szkolnego w auli szko\u0142y<\/p>\n<p><strong>2020<\/strong> \u2013 wyda\u0142am i zorganizowa\u0142am promocj\u0119 w Hotelu Kolegiackim mojej kolejnej ksi\u0105\u017cki po\u015bwi\u0119conej patronowi <em>\u015aladami Marcelego Mottego<\/em> (Wyd. Miejskie Posnania)<\/p>\n<p><strong>2021<\/strong> \u2013 przygotowa\u0142am merytorycznie i redakcyjnie numer specjalny \u201ePrzegl\u0105du Wielkopolskiego\u201d z okazji 70. lecia Ko\u0142a Przewodnik\u00f3w PTTK im. M. Mottego (z artyku\u0142em wspominaj\u0105cym dzia\u0142ania na rzecz upami\u0119tnienia patrona)<\/p>\n<p><strong>2021<\/strong> \u2013 zorganizowa\u0142am uroczysto\u015b\u0107 z okazji 40. rocznicy przyj\u0119cia Marcelego Mottego na patrona Ko\u0142a (Hotel Kolegiacki)<\/p>\n<p><strong>2023<\/strong> \u2013 zorganizowa\u0142am uroczysto\u015b\u0107 inauguracyjn\u0105 roku jubileuszowego Marcelego Mottego (205. rocznica urodzin i 125. rocznica \u015bmierci), w programie m.in. \u201ePrzechadzki Literackie\u201d \u2013 <em>Karnawa\u0142 w tw\u00f3rczo\u015bci Marcelego Mottego<\/em> (Hotel Kolegiacki)<\/p>\n<p><strong>3 czerwca 2023<\/strong> \u2013 \u201eSobota z Jubilatami\u201d \u2013 M. Mottym i H. Cegielskim, zorganizowa\u0142am organizacja piknik historyczno-turystyczny na Placu Kolegiackim dla student\u00f3w i mieszka\u0144c\u00f3w Poznania (imprez\u0119 poprzedzi\u0142a uroczysto\u015b\u0107 w Liceum \u015bw. Marii Magdaleny z udzia\u0142em dyrektora Jerzego Soko\u0142a, nast\u0119pnie spacer tematyczny oraz zwiedzanie Hotelu Kolegiackiego po\u0142\u0105czone z warsztatami i prelekcjami)<\/p>\n<p><strong>23 stycznia 2024 \u2013 <\/strong><em>Wojtu\u015b z Zawad w kr\u0119gu felietonist\u00f3w XIX wieku. Wspomnienie Marcelego Mottego w 126. rocznic\u0119 \u015bmierci<\/em> \u2013 autorski wyk\u0142ad dla Ko\u0142a Przewodnik\u00f3w<\/p>\n<p><strong>27 lutego 2024 \u2013 <\/strong><em>W\u0142adys\u0142aw Motty \u2013 zapomniany artysta m\u0142odopolski<\/em> <em>w 130. rocznic\u0119 \u015bmierci <\/em>\u2013 autorski wyk\u0142ad dla Ko\u0142a Przewodnik\u00f3w. Go\u015bciem specjalnym spotkania by\u0142a potomkini artysty pani El\u017cbieta Kwiatkowska, kt\u00f3ra zaprezentowa\u0142a oryginalne pami\u0105tki ze zbior\u00f3w rodzinnych<\/p>\n<p><strong>24 kwietnia 2024<\/strong><em> \u2013 <\/em>odby\u0142a si\u0119 promocja \u201eKroniki Miasta Poznania\u201d <em>Malarze i rze\u017abiarze<\/em> (1\/2024), z moim autorskim artyku\u0142em: <em>W\u0142adys\u0142aw Motty (1851<\/em>\u2013<em>1894) zapomniany artysta m\u0142odopolski w \u015bwietle \u017ar\u00f3de\u0142 i tradycji rodzinnej, <\/em>Sala Kolumnowa, Akademia Lubra\u0144skiego. Obecni byli autorzy artyku\u0142\u00f3w do Kroniki, przedstawiciele instytucji kultury i nauki tak\u017ce przewodnicy<\/p>\n<p><strong>9 czerwca <\/strong><strong>2024 <\/strong>\u2013 z cyklu \u201ePrzechadzki po Poznaniu\u201d \u2013 przeprowadzi\u0142am spacer po\u015bwi\u0119cony patronowi Ko\u0142a, tradycyjnie w zwi\u0105zku z kolejn\u0105 rocznic\u0105 jego urodzin, promuj\u0105cy w\u015br\u00f3d mieszka\u0144c\u00f3w jego \u017cycie i dokonania: <em>\u015aladami Marcelego Mottego i jego rodziny po Poznaniu<\/em>. Trasa: Cmentarz Zas\u0142u\u017conych, Wzg\u00f3rze \u015bw. Wojciecha \u2013 ul. Wroniecka \u2013 Stary\u00a0 Rynek \u2013 ul. Go\u0142\u0119bia \u2013 Plac Kolegiacki (Hotel Kolegiacki). Obecnych by\u0142o oko\u0142o 70\u201380 uczestnik\u00f3w<\/p>\n<p><strong>8 czerwca 2025 \u2013<\/strong> z cyklu \u201ePrzechadzki po Poznaniu\u201d \u2013 przeprowadzi\u0142am kolejny spacer po\u015bwi\u0119cony patronowi Ko\u0142a, z okazji rocznicy jego urodzin, <em>Marceli Motty i Pozna\u0144 jego czas\u00f3w<\/em>. Trasa: Plac Bernardy\u0144ski \u2013 ul. Garbary \u2013 ul. Grobla \u2013 ul. Wodna \u2013 Plac Kolegiacki (Hotel Kolegiacki). Udzia\u0142 wzi\u0119\u0142o oko\u0142o 80\u201390 os\u00f3b<\/p>\n<p><strong>\u00a0<\/strong><\/p>\n<p>&nbsp;<\/p>\n","protected":false},"excerpt":{"rendered":"Marceli Motty w gronie rodziny \u2013 z \u017con\u0105, dzie\u0107mi i zi\u0119ciem fot. archiwum Izabeli Wyszowskiej Zainteresowanie przewodnictwem turystycznym mo\u017ce sta\u0107 si\u0119 pocz\u0105tkiem znacznie g\u0142\u0119bszej fascynacji. W moim przypadku doprowadzi\u0142o ono do wieloletnich bada\u0144 nad jedn\u0105 z najciekawszych postaci XIX-wiecznego Poznania \u2013 Marcelim Mottym. W 1994 roku jako studentka Uniwersytetu im. Adama Mickiewicza w Poznaniu rozpocz\u0119\u0142am swoj\u0105 przygod\u0119 z przewodnictwem turystycznym&nbsp;<a href=\"https:\/\/turysta2.pttk.pl\/?p=32860\" class=\"read-more\">Continue Reading<\/a>","protected":false},"author":13,"featured_media":32862,"comment_status":"closed","ping_status":"closed","sticky":false,"template":"","format":"standard","meta":{"footnotes":""},"categories":[75,41],"tags":[],"class_list":["post-32860","post","type-post","status-publish","format-standard","has-post-thumbnail","hentry","category-przewodnictwo-i-pilotaz","category-turystyka-pttk","cat-75-id","cat-41-id"],"aioseo_notices":[],"_links":{"self":[{"href":"https:\/\/turysta2.pttk.pl\/index.php?rest_route=\/wp\/v2\/posts\/32860","targetHints":{"allow":["GET"]}}],"collection":[{"href":"https:\/\/turysta2.pttk.pl\/index.php?rest_route=\/wp\/v2\/posts"}],"about":[{"href":"https:\/\/turysta2.pttk.pl\/index.php?rest_route=\/wp\/v2\/types\/post"}],"author":[{"embeddable":true,"href":"https:\/\/turysta2.pttk.pl\/index.php?rest_route=\/wp\/v2\/users\/13"}],"replies":[{"embeddable":true,"href":"https:\/\/turysta2.pttk.pl\/index.php?rest_route=%2Fwp%2Fv2%2Fcomments&post=32860"}],"version-history":[{"count":2,"href":"https:\/\/turysta2.pttk.pl\/index.php?rest_route=\/wp\/v2\/posts\/32860\/revisions"}],"predecessor-version":[{"id":32866,"href":"https:\/\/turysta2.pttk.pl\/index.php?rest_route=\/wp\/v2\/posts\/32860\/revisions\/32866"}],"wp:featuredmedia":[{"embeddable":true,"href":"https:\/\/turysta2.pttk.pl\/index.php?rest_route=\/wp\/v2\/media\/32862"}],"wp:attachment":[{"href":"https:\/\/turysta2.pttk.pl\/index.php?rest_route=%2Fwp%2Fv2%2Fmedia&parent=32860"}],"wp:term":[{"taxonomy":"category","embeddable":true,"href":"https:\/\/turysta2.pttk.pl\/index.php?rest_route=%2Fwp%2Fv2%2Fcategories&post=32860"},{"taxonomy":"post_tag","embeddable":true,"href":"https:\/\/turysta2.pttk.pl\/index.php?rest_route=%2Fwp%2Fv2%2Ftags&post=32860"}],"curies":[{"name":"wp","href":"https:\/\/api.w.org\/{rel}","templated":true}]}}