{"id":32839,"date":"2026-05-04T14:29:13","date_gmt":"2026-05-04T12:29:13","guid":{"rendered":"https:\/\/turysta2.pttk.pl\/?p=32839"},"modified":"2026-05-04T14:29:13","modified_gmt":"2026-05-04T12:29:13","slug":"spacerowe-atrakcje-szczecinka","status":"publish","type":"post","link":"https:\/\/turysta2.pttk.pl\/?p=32839","title":{"rendered":"Spacerowe atrakcje Szczecinka"},"content":{"rendered":"<p>Stra\u017cnik Szczecinka \u2013 mural Tomasza S\u0119towskiego przy ul. S. Wyszy\u0144skiego<br \/>\nfot. Miros\u0142aw Korkus<\/p>\n<p><strong>Szczecinek, nazywany skarbem ukrytym w\u015br\u00f3d jezior, to pe\u0142ne uroku miasto, stawiaj\u0105ce na aktywny wypoczynek, turystyk\u0119 i kultur\u0119. Jednym ze sposob\u00f3w poznania jego przestrzeni jest skorzystanie ze specjalnie przygotowanych tras, prowadz\u0105cych przez najbardziej charakterystyczne zak\u0105tki.<\/strong><\/p>\n<p>Oto dwie propozycje poznawania niespe\u0142na 40-tysi\u0119cznego Szczecinka. Pierwsza prowadzi przez miejsca zwi\u0105zane z histori\u0105 miasta i jego zabytkow\u0105 zabudow\u0105 a\u017c po atrakcyjne zaplecze turystyki wodnej. Druga pozwala spojrze\u0107 na Szczecinek przez pryzmat sztuki murali.<\/p>\n<p><strong>Szlak Gryfa i Jesiotra<br \/>\n<\/strong>Gryf i jesiotr to postacie znane z herbu Szczecinka. Pierwszy nawi\u0105zuje do ksi\u0105\u017c\u0105t pomorskich, kt\u00f3rzy przed wiekami w\u0142adali Pomorzem Zachodnim, drugi za\u015b przez stulecia kr\u00f3lowa\u0142 w wodach Pojezierza. Od niedawna oba herbowe zwierz\u0119ta funkcjonuj\u0105 jednak w zupe\u0142nie nowej roli \u2013 jako bohaterowie miejskiej opowie\u015bci rozpisanej na ulice, place i tereny rekreacyjne. Podczas spaceru po mie\u015bcie mo\u017cna natkn\u0105\u0107 si\u0119 na gryfa i jesiotra w zabawnych scenkach: od centralnych przestrzeni, takich jak deptak i Plac Wolno\u015bci, przez okolice zabytkowych budynk\u00f3w, Zamku Ksi\u0105\u017c\u0105t Pomorskich, Wie\u017cy Bismarcka, a\u017c po miejsca aktywnego wypoczynku \u2013 przy pla\u017cy, obiektach sportowych i w nowoczesnych strefach rekreacji. Ka\u017cda z rze\u017ab staje si\u0119 pretekstem do kr\u00f3tkiego zatrzymania si\u0119 i spojrzenia na miasto z innej perspektywy.<br \/>\nSzlak Gryfa i Jesiotra powsta\u0142 w ramach bud\u017cetu obywatelskiego Szczecinka. Jego pomys\u0142odawc\u0105 by\u0142 Gwidon Lewandowski, a rze\u017aby wykona\u0142a Zofia Pilich.<\/p>\n<div id=\"attachment_32841\" style=\"width: 606px\" class=\"wp-caption alignnone\"><img loading=\"lazy\" decoding=\"async\" aria-describedby=\"caption-attachment-32841\" class=\" wp-image-32841\" src=\"https:\/\/turysta2.pttk.pl\/wp-content\/uploads\/2026\/05\/3.-Gryf-i-Jesiotr-na-Placu-Wolnosci-fot.S.Bezak_-300x200.jpg\" alt=\"\" width=\"596\" height=\"397\" srcset=\"https:\/\/turysta2.pttk.pl\/wp-content\/uploads\/2026\/05\/3.-Gryf-i-Jesiotr-na-Placu-Wolnosci-fot.S.Bezak_-300x200.jpg 300w, https:\/\/turysta2.pttk.pl\/wp-content\/uploads\/2026\/05\/3.-Gryf-i-Jesiotr-na-Placu-Wolnosci-fot.S.Bezak_-1024x682.jpg 1024w, https:\/\/turysta2.pttk.pl\/wp-content\/uploads\/2026\/05\/3.-Gryf-i-Jesiotr-na-Placu-Wolnosci-fot.S.Bezak_-768x511.jpg 768w, https:\/\/turysta2.pttk.pl\/wp-content\/uploads\/2026\/05\/3.-Gryf-i-Jesiotr-na-Placu-Wolnosci-fot.S.Bezak_-1536x1023.jpg 1536w, https:\/\/turysta2.pttk.pl\/wp-content\/uploads\/2026\/05\/3.-Gryf-i-Jesiotr-na-Placu-Wolnosci-fot.S.Bezak_.jpg 2000w\" sizes=\"auto, (max-width: 596px) 100vw, 596px\" \/><p id=\"caption-attachment-32841\" class=\"wp-caption-text\">Gryf i Jesiotr na Placu Wolno\u015bci fot. Sebastian Bezak<\/p><\/div>\n<p><strong>Szlak Szczecineckich Murali<br \/>\n<\/strong>Idea tego szlaku narodzi\u0142a si\u0119 podczas Art Piknik Festivalu. Organizatorzy wydarzenia chcieli w ten spos\u00f3b upi\u0119ksza\u0107 miasto i pozostawia\u0107 trwa\u0142e pami\u0105tki po kolejnych edycjach imprezy. Pierwszy mural, kt\u00f3ry zapocz\u0105tkowa\u0142 <em>Muralowy Szczecinek<\/em>, powsta\u0142 w 2014 roku. Przedstawia on star\u0105 poczt\u00f3wk\u0119 z Neustettin (przedwojenna nazwa miasta) i znajduje si\u0119 na elewacji jednego z budynk\u00f3w przy ul. Bohater\u00f3w Warszawy.<strong><br \/>\n<\/strong>Szlak murali liczy obecnie trzyna\u015bcie dzie\u0142, skupionych przede wszystkim w centrum miasta. Na szczeg\u00f3ln\u0105 uwag\u0119 zas\u0142uguje mural <em>Stra\u017cnik Szczecinka<\/em> wed\u0142ug projektu Tomasza S\u0119towskiego \u2013 znanego polskiego artysty reprezentuj\u0105cego nurt realizmu magicznego, stale wsp\u00f3\u0142pracuj\u0105cego z galeriami w kraju i za granic\u0105 oraz bior\u0105cego udzia\u0142 w licznych wystawach. Innym, ju\u017c kultowym w Szczecinku muralem jest dzie\u0142o Dariusza Mili\u0144skiego, przedstawiaj\u0105ce gigantycznego Don Kichota jad\u0105cego na rowerze i trzymaj\u0105cego w r\u0119ku tarcz\u0119 z herbem miasta. Mili\u0144ski jest za\u0142o\u017cycielem grupy artystycznej \u201eP\u0142awna 9\u201d. Maluje g\u0142\u00f3wnie portrety w stylistyce quasi-realistycznej, osadzone w wiejskim krajobrazie. Klimat jego prac bywa por\u00f3wnywany do dzie\u0142 Boscha i Bruegla.<\/p>\n<div id=\"attachment_32842\" style=\"width: 460px\" class=\"wp-caption alignnone\"><img loading=\"lazy\" decoding=\"async\" aria-describedby=\"caption-attachment-32842\" class=\" wp-image-32842\" src=\"https:\/\/turysta2.pttk.pl\/wp-content\/uploads\/2026\/05\/1.-Don_Kichot-fot.-M.Korkus-242x300.jpg\" alt=\"\" width=\"450\" height=\"558\" srcset=\"https:\/\/turysta2.pttk.pl\/wp-content\/uploads\/2026\/05\/1.-Don_Kichot-fot.-M.Korkus-242x300.jpg 242w, https:\/\/turysta2.pttk.pl\/wp-content\/uploads\/2026\/05\/1.-Don_Kichot-fot.-M.Korkus-826x1024.jpg 826w, https:\/\/turysta2.pttk.pl\/wp-content\/uploads\/2026\/05\/1.-Don_Kichot-fot.-M.Korkus-768x952.jpg 768w, https:\/\/turysta2.pttk.pl\/wp-content\/uploads\/2026\/05\/1.-Don_Kichot-fot.-M.Korkus-1239x1536.jpg 1239w, https:\/\/turysta2.pttk.pl\/wp-content\/uploads\/2026\/05\/1.-Don_Kichot-fot.-M.Korkus-1652x2048.jpg 1652w\" sizes=\"auto, (max-width: 450px) 100vw, 450px\" \/><p id=\"caption-attachment-32842\" class=\"wp-caption-text\">Don Kichot \u2013 mural Dariusza Mili\u0144skiego, jeden z kultowych punkt\u00f3w szlaku fot. Miros\u0142aw Korkus<\/p><\/div>\n<p><strong><br \/>\n<\/strong>Jeszcze inn\u0105 prawdziw\u0105 per\u0142\u0105 \u201eMuralowego Szczecinka\u201d jest <em>Drzewo<\/em> autorstwa Rafa\u0142a Olbi\u0144skiego \u2013 cenionego w Polsce i za granic\u0105 malarza, plakacisty, ilustratora i scenografa, a tak\u017ce wsp\u00f3\u0142tw\u00f3rcy tzw. polskiej szko\u0142y plakatu.<strong><br \/>\n<\/strong>Swoje miejsce na szlaku ma r\u00f3wnie\u017c mural <em>Ryby<\/em> J\u00f3zefa Wilkonia \u2013 ilustratora, malarza i rze\u017abiarza o \u015bwiatowej renomie. Artysta jest autorem ilustracji do licznych ksi\u0105\u017cek dla dzieci i doros\u0142ych, zajmuje si\u0119 tak\u017ce scenografi\u0105, projektuje gobeliny oraz tworzy tzw. przestrzenne ilustracje \u2013 zwierzy\u0144ce z drewnianych bali i blachy.<strong><br \/>\n<\/strong>Du\u017c\u0105 popularno\u015bci\u0105 cieszy si\u0119 r\u00f3wnie\u017c mural nawi\u0105zuj\u0105cy do Mi\u0119dzynarodowego Festiwalu Balonowego. To wsp\u00f3lne dzie\u0142o dw\u00f3ch artyst\u00f3w \u2013 Rafa\u0142a Zabuskiego i Sylwestra Ch\u0142odzi\u0144skiego. Zabuski, pochodz\u0105cy ze Szczecinka, jest utalentowanym gitarzyst\u0105, a jego zainteresowania obejmuj\u0105 tak\u017ce sztuk\u0119 wizualn\u0105. Ch\u0142odzi\u0144ski to artysta rze\u017abiarz tworz\u0105cy zar\u00f3wno w drewnie, jak i w marmurze, stali, br\u0105zie oraz ceramice.<\/p>\n<p>Do zobaczenia w Szczecinku!<\/p>\n<p><em>Opracowanie<\/em> <strong>Ewa Relska, Andrzej G\u00f3rka<\/strong><\/p>\n","protected":false},"excerpt":{"rendered":"Stra\u017cnik Szczecinka \u2013 mural Tomasza S\u0119towskiego przy ul. S. Wyszy\u0144skiego fot. Miros\u0142aw Korkus Szczecinek, nazywany skarbem ukrytym w\u015br\u00f3d jezior, to pe\u0142ne uroku miasto, stawiaj\u0105ce na aktywny wypoczynek, turystyk\u0119 i kultur\u0119. Jednym ze sposob\u00f3w poznania jego przestrzeni jest skorzystanie ze specjalnie przygotowanych tras, prowadz\u0105cych przez najbardziej charakterystyczne zak\u0105tki. Oto dwie propozycje poznawania niespe\u0142na 40-tysi\u0119cznego Szczecinka. Pierwsza prowadzi przez miejsca zwi\u0105zane z&nbsp;<a href=\"https:\/\/turysta2.pttk.pl\/?p=32839\" class=\"read-more\">Continue Reading<\/a>","protected":false},"author":13,"featured_media":32840,"comment_status":"closed","ping_status":"closed","sticky":false,"template":"","format":"standard","meta":{"footnotes":""},"categories":[95],"tags":[],"class_list":["post-32839","post","type-post","status-publish","format-standard","has-post-thumbnail","hentry","category-musisz-zobaczyc","cat-95-id"],"aioseo_notices":[],"_links":{"self":[{"href":"https:\/\/turysta2.pttk.pl\/index.php?rest_route=\/wp\/v2\/posts\/32839","targetHints":{"allow":["GET"]}}],"collection":[{"href":"https:\/\/turysta2.pttk.pl\/index.php?rest_route=\/wp\/v2\/posts"}],"about":[{"href":"https:\/\/turysta2.pttk.pl\/index.php?rest_route=\/wp\/v2\/types\/post"}],"author":[{"embeddable":true,"href":"https:\/\/turysta2.pttk.pl\/index.php?rest_route=\/wp\/v2\/users\/13"}],"replies":[{"embeddable":true,"href":"https:\/\/turysta2.pttk.pl\/index.php?rest_route=%2Fwp%2Fv2%2Fcomments&post=32839"}],"version-history":[{"count":1,"href":"https:\/\/turysta2.pttk.pl\/index.php?rest_route=\/wp\/v2\/posts\/32839\/revisions"}],"predecessor-version":[{"id":32843,"href":"https:\/\/turysta2.pttk.pl\/index.php?rest_route=\/wp\/v2\/posts\/32839\/revisions\/32843"}],"wp:featuredmedia":[{"embeddable":true,"href":"https:\/\/turysta2.pttk.pl\/index.php?rest_route=\/wp\/v2\/media\/32840"}],"wp:attachment":[{"href":"https:\/\/turysta2.pttk.pl\/index.php?rest_route=%2Fwp%2Fv2%2Fmedia&parent=32839"}],"wp:term":[{"taxonomy":"category","embeddable":true,"href":"https:\/\/turysta2.pttk.pl\/index.php?rest_route=%2Fwp%2Fv2%2Fcategories&post=32839"},{"taxonomy":"post_tag","embeddable":true,"href":"https:\/\/turysta2.pttk.pl\/index.php?rest_route=%2Fwp%2Fv2%2Ftags&post=32839"}],"curies":[{"name":"wp","href":"https:\/\/api.w.org\/{rel}","templated":true}]}}