{"id":32836,"date":"2026-05-04T14:17:18","date_gmt":"2026-05-04T12:17:18","guid":{"rendered":"https:\/\/turysta2.pttk.pl\/?p=32836"},"modified":"2026-05-04T14:17:18","modified_gmt":"2026-05-04T12:17:18","slug":"komancza-na-spotkanie-z-kultura-lemkow","status":"publish","type":"post","link":"https:\/\/turysta2.pttk.pl\/?p=32836","title":{"rendered":"Koma\u0144cza \u2013 na spotkanie z kultur\u0105 \u0141emk\u00f3w"},"content":{"rendered":"<p>Cerkiew Prawos\u0142awna pw. Opieki Matki Bo\u017cej w Koma\u0144czy \u2013 symbol tradycji \u0141emk\u00f3w<br \/>\nfot. Micha\u0142 Bosek\/UMWP<\/p>\n<p><strong>Le\u017cy na styku Bieszczad\u00f3w i Beskidu Niskiego, jest jedn\u0105 z najbardziej interesuj\u0105cych i atrakcyjnych krajoznawczo miejscowo\u015bci na G\u0142\u00f3wnym Szlaku Beskidzkim. Cho\u0107 Koma\u0144cza nie jest tak odwiedzana przez piechur\u00f3w jak Wetlina czy Ustrzyki G\u00f3rne, to zachwyca spokojem, bogat\u0105 histori\u0105 i blisko\u015bci\u0105 natury.<\/strong><\/p>\n<p>Najcz\u0119\u015bciej odwiedzanym miejscem w Koma\u0144czy jest klasztor si\u00f3str nazaretanek. Drewniany budynek z murowanym parterem w stylu szwajcarskim przypomina o przedwojennych tradycjach letniskowych miejscowo\u015bci, po\u0142o\u017conej przy Pierwszej W\u0119giersko-Galicyjskiej Kolei \u017belaznej. Klasztor znajduje si\u0119 w zacisznym miejscu, w\u015br\u00f3d las\u00f3w.<br \/>\nW latach 1955\u20131956 przebywa\u0142 tu internowany przez w\u0142adze komunistyczne prymas Polski, kardyna\u0142 Stefan Wyszy\u0144ski. Fakt ten przybli\u017ca Izba Pami\u0119ci Prymasa Tysi\u0105clecia, gdzie mo\u017cna zapozna\u0107 si\u0119 z pami\u0105tkami oraz histori\u0105 jego pobytu w Koma\u0144czy.<br \/>\nMiejscowo\u015b\u0107 jest wa\u017cnym o\u015brodkiem kultury \u0142emkowskiej. Nad Os\u0142awic\u0105 i jej dop\u0142ywem Barbar\u0105 mieszka spora grupa \u0141emk\u00f3w, kultywuj\u0105ca swoje tradycje. Wa\u017cn\u0105 funkcj\u0119 w zachowaniu ich to\u017csamo\u015bci pe\u0142ni\u0105 dwie cerkwie \u2013 prawos\u0142awna i greckokatolicka. Ta pierwsza, drewniana, pierwotnie greckokatolicka, zbudowana na pocz\u0105tku XIX wieku w unikatowym stylu wschodnio\u0142emkowskim, sp\u0142on\u0119\u0142a w 2006 roku. Pieczo\u0142owicie odbudowana, zachwyca tradycyjn\u0105 architektur\u0105 drewnian\u0105 oraz ikonostasem.<br \/>\nO powstaniu cerkwi greckokatolickiej zadecydowali wierni. Nie uzyskawszy w latach 80. XX wieku zgody w\u0142adz na budow\u0119, na wcze\u015bniej przygotowanej kamiennej podmur\u00f3wce umie\u015bcili drewnian\u0105 cerkiew ze wsi Dudy\u0144ce ko\u0142o Sanoka.<br \/>\nJest to pierwsza greckokatolicka cerkiew konsekrowana po 1945 roku w Polsce.<br \/>\nInne warte zobaczenia miejsca w Koma\u0144czy to powojenny drewniany Ko\u015bci\u00f3\u0142 Rzymskokatolicki pw. \u015bw. J\u00f3zefa oraz dwa cmentarze wojenne z okresu I wojny \u015bwiatowej. Charakterystycznym punktem miejscowo\u015bci jest \u0142aweczka upami\u0119tniaj\u0105ca bieszczadnika, kowboja i artyst\u0119 Andrzeja Wasilewskiego, zwanego J\u0119drkiem Po\u0142onin\u0105.<br \/>\nWieloetniczna i wielokulturowa Koma\u0144cza, jako jedna z niewielu miejscowo\u015bci dotkni\u0119tych burzliw\u0105 histori\u0105 wysiedle\u0144, ma szans\u0119 sta\u0107 si\u0119 wa\u017cnym punktem na mapie turystycznej regionu, zw\u0142aszcza \u017ce planowane s\u0105 tu kolejne inicjatywy popularyzuj\u0105ce kultur\u0119 \u0142emkowsk\u0105.<\/p>\n<p><em>Tekst<\/em> <strong>Mateusz Podkul<\/strong><\/p>\n","protected":false},"excerpt":{"rendered":"Cerkiew Prawos\u0142awna pw. Opieki Matki Bo\u017cej w Koma\u0144czy \u2013 symbol tradycji \u0141emk\u00f3w fot. Micha\u0142 Bosek\/UMWP Le\u017cy na styku Bieszczad\u00f3w i Beskidu Niskiego, jest jedn\u0105 z najbardziej interesuj\u0105cych i atrakcyjnych krajoznawczo miejscowo\u015bci na G\u0142\u00f3wnym Szlaku Beskidzkim. Cho\u0107 Koma\u0144cza nie jest tak odwiedzana przez piechur\u00f3w jak Wetlina czy Ustrzyki G\u00f3rne, to zachwyca spokojem, bogat\u0105 histori\u0105 i blisko\u015bci\u0105 natury. Najcz\u0119\u015bciej odwiedzanym miejscem w&nbsp;<a href=\"https:\/\/turysta2.pttk.pl\/?p=32836\" class=\"read-more\">Continue Reading<\/a>","protected":false},"author":13,"featured_media":32837,"comment_status":"closed","ping_status":"closed","sticky":false,"template":"","format":"standard","meta":{"footnotes":""},"categories":[9],"tags":[],"class_list":["post-32836","post","type-post","status-publish","format-standard","has-post-thumbnail","hentry","category-warto-wiedziec","cat-9-id"],"aioseo_notices":[],"_links":{"self":[{"href":"https:\/\/turysta2.pttk.pl\/index.php?rest_route=\/wp\/v2\/posts\/32836","targetHints":{"allow":["GET"]}}],"collection":[{"href":"https:\/\/turysta2.pttk.pl\/index.php?rest_route=\/wp\/v2\/posts"}],"about":[{"href":"https:\/\/turysta2.pttk.pl\/index.php?rest_route=\/wp\/v2\/types\/post"}],"author":[{"embeddable":true,"href":"https:\/\/turysta2.pttk.pl\/index.php?rest_route=\/wp\/v2\/users\/13"}],"replies":[{"embeddable":true,"href":"https:\/\/turysta2.pttk.pl\/index.php?rest_route=%2Fwp%2Fv2%2Fcomments&post=32836"}],"version-history":[{"count":1,"href":"https:\/\/turysta2.pttk.pl\/index.php?rest_route=\/wp\/v2\/posts\/32836\/revisions"}],"predecessor-version":[{"id":32838,"href":"https:\/\/turysta2.pttk.pl\/index.php?rest_route=\/wp\/v2\/posts\/32836\/revisions\/32838"}],"wp:featuredmedia":[{"embeddable":true,"href":"https:\/\/turysta2.pttk.pl\/index.php?rest_route=\/wp\/v2\/media\/32837"}],"wp:attachment":[{"href":"https:\/\/turysta2.pttk.pl\/index.php?rest_route=%2Fwp%2Fv2%2Fmedia&parent=32836"}],"wp:term":[{"taxonomy":"category","embeddable":true,"href":"https:\/\/turysta2.pttk.pl\/index.php?rest_route=%2Fwp%2Fv2%2Fcategories&post=32836"},{"taxonomy":"post_tag","embeddable":true,"href":"https:\/\/turysta2.pttk.pl\/index.php?rest_route=%2Fwp%2Fv2%2Ftags&post=32836"}],"curies":[{"name":"wp","href":"https:\/\/api.w.org\/{rel}","templated":true}]}}