{"id":32824,"date":"2026-04-29T12:42:04","date_gmt":"2026-04-29T10:42:04","guid":{"rendered":"https:\/\/turysta2.pttk.pl\/?p=32824"},"modified":"2026-04-29T12:42:04","modified_gmt":"2026-04-29T10:42:04","slug":"wedrowki-po-kotlinie-sandomierskiej","status":"publish","type":"post","link":"https:\/\/turysta2.pttk.pl\/?p=32824","title":{"rendered":"W\u0119dr\u00f3wki po Kotlinie Sandomierskiej"},"content":{"rendered":"<p>Rzeka San wyznacza rytm w\u0119dr\u00f3wki przez spokojne krajobrazy Kotliny Sandomierskiej<br \/>\nfot. Micha\u0142 Bosek\/UMWP<\/p>\n<p><strong>Wielodniowe, wielokilometrowe przemierzanie szlak\u00f3w pieszych w Polsce najcz\u0119\u015bciej kojarzy si\u0119 z g\u00f3rami. Na trasy d\u0142ugodystansowe turysta mo\u017ce si\u0119 wybra\u0107 tak\u017ce na terenach p\u0142askich. P\u00f3\u0142nocn\u0105 cz\u0119\u015b\u0107 wojew\u00f3dztwa podkarpackiego zajmuje Kotlina Sandomierska. Wiod\u0105 przez ni\u0105 liczne trasy piesze, kt\u00f3re pozwalaj\u0105 cieszy\u0107 si\u0119 przyrod\u0105 i zabytkami, cz\u0119sto z dala od innych piechur\u00f3w. <\/strong><\/p>\n<p>Najd\u0142u\u017cszy szlak na tym obszarze, w granicach wojew\u00f3dztwa podkarpackiego, liczy 109 km, jest znakowany kolorem \u017c\u00f3\u0142tym i wiedzie z Sandomierza w d\u00f3\u0142 Wis\u0142y do uj\u015bcia Sanu, a nast\u0119pnie dolin\u0105 Sanu do Le\u017cajska. Po drodze w\u0119drowny turysta wielokrotnie przekracza San. Najciekawsze krajoznawczo miejsca na trasie \u2013 obok pocz\u0105tkowych, czyli Sandomierza i Le\u017cajska \u2013 to: Rozwad\u00f3w (obecnie cz\u0119\u015b\u0107 Stalowej Woli), Krzesz\u00f3w oraz Ulan\u00f3w.<\/p>\n<p><strong>Rozwad\u00f3w (Stalowa Wola), Ulan\u00f3w i Krzesz\u00f3w<br \/>\n<\/strong>W Rozwadowie, w dawnym pa\u0142acu Lubomirskich, funkcjonuje Muzeum Regionalne z plenerow\u0105 wystaw\u0105 kamiennych rze\u017ab autorstwa artyst\u00f3w z Polski i Ukrainy. Unikatowa w naszym kraju \u201eGaleria przez dotyk\u201d powsta\u0142a z my\u015bl\u0105 o osobach niewidomych i s\u0142abo widz\u0105cych, a ca\u0142o\u015b\u0107 obudowano nowatorskim programem edukacyjnym.<br \/>\nZ kolei Ulan\u00f3w, s\u0142yn\u0105cy w Polsce z bogatych tradycji flisackich, posiada dwie drewniane, XVII-wieczne \u015bwi\u0105tynie. Ko\u015bci\u00f3\u0142 pw. Tr\u00f3jcy Przenaj\u015bwi\u0119tszej bywa nazywany \u201eflisackim\u201d, poniewa\u017c zosta\u0142 zbudowany ze sk\u0142adek mieszka\u0144c\u00f3w trudni\u0105cych si\u0119 sp\u0142awianiem tratw po Sanie.<br \/>\nTrzeba te\u017c wspomnie\u0107, \u017ce z Ulanowa pochodzi\u0142 znany rze\u017abiarz Andrzej Pity\u0144ski. Zar\u00f3wno jego tw\u00f3rczo\u015b\u0107, jak i miejscowe flisactwo, upami\u0119tniaj\u0105 dwa tutejsze muzea.<br \/>\nKrzesz\u00f3w wyr\u00f3\u017cnia si\u0119 zabytkowym, barokowym ko\u015bcio\u0142em drewnianym z XVIII wieku, kt\u00f3remu towarzysz\u0105 drewniana kaplica oraz dzwon- nica z 1898 roku. Bogate wyposa\u017cenie \u015bwi\u0105tyni w dzie\u0142a sztuki jest efektem hojnego mecenatu Zamoyskich.<\/p>\n<div id=\"attachment_32827\" style=\"width: 633px\" class=\"wp-caption alignnone\"><img loading=\"lazy\" decoding=\"async\" aria-describedby=\"caption-attachment-32827\" class=\" wp-image-32827\" src=\"https:\/\/turysta2.pttk.pl\/wp-content\/uploads\/2026\/04\/2.-wystawa-kamiennych-rzezb-fot.-kz-300x200.jpg\" alt=\"\" width=\"623\" height=\"415\" srcset=\"https:\/\/turysta2.pttk.pl\/wp-content\/uploads\/2026\/04\/2.-wystawa-kamiennych-rzezb-fot.-kz-300x200.jpg 300w, https:\/\/turysta2.pttk.pl\/wp-content\/uploads\/2026\/04\/2.-wystawa-kamiennych-rzezb-fot.-kz-1024x683.jpg 1024w, https:\/\/turysta2.pttk.pl\/wp-content\/uploads\/2026\/04\/2.-wystawa-kamiennych-rzezb-fot.-kz-768x512.jpg 768w, https:\/\/turysta2.pttk.pl\/wp-content\/uploads\/2026\/04\/2.-wystawa-kamiennych-rzezb-fot.-kz-1536x1024.jpg 1536w, https:\/\/turysta2.pttk.pl\/wp-content\/uploads\/2026\/04\/2.-wystawa-kamiennych-rzezb-fot.-kz-2048x1365.jpg 2048w\" sizes=\"auto, (max-width: 623px) 100vw, 623px\" \/><p id=\"caption-attachment-32827\" class=\"wp-caption-text\">Rozwad\u00f3w (Stalowa Wola) \u2013 plenerowa wystawa kamiennych rze\u017ab przy Muzeum Regionalnym<br \/>fot. Krzysztof Zaj\u0105czkowski\/UMWP<\/p><\/div>\n<p><strong>Szlak im. gen. W\u0142adys\u0142awa Sikorskiego<br \/>\n<\/strong>Przez centraln\u0105 cz\u0119\u015b\u0107 Kotliny Sandomierskiej poprowadzono zielony szlak turystyczny z Tuszowa Narodowego do Woli Cichej (cz\u0119\u015b\u0107 G\u0142ogowa Ma\u0142opolskiego). Trasa liczy 78,7 km i nosi nazw\u0119 \u201eSzlak im. gen. W\u0142adys\u0142awa Sikorskiego\u201d.<br \/>\nW domu urodzenia tego wybitnego dow\u00f3dcy i polityka mie\u015bci si\u0119 dzi\u015b biblioteka oraz izba pami\u0119ci, kt\u00f3ra nieodp\u0142atnie prezentuje zwi\u0105zane z nim pami\u0105tki. Dalsza trasa wiedzie przez malownicze pola i lasy.<br \/>\nKolejne warte uwagi miejsca na tym szlaku to Kolbuszowa, Werynia oraz rezerwat \u201eB\u00f3r\u201d. Kolbuszowa, po\u0142o\u017cona nad Nilem, mo\u017ce pochwali\u0107 si\u0119 Muzeum Kultury Ludowej (pisali\u015bmy o nim w poprzednim numerze <em>Turysty<\/em>). Jest to jeden z naj- bardziej znanych w Polsce park\u00f3w etnograficznych, przybli\u017caj\u0105cy kultur\u0119 ludow\u0105 Lasowiak\u00f3w i Rzeszowiak\u00f3w. W ostatnim czasie miejsce to zosta\u0142o tak\u017ce spopularyzowane przez kr\u0119cony tutaj serial <em>1670<\/em>.<\/p>\n<p>W Weryni uwag\u0119 przyci\u0105ga pi\u0119trowy pa\u0142ac Tyszkiewicz\u00f3w w stylu secesyjnym, wybudowany w 1900 roku wed\u0142ug projektu Tadeusza Stryje\u0144skiego. Na poz\u00f3r prosta bry\u0142a kryje wiele oryginalnych detali architektonicznych.<\/p>\n<p>Rezerwat \u201eB\u00f3r\u201d powo\u0142ano w celu ochrony ekosystemu naturalnych las\u00f3w Puszczy Sandomierskiej. Wyst\u0119puj\u0105 tu tak\u017ce rzadkie ro\u015bliny, m.in. rosiczka okr\u0105g\u0142olistna i zimowit jesienny. Na jego terenie znajduje si\u0119 r\u00f3wnie\u017c miejsce pami\u0119ci narodowej, kt\u00f3re upami\u0119tnia rozstrzelanie w okresie okupacji niemieckiej oko\u0142o 300 Polak\u00f3w i 5 tysi\u0119cy \u017byd\u00f3w.<br \/>\nG\u0142\u00f3wny odcinek szlaku im. gen. Sikorskiego ma tak\u017ce odr\u0119bn\u0105 kontynuacj\u0119 o d\u0142ugo\u015bci 22,2 km. Pro- wadzi ona po Pog\u00f3rzu Dynowskim z Nowej Wsi na szczyt Wilcze (510 m n.p.m.). Po drodze zahacza o miejscowo\u015b\u0107 Hy\u017cne, gdzie gen. Sikorski chodzi\u0142 do szko\u0142y i kt\u00f3r\u0105 uwa\u017ca\u0142 za swoj\u0105 rodzinn\u0105 wie\u015b.<\/p>\n<p><strong>Pi\u0119\u0107 tras z zabytkami<br \/>\n<\/strong>Inny wart uwagi szlak pieszy, \u0142\u0105cz\u0105cy Sandomierz z Majdanem Kr\u00f3lewskim (zielony, 64,2 km), r\u00f3wnie\u017c prowadzi przez interesuj\u0105ce punkty. W Tarnobrzegu dzia\u0142a Muzeum Polskiego Przemys\u0142u Siarkowego, a w zamku Tarnowskich \u2014 muzeum (pisali\u015bmy o tym w<em> \u201eTury\u015bcie\u201d 4(20)\/2025<\/em>). Baran\u00f3w Sandomierski wyr\u00f3\u017cnia si\u0119 zespo\u0142em zamkowo- -parkowym z renesansow\u0105 rezydencj\u0105 nazywan\u0105 \u201eMa\u0142ym Wawelem\u201d. W Nowej D\u0119bie funkcjonuje Muzeum Bombki Choinkowej, a w Hucie Komo- rowskiej \u2013 muzeum po\u015bwi\u0119cone kardyna\u0142owi Adamowi Koz\u0142owieckiemu, misjonarzowi w Afryce, odznaczonemu Orderem Or\u0142a Bia\u0142ego oraz francusk\u0105 Legi\u0105 Honorow\u0105.<\/p>\n<p>Z Nowej Sarzyny na widokowe wzniesienie Maria Magdalena (393 m n.p.m.), po\u0142o\u017cone w oko- licach Rzeszowa, prowadzi zielony szlak o d\u0142ugo\u015bci 61 km. Po drodze warto zobaczy\u0107 pa\u0142acyk my\u015bliwski Potockich w Julinie, a tak\u017ce zabytki \u0141a\u0144cuta z zespo\u0142em parkowo-pa\u0142acowym Potockich i Lubo- mirskich oraz synagog\u0105.<\/p>\n<div id=\"attachment_32828\" style=\"width: 597px\" class=\"wp-caption alignnone\"><img loading=\"lazy\" decoding=\"async\" aria-describedby=\"caption-attachment-32828\" class=\" wp-image-32828\" src=\"https:\/\/turysta2.pttk.pl\/wp-content\/uploads\/2026\/04\/5.-Markowa-\u2013-Muzeum-Rodziny-Ulmow-fot.-M.-Bosek-300x200.jpg\" alt=\"\" width=\"587\" height=\"391\" srcset=\"https:\/\/turysta2.pttk.pl\/wp-content\/uploads\/2026\/04\/5.-Markowa-\u2013-Muzeum-Rodziny-Ulmow-fot.-M.-Bosek-300x200.jpg 300w, https:\/\/turysta2.pttk.pl\/wp-content\/uploads\/2026\/04\/5.-Markowa-\u2013-Muzeum-Rodziny-Ulmow-fot.-M.-Bosek-1024x682.jpg 1024w, https:\/\/turysta2.pttk.pl\/wp-content\/uploads\/2026\/04\/5.-Markowa-\u2013-Muzeum-Rodziny-Ulmow-fot.-M.-Bosek-768x512.jpg 768w, https:\/\/turysta2.pttk.pl\/wp-content\/uploads\/2026\/04\/5.-Markowa-\u2013-Muzeum-Rodziny-Ulmow-fot.-M.-Bosek-1536x1023.jpg 1536w, https:\/\/turysta2.pttk.pl\/wp-content\/uploads\/2026\/04\/5.-Markowa-\u2013-Muzeum-Rodziny-Ulmow-fot.-M.-Bosek-2048x1365.jpg 2048w\" sizes=\"auto, (max-width: 587px) 100vw, 587px\" \/><p id=\"caption-attachment-32828\" class=\"wp-caption-text\">Markowa \u2013 Muzeum Rodziny Ulm\u00f3w upami\u0119tnia bohater\u00f3w II wojny \u015bwiatowej i lokaln\u0105 histori\u0119 fot. Micha\u0142 Bosek\/UMWP<\/p><\/div>\n<p>Szlak \u017c\u00f3\u0142ty, licz\u0105cy 51,2 km, \u0142\u0105czy drog\u0119 Sieniawa \u2013 Oleszyce z Pruchnikiem na Pog\u00f3rzu Dynowskim. Na tej trasie w\u0119drowiec zatrzyma si\u0119 w bogatym w zabytki i atrakcje Jaros\u0142awiu oraz przy drewnianym ko\u015bciele w Ch\u0142opicach. Z pewno\u015bci\u0105 te\u017c zachwyci si\u0119 drewnian\u0105 zabudow\u0105 Pruchnika.<br \/>\nNa piesz\u0105 wypraw\u0119 szlakiem niebieskim do wcze\u015bniej wspomnianego Le\u017cajska mo\u017cna wyruszy\u0107 z G\u0142ogowa Ma\u0142opolskiego. Na trasie licz\u0105cej 46,6 km znajduje si\u0119 wspomniany pa\u0142a- cyk w Julinie, a tak\u017ce popularny zalew w Brz\u00f3zie Kr\u00f3lewskiej.<\/p>\n<p>Ostatni szlak upami\u0119tnia legionist\u0119 p\u0142k. Leopolda Lisa-Kul\u0119 i prowadzi z jego rodzinnej Kosiny do pomnika w Rzeszowie. Oznakowana na czerwono trasa liczy 44,2 km. Po drodze, obok atrakcji Rzeszowa, warto zatrzyma\u0107 si\u0119 w Markowej, by odwiedzi\u0107 tamtejszy skansen oraz Muzeum Polak\u00f3w Ratuj\u0105cych \u017byd\u00f3w podczas II wojny \u015bwiatowej im. Rodziny Ulm\u00f3w.<\/p>\n<p>Tras\u0119 w\u0119dr\u00f3wki mo\u017cesz zaplanowa\u0107 dzi\u0119ki interaktywnej mapie PTTK. Znajdziesz na niej przebiegi szlak\u00f3w pieszych, punkty krajoznawcze, miejsca historyczne i przyrodnicze. Pod adresem<em> https:\/\/podkarpaciepolnocne.szlaki.pttk.pl\/mapa <\/em>mo\u017cesz zaznaczy\u0107 wybran\u0105 tras\u0119 i wygenerowa\u0107 plik GPX na telefon.<\/p>\n<p><img loading=\"lazy\" decoding=\"async\" class=\"alignnone  wp-image-32825\" src=\"https:\/\/turysta2.pttk.pl\/wp-content\/uploads\/2026\/04\/websiteplanet-qr-300x300.png\" alt=\"\" width=\"248\" height=\"248\" srcset=\"https:\/\/turysta2.pttk.pl\/wp-content\/uploads\/2026\/04\/websiteplanet-qr-300x300.png 300w, https:\/\/turysta2.pttk.pl\/wp-content\/uploads\/2026\/04\/websiteplanet-qr-1024x1024.png 1024w, https:\/\/turysta2.pttk.pl\/wp-content\/uploads\/2026\/04\/websiteplanet-qr-150x150.png 150w, https:\/\/turysta2.pttk.pl\/wp-content\/uploads\/2026\/04\/websiteplanet-qr-768x768.png 768w, https:\/\/turysta2.pttk.pl\/wp-content\/uploads\/2026\/04\/websiteplanet-qr.png 1166w\" sizes=\"auto, (max-width: 248px) 100vw, 248px\" \/><\/p>\n<p>Tekst <strong><em>Mateusz Podkul<br \/>\n<\/em><\/strong>Przewodnik beskidzki, pracownik Muzeum Regionalnego im. Adama Fastnachta w Brzozowie, prezes Zarz\u0105du Ko\u0142a Przewodnik\u00f3w Turystycznych przy Oddziale PTTK Krosno.<\/p>\n","protected":false},"excerpt":{"rendered":"Rzeka San wyznacza rytm w\u0119dr\u00f3wki przez spokojne krajobrazy Kotliny Sandomierskiej fot. Micha\u0142 Bosek\/UMWP Wielodniowe, wielokilometrowe przemierzanie szlak\u00f3w pieszych w Polsce najcz\u0119\u015bciej kojarzy si\u0119 z g\u00f3rami. Na trasy d\u0142ugodystansowe turysta mo\u017ce si\u0119 wybra\u0107 tak\u017ce na terenach p\u0142askich. P\u00f3\u0142nocn\u0105 cz\u0119\u015b\u0107 wojew\u00f3dztwa podkarpackiego zajmuje Kotlina Sandomierska. Wiod\u0105 przez ni\u0105 liczne trasy piesze, kt\u00f3re pozwalaj\u0105 cieszy\u0107 si\u0119 przyrod\u0105 i zabytkami, cz\u0119sto z dala od&nbsp;<a href=\"https:\/\/turysta2.pttk.pl\/?p=32824\" class=\"read-more\">Continue Reading<\/a>","protected":false},"author":13,"featured_media":32826,"comment_status":"closed","ping_status":"closed","sticky":false,"template":"","format":"standard","meta":{"footnotes":""},"categories":[14],"tags":[],"class_list":["post-32824","post","type-post","status-publish","format-standard","has-post-thumbnail","hentry","category-krajoznawstwo","cat-14-id"],"aioseo_notices":[],"_links":{"self":[{"href":"https:\/\/turysta2.pttk.pl\/index.php?rest_route=\/wp\/v2\/posts\/32824","targetHints":{"allow":["GET"]}}],"collection":[{"href":"https:\/\/turysta2.pttk.pl\/index.php?rest_route=\/wp\/v2\/posts"}],"about":[{"href":"https:\/\/turysta2.pttk.pl\/index.php?rest_route=\/wp\/v2\/types\/post"}],"author":[{"embeddable":true,"href":"https:\/\/turysta2.pttk.pl\/index.php?rest_route=\/wp\/v2\/users\/13"}],"replies":[{"embeddable":true,"href":"https:\/\/turysta2.pttk.pl\/index.php?rest_route=%2Fwp%2Fv2%2Fcomments&post=32824"}],"version-history":[{"count":1,"href":"https:\/\/turysta2.pttk.pl\/index.php?rest_route=\/wp\/v2\/posts\/32824\/revisions"}],"predecessor-version":[{"id":32829,"href":"https:\/\/turysta2.pttk.pl\/index.php?rest_route=\/wp\/v2\/posts\/32824\/revisions\/32829"}],"wp:featuredmedia":[{"embeddable":true,"href":"https:\/\/turysta2.pttk.pl\/index.php?rest_route=\/wp\/v2\/media\/32826"}],"wp:attachment":[{"href":"https:\/\/turysta2.pttk.pl\/index.php?rest_route=%2Fwp%2Fv2%2Fmedia&parent=32824"}],"wp:term":[{"taxonomy":"category","embeddable":true,"href":"https:\/\/turysta2.pttk.pl\/index.php?rest_route=%2Fwp%2Fv2%2Fcategories&post=32824"},{"taxonomy":"post_tag","embeddable":true,"href":"https:\/\/turysta2.pttk.pl\/index.php?rest_route=%2Fwp%2Fv2%2Ftags&post=32824"}],"curies":[{"name":"wp","href":"https:\/\/api.w.org\/{rel}","templated":true}]}}