{"id":32815,"date":"2026-04-29T12:16:55","date_gmt":"2026-04-29T10:16:55","guid":{"rendered":"https:\/\/turysta2.pttk.pl\/?p=32815"},"modified":"2026-04-29T12:16:55","modified_gmt":"2026-04-29T10:16:55","slug":"pieszo-od-bieszczadow-po-roztocze","status":"publish","type":"post","link":"https:\/\/turysta2.pttk.pl\/?p=32815","title":{"rendered":"Pieszo od Bieszczad\u00f3w po Roztocze"},"content":{"rendered":"<p>W Parku Gwiezdnego Nieba mo\u017cna dostrzec nawet 6\u20137 tysi\u0119cy gwiazd \u2013 to jedno z najciemniejszych miejsc w Europie\u00a0 fot. Micha\u0142 Bosek\/UMWP<\/p>\n<p><strong>Jest taki region w Polsce, kt\u00f3ry \u2013 mo\u017cna by rzec \u2013 powsta\u0142 z my\u015bl\u0105 o piechurach. To Podkarpackie. Setki kilometr\u00f3w szlak\u00f3w prowadz\u0105 tu przez niezwyk\u0142\u0105 przyrod\u0119 i architektur\u0119, sprzyjaj\u0105c kr\u00f3tko \u2013 i d\u0142ugodystansowym w\u0119dr\u00f3wkom. Daj\u0105 mo\u017cliwo\u015b\u0107 oddechu od codzienno\u015bci i pozwalaj\u0105 dostrzec bezkres podkarpackich krain \u2013 w wielu miejscach wci\u0105\u017c dzikich, pe\u0142nych magii i jedynej w swoim rodzaju atmosfery.<\/strong><\/p>\n<p>Kiedy my\u015bl\u0119: Podkarpackie \u2013 widz\u0119 Bieszczady. Kiedy my\u015bl\u0119: Bieszczady, mam taki obraz przed oczami \u2013 absolutna cisza wok\u00f3\u0142, nic si\u0119 nie dzieje, jedynie drzewa szumi\u0105 w oddali, a na niemal czarnym niebie \u015bwiec\u0105 tysi\u0105ce gwiazd. Czy wiecie, \u017ce na bieszczadzkim niebie mo\u017cna zobaczy\u0107 nawet 6\u20137 tysi\u0119cy gwiazd? To jedno z ostatnich takich miejsc w Europie. Je\u015bli chcieliby\u015bcie zobaczy\u0107 Drog\u0119 Mleczn\u0105, a mo\u017ce po prostu popatrze\u0107 w rozgwie\u017cd\u017cone niebo, odwied\u017acie koniecznie Park Gwiezdnego Nieba \u201eBieszczady\u201d.<\/p>\n<p>Bieszczady s\u0105 z jednej strony stworzone dla turystyki, ze swoj\u0105 ogromn\u0105 przestrzeni\u0105, niezwyk\u0142\u0105 przyrod\u0105 i wieloma utartymi szlakami turystycznymi. Z drugiej \u2013 nadal si\u0119 przed ni\u0105 broni\u0105 i przy- zna\u0107 trzeba, \u017ce z sukcesem. Ca\u0142y czas bowiem Bieszczady s\u0105 w wielu miejscach dzikie, nieodkryte. Nie ma tu t\u0142um\u00f3w, cho\u0107 pewnie ka\u017cdy Polak (i nie tylko) s\u0142ysza\u0142 o Po\u0142oninie Wetli\u0144skiej i Cary\u0144skiej, a ju\u017c na pewno wie o istnieniu Bieszczadzkiego Parku Narodowego. Na pytanie \u2013 gdzie w Polsce jest najpi\u0119kniej jesieni\u0105? \u2013 wi\u0119kszo\u015b\u0107 z nas odpowie: w Bieszczadach. Przecie\u017c \u017cadne inne miejsce w naszym kraju nie mieni si\u0119 w\u00f3wczas tyloma kolorami.<\/p>\n<p><strong>G\u0142\u00f3wny Szlak Beskidzki \u2013 start w Wo\u0142osatem<br \/>\n<\/strong>Klasyka polskiej g\u00f3rskiej turystyki pieszej \u2013 G\u0142\u00f3wny Szlak Beskidzki \u2013 w\u0142a\u015bnie tutaj, w Wo\u0142osatem, ma sw\u00f3j pocz\u0105tek lub jak kto woli \u2013 koniec. To najd\u0142u\u017cszy szlak turystyczny w Polsce. Jest oznaczony kolorem czerwonym. Biegnie z Wo\u0142osatego do Ustronia w Beskidzie \u015al\u0105skim przez wojew\u00f3dztwa: podkarpackie, ma\u0142opolskie i \u015bl\u0105skie. \u0141\u0105czy niemal wszystkie pasma Beskid\u00f3w, pocz\u0105wszy od Bieszczad\u00f3w, przez Beskid Niski, Beskid S\u0105decki, Gorce, Beskid \u017bywiecki, a ko\u0144cz\u0105c na Beskidzie \u015al\u0105skim.<\/p>\n<p>Jego d\u0142ugo\u015b\u0107 to 519 km. Tworzy swoistego rodzaju klamr\u0119 spinaj\u0105c\u0105 ca\u0142y obszar Karpat.<br \/>\nTury\u015bci pod\u0105\u017caj\u0105 G\u0142\u00f3wnym Szlakiem Beskidzkim od niemal 100 lat. Wyznaczony zosta\u0142 bowiem w latach 1924\u20131935<br \/>\nz inicjatywy Kazimierza Sosnowskiego, jednego z najbardziej znanych animator\u00f3w ruchu turystycznego w Beskidach.<br \/>\nPTTK ustanowi\u0142o odznak\u0119 G\u0142\u00f3wnego Szlaku Beskidzkiego, przyznawan\u0105 za przej\u015bcie ca\u0142ego szlaku w czasie nie d\u0142u\u017cszym ni\u017c 21 dni lub pokona- nie go w odcinkach, niezale\u017cnie od czasu trwania i liczby wycieczek.<\/p>\n<div id=\"attachment_32817\" style=\"width: 585px\" class=\"wp-caption alignnone\"><img loading=\"lazy\" decoding=\"async\" aria-describedby=\"caption-attachment-32817\" class=\" wp-image-32817\" src=\"https:\/\/turysta2.pttk.pl\/wp-content\/uploads\/2026\/04\/GLOWNY-SZLAK-BESKIDZKI-300x244.jpg\" alt=\"\" width=\"575\" height=\"468\" srcset=\"https:\/\/turysta2.pttk.pl\/wp-content\/uploads\/2026\/04\/GLOWNY-SZLAK-BESKIDZKI-300x244.jpg 300w, https:\/\/turysta2.pttk.pl\/wp-content\/uploads\/2026\/04\/GLOWNY-SZLAK-BESKIDZKI-1024x832.jpg 1024w, https:\/\/turysta2.pttk.pl\/wp-content\/uploads\/2026\/04\/GLOWNY-SZLAK-BESKIDZKI-768x624.jpg 768w, https:\/\/turysta2.pttk.pl\/wp-content\/uploads\/2026\/04\/GLOWNY-SZLAK-BESKIDZKI-1536x1248.jpg 1536w, https:\/\/turysta2.pttk.pl\/wp-content\/uploads\/2026\/04\/GLOWNY-SZLAK-BESKIDZKI.jpg 1548w\" sizes=\"auto, (max-width: 575px) 100vw, 575px\" \/><p id=\"caption-attachment-32817\" class=\"wp-caption-text\">G\u0142\u00f3wny Szlak Beskidzki im. Kazimierza Sosnowskiego \u2013 najd\u0142u\u017cszy turystyczny szlak g\u00f3rski w Polsce \u017ar\u00f3d\u0142o: Przewodnik Piesze w\u0119dr\u00f3wki z serii Podkarpackie. Dobry Kierunek<\/p><\/div>\n<p>W wojew\u00f3dztwie podkarpackim G\u0142\u00f3wny Szlak Beskidzki liczy nieca\u0142e 190 km. Na terenie Bieszczadzkiego Parku Narodowego biegnie na d\u0142ugo\u015bci oko\u0142o 43 km na trasie: Wo\u0142osate \u2013 Halicz \u2013 Prze\u0142\u0119cz pod Tarnic\u0105 \u2013 Szeroki Wierch \u2013 Po\u0142onina Cary\u0144ska \u2013 Po\u0142onina Wetli\u0144ska \u2013 Smerek \u2013Kalnica. Odkrywa przed nami najpi\u0119kniejsze i najbardziej malownicze zak\u0105tki Bieszczad\u00f3w, stanowi\u0105c jedn\u0105 z najbardziej widokowych tras w polskich g\u00f3rach. Po drodze, na Po\u0142oninie Wetli\u0144skiej, znajduje si\u0119 najwy\u017cej po\u0142o\u017cony w Bieszczadach obiekt \u2013 schron \u201eChatka Puchatka\u201d. Ciekawostk\u0105 jest, \u017ce powsta\u0142 on w 1952 roku jako wojskowe obserwatorium przeciwlotnicze. Od 1956 roku pe\u0142ni\u0142 funkcj\u0119 turystyczn\u0105 jako schronisko PTTK, a po gruntownej przebudowie, zako\u0144czonej w 2022 roku, zosta\u0142 udost\u0119pniony jako schron turystyczny Bieszczadzkiego Parku Narodowego.<\/p>\n<p>Dalej G\u0142\u00f3wny Szlak Beskidzki biegnie w kierunku Pasma Magury i Magurskiego Parku Narodowego (O\u015brodek Edukacyjny MPN w Krempnej), mijaj\u0105c po drodze m.in. Jeziora Duszaty\u0144skie na zboczach Chryszczatej \u2013 jedn\u0105 z najwi\u0119kszych osobliwo\u015bci przyrodniczych Bieszczd\u00f3w, Koma\u0144cz\u0119 \u2013 dawn\u0105 wie\u015b \u0142emkowsk\u0105, symbol ekumenizmu z replik\u0105 jednej z unikatowych cerkwi karpackich, kt\u00f3ra sp\u0142on\u0119\u0142a w 2006 roku, uzdrowiska Ryman\u00f3w-Zdr\u00f3j i Iwonicz-Zdr\u00f3j oraz Cergow\u0105 (716 m n.p.m.) z wie\u017c\u0105 widokow\u0105 o oryginalnej konstrukcji, nawi\u0105zuj\u0105cej do historii wydobycia ropy naftowej.<\/p>\n<div id=\"attachment_32819\" style=\"width: 621px\" class=\"wp-caption alignnone\"><img loading=\"lazy\" decoding=\"async\" aria-describedby=\"caption-attachment-32819\" class=\" wp-image-32819\" src=\"https:\/\/turysta2.pttk.pl\/wp-content\/uploads\/2026\/04\/3.-Polonina-Wetlinska-Chatka-300x225.jpg\" alt=\"\" width=\"611\" height=\"458\" srcset=\"https:\/\/turysta2.pttk.pl\/wp-content\/uploads\/2026\/04\/3.-Polonina-Wetlinska-Chatka-300x225.jpg 300w, https:\/\/turysta2.pttk.pl\/wp-content\/uploads\/2026\/04\/3.-Polonina-Wetlinska-Chatka-1024x767.jpg 1024w, https:\/\/turysta2.pttk.pl\/wp-content\/uploads\/2026\/04\/3.-Polonina-Wetlinska-Chatka-768x575.jpg 768w, https:\/\/turysta2.pttk.pl\/wp-content\/uploads\/2026\/04\/3.-Polonina-Wetlinska-Chatka-1536x1150.jpg 1536w, https:\/\/turysta2.pttk.pl\/wp-content\/uploads\/2026\/04\/3.-Polonina-Wetlinska-Chatka-2048x1534.jpg 2048w, https:\/\/turysta2.pttk.pl\/wp-content\/uploads\/2026\/04\/3.-Polonina-Wetlinska-Chatka-200x150.jpg 200w\" sizes=\"auto, (max-width: 611px) 100vw, 611px\" \/><p id=\"caption-attachment-32819\" class=\"wp-caption-text\">Po\u0142onina Wetli\u0144ska i schron \u201eChatka Puchatka\u201d (1228 m n.p.m.) \u2013 najwy\u017cej po\u0142o\u017cony obiekt w Bieszczadzkim Parku Narodowym fot. Micha\u0142 Bosek\/UMWP<\/p><\/div>\n<p><strong>Niebieski Szlak Karpacki z Rzeszowa do Grybowa<br \/>\n<\/strong>G\u0142\u00f3wny Szlak Beskidzki to jeden z dw\u00f3ch tej rangi szlak\u00f3w biegn\u0105cych przez Podkarpackie. Drugim jest Niebieski Szlak Karpacki (Rzesz\u00f3w \u2013 Gryb\u00f3w, wojew\u00f3dztwo ma\u0142opolskie), trzeci co do d\u0142ugo\u015bci szlak pieszy w Polsce (420 km). Prowadzi przez niemal wszystkie podkarpackie krainy, zaczynaj\u0105c od Rzeszowa, przez Dolin\u0119 Sanu i Wis\u0142y, Bieszczady, a ko\u0144cz\u0105c na Beskidzie Niskim. W du\u017cej mierze wiedzie wzd\u0142u\u017c granicy Polski \u2013 z Ukrain\u0105 na wschodzie i ze S\u0142owacj\u0105 na po\u0142udniu, dlatego te\u017c bywa nazywany Szlakiem Granicznym. Co warto podkre\u015bli\u0107, poza odcinkiem bieszczadzkim (gdzie momentami \u0142\u0105czy si\u0119 z G\u0142\u00f3wnym Szlakiem Beskidzkim), to szlak rzadko ucz\u0119szczany, wprost wymarzony dla tych, kt\u00f3rym brakuje ciszy i odrobiny samotno\u015bci. To tak\u017ce szlak o niewielkim stopniu zagospodarowania \u2013 cz\u0119\u015bciej ni\u017c w schroniskach czy agroturystyce, spa\u0107 trzeba pod namiotem. Nierzadko zabraknie nam zasi\u0119gu, a w promieniu kilku kilometr\u00f3w nie b\u0119dzie sklepu. Oznakowanie szlaku w wielu miejscach tak\u017ce pozostawia wiele do \u017cyczenia, cho\u0107 sytuacja z roku na rok si\u0119 poprawia. Ale miejsca, kt\u00f3re mijamy po drodze, s\u0105 warte ka\u017cdego kroku, ka\u017cdego spojrzenia na map\u0119 i ka\u017cdego poszukiwania noclegu.<\/p>\n<p>Trasa Niebieskiego Szlaku Karpackiego przebiega przez Pog\u00f3rze Dynowskie (Rzesz\u00f3w \u2013 Dyn\u00f3w), Pog\u00f3rze Przemyskie (Dyn\u00f3w \u2013 Krasiczyn \u2013 Kalwaria Pac\u0142awska), G\u00f3ry Sanocko-Turcza\u0144skie (Kalwaria Pac\u0142awska \u2013 Jureczkowa), Bieszczady Zachodnie (Jureczkowa \u2013 Nowy \u0141upk\u00f3w) i Beskid Niski (Nowy \u0141upk\u00f3w \u2013 Gryb\u00f3w). A zaczyna si\u0119 w po\u0142udniowej dzielnicy Rzeszowa \u2013 Bia\u0142ej.<\/p>\n<div id=\"attachment_32818\" style=\"width: 623px\" class=\"wp-caption alignnone\"><img loading=\"lazy\" decoding=\"async\" aria-describedby=\"caption-attachment-32818\" class=\" wp-image-32818\" src=\"https:\/\/turysta2.pttk.pl\/wp-content\/uploads\/2026\/04\/SZLAK-KARPACKI-300x252.jpg\" alt=\"\" width=\"613\" height=\"515\" srcset=\"https:\/\/turysta2.pttk.pl\/wp-content\/uploads\/2026\/04\/SZLAK-KARPACKI-300x252.jpg 300w, https:\/\/turysta2.pttk.pl\/wp-content\/uploads\/2026\/04\/SZLAK-KARPACKI-1024x860.jpg 1024w, https:\/\/turysta2.pttk.pl\/wp-content\/uploads\/2026\/04\/SZLAK-KARPACKI-768x645.jpg 768w, https:\/\/turysta2.pttk.pl\/wp-content\/uploads\/2026\/04\/SZLAK-KARPACKI-1536x1290.jpg 1536w, https:\/\/turysta2.pttk.pl\/wp-content\/uploads\/2026\/04\/SZLAK-KARPACKI.jpg 1548w\" sizes=\"auto, (max-width: 613px) 100vw, 613px\" \/><p id=\"caption-attachment-32818\" class=\"wp-caption-text\">Szlak Karpacki \u2013 420 km przez pog\u00f3rza, Bieszczady i Beskid Niski<br \/>\u017ar\u00f3d\u0142o: Przewodnik Piesze w\u0119dr\u00f3wki z serii Podkarpackie. Dobry Kierunek<\/p><\/div>\n<p>Je\u015bli mia\u0142abym wybra\u0107 najwi\u0119ksze atrakcje na trasie, to znalaz\u0142yby si\u0119 w\u015br\u00f3d nich:<\/p>\n<ul>\n<li>Dyn\u00f3w \u2013 pe\u0142ne uroku miasteczko, z Przeworsk\u0105 Kolejk\u0105 W\u0105skotorow\u0105 \u201ePog\u00f3rzanin\u201d, kt\u00f3ra zabierze nas w 46-kilometrow\u0105 podr\u00f3\u017c po Pog\u00f3rzu Dynowskim, tras\u0105 przebiegaj\u0105c\u0105 m.in. przez naj- d\u0142u\u017cszy w Europie, mierz\u0105cy 602 m, tunel kolejki w\u0105skotorowej w Europie,<\/li>\n<li>Pi\u0105tkowa \u2013 z jedn\u0105 z najpi\u0119kniejszych drewnianych cerkwi na Szlaku Architektury Drewnianej Wojew\u00f3dztwa Podkarpackiego \u2013 cerkwi\u0105 pw. \u015bw. Dymitra z 1732 roku,<\/li>\n<li>Krasiczyn \u2013 zachwycaj\u0105cy zespo\u0142em zamkowo-parkowym z prze\u0142omu XVI i XVII wieku, w kt\u00f3rym mo\u017cemy zatrzyma\u0107 si\u0119 na nocleg,<\/li>\n<li>Kalwaria Pac\u0142awska \u2013 okre\u015blana mianem Jasnej G\u00f3ry Podkarpacia,<\/li>\n<li>Ustrzyki Dolne \u2013 r\u00f3wnie\u017c doskona\u0142a baza wypadowa w g\u00f3ry (<em>wi\u0119cej o tym miasteczku na str. 23<\/em>),<\/li>\n<li>Bieszczadzki Park Narodowy i Magurski Park Narodowy \u2013 mozaika kultury i natury, w po\u0142\u0105czeniu z brakiem turystyki masowej.<br \/>\nPTTK ustanowi\u0142o G\u00f3rsk\u0105 Odznak\u0119 Turystyczn\u0105 \u201eSzlaku Niebieskiego Rzesz\u00f3w\u2013Gryb\u00f3w\u201d. Br\u0105zow\u0105 mo\u017cna zdoby\u0107 za przej\u015bcie pierwszych siedmiu odcink\u00f3w szlaku, srebrn\u0105 \u2013 kolejnych siedmiu, a z\u0142ot\u0105 \u2013 po przej\u015bciu ca\u0142ego szlaku.<\/li>\n<\/ul>\n<p><strong>Szlakiem im. \u015bw. Brata Alberta na Roztoczu<br \/>\n<\/strong>Jest jeszcze jedna podkarpacka kraina, o kt\u00f3rej warto pami\u0119ta\u0107, planuj\u0105c piesze w\u0119dr\u00f3wki \u2013 Roztocze. To obszar po\u0142o\u017cony w\u015br\u00f3d rozleg\u0142ych las\u00f3w i niepozornych wzg\u00f3rz, pe\u0142en przyrodniczych osobliwo\u015bci, spokojny, wr\u0119cz sielski. Najlepiej przemierza\u0107 Roztocze pieszo, bo wtedy mamy szans\u0119 pozna\u0107 je naprawd\u0119, poczu\u0107 jego niezwyk\u0142\u0105 atmosfer\u0119 i klimat. To najbardziej dzika i kulturowo odmienna cz\u0119\u015b\u0107 ca\u0142ego regionu. Oferuje wiele tras i szlak\u00f3w, przebiegaj\u0105cych m.in. przez Po\u0142udnioworoztocza\u0144ski Park Krajobrazowy.<\/p>\n<p>Jedn\u0105 z najciekawszych, idealn\u0105 na dwudniow\u0105 wycieczk\u0119, jest szlak im. \u015bw. Brata Alberta. Jest oznaczony kolorem zielonym, ma d\u0142ugo\u015b\u0107 oko\u0142o 43 km i prowadzi z rynku w Narolu do dworca PKP w Hory\u0144cu-Zdroju, przechodz\u0105c przez Wielki Dzia\u0142 (do niedawna uznawany za najwy\u017csze wzniesienie polskiej cz\u0119\u015bci Roztocza \u2013 390 m n.p.m.), Monastyr, Werchrat\u0119, Dziewi\u0119cie\u017c i Nowiny Horynieckie.<\/p>\n<p>W wi\u0119kszo\u015bci wiedzie przez lasy, z dala od osiedli i miejskich aglomeracji. Czasem po drodze zniknie nam jego oznakowanie, warto wi\u0119c pobra\u0107 na telefon plik GPX ze strony internetowej PTTK (https:\/\/podkarpaciepolnocne.szlaki.pttk.pl\/mapa).<br \/>\nW w\u0119dr\u00f3wce przez jaki\u015b czas towarzyszy nam jedna z najs\u0142ynniejszych roztocza\u0144skich rzek \u2013 Tanew, a na wysoko\u015bci Huty-Z\u0142omy i Wielkiego Dzia\u0142u warto lekko zboczy\u0107 z trasy i odwiedzi\u0107 rezerwat \u0179r\u00f3d\u0142a Tanwi. Na nocleg najlepiej wybra\u0107 okolice Werchraty \u2013 pe\u0142nej uroku wsi na kra\u0144cu Roztocza, z malowniczymi ruinami prawos\u0142awnego monasteru na historycznym wzg\u00f3rzu nieistniej\u0105cego ju\u017c dzi\u015b przysi\u00f3\u0142ku wsi Manasterz.<\/p>\n<div id=\"attachment_32820\" style=\"width: 631px\" class=\"wp-caption alignnone\"><img loading=\"lazy\" decoding=\"async\" aria-describedby=\"caption-attachment-32820\" class=\" wp-image-32820\" src=\"https:\/\/turysta2.pttk.pl\/wp-content\/uploads\/2026\/04\/6.-Kamienie-kultu-slonca-w-Nowinach-300x200.jpg\" alt=\"\" width=\"621\" height=\"414\" srcset=\"https:\/\/turysta2.pttk.pl\/wp-content\/uploads\/2026\/04\/6.-Kamienie-kultu-slonca-w-Nowinach-300x200.jpg 300w, https:\/\/turysta2.pttk.pl\/wp-content\/uploads\/2026\/04\/6.-Kamienie-kultu-slonca-w-Nowinach-1024x683.jpg 1024w, https:\/\/turysta2.pttk.pl\/wp-content\/uploads\/2026\/04\/6.-Kamienie-kultu-slonca-w-Nowinach-768x512.jpg 768w, https:\/\/turysta2.pttk.pl\/wp-content\/uploads\/2026\/04\/6.-Kamienie-kultu-slonca-w-Nowinach-1536x1024.jpg 1536w, https:\/\/turysta2.pttk.pl\/wp-content\/uploads\/2026\/04\/6.-Kamienie-kultu-slonca-w-Nowinach-2048x1366.jpg 2048w\" sizes=\"auto, (max-width: 621px) 100vw, 621px\" \/><p id=\"caption-attachment-32820\" class=\"wp-caption-text\">Nowiny Horynieckie. \u201e\u015awi\u0105tynia S\u0142o\u0144ca\u201d \u2013 kamienne kr\u0119gi na Roztoczu, jedno z najbardziej tajemniczych miejsc regionu<br \/>fot. Tadeusz Po\u017aniak<\/p><\/div>\n<p>W\u015br\u00f3d atrakcji na trasie warto wymieni\u0107 r\u00f3wnie\u017c Nowiny Horynieckie ze \u015awi\u0105tyni\u0105 S\u0142o\u0144ca (tajemnicze kamienne kr\u0119gi na wzg\u00f3rzu Buczyna) i le\u015bnym sanktuarium maryjnym po\u0142o\u017conym w urokliwym w\u0105wozie. Na trasie napotkamy tak\u017ce pozosta\u0142o\u015bci Linii Mo\u0142otowa \u2013 tajemnicze schrony z czas\u00f3w II wojny \u015bwiatowej, rozsiane w\u015br\u00f3d las\u00f3w i wzg\u00f3rz, m.in. w okolicach Narola i Hory\u0144ca-Zdroju. Horyniec-Zdr\u00f3j stanowi ukoronowanie w\u0119dr\u00f3wki. Ju\u017c w XVII wieku w tym znanym uzdrowisku leczniczych k\u0105pieli za\u017cywa\u0142 kr\u00f3l Jan III Sobieski. To w\u0142a\u015bnie z jego postaci\u0105 zwi\u0105zany jest d\u0142ugodystansowy Szlak Jana III Sobieskiego, licz\u0105cy \u0142\u0105cznie 300 km (w podziale na 11 odcink\u00f3w) i prowadz\u0105cy przez 70 podkarpackich miejscowo\u015bci, w tym m.in. Werchrat\u0119, Nowiny Horynieckie i Horyniec-Zdr\u00f3j.<\/p>\n<p>Je\u015bli lubicie piesze w\u0119dr\u00f3wki, to Podkarpackie zapewni wiele mo\u017cliwo\u015bci. Pami\u0119tajcie zawsze o dobrym planie, odpowiednim ubraniu, mapie i kompasie. Niewiele jest ju\u017c takich miejsc w Polsce, ale tu \u2013 czy to w Bieszczadach, czy w Beskidzie Niskim, a mo\u017ce gdzie\u015b w dolinie Sanu albo na Roztoczu \u2013 b\u0119dziecie tylko Wy i otaczaj\u0105cy Was, pe\u0142en spokoju i d\u017awi\u0119k\u00f3w natury, krajobraz.<\/p>\n<p>Tekst<strong><em> Magdalena Budkiewicz-Suchecka<br \/>\n<\/em><\/strong>Autorka przewodnik\u00f3w turystycznych, od wielu lat zwi\u0105zana z wydawnictwem Euro Pilot, wcze\u015bniej wieloletni dyrektor w Polskiej Agencji Rozwoju Turystyki S.A. i Polskiej Organizacji Turystycznej. Prywatnie mi\u0142o\u015bniczka podr\u00f3\u017cowania po Polsce, turystyczna patriotka.<\/p>\n<p>&nbsp;<\/p>\n<p>&nbsp;<\/p>\n<p>&nbsp;<\/p>\n<p>&nbsp;<\/p>\n","protected":false},"excerpt":{"rendered":"W Parku Gwiezdnego Nieba mo\u017cna dostrzec nawet 6\u20137 tysi\u0119cy gwiazd \u2013 to jedno z najciemniejszych miejsc w Europie\u00a0 fot. Micha\u0142 Bosek\/UMWP Jest taki region w Polsce, kt\u00f3ry \u2013 mo\u017cna by rzec \u2013 powsta\u0142 z my\u015bl\u0105 o piechurach. To Podkarpackie. Setki kilometr\u00f3w szlak\u00f3w prowadz\u0105 tu przez niezwyk\u0142\u0105 przyrod\u0119 i architektur\u0119, sprzyjaj\u0105c kr\u00f3tko \u2013 i d\u0142ugodystansowym w\u0119dr\u00f3wkom. Daj\u0105 mo\u017cliwo\u015b\u0107 oddechu od codzienno\u015bci&nbsp;<a href=\"https:\/\/turysta2.pttk.pl\/?p=32815\" class=\"read-more\">Continue Reading<\/a>","protected":false},"author":13,"featured_media":32816,"comment_status":"closed","ping_status":"closed","sticky":false,"template":"","format":"standard","meta":{"footnotes":""},"categories":[5,11],"tags":[],"class_list":["post-32815","post","type-post","status-publish","format-standard","has-post-thumbnail","hentry","category-a-to-polska-wlasnie","category-turysta-poleca","cat-5-id","cat-11-id"],"aioseo_notices":[],"_links":{"self":[{"href":"https:\/\/turysta2.pttk.pl\/index.php?rest_route=\/wp\/v2\/posts\/32815","targetHints":{"allow":["GET"]}}],"collection":[{"href":"https:\/\/turysta2.pttk.pl\/index.php?rest_route=\/wp\/v2\/posts"}],"about":[{"href":"https:\/\/turysta2.pttk.pl\/index.php?rest_route=\/wp\/v2\/types\/post"}],"author":[{"embeddable":true,"href":"https:\/\/turysta2.pttk.pl\/index.php?rest_route=\/wp\/v2\/users\/13"}],"replies":[{"embeddable":true,"href":"https:\/\/turysta2.pttk.pl\/index.php?rest_route=%2Fwp%2Fv2%2Fcomments&post=32815"}],"version-history":[{"count":3,"href":"https:\/\/turysta2.pttk.pl\/index.php?rest_route=\/wp\/v2\/posts\/32815\/revisions"}],"predecessor-version":[{"id":32823,"href":"https:\/\/turysta2.pttk.pl\/index.php?rest_route=\/wp\/v2\/posts\/32815\/revisions\/32823"}],"wp:featuredmedia":[{"embeddable":true,"href":"https:\/\/turysta2.pttk.pl\/index.php?rest_route=\/wp\/v2\/media\/32816"}],"wp:attachment":[{"href":"https:\/\/turysta2.pttk.pl\/index.php?rest_route=%2Fwp%2Fv2%2Fmedia&parent=32815"}],"wp:term":[{"taxonomy":"category","embeddable":true,"href":"https:\/\/turysta2.pttk.pl\/index.php?rest_route=%2Fwp%2Fv2%2Fcategories&post=32815"},{"taxonomy":"post_tag","embeddable":true,"href":"https:\/\/turysta2.pttk.pl\/index.php?rest_route=%2Fwp%2Fv2%2Ftags&post=32815"}],"curies":[{"name":"wp","href":"https:\/\/api.w.org\/{rel}","templated":true}]}}