{"id":32805,"date":"2026-04-27T14:08:23","date_gmt":"2026-04-27T12:08:23","guid":{"rendered":"https:\/\/turysta2.pttk.pl\/?p=32805"},"modified":"2026-04-27T14:08:23","modified_gmt":"2026-04-27T12:08:23","slug":"architektura-gdyni-nie-tylko-modernizm","status":"publish","type":"post","link":"https:\/\/turysta2.pttk.pl\/?p=32805","title":{"rendered":"Architektura Gdyni \u2013 nie tylko modernizm"},"content":{"rendered":"<p>Bankowiec \u2013 najwi\u0119kszy budynek mieszkalny przedwojennej Gdyni, zaprojektowany przez Stanis\u0142awa Zio\u0142owskiego fot. Mateusz Leman<\/p>\n<p><strong>Gdy\u0144ska architektura nie ogranicza si\u0119 do obiekt\u00f3w modernistycznych. Mo\u017cna odnale\u017a\u0107 tu r\u00f3wnie\u017c \u015blady wcze\u015bniejszych i p\u00f3\u017aniejszych etap\u00f3w rozwoju: od skromnej zabudowy wiejskiej, przez architektur\u0119 letniskow\u0105, a\u017c po powojenne realizacje. <\/strong><\/p>\n<p>Najbardziej czytelnym \u015bladem wiejskiego etapu rozwoju Gdyni jest ul. Starowiejska, nazywana dawniej Wiejsk\u0105. Do dzi\u015b zachowa\u0142y si\u0119 tu nieliczne domy, kt\u00f3re pozwalaj\u0105 wyobrazi\u0107 sobie charakter dawnej zabudowy. Jednym z nich jest dom Franciszka Schroedera (ul. Starowiejska 10A) \u2013 parterowy budynek z wysokim dachem, wzniesiony w 1914 roku.<br \/>\nKolejny to tzw. Domek Abrahama przy ul. Staro- wiejskiej 30, zbudowany w 1904 roku, z frontem ustawionym sko\u015bnie wzgl\u0119dem dzisiejszej ulicy, co przypomina o jej oryginalnym przebiegu. Domek zawdzi\u0119cza swoj\u0105 nazw\u0119 Antoniemu Abrahamowi \u2013 znanemu dzia\u0142aczowi kaszubskiemu, kt\u00f3ry sp\u0119dzi\u0142 tu ostatnie lata \u017cycia (1920\u20131923). Dzi\u015b ten niewielki ceglany budynek, mieszcz\u0105cy obecnie jedn\u0105 z najlepszych w mie\u015bcie restauracji, jest wa\u017cnym punktem na mapie Gdyni: \u0142\u0105czy histori\u0119 miasta z losami ludzi, kt\u00f3rzy mieli wp\u0142yw na jego to\u017csamo\u015b\u0107.<\/p>\n<div id=\"attachment_32803\" style=\"width: 531px\" class=\"wp-caption alignnone\"><img loading=\"lazy\" decoding=\"async\" aria-describedby=\"caption-attachment-32803\" class=\" wp-image-32803\" src=\"https:\/\/turysta2.pttk.pl\/wp-content\/uploads\/2026\/04\/2.-Domek_Abrahama_front_Bartlomiej-300x200.jpg\" alt=\"\" width=\"521\" height=\"347\" srcset=\"https:\/\/turysta2.pttk.pl\/wp-content\/uploads\/2026\/04\/2.-Domek_Abrahama_front_Bartlomiej-300x200.jpg 300w, https:\/\/turysta2.pttk.pl\/wp-content\/uploads\/2026\/04\/2.-Domek_Abrahama_front_Bartlomiej-1024x684.jpg 1024w, https:\/\/turysta2.pttk.pl\/wp-content\/uploads\/2026\/04\/2.-Domek_Abrahama_front_Bartlomiej-768x513.jpg 768w, https:\/\/turysta2.pttk.pl\/wp-content\/uploads\/2026\/04\/2.-Domek_Abrahama_front_Bartlomiej-1536x1025.jpg 1536w, https:\/\/turysta2.pttk.pl\/wp-content\/uploads\/2026\/04\/2.-Domek_Abrahama_front_Bartlomiej-2048x1367.jpg 2048w\" sizes=\"auto, (max-width: 521px) 100vw, 521px\" \/><p id=\"caption-attachment-32803\" class=\"wp-caption-text\">Domek Abrahama z 1904 roku, zwi\u0105zany z kaszubskim dzia\u0142aczem Antonim Abrahamem.<br \/>Dzi\u015b mie\u015bci restauracj\u0119, a jego bry\u0142a przypomina dawne czasy Gdyni fot. Bart\u0142omiej Ponikiewski\/Biuro Miejskiego Konserwatora Zabytk\u00f3w w Gdyni<\/p><\/div>\n<p><strong>\u015alady rybackiej przesz\u0142o\u015bci<br \/>\n<\/strong>Innym przyk\u0142adem wcze\u015bniejszej zabudowy Gdyni jest zachowana w centrum miasta, przy ul. Waszyngtona 28\u201330, dawna kolonia rybacka. To wzniesiony w latach 20. XX wieku dwukondygnacyjny budynek mieszkalny zaprojektowany z my\u015bl\u0105 o rodzinach kaszubskich rybak\u00f3w. W pobli\u017cu mo\u017cna zobaczy\u0107 troch\u0119 wcze\u015bniejsz\u0105, bo pochodz\u0105c\u0105 z pocz\u0105tku XX wieku, zabudow\u0119 mieszkaniow\u0105 zwi\u0105zan\u0105 z lokaln\u0105 spo\u0142eczno\u015bci\u0105 ryback\u0105 \u2013 domy przy ul. S. \u017beromskiego. Wzniesiono je w bliskim s\u0105siedztwie brzegu morskiego, nieopodal dzisiejszego Placu Kaszubskiego, czyli miejsca, w kt\u00f3rym dawniej suszono sieci rybackie po po\u0142owach. Warto wspomnie\u0107 jeszcze o zlokalizowanej przy Placu Kaszubskim 7B rybackiej chacie Jana Losta. Mo\u017cna do niej dotrze\u0107 m.in. przej\u015bciem w przyziemiu kamienicy Moderna z 2011 roku.<br \/>\nTa rybacka <em>ch\u00ebcz <\/em>( <em>po kaszubsku: dom, cha\u0142upa \u2013 przyp. red.<\/em>) zosta\u0142a wybudowana oko\u0142o 1890 roku przez rodzin\u0119 Skotzke. Od 1999 roku dzia\u0142a tu Cafe Strych \u2013 przytulna kawiarnia, do kt\u00f3rej warto zajrze\u0107 podczas spaceru po tej cz\u0119\u015bci miasta. Pocz\u0105tkowo lokal zajmowa\u0142 jedynie fragment budynku, jednak od 2005 roku udost\u0119pniony jest ca\u0142y obiekt, z zachowanymi oryginalnymi fundamentami oraz konstrukcj\u0105 \u015bcian i strop\u00f3w. Wn\u0119trze, urz\u0105dzone z dba\u0142o\u015bci\u0105 o detale i wyposa\u017cone w autentyczne zabytkowe przedmioty, pozwala poczu\u0107 klimat dawnej osady rybackiej. Niedawna rewitalizacja sprawi\u0142a, \u017ce miejsce to stanowi atrakcyjny i \u017cywy \u015blad rybackiej przesz\u0142o\u015bci Gdyni.<\/p>\n<div id=\"attachment_32799\" style=\"width: 402px\" class=\"wp-caption alignnone\"><img loading=\"lazy\" decoding=\"async\" aria-describedby=\"caption-attachment-32799\" class=\" wp-image-32799\" src=\"https:\/\/turysta2.pttk.pl\/wp-content\/uploads\/2026\/04\/4.-Cafe-Strych-zewnatrz-fot.-materialy-Cafe-Strych-300x200.jpg\" alt=\"\" width=\"392\" height=\"261\" srcset=\"https:\/\/turysta2.pttk.pl\/wp-content\/uploads\/2026\/04\/4.-Cafe-Strych-zewnatrz-fot.-materialy-Cafe-Strych-300x200.jpg 300w, https:\/\/turysta2.pttk.pl\/wp-content\/uploads\/2026\/04\/4.-Cafe-Strych-zewnatrz-fot.-materialy-Cafe-Strych-1024x683.jpg 1024w, https:\/\/turysta2.pttk.pl\/wp-content\/uploads\/2026\/04\/4.-Cafe-Strych-zewnatrz-fot.-materialy-Cafe-Strych-768x512.jpg 768w, https:\/\/turysta2.pttk.pl\/wp-content\/uploads\/2026\/04\/4.-Cafe-Strych-zewnatrz-fot.-materialy-Cafe-Strych-1536x1024.jpg 1536w, https:\/\/turysta2.pttk.pl\/wp-content\/uploads\/2026\/04\/4.-Cafe-Strych-zewnatrz-fot.-materialy-Cafe-Strych.jpg 2048w\" sizes=\"auto, (max-width: 392px) 100vw, 392px\" \/><p id=\"caption-attachment-32799\" class=\"wp-caption-text\">Cafe Strych w dawnej kolonii rybackiej z ko\u0144ca XIX wieku fot. materia\u0142y Cafe Strych<\/p><\/div>\n<div id=\"attachment_32800\" style=\"width: 399px\" class=\"wp-caption alignnone\"><img loading=\"lazy\" decoding=\"async\" aria-describedby=\"caption-attachment-32800\" class=\" wp-image-32800\" src=\"https:\/\/turysta2.pttk.pl\/wp-content\/uploads\/2026\/04\/4.-Cafe-Strych-wnetrze-fot.-materialy-Cafe-Strych-300x200.jpg\" alt=\"\" width=\"389\" height=\"259\" srcset=\"https:\/\/turysta2.pttk.pl\/wp-content\/uploads\/2026\/04\/4.-Cafe-Strych-wnetrze-fot.-materialy-Cafe-Strych-300x200.jpg 300w, https:\/\/turysta2.pttk.pl\/wp-content\/uploads\/2026\/04\/4.-Cafe-Strych-wnetrze-fot.-materialy-Cafe-Strych-1024x683.jpg 1024w, https:\/\/turysta2.pttk.pl\/wp-content\/uploads\/2026\/04\/4.-Cafe-Strych-wnetrze-fot.-materialy-Cafe-Strych-768x512.jpg 768w, https:\/\/turysta2.pttk.pl\/wp-content\/uploads\/2026\/04\/4.-Cafe-Strych-wnetrze-fot.-materialy-Cafe-Strych-1536x1024.jpg 1536w, https:\/\/turysta2.pttk.pl\/wp-content\/uploads\/2026\/04\/4.-Cafe-Strych-wnetrze-fot.-materialy-Cafe-Strych.jpg 2048w\" sizes=\"auto, (max-width: 389px) 100vw, 389px\" \/><p id=\"caption-attachment-32800\" class=\"wp-caption-text\">Wn\u0119trze zachowuje oryginalne detale i atmosfer\u0119 dawnych czas\u00f3w fot. materia\u0142y Cafe Strych<\/p><\/div>\n<p><strong>Letniskowe wille i pensjonaty<br \/>\n<\/strong>Interesuj\u0105cym \u015bwiadectwem wcze\u015bniejszych dziej\u00f3w miasta pozostaje tak\u017ce architektura letniskowa Gdyni. Wzd\u0142u\u017c ul. 10 Lutego, dawnej ul. Kuracyjnej, zachowa\u0142y si\u0119 obiekty przypominaj\u0105ce o kurortowym etapie rozwoju Gdyni. Jednym z nich jest s\u0105siaduj\u0105ca z CH \u201eBatory\u201d willa Ottona M\u00fcllera (ul. 10 Lutego 9), wzniesiona w 1925 roku, kt\u00f3ra jednak stosunkowo kr\u00f3tko pe\u0142ni\u0142a funkcje letniskowe.<br \/>\nPo przeciwnej stronie ulicy, pod numerem 6, znajduje si\u0119 willa Lucia, wybudowana w 1914 roku przez rodzin\u0119 Narzy\u0144skich i przebudowana w latach 30.<br \/>\nXX wieku, w kt\u00f3rej nadal funkcjonuje pensjonat \u201eJulia\u201d. Przy skrzy\u017cowaniu dzisiejszej ul. 10 Lutego i ul. \u015awi\u0119toja\u0144skiej Jan Radtke, p\u00f3\u017aniejszy so\u0142tys, w\u00f3jt i radny Gdyni, wzni\u00f3s\u0142 dom mieszkalny z pokojami go\u015bcinnymi dla letnik\u00f3w (ul. 10 Lutego 2).<br \/>\nBudynek z 1912 roku, utrzymany w stylu szwajcarskim, wyr\u00f3\u017cnia si\u0119 naro\u017cn\u0105 wie\u017cyczk\u0105 oraz drewnianym wykuszem; mieszka\u0142 tu m.in. budowniczy gdy\u0144skiego portu, in\u017c. Tadeusz Wenda (1863\u20131948).<br \/>\nTu\u017c obok (ul. 10 Lutego 4) siostry Radtkego \u2013 Jadwiga i Waleska \u2013 prowadzi\u0142y kolejny pensjonat we wzniesionym w 1924 roku budynku. Naprzeciwko domu w\u00f3jta Radtkego znajdowa\u0142 si\u0119 nieistniej\u0105cy dzi\u015b pensjonat Plicht\u00f3w, w kt\u00f3rym w 1921 roku zatrzyma\u0142 si\u0119 Stefan \u017beromski. Przyk\u0142ady architektury letniskowej odnale\u017a\u0107 mo\u017cna tak\u017ce na Kamiennej G\u00f3rze i w Or\u0142owie, gdzie od ko\u0144ca XIX wieku powstawa\u0142y wille i pensjonaty, \u0142\u0105cz\u0105ce funkcje wypoczynkowe z reprezentacyjn\u0105 form\u0105.<\/p>\n<div id=\"attachment_32804\" style=\"width: 597px\" class=\"wp-caption alignnone\"><img loading=\"lazy\" decoding=\"async\" aria-describedby=\"caption-attachment-32804\" class=\" wp-image-32804\" src=\"https:\/\/turysta2.pttk.pl\/wp-content\/uploads\/2026\/04\/3.-Ulica_Starowiejska_Andrzej_Busler_czec.pl_-300x225.jpg\" alt=\"\" width=\"587\" height=\"440\" srcset=\"https:\/\/turysta2.pttk.pl\/wp-content\/uploads\/2026\/04\/3.-Ulica_Starowiejska_Andrzej_Busler_czec.pl_-300x225.jpg 300w, https:\/\/turysta2.pttk.pl\/wp-content\/uploads\/2026\/04\/3.-Ulica_Starowiejska_Andrzej_Busler_czec.pl_-1024x768.jpg 1024w, https:\/\/turysta2.pttk.pl\/wp-content\/uploads\/2026\/04\/3.-Ulica_Starowiejska_Andrzej_Busler_czec.pl_-768x576.jpg 768w, https:\/\/turysta2.pttk.pl\/wp-content\/uploads\/2026\/04\/3.-Ulica_Starowiejska_Andrzej_Busler_czec.pl_-1536x1152.jpg 1536w, https:\/\/turysta2.pttk.pl\/wp-content\/uploads\/2026\/04\/3.-Ulica_Starowiejska_Andrzej_Busler_czec.pl_-2048x1536.jpg 2048w, https:\/\/turysta2.pttk.pl\/wp-content\/uploads\/2026\/04\/3.-Ulica_Starowiejska_Andrzej_Busler_czec.pl_-200x150.jpg 200w\" sizes=\"auto, (max-width: 587px) 100vw, 587px\" \/><p id=\"caption-attachment-32804\" class=\"wp-caption-text\">Ulica Starowiejska \u2013 najstarsza ulica miasta, wci\u0105\u017c zachowuj\u0105ca \u015blady dawnej zabudowy fot. Andrzej Busler\/www.czec.pl<\/p><\/div>\n<p><strong>\u015awiadectwo marze\u0144 o nowoczesnej Polsce<br \/>\n<\/strong>Historia Gdyni przybra\u0142a zawrotne tempo w latach 20. i 30. XX wieku: spokojna wie\u015b przerodzi\u0142a si\u0119 w t\u0119tni\u0105ce \u017cyciem letnisko, a nast\u0119pnie przeobrazi\u0142a si\u0119 w dynamicznie rozwijaj\u0105ce si\u0119 miasto portowe, stworzone od podstaw. Decyzja o budowie portu by\u0142a jednym z najwa\u017cniejszych moment\u00f3w w dziejach miasta. Wraz z portem zacz\u0119\u0142o powstawa\u0107 modernistyczne \u015br\u00f3dmie\u015bcie \u2013 materialne \u015bwiadectwo marze\u0144 o nowoczesnej Polsce: funkcjonalnej, otwartej na \u015bwiat i odwa\u017cnie patrz\u0105cej w przysz\u0142o\u015b\u0107.<br \/>\nBudowa miasta by\u0142a przedsi\u0119wzi\u0119ciem \u015bmia\u0142ym i pe\u0142nym wizji. Gdyni\u0119 projektowano jako miasto przysz\u0142o\u015bci \u2013 nowoczesne, dobrze zaplanowane i przyjazne mieszka\u0144com. Modernistyczne kamienice, gmachy u\u017cyteczno\u015bci publicznej i czytelny uk\u0142ad urbanistyczny pokazuj\u0105, jak harmonijnie mo\u017cna po\u0142\u0105czy\u0107 prostot\u0119 formy, funkcjonalno\u015b\u0107 i estetyk\u0119. R\u00f3\u017cnorodno\u015b\u0107 architektoniczna \u015br\u00f3dmie\u015bcia pozwala odkrywa\u0107 nowe detale i historie.<br \/>\nDocenienie tej warto\u015bci znalaz\u0142o ju\u017c odzwierciedlenie w decyzjach konserwatorskich o wpisaniu Zespo\u0142u \u015ar\u00f3dmie\u015bcia do rejestru zabytk\u00f3w w 2007 roku oraz uznaniu Modernistycznego Uk\u0142adu \u015ar\u00f3dmie\u015bcia za Pomnik Historii w 2015 roku. Wpis na List\u0119 \u015awiatowego Dziedzictwa UNESCO by\u0142by kolejnym krokiem \u2013 uhonorowaniem unikatowego charakteru Gdyni oraz wszystkich tych, kt\u00f3rzy stworzyli miasto \u2013 symbol nowoczesno\u015bci nad Ba\u0142tykiem.<\/p>\n<p>Tekst <strong><em>Joanna Leman<br \/>\n<\/em><\/strong>Przewodnik turystyczny i Instruktor Krajoznawstwa Polski PTTK, cz\u0142onek GKR PTTK, cz\u0142onek Oddzia\u0142u PTTK Marynarki Wojennej.<\/p>\n<p>&nbsp;<\/p>\n<p><strong>Gdy\u0144ski rok kultury, sportu i morskich do\u015bwiadcze\u0144<br \/>\n<\/strong>Obchody stulecia nadania Gdyni praw miejskich rozpisano na ca\u0142y 2026 rok. Ich kulminacja \u2013 10 lutego \u2013 mia\u0142a podnios\u0142y i widowiskowy charakter.<br \/>\nUroczysto\u015bci rozpocz\u0119\u0142y si\u0119 apelem z udzia\u0142em Wojskowej Asysty Honorowej na Nabrze\u017cu Pomorskim, przy historycznym okr\u0119cie ORP \u201eB\u0142yskawica\u201d. Wieczorem mieszka\u0144cy i tury\u015bci t\u0142umnie zgromadzili si\u0119 na ulicy 10 Lutego, gdzie odby\u0142o si\u0119 wielkoformatowe widowisko artystyczno-teatralne \u201eGDYNIA STO*RY\u201d.<br \/>\nProjekcje multimedialne ozdobi\u0142y elewacje budynk\u00f3w, tworz\u0105c niezwyk\u0142\u0105 opraw\u0119 wizualn\u0105. \u015awi\u0119towanie zwie\u0144czy\u0142 koncert na Skwerze Ko\u015bciuszki. Repertuar nawi\u0105zywa\u0142 do morskiego charakteru miasta, jego filmowej tradycji oraz wyj\u0105tkowego klimatu.<\/p>\n<p><strong>Przedstawiamy wybrane propozycje z bogatej oferty wydarze\u0144 przygotowanych dla mieszka\u0144c\u00f3w i turyst\u00f3w:<\/strong><\/p>\n<ul>\n<li>Gdy\u0144skie uczelnie wraz z samorz\u0105dem zaprasza- j\u0105 na<strong> cykl otwartych wyk\u0142ad\u00f3w<\/strong> po\u015bwi\u0119conych historii, kulturze, bezpiecze\u0144stwu i wyzwaniom kolejnych dekad. Spotkania b\u0119d\u0105 si\u0119 odbywa\u0142y co czwartek o godzinie 18.00.<\/li>\n<\/ul>\n<ul>\n<li><strong>Gdynia Sailing Days<\/strong> \u2013 najwi\u0119kszy festiwal \u017ceglarski w Polsce \u2013 odb\u0119dzie si\u0119 w dniach 20 czerwca - \u2013 31 lipca. Przewidziano 41 dni zmaga\u0144 na wodzie oraz atrakcje dla mieszka\u0144c\u00f3w i turyst\u00f3w na l\u0105dzie: warsztaty, wystawy, strefy edukacyjne, pokazy sprz\u0119tu, strefy interaktywne.<\/li>\n<li><strong>100 m\u0142odych gdynian<\/strong> wyruszy w rejsy szkoleniowe na pok\u0142adach \u201eDaru M\u0142odzie\u017cy\u201d, \u201ePogorii\u201d i \u201eZawiszy Czarnego\u201d, podtrzymuj\u0105c morsk\u0105 tradycj\u0119 miasta.<\/li>\n<li>11 lipca odb\u0119dzie si\u0119 <strong>\u015awiatowy Zjazd Kaszub\u00f3w<\/strong> z udzia\u0142em kilkunastu tysi\u0119cy os\u00f3b. Zaplanowano wiele atrakcji, m.in. koncert z udzia\u0142em Natalii Szroeder, wokalistki maj\u0105cej kaszubskie korzenie.<\/li>\n<li>22 sierpnia Aleja Marsza\u0142ka Pi\u0142sudskiego zamieni si\u0119 w <strong>kilometrowy urodzinowy st\u00f3\u0142<\/strong> \u2013 symbol wsp\u00f3lnoty budowanej od stu lat. W Parku Centralnym b\u0119d\u0105 w tym czasie wy\u015bwietlane filmy o Gdyni. Wyznaczone zostan\u0105 tak\u017ce strefy taneczne i muzyczne.<\/li>\n<li>Jedn\u0105 z sierpniowych nocy niebo nad miastem roz\u015bwietli <strong>pokaz ponad 1000 dron\u00f3w<\/strong>. To widowisko miasto przygotowuje wraz z gda\u0144skim portem lotniczym.<\/li>\n<li>W ods\u0142onie jubileuszowej odb\u0119d\u0105 si\u0119 tak\u017ce <strong>sta\u0142e wydarzenia gdy\u0144skiego kalendarza<\/strong>, m.in.<\/li>\n<\/ul>\n<p>Open\u2019er Festival, Energa Ladies\u2019 Jazz, Festiwal Polskich Film\u00f3w Fabularnych, Og\u00f3lnopolskie Spotkania Podr\u00f3\u017cnik\u00f3w, \u017beglarzy i Alpinist\u00f3w, Globaltica \u2013 Festiwal Kultur \u015awiata, Gdynia Design Days oraz imprezy sportowe: Ironman, Bieg Urodzinowy Gdyni i PKO P\u00f3\u0142maraton.<\/p>\n<p>Szczeg\u00f3\u0142owy kalendarz jubileuszowych imprez jest dost\u0119pny pod adresem:<a href=\"http:\/\/100.gdynia.pl\"><em> 100.gdynia.pl<\/em><\/a><\/p>\n<p><em>\u0179r\u00f3d\u0142o: https:\/\/nadmorski24.pl\/, 100.gdynia.pl<\/em><\/p>\n<div id=\"attachment_32801\" style=\"width: 601px\" class=\"wp-caption alignnone\"><img loading=\"lazy\" decoding=\"async\" aria-describedby=\"caption-attachment-32801\" class=\" wp-image-32801\" src=\"https:\/\/turysta2.pttk.pl\/wp-content\/uploads\/2026\/04\/Urodzinowy_koncert2_Mateusz_Leman-300x200.jpg\" alt=\"\" width=\"591\" height=\"394\" srcset=\"https:\/\/turysta2.pttk.pl\/wp-content\/uploads\/2026\/04\/Urodzinowy_koncert2_Mateusz_Leman-300x200.jpg 300w, https:\/\/turysta2.pttk.pl\/wp-content\/uploads\/2026\/04\/Urodzinowy_koncert2_Mateusz_Leman-1024x683.jpg 1024w, https:\/\/turysta2.pttk.pl\/wp-content\/uploads\/2026\/04\/Urodzinowy_koncert2_Mateusz_Leman-768x512.jpg 768w, https:\/\/turysta2.pttk.pl\/wp-content\/uploads\/2026\/04\/Urodzinowy_koncert2_Mateusz_Leman-1536x1024.jpg 1536w, https:\/\/turysta2.pttk.pl\/wp-content\/uploads\/2026\/04\/Urodzinowy_koncert2_Mateusz_Leman-2048x1365.jpg 2048w\" sizes=\"auto, (max-width: 591px) 100vw, 591px\" \/><p id=\"caption-attachment-32801\" class=\"wp-caption-text\">Koncert gwiazd na Skwerze Ko\u015bciuszki \u2013 10 lutego 2026 roku fot. Mateusz Leman<\/p><\/div>\n<p><strong>Gdynia na li\u015bcie UNESCO?<\/strong><br \/>\nW 2023 roku Rzeczpospolita Polska z\u0142o\u017cy\u0142a wniosek o wpisanie modernistycznego centrum Gdyni na List\u0119 \u015awiatowego Dziedzictwa UNESCO. Eksperci ICOMOS (ang. International Council on Monuments and Sites) \u2013 Mi\u0119dzynarodowej Rady Ochrony Zabytk\u00f3w i Miejsc Historycznych, pozarz\u0105dowej organizacji wsp\u00f3\u0142pracu- j\u0105cej z UNESCO \u2013 przygotowali raport zawieraj\u0105cy dodatkowe zalecenia. Jednocze\u015bnie ocenili kandydatur\u0119 pozytywnie, co przybli\u017ca miasto do tego presti\u017cowego wyr\u00f3\u017cnienia. Wpis na list\u0119 UNESCO by\u0142by potwier- dzeniem wyj\u0105tkowej warto\u015bci modernistycznej architektury Gdyni. Decyzja ma zapa\u015b\u0107 w lipcu 2026 roku w Busan (Korea Po\u0142udniowa), podczas 48. sesji Komitetu \u015awiatowego Dziedzictwa UNESCO.<br \/>\n<em>\u0179r\u00f3d\u0142o: www.gdynia.pl<\/em><\/p>\n<div id=\"attachment_32802\" style=\"width: 613px\" class=\"wp-caption alignnone\"><img loading=\"lazy\" decoding=\"async\" aria-describedby=\"caption-attachment-32802\" class=\" wp-image-32802\" src=\"https:\/\/turysta2.pttk.pl\/wp-content\/uploads\/2026\/04\/Fot.-Pawel-Piotrowski-Konkurs-w-Obiektywie-300x200.jpg\" alt=\"\" width=\"603\" height=\"402\" srcset=\"https:\/\/turysta2.pttk.pl\/wp-content\/uploads\/2026\/04\/Fot.-Pawel-Piotrowski-Konkurs-w-Obiektywie-300x200.jpg 300w, https:\/\/turysta2.pttk.pl\/wp-content\/uploads\/2026\/04\/Fot.-Pawel-Piotrowski-Konkurs-w-Obiektywie-1024x683.jpg 1024w, https:\/\/turysta2.pttk.pl\/wp-content\/uploads\/2026\/04\/Fot.-Pawel-Piotrowski-Konkurs-w-Obiektywie-768x512.jpg 768w, https:\/\/turysta2.pttk.pl\/wp-content\/uploads\/2026\/04\/Fot.-Pawel-Piotrowski-Konkurs-w-Obiektywie-1536x1024.jpg 1536w, https:\/\/turysta2.pttk.pl\/wp-content\/uploads\/2026\/04\/Fot.-Pawel-Piotrowski-Konkurs-w-Obiektywie-2048x1365.jpg 2048w\" sizes=\"auto, (max-width: 603px) 100vw, 603px\" \/><p id=\"caption-attachment-32802\" class=\"wp-caption-text\">Kamienic\u0119 Stanis\u0142awa Pr\u0119czkowskiego przy ul. Skwer Ko\u015bciuszki 10\/12, zbudowan\u0105 w latach 1930\u20131937, zaprojektowa\u0142 Tadeusz Juliusz J\u0119drzejewski fot. Pawe\u0142 Piotrowski\/ konkurs Gdy\u0144ski Modernizm w Obiektywie 2025<\/p><\/div>\n","protected":false},"excerpt":{"rendered":"Bankowiec \u2013 najwi\u0119kszy budynek mieszkalny przedwojennej Gdyni, zaprojektowany przez Stanis\u0142awa Zio\u0142owskiego fot. Mateusz Leman Gdy\u0144ska architektura nie ogranicza si\u0119 do obiekt\u00f3w modernistycznych. Mo\u017cna odnale\u017a\u0107 tu r\u00f3wnie\u017c \u015blady wcze\u015bniejszych i p\u00f3\u017aniejszych etap\u00f3w rozwoju: od skromnej zabudowy wiejskiej, przez architektur\u0119 letniskow\u0105, a\u017c po powojenne realizacje. Najbardziej czytelnym \u015bladem wiejskiego etapu rozwoju Gdyni jest ul. Starowiejska, nazywana dawniej Wiejsk\u0105. Do dzi\u015b zachowa\u0142y si\u0119&nbsp;<a href=\"https:\/\/turysta2.pttk.pl\/?p=32805\" class=\"read-more\">Continue Reading<\/a>","protected":false},"author":13,"featured_media":32808,"comment_status":"closed","ping_status":"closed","sticky":false,"template":"","format":"standard","meta":{"footnotes":""},"categories":[92,5],"tags":[],"class_list":["post-32805","post","type-post","status-publish","format-standard","has-post-thumbnail","hentry","category-polecamy","category-a-to-polska-wlasnie","cat-92-id","cat-5-id"],"aioseo_notices":[],"_links":{"self":[{"href":"https:\/\/turysta2.pttk.pl\/index.php?rest_route=\/wp\/v2\/posts\/32805","targetHints":{"allow":["GET"]}}],"collection":[{"href":"https:\/\/turysta2.pttk.pl\/index.php?rest_route=\/wp\/v2\/posts"}],"about":[{"href":"https:\/\/turysta2.pttk.pl\/index.php?rest_route=\/wp\/v2\/types\/post"}],"author":[{"embeddable":true,"href":"https:\/\/turysta2.pttk.pl\/index.php?rest_route=\/wp\/v2\/users\/13"}],"replies":[{"embeddable":true,"href":"https:\/\/turysta2.pttk.pl\/index.php?rest_route=%2Fwp%2Fv2%2Fcomments&post=32805"}],"version-history":[{"count":1,"href":"https:\/\/turysta2.pttk.pl\/index.php?rest_route=\/wp\/v2\/posts\/32805\/revisions"}],"predecessor-version":[{"id":32806,"href":"https:\/\/turysta2.pttk.pl\/index.php?rest_route=\/wp\/v2\/posts\/32805\/revisions\/32806"}],"wp:featuredmedia":[{"embeddable":true,"href":"https:\/\/turysta2.pttk.pl\/index.php?rest_route=\/wp\/v2\/media\/32808"}],"wp:attachment":[{"href":"https:\/\/turysta2.pttk.pl\/index.php?rest_route=%2Fwp%2Fv2%2Fmedia&parent=32805"}],"wp:term":[{"taxonomy":"category","embeddable":true,"href":"https:\/\/turysta2.pttk.pl\/index.php?rest_route=%2Fwp%2Fv2%2Fcategories&post=32805"},{"taxonomy":"post_tag","embeddable":true,"href":"https:\/\/turysta2.pttk.pl\/index.php?rest_route=%2Fwp%2Fv2%2Ftags&post=32805"}],"curies":[{"name":"wp","href":"https:\/\/api.w.org\/{rel}","templated":true}]}}