{"id":32767,"date":"2026-02-24T14:29:09","date_gmt":"2026-02-24T12:29:09","guid":{"rendered":"https:\/\/turysta2.pttk.pl\/?p=32767"},"modified":"2026-02-24T14:29:09","modified_gmt":"2026-02-24T12:29:09","slug":"noc-latarki-i-50-lat-tradycji","status":"publish","type":"post","link":"https:\/\/turysta2.pttk.pl\/?p=32767","title":{"rendered":"Noc, latarki i 50 lat tradycji"},"content":{"rendered":"<p>W\u0119dr\u00f3wka po ciemnym lesie<\/p>\n<p><strong>W dniach 10\u201312 pa\u017adziernika 2025 roku odby\u0142 si\u0119 50. Nocny Rajd \u015awietlik\u00f3w, kt\u00f3ry po kilku latach przerwy powr\u00f3ci\u0142 do kalendarza wydarze\u0144 turystycznych Oddzia\u0142u Warszawskiego PTTK \u2013 i to z przytupem. By\u0142a to jubileuszowa edycja b\u0142\u0105dzenia po ciemku w lasach i na bagnach G\u00f3r \u015awi\u0119tokrzyskich. <\/strong><\/p>\n<p>Tegoroczn\u0105 edycj\u0119 poprzedzi\u0142 konkurs na logotyp \u015awietlik\u00f3w, kt\u00f3ry wygra\u0142 Micha\u0142 Krata, cz\u0142onek Oddzia\u0142u Warszawskiego. Nagrod\u0105 by\u0142y ca\u0142oroczne, imienne bilety wst\u0119pu do Miejskiego Ogrodu Zoologicznego w Warszawie dla zwyci\u0119zcy i osoby towarzysz\u0105cej.<\/p>\n<p>Pa\u017adziernikowe zmagania rozpocz\u0119\u0142y si\u0119 w opactwie cysterskim w W\u0105chocku. Tam uczestnicy otrzymali pakiet pierwszych wskaz\u00f3wek prowadz\u0105cych do punktu kontrolnego (PKC 1) oraz pytania dotycz\u0105ce historii tego miejsca. Cho\u0107 PKC 1 znajdowa\u0142 si\u0119 w niewielkiej odleg\u0142o\u015bci od startu, niekt\u00f3rym grupom dotarcie do niego zaj\u0119\u0142o wiele godzin. Taka jest specyfika tego rajdu: podchwytliwe pytania i celowo lakoniczne informacje o dalszym kierunku marszu sprzyjaj\u0105 gubieniu drogi.<\/p>\n<p>Za sp\u00f3\u017anienia odejmowano punkty, za zbyt wczesne dotarcie na kolejny punkt \u2013 r\u00f3wnie\u017c. Kluczowe by\u0142o w\u0142a\u015bciwe obliczenie czasu marszu na podstawie narzuconego tempa i wyznaczonej godziny przybycia. Czasem warto by\u0142o zwolni\u0107, czasem przyspieszy\u0107, a czasem zrezygnowa\u0107 z rozwi\u0105zywania zagadek na rzecz dok\u0142adniejszego ustalenia azymutu.<\/p>\n<p>Pierwsza trasa liczy\u0142a 31 kilometr\u00f3w i zosta\u0142a podzielona na trzy odcinki. Wiod\u0142a cz\u0119\u015bciowo przez W\u0105chock i wiejskie zabudowania, lecz przede wszystkim przez ciemny las i rezerwat, a\u017c do miejscowo\u015bci Ruda. Tam na strudzonych w\u0119drowc\u00f3w czeka\u0142a szko\u0142a \u2013 cicha, ciep\u0142a i czysta. By\u0142 czas na umycie si\u0119, sen, rozmowy i ognisko z kie\u0142baskami, po kt\u00f3rym uczestnicy wyruszyli na drug\u0105, kr\u00f3tsz\u0105 tras\u0119. Kr\u00f3tsz\u0105 \u2013 co nie znaczy \u0142atwiejsz\u0105. Cho\u0107 zab\u0142\u0105dzi\u0107 by\u0142o trudniej, poszukiwanie i rozwi\u0105zywanie zagadek ukrytych na drzewach i w krzakach znacznie wyd\u0142u\u017ca\u0142o marsz.<\/p>\n<div id=\"attachment_32771\" style=\"width: 623px\" class=\"wp-caption alignnone\"><img loading=\"lazy\" decoding=\"async\" aria-describedby=\"caption-attachment-32771\" class=\" wp-image-32771\" src=\"https:\/\/turysta2.pttk.pl\/wp-content\/uploads\/2026\/02\/560221383_122151577748876507_5061082507273346293_n-300x225.jpg\" alt=\"\" width=\"613\" height=\"460\" srcset=\"https:\/\/turysta2.pttk.pl\/wp-content\/uploads\/2026\/02\/560221383_122151577748876507_5061082507273346293_n-300x225.jpg 300w, https:\/\/turysta2.pttk.pl\/wp-content\/uploads\/2026\/02\/560221383_122151577748876507_5061082507273346293_n-1024x769.jpg 1024w, https:\/\/turysta2.pttk.pl\/wp-content\/uploads\/2026\/02\/560221383_122151577748876507_5061082507273346293_n-768x577.jpg 768w, https:\/\/turysta2.pttk.pl\/wp-content\/uploads\/2026\/02\/560221383_122151577748876507_5061082507273346293_n-1536x1154.jpg 1536w, https:\/\/turysta2.pttk.pl\/wp-content\/uploads\/2026\/02\/560221383_122151577748876507_5061082507273346293_n-200x150.jpg 200w, https:\/\/turysta2.pttk.pl\/wp-content\/uploads\/2026\/02\/560221383_122151577748876507_5061082507273346293_n.jpg 2048w\" sizes=\"auto, (max-width: 613px) 100vw, 613px\" \/><p id=\"caption-attachment-32771\" class=\"wp-caption-text\">Puchary i nagrody dla uczestnik\u00f3w jubileuszowej edycji Rajdu \u015awietlik\u00f3w<\/p><\/div>\n<p><strong>Jak to si\u0119 zacz\u0119\u0142o<br \/>\n<\/strong>Tegoroczna edycja Rajdu \u015awietlik\u00f3w by\u0142a powrotem do tradycji oraz okazj\u0105 do wspomnie\u0144 i refleksji nad zmieniaj\u0105c\u0105 si\u0119 formu\u0142\u0105 wydarzenia.<br \/>\n\u2013 Historia nocnego Rajdu \u015awietlik\u00f3w si\u0119ga lat 50. ubieg\u0142ego wieku \u2013 m\u00f3wi komandor tegorocznej edycji, Jacek Trzoch. \u2013 Pocz\u0105tkowo organizowa\u0142 go Warszawski Klub G\u00f3rski im. Walerego Goetla. Nie by\u0142o wtedy telefon\u00f3w ani maili. Informacje drukowano w formie regulamin\u00f3w, rozprowadzano ulotki, dzia\u0142a\u0142a poczta pantoflowa. Zawiadomienia wysy\u0142ano tak\u017ce za po\u015brednictwem Poczty Polskiej do oddzia\u0142\u00f3w PTTK, klub\u00f3w turystycznych i dru\u017cyn harcerskich. Do udzia\u0142u zach\u0119ca\u0142y plakaty umieszczane na drzwiach i w oknach siedziby Oddzia\u0142u PTTK Warszawa-\u015ar\u00f3dmie\u015bcie przy ulicy \u015awi\u0119tokrzyskiej.<br \/>\nNa pocz\u0105tku lat 90. w koordynacj\u0119 rajdu w\u0142\u0105czy\u0142 si\u0119 Klub Turystyczny \u201eDatajana\u201d, kt\u00f3ry z czasem \u2013 po uzyskaniu stosownej zgody \u2013 sta\u0142 si\u0119 jego organizatorem. Dzi\u015b r\u00f3wnolegle odbywa si\u0119 tak\u017ce Nocny Rajd \u015awietlik\u00f3w \u201eReplika\u201d, przygotowywany przez kilku cz\u0142onk\u00f3w Warszawskiego Klubu G\u00f3rskiego.<\/p>\n<div id=\"attachment_32770\" style=\"width: 630px\" class=\"wp-caption alignnone\"><img loading=\"lazy\" decoding=\"async\" aria-describedby=\"caption-attachment-32770\" class=\" wp-image-32770\" src=\"https:\/\/turysta2.pttk.pl\/wp-content\/uploads\/2026\/02\/560321134_122151578288876507_1740706636500274559_n-300x225.jpg\" alt=\"\" width=\"620\" height=\"465\" srcset=\"https:\/\/turysta2.pttk.pl\/wp-content\/uploads\/2026\/02\/560321134_122151578288876507_1740706636500274559_n-300x225.jpg 300w, https:\/\/turysta2.pttk.pl\/wp-content\/uploads\/2026\/02\/560321134_122151578288876507_1740706636500274559_n-1024x769.jpg 1024w, https:\/\/turysta2.pttk.pl\/wp-content\/uploads\/2026\/02\/560321134_122151578288876507_1740706636500274559_n-768x577.jpg 768w, https:\/\/turysta2.pttk.pl\/wp-content\/uploads\/2026\/02\/560321134_122151578288876507_1740706636500274559_n-1536x1154.jpg 1536w, https:\/\/turysta2.pttk.pl\/wp-content\/uploads\/2026\/02\/560321134_122151578288876507_1740706636500274559_n-200x150.jpg 200w, https:\/\/turysta2.pttk.pl\/wp-content\/uploads\/2026\/02\/560321134_122151578288876507_1740706636500274559_n.jpg 2048w\" sizes=\"auto, (max-width: 620px) 100vw, 620px\" \/><p id=\"caption-attachment-32770\" class=\"wp-caption-text\">Komandor Rajdu \u015awietlik\u00f3w Jacek Trzoch i Dariusz Nazarczyk podsumowuj\u0105 edycj\u0119 i wr\u0119czaj\u0105 nagrody<\/p><\/div>\n<p><strong>Tylko G\u00f3ry \u015awi\u0119tokrzyskie<br \/>\n<\/strong>Klub Turystyczny \u201eDatajana\u201d dzia\u0142a\u0142 przez pewien czas w strukturach Oddzia\u0142u Sto\u0142ecznego PTTK im. Aleksandra Janowskiego, a od 2015 roku wszed\u0142 w sk\u0142ad nowo powsta\u0142ego Oddzia\u0142u Warszawskiego PTTK. Niezmienna pozosta\u0142a specyfika rajdu: zawsze odbywa si\u0119 w G\u00f3rach \u015awi\u0119tokrzyskich, a pierwsza noc ma podobne za\u0142o\u017cenia. Druga jest dla uczestnik\u00f3w zagadk\u0105 \u2013 jej formu\u0142a co roku ulega zmianie.<br \/>\nW latach minionych w rajdzie uczestniczy\u0142o znacznie wi\u0119cej os\u00f3b \u2013 nawet oko\u0142o 600 podczas jednej edycji. Korzystaj\u0105c z nieistniej\u0105cego dzi\u015b dofinansowania, przyje\u017cd\u017cali uczniowie szk\u00f3\u0142 i dru\u017cyny harcerskie. Kiedy\u015b w\u0142a\u015bciwie wsz\u0119dzie mo\u017cna by\u0142o dojecha\u0107 poci\u0105giem, co tak\u017ce u\u0142atwia\u0142o decyzj\u0119 o wzi\u0119ciu udzia\u0142u w rajdzie.<br \/>\n\u2013 Pocz\u0105tkowo nocowali\u015bmy g\u0142\u00f3wnie w stodo\u0142ach \u2013 wspomina Jacek Trzoch. \u2013 Dzi\u015b trudno je w \u015bwi\u0119tokrzyskich wioskach znale\u017a\u0107, a je\u015bli ju\u017c s\u0105, nie ma w nich siana i nie nadaj\u0105 si\u0119 do noclegu. Tamte czasy ju\u017c nie wr\u00f3c\u0105.<br \/>\nZe wzgl\u0119du na du\u017c\u0105 popularno\u015b\u0107 rajdu pierwsza noc obejmowa\u0142a minimum pi\u0119\u0107 tras o r\u00f3\u017cnych stopniach trudno\u015bci i z r\u00f3\u017cnymi miejscami startu. Wszystkie punkty kontrolne by\u0142y namiotowe, a na niekt\u00f3rych przez ca\u0142\u0105 noc p\u0142on\u0119\u0142y ogniska.<br \/>\n\u2013 Kt\u00f3rego\u015b razu na jednym z punkt\u00f3w w \u015brodku lasu obs\u0142uga spa\u0142a w ma\u0142ym, dwuosobowym namiocie, ustawionym przy w\u0105skiej \u015bcie\u017cce, kt\u00f3r\u0105 przechodzi\u0142y grupy \u2013 wspomina dalej. \u2013 Namiot by\u0142 ca\u0142kowicie ukryty w ciemno\u015bci, a g\u0119sty las utrudnia\u0142 odnalezienie punktu. Grupa, kt\u00f3rej by\u0142em uczestnikiem, znalaz\u0142a go tylko dlatego, \u017ce jeden z nas potkn\u0105\u0142 si\u0119 o link\u0119 namiotow\u0105. Tamt\u0105 edycj\u0119 uda\u0142o nam si\u0119 wygra\u0107.<br \/>\nJe\u015bli chodzi o nagrody \u2013 zawsze by\u0142y to nagrody indywidualne dla uczestnik\u00f3w zwyci\u0119skich grup. W\u015br\u00f3d nich znajdowa\u0142y si\u0119 m.in. \u015bpiwory, polary, karimaty czy kompasy.<br \/>\nDzi\u015b w ka\u017cdej edycji uczestniczy oko\u0142o 120\u2013150 os\u00f3b, cho\u0107 zdarza\u0142y si\u0119 takie, w kt\u00f3rych bra\u0142o udzia\u0142 ponad 200. Obecnie korzystamy z go\u015bcinno\u015bci szk\u00f3\u0142, gdzie organizujemy noclegi. Nagrody pozosta\u0142y sta\u0142ym elementem wydarzenia. Nagradzamy tak\u017ce najm\u0142odszego i najstarszego uczestnika. Organizujemy r\u00f3\u017cne konkursy, kt\u00f3re pomagaj\u0105 integrowa\u0107 \u015brodowisko turystyczne, na przyk\u0142ad literacki.<\/p>\n<p><strong>Rajd, kt\u00f3ry \u0142\u0105czy ludzi<br \/>\n<\/strong>Nocny Rajd \u015awietlik\u00f3w to nie tylko chodzenie po lesie z kompasem i latark\u0105, nie tylko odnajdywanie ukrytych na trasie punkt\u00f3w. To przede wszystkim dobra zabawa po\u0142\u0105czona z rywalizacj\u0105 grup oraz okazja do poznania historii i kultury G\u00f3r \u015awi\u0119tokrzyskich.<br \/>\n\u2013 Podczas tegorocznej edycji mieli\u015bmy uczestnik\u00f3w, kt\u00f3rzy ju\u017c kilkana\u015bcie razy brali udzia\u0142 w rajdzie. Mamy te\u017c ma\u0142\u017ce\u0144stwa, kt\u00f3re s\u0105 naszymi \u201edzie\u0107mi\u201d, bo to w\u0142a\u015bnie tutaj si\u0119 poznali \u2013 m\u00f3wi Jacek Trzoch. \u2013 Dzi\u015b wracaj\u0105 razem ze swoimi dzie\u0107mi. Takich par mamy ju\u017c kilkana\u015bcie.<br \/>\nRajd zbli\u017ca ludzi o podobnych zainteresowaniach \u2013 kochaj\u0105cych g\u00f3ry, nocne w\u0119drowanie, przygod\u0119. Tu ka\u017cdy znajdzie co\u015b dla siebie, tu spe\u0142niaj\u0105 si\u0119 marzenia i rodz\u0105 si\u0119 nowe.<br \/>\nKolejna edycja Nocnego Rajdu \u015awietlik\u00f3w odb\u0119dzie si\u0119 jesieni\u0105 2026 roku. Termin zostanie podany wiosn\u0105, aby ka\u017cdy m\u00f3g\u0142 zarezerwowa\u0107 trzy dni na przygod\u0119 w G\u00f3rach \u015awi\u0119tokrzyskich. Inne b\u0119d\u0105 trasy, zagadki i punkty kontrolne \u2013 jedno jednak z pewno\u015bci\u0105 si\u0119 nie zmieni: szalone b\u0142\u0105dzenie w gronie mi\u0142o\u015bnik\u00f3w nocy, deszczu i b\u0142ota.<\/p>\n<div id=\"attachment_32769\" style=\"width: 570px\" class=\"wp-caption alignnone\"><img loading=\"lazy\" decoding=\"async\" aria-describedby=\"caption-attachment-32769\" class=\" wp-image-32769\" src=\"https:\/\/turysta2.pttk.pl\/wp-content\/uploads\/2026\/02\/561025289_122151578324876507_1230209496843456997_n-300x225.jpg\" alt=\"\" width=\"560\" height=\"420\" srcset=\"https:\/\/turysta2.pttk.pl\/wp-content\/uploads\/2026\/02\/561025289_122151578324876507_1230209496843456997_n-300x225.jpg 300w, https:\/\/turysta2.pttk.pl\/wp-content\/uploads\/2026\/02\/561025289_122151578324876507_1230209496843456997_n-1024x769.jpg 1024w, https:\/\/turysta2.pttk.pl\/wp-content\/uploads\/2026\/02\/561025289_122151578324876507_1230209496843456997_n-768x577.jpg 768w, https:\/\/turysta2.pttk.pl\/wp-content\/uploads\/2026\/02\/561025289_122151578324876507_1230209496843456997_n-1536x1154.jpg 1536w, https:\/\/turysta2.pttk.pl\/wp-content\/uploads\/2026\/02\/561025289_122151578324876507_1230209496843456997_n-200x150.jpg 200w, https:\/\/turysta2.pttk.pl\/wp-content\/uploads\/2026\/02\/561025289_122151578324876507_1230209496843456997_n.jpg 2048w\" sizes=\"auto, (max-width: 560px) 100vw, 560px\" \/><p id=\"caption-attachment-32769\" class=\"wp-caption-text\">Uczestnicy jubileuszowego Rajdu \u015awietlik\u00f3w<\/p><\/div>\n<p><strong>Sonda na zako\u0144czenie Nocnego Rajdu \u015awietlik\u00f3w<br \/>\n<\/strong><\/p>\n<p><strong>Na mecie zapytali\u015bmy uczestnik\u00f3w o ich wra\u017cenia. Odpowiadali szczerze i z humorem. <\/strong><strong>\u00a0<\/strong><\/p>\n<p><strong>Co motywowa\u0142o Ci\u0119 do wzi\u0119cia udzia\u0142u w rajdzie?<br \/>\n<\/strong><strong>Pawe\u0142:<\/strong> Bior\u0119 udzia\u0142 ju\u017c od kilkunastu lat. To bez w\u0105tpienia niezapomniana przygoda, ale tak\u017ce mo\u017cliwo\u015b\u0107 zmierzenia si\u0119 z w\u0142asnymi s\u0142abo\u015bciami \u2013 b\u00f3lem n\u00f3g, brakiem snu itp. To r\u00f3wnie\u017c znakomita odskocznia od codziennej styczno\u015bci z cywilizacj\u0105. Mi\u0142o jest dopu\u015bci\u0107 do g\u0142osu atawistyczn\u0105 \u017c\u0105dz\u0119 obcowania z natur\u0105.<br \/>\n<strong>Justyna:<\/strong> Za ka\u017cdym razem to przygoda \u2013 ka\u017cdy rajd jest inny. No i spotkania z fajnymi lud\u017ami.<br \/>\n<strong>Kamil:<\/strong> Ch\u0119\u0107 sp\u0119dzenia czasu ze znajomymi, m\u0119ska przygoda, sprawdzenie siebie \u2013 stanu umys\u0142u, wytrzyma\u0142o\u015bci, kondycji \u2013 oraz powr\u00f3t do biegu na orientacj\u0119.<strong>\u00a0<\/strong><\/p>\n<p><strong>Z kim by\u0142e\u015b w grupie? Ze znajomymi z pracy, z rodzin\u0105 itp.?<br \/>\n<\/strong><strong>Agnieszka z grupy Forma Nad\u015bwietlna:<\/strong> Z c\u00f3rk\u0105, jej ch\u0142opakiem i moj\u0105 kole\u017cank\u0105. Na wcze\u015bniejsze rajdy organizowa\u0142am grup\u0119 sama \u2013 c\u00f3rka mia\u0142a wtedy 15 lat. W tym roku to ona zapyta\u0142a mnie, czy nie chc\u0119 i\u015b\u0107. Mieli\u015bmy grup\u0119 mi\u0119dzypokoleniow\u0105: dwie m\u0142ode osoby i dwie starsze \u2013 ja (55 lat) i najstarsza uczestniczka (63 lata).<strong>\u00a0<\/strong><\/p>\n<p><strong>Sk\u0105d wzi\u0119\u0142a si\u0119 nazwa Twojej grupy?<br \/>\n<\/strong><strong>Agnieszka z grupy Forma Nad\u015bwietlna:<\/strong> W tym roku organizatork\u0105 naszej grupy by\u0142a moja c\u00f3rka Paulina. Wsp\u00f3lnie wybierali\u015bmy now\u0105 nazw\u0119 spo\u015br\u00f3d propozycji uczestnik\u00f3w \u2013 t\u0119 najbardziej do nas pasuj\u0105c\u0105: Forma Nad\u015bwietlna. Bior\u0105c pod uwag\u0119, \u017ce niez\u0142omnie szli\u015bmy przez 17 godzin (start o 20.30, przyj\u015bcie o 13.30), nazwa w 100% odzwierciedli\u0142a nasz\u0105 form\u0119 \ud83d\ude42<br \/>\n<strong>S\u0142awek:<\/strong> \u201eHospital\u201d to nazwa wytw\u00f3rni drum and bass \u201eHospital Records\u201d, kt\u00f3ra zrzesza wykonawc\u00f3w tej muzyki. Kiedy\u015b ta muzyka po\u0142\u0105czy\u0142a mnie i mojego przyjaciela.<br \/>\n<strong>Pawe\u0142:<\/strong> To historia sprzed paru lat, gdy nasza grupa rozros\u0142a si\u0119 tak bardzo, \u017ce nie mogli\u015bmy ju\u017c i\u015b\u0107 w rajdzie razem. Stworzyli\u015bmy nowy team i st\u0105d prosta droga do nazwy \u201eTIM\u201d. Do tego wymy\u015blili\u015bmy napr\u0119dce rozwini\u0119cie skr\u00f3tu: Towarzystwo Intensywnego Marszu.<\/p>\n<p><strong>Co by\u0142o dla Ciebie trudne i dlaczego?<br \/>\n<\/strong><strong>Pawe\u0142:<\/strong> Z regu\u0142y jeszcze przed startem pierwszej nocy zadaj\u0119 sobie pytanie: \u201eCzemu nie siedz\u0119 teraz w domu, w cieple i komforcie?\u201d. I to jest najtrudniejszy etap. Gdy zdam sobie spraw\u0119, \u017ce czeka\u0142em na ten wypad co najmniej par\u0119 miesi\u0119cy, od razu wszystko mija.<br \/>\n<strong>Karolina:<\/strong> Ca\u0142a trasa by\u0142a trudna i wymagaj\u0105ca, jednak najwi\u0119kszym wyzwaniem by\u0142o nasze zgubienie si\u0119 po pierwszym punkcie kontrolnym i ponowne wej\u015bcie na \u201eszlak\u201d. Mo\u017ce nie powinnam tego m\u00f3wi\u0107, ale to by\u0142a trasa raczej dla doros\u0142ych, cho\u0107 do pewnego momentu dzieciaki bawi\u0142y si\u0119 \u015bwietnie.<\/p>\n<p><strong>Co motywowa\u0142o Ci\u0119 do tego, aby i\u015b\u0107 dalej i pr\u00f3bowa\u0107 zwyci\u0119\u017cy\u0107?<br \/>\n<\/strong><strong>Kamil:<\/strong> Wiara w siebie, w swoje umiej\u0119tno\u015bci oraz ch\u0119\u0107, by nie zawie\u015b\u0107 koleg\u00f3w z zespo\u0142u.<br \/>\n<strong>Robert:<\/strong> Ch\u0119\u0107 uko\u0144czenia rajdu. No i nie mog\u0142em podda\u0107 si\u0119 jako pierwszy, id\u0105c w grupie \ud83d\ude42<\/p>\n<p><strong>Co mog\u0142oby zach\u0119ci\u0107 nowych uczestnik\u00f3w do udzia\u0142u?<br \/>\n<\/strong><strong>Ireneusz:<\/strong> Najwa\u017cniejsze s\u0105 chyba emocje. Jeste\u015b gdzie\u015b tam w nocy, w lesie, i musisz sobie radzi\u0107. Co prawda organizator nie zostawi ci\u0119 na pastw\u0119 losu, ale przecie\u017c nie zadzwonisz z informacj\u0105, \u017ce si\u0119 zgubi\u0142e\u015b. A ta satysfakcja, kiedy uda si\u0119 rozwik\u0142a\u0107 wszystkie knucia organizator\u00f3w \u2013 bezcenna.<br \/>\n<strong>Artur:<\/strong> Rajd \u015awietlik\u00f3w to co\u015b wi\u0119cej ni\u017c wsp\u00f3lna w\u0119dr\u00f3wka \u2013 to blask latarek migocz\u0105cych w\u015br\u00f3d drzew i ciep\u0142o ludzkiej obecno\u015bci po\u015br\u00f3d ciemno\u015bci. To czas, kiedy mo\u017cemy porozmawia\u0107, po\u015bmia\u0107 si\u0119 i odpocz\u0105\u0107 od codziennego zgie\u0142ku. To na pewno najja\u015bniejszy rajd w Polsce!<br \/>\n<strong>Witold:<\/strong> Rajd \u015awietlik\u00f3w ma w sobie co\u015b wyj\u0105tkowego \u2013 specyficzn\u0105 magi\u0119, kt\u00f3r\u0105 trudno opisa\u0107 s\u0142owami. Kiedy raz si\u0119 wystartuje, chce si\u0119 wraca\u0107 co roku. Dla mnie to nie tylko w\u0119dr\u00f3wka po nocnych szlakach, ale te\u017c oderwanie si\u0119 od codzienno\u015bci, chwila ciszy i skupienia, a jednocze\u015bnie du\u017co dobrej energii. Przed ka\u017cd\u0105 edycj\u0105 nie zastanawiam si\u0119, czy p\u00f3jd\u0119, tylko czy uda mi si\u0119 wszystko tak zgra\u0107, by m\u00f3c wzi\u0105\u0107 udzia\u0142. Bo ten moment, gdy w pa\u017adziernikowy wiecz\u00f3r zak\u0142adasz czo\u0142\u00f3wk\u0119, s\u0142yszysz pierwsze odliczanie i ruszasz w ciemno\u015b\u0107 \u2013 to jest co\u015b, czego nie da si\u0119 zapomnie\u0107.<\/p>\n<p><strong>Czy organizatorzy powinni co\u015b zmieni\u0107 w organizacji wydarzenia lub przebiegu tras?<br \/>\n<\/strong><strong>Piotr z grupy Dzikie W\u0119\u017ce:<\/strong> Od tylu lat wygl\u0105da to bardzo podobnie. Mam wra\u017cenie, \u017ce niekt\u00f3re zak\u0105tki \u015awi\u0119tokrzyskiego znam ju\u017c na pami\u0119\u0107 \u2013 po tylu edycjach. Ale chyba w\u0142a\u015bnie to jest fajne, \u017ce wiem, czego si\u0119 spodziewa\u0107. Wszystko sta\u0142o si\u0119 tradycj\u0105 \u2013 nawet spanie w szkole na pod\u0142odze jest nieodzownym elementem.<br \/>\n<strong>Ireneusz z grupy Czarne Jag\u00f3dki:<\/strong> Organizacja jest OK. Ciemno by\u0142o. Pogod\u0119 te\u017c mogliby zam\u00f3wi\u0107 lepsz\u0105. Ale odmierzanie odleg\u0142o\u015bci krokami w deszczu i b\u0142ocie te\u017c ma sw\u00f3j urok.<\/p>\n<p><em>Tekst i zdj\u0119cia<\/em> <strong>Joanna Malinowska<\/strong><br \/>\nPrezes Ko\u0142a Terenowego 777 Oddzia\u0142u Warszawskiego PTTK, wspieraj\u0105ca dzia\u0142alno\u015b\u0107 Galerii Pami\u0105tek Turystycznych. Mi\u0142o\u015bniczka zwiedzania oraz pieszych w\u0119dr\u00f3wek, zw\u0142aszcza g\u00f3rskich, w wymagaj\u0105cych warunkach atmosferycznych.<\/p>\n","protected":false},"excerpt":{"rendered":"W\u0119dr\u00f3wka po ciemnym lesie W dniach 10\u201312 pa\u017adziernika 2025 roku odby\u0142 si\u0119 50. Nocny Rajd \u015awietlik\u00f3w, kt\u00f3ry po kilku latach przerwy powr\u00f3ci\u0142 do kalendarza wydarze\u0144 turystycznych Oddzia\u0142u Warszawskiego PTTK \u2013 i to z przytupem. By\u0142a to jubileuszowa edycja b\u0142\u0105dzenia po ciemku w lasach i na bagnach G\u00f3r \u015awi\u0119tokrzyskich. Tegoroczn\u0105 edycj\u0119 poprzedzi\u0142 konkurs na logotyp \u015awietlik\u00f3w, kt\u00f3ry wygra\u0142 Micha\u0142 Krata, cz\u0142onek&nbsp;<a href=\"https:\/\/turysta2.pttk.pl\/?p=32767\" class=\"read-more\">Continue Reading<\/a>","protected":false},"author":13,"featured_media":32768,"comment_status":"closed","ping_status":"closed","sticky":false,"template":"","format":"standard","meta":{"footnotes":""},"categories":[84,11],"tags":[],"class_list":["post-32767","post","type-post","status-publish","format-standard","has-post-thumbnail","hentry","category-poznajemy-szlaki","category-turysta-poleca","cat-84-id","cat-11-id"],"aioseo_notices":[],"_links":{"self":[{"href":"https:\/\/turysta2.pttk.pl\/index.php?rest_route=\/wp\/v2\/posts\/32767","targetHints":{"allow":["GET"]}}],"collection":[{"href":"https:\/\/turysta2.pttk.pl\/index.php?rest_route=\/wp\/v2\/posts"}],"about":[{"href":"https:\/\/turysta2.pttk.pl\/index.php?rest_route=\/wp\/v2\/types\/post"}],"author":[{"embeddable":true,"href":"https:\/\/turysta2.pttk.pl\/index.php?rest_route=\/wp\/v2\/users\/13"}],"replies":[{"embeddable":true,"href":"https:\/\/turysta2.pttk.pl\/index.php?rest_route=%2Fwp%2Fv2%2Fcomments&post=32767"}],"version-history":[{"count":2,"href":"https:\/\/turysta2.pttk.pl\/index.php?rest_route=\/wp\/v2\/posts\/32767\/revisions"}],"predecessor-version":[{"id":32774,"href":"https:\/\/turysta2.pttk.pl\/index.php?rest_route=\/wp\/v2\/posts\/32767\/revisions\/32774"}],"wp:featuredmedia":[{"embeddable":true,"href":"https:\/\/turysta2.pttk.pl\/index.php?rest_route=\/wp\/v2\/media\/32768"}],"wp:attachment":[{"href":"https:\/\/turysta2.pttk.pl\/index.php?rest_route=%2Fwp%2Fv2%2Fmedia&parent=32767"}],"wp:term":[{"taxonomy":"category","embeddable":true,"href":"https:\/\/turysta2.pttk.pl\/index.php?rest_route=%2Fwp%2Fv2%2Fcategories&post=32767"},{"taxonomy":"post_tag","embeddable":true,"href":"https:\/\/turysta2.pttk.pl\/index.php?rest_route=%2Fwp%2Fv2%2Ftags&post=32767"}],"curies":[{"name":"wp","href":"https:\/\/api.w.org\/{rel}","templated":true}]}}