{"id":32756,"date":"2026-02-18T16:55:32","date_gmt":"2026-02-18T14:55:32","guid":{"rendered":"https:\/\/turysta2.pttk.pl\/?p=32756"},"modified":"2026-02-18T16:55:32","modified_gmt":"2026-02-18T14:55:32","slug":"hold-dla-bohaterow-morza-upamietnienie-zygmunta-miszewskiego","status":"publish","type":"post","link":"https:\/\/turysta2.pttk.pl\/?p=32756","title":{"rendered":"Ho\u0142d dla bohater\u00f3w morza. Upami\u0119tnienie Zygmunta Miszewskiego"},"content":{"rendered":"<p>Uroczysto\u015b\u0107 ods\u0142oni\u0119cia nowych tablic w Og\u00f3lnopolskiej Alei Zas\u0142u\u017conych Ludzi Morza w Rewie fot. Ryszard J. Wrzosek<\/p>\n<p><strong>W Og\u00f3lnopolskiej Alei Zas\u0142u\u017conych Ludzi Morza im. Marsza\u0142ka J\u00f3zefa Pi\u0142sudskiego w Rewie, powsta\u0142ej w 2004 roku z inicjatywy mieszka\u0144ca Rewy Tadeusza Krzysztofa oraz w\u00f3jta gminy Kosakowo Jerzego W\u0142udzik, 15 czerwca 2025 roku ods\u0142oni\u0119to trzy nowe tablice laureat\u00f3w tytu\u0142u \u201eZas\u0142u\u017cony Cz\u0142owiek Morza\u201d. <\/strong><\/p>\n<p>Wyr\u00f3\u017cnienie otrzymuj\u0105 wybitne postacie zas\u0142u\u017cone dla morza. W alei upami\u0119tniono m.in. gen. broni J\u00f3zefa Hallera, Karola Olgierda Borchardta, Augustyna Necla, gen. bryg. Mariusza Zaruskiego, adm. floty J\u00f3zefa Michai\u0142a Huberta Unruga, Josepha Conrada (Teodora J\u00f3zefa Konrada Korzeniowskiego), Leonida Telig\u0119, wiceadm. Andrzeja Karwet\u0119, Tadeusza Apolinarego Wend\u0119 i adm. floty Ryszarda \u0141ukasika. W tym roku z inicjatywy przewodnicz\u0105cego Pomorskiej Komisji Krajoznawczej PTTK, do grona kandydat\u00f3w do tego zaszczytnego tytu\u0142u zg\u0142oszono \u015bp. kmdr. dr. in\u017c. Zygmunta Miszewskiego, cz\u0142onka Klubu Turystyki G\u00f3rskiej Oddzia\u0142u PTTK Marynarki Wojennej w Gdyni od 1969 roku. Po rozpatrzeniu wniosku kapitu\u0142a przyzna\u0142a mu tytu\u0142 i zdecydowa\u0142a o umieszczeniu tablicy w Alei. Wyr\u00f3\u017cnieni zostali r\u00f3wnie\u017c kmdr w st. spocz. dr hab. Micha\u0142 Holec, kpt. \u017c.w. J\u00f3zef Mi\u0142ob\u0119dzki.<\/p>\n<h3><strong>Krajoznawca i spo\u0142ecznik<\/strong><\/h3>\n<p>Zygmunt Miszewski (1937\u20132023) by\u0142 zas\u0142u\u017conym krajoznawc\u0105, spo\u0142ecznikiem i pasjonatem dziej\u00f3w K\u0119py Oksywskiej. Jako cz\u0142onek i dzia\u0142acz Oddzia\u0142u PTTK Marynarki Wojennej prowadzi\u0142 niezliczone wycieczki po K\u0119pie Oksywskiej i gminie Kosakowo \u2013 o tematyce krajoznawczej, historycznej, patriotycznej, przyrodniczej i morskiej, zawsze z \u201eMorzem w tle\u201d. Organizowa\u0142 tak\u017ce sp\u0142ywy kajakowe po Pia\u015bnicy i Zatoce Puckiej, a ponadto konferencje, seminaria, wyk\u0142ady i spotkania.<\/p>\n<p>Przez lata wsp\u00f3\u0142pracowa\u0142 z Bibliotek\u0105 Publiczn\u0105 Gminy Kosakowo, prowadz\u0105c prelekcje i wyk\u0142ady dla m\u0142odzie\u017cy i doros\u0142ych, przybli\u017caj\u0105ce histori\u0119 ziemi kosakowskiej i jej mieszka\u0144c\u00f3w. By\u0142 pomys\u0142odawc\u0105 wielu inicjatyw spo\u0142ecznych: wsp\u00f3\u0142organizowa\u0142 wystaw\u0119 <em>Stara fotografia, stara ksi\u0105\u017cka, rybo\u0142\u00f3wstwo w numizmatyce<\/em> z okazji 780-lecia wsi Mosty; w 2006 roku zainicjowa\u0142 nadanie dw\u00f3m drzewom-pomnikom przyrody w Mechelinkach nazw \u201eM\u015bciwoj\u201d i \u201e\u015awi\u0119tope\u0142k\u201d; wsp\u00f3\u0142tworzy\u0142 projekt miniatury dawnej latarni morskiej na Oksywiu (ods\u0142oni\u0119tej w 2007 roku na Cmentarzu Marynarki Wojennej). W 2008 roku doprowadzi\u0142 do wmurowania w Alei tablicy ku pami\u0119ci kmdr. Boles\u0142awa Romanowskiego, a rok p\u00f3\u017aniej wsp\u00f3\u0142inicjowa\u0142 tablic\u0119 po\u015bwi\u0119con\u0105 Witoldowi Bublewskiemu. By\u0142 wsp\u00f3\u0142organizatorem Og\u00f3lnopolskiego Sejmiku Krajoznawczego <em>Bernard Chrzanowski na kaszubskim brzegu<\/em> (2011) oraz inicjatorem budowy pomnika w Kosakowie ku czci ofiar pomordowanych w Pia\u015bnicy i innych obozach \u015bmierci podczas II wojny \u015bwiatowej.<\/p>\n<h3><strong>Autor, popularyzator, badacz<\/strong><\/h3>\n<p>By\u0142 autorem osiemnastu ksi\u0105\u017cek oraz licznych opracowa\u0144 i artyku\u0142\u00f3w krajoznawczo-historycznych po\u015bwi\u0119conych K\u0119pie Oksywskiej i gminie Kosakowo \u2013 ukazuj\u0105cych ich zwi\u0105zki z morzem. Pisa\u0142 opowiadania, inscenizacje i wiersze, tworzy\u0142 obrazy i rysunki. Opracowa\u0142 tak\u017ce teksty do plansz informacyjnych w Mostach i D\u0119bog\u00f3rzu oraz materia\u0142y na potrzeby \u201eSzlaku historii militarnej Kaszub P\u00f3\u0142nocnych\u201d.<\/p>\n<p>Za dzia\u0142alno\u015b\u0107 badawcz\u0105 i popularyzatorsk\u0105 by\u0142 wielokrotnie wyr\u00f3\u017cniany, m.in. Krzy\u017cem Kawalerskim Orderu Odrodzenia Polski, Z\u0142otym Krzy\u017cem Zas\u0142ugi, Medalem \u201eZas\u0142u\u017cony dla Kultury Polskiej\u201d, a w Oddziale PTTK Marynarki Wojennej \u2013 tytu\u0142em i statuetk\u0105 \u201eBa\u0142tycki Ster Turystyki 2011\u201d (w kategorii \u201eTurystyczne Pi\u00f3ro Roku\u201d) za dokonania literackie i promocj\u0119 regionu, Pomorza oraz tematyki krajoznawczej i morskiej.<\/p>\n<h3><strong>Uroczysto\u015b\u0107 w Rewie<\/strong><\/h3>\n<p>Uroczysto\u015b\u0107 ods\u0142oni\u0119cia trzech nowych tablic odby\u0142a si\u0119 w niedzielne popo\u0142udnie. W\u015br\u00f3d licznie przyby\u0142ych go\u015bci i rodzin wyr\u00f3\u017cnionych (w tym \u017cony i c\u00f3rki kmdr. Miszewskiego) byli przyjaciele Zygmunta z Oddzia\u0142u PTTK Marynarki Wojennej, Klubu Turystyki G\u00f3rskiej \u201eWierchy\u201d, Pomorskiego Kolegium Instruktor\u00f3w Krajoznawstwa PTTK, Oddzia\u0142u Morskiego PTTK w Gdyni i Pomorskiej Komisji Krajoznawczej PTTK.<\/p>\n<p>Z dotychczas upami\u0119tnionych i nowo ods\u0142oni\u0119tych postaci Zygmunt Miszewski jest jak dot\u0105d jedynym cz\u0142onkiem PTTK i krajoznawc\u0105, kt\u00f3ry dost\u0105pi\u0142 tego wyr\u00f3\u017cnienia. Do asysty przy ods\u0142oni\u0119ciu tablicy organizatorzy wyznaczyli m.in. przewodnicz\u0105cego Pomorskiej Komisji Krajoznawczej PTTK Dariusza D\u0119bskiego (autora wniosku) oraz prezes Zarz\u0105du Oddzia\u0142u PTTK Marynarki Wojennej Ma\u0142gorzat\u0119 Gwizdek.<\/p>\n<p>Po ceremonii delegacje z\u0142o\u017cy\u0142y kwiaty pod Krzy\u017cem Morskim. Wie\u0144ce z\u0142o\u017cy\u0142y tak\u017ce delegacje Polskiego Towarzystwa Turystyczno-Krajoznawczego: Zarz\u0105d Oddzia\u0142u PTTK Marynarki Wojennej reprezentowa\u0142a prezes Ma\u0142gorzata Gwizdek z asyst\u0105; z Klubu Turystyki G\u00f3rskiej \u201eWierchy\u201d przyby\u0142a liczna grupa z prezesem Zbigniewem Wojciechowskim na czele. Pomorsk\u0105 Komisj\u0119 Krajoznawcz\u0105 PTTK oraz Pomorskie Kolegium Instruktor\u00f3w Krajoznawstwa reprezentowali Dariusz D\u0119bski i Ryszard J\u00f3zef Wrzosek. Obecni byli r\u00f3wnie\u017c przedstawiciele Morskiego Klubu Senior\u00f3w Lotnictwa, Zwi\u0105zku Pi\u0142sudczyk\u00f3w RP i Stowarzyszenia GRH \u201eMarynarka Wojenna II RP\u201d.<\/p>\n<p>Uroczysto\u015b\u0107 zako\u0144czy\u0142a Orkiestra Reprezentacyjna MW wykonaniem <em>Hymnu do Ba\u0142tyku<\/em> oraz <em>Pie\u015bni Reprezentacyjnej WP<\/em>. Uczestnicy wydarzenia wykonali pami\u0105tkowe zdj\u0119cia.<\/p>\n<p>Tekst<strong> Dariusz D\u0119bski<br \/>\n<\/strong><\/p>\n<div id=\"attachment_32758\" style=\"width: 586px\" class=\"wp-caption alignnone\"><img loading=\"lazy\" decoding=\"async\" aria-describedby=\"caption-attachment-32758\" class=\" wp-image-32758\" src=\"https:\/\/turysta2.pttk.pl\/wp-content\/uploads\/2026\/02\/Grono-przyjaciol-przy-odslonietej-tablicy-Z.-Miszewskiego.-Zdj.-P.Padias-300x200.jpg\" alt=\"\" width=\"576\" height=\"384\" srcset=\"https:\/\/turysta2.pttk.pl\/wp-content\/uploads\/2026\/02\/Grono-przyjaciol-przy-odslonietej-tablicy-Z.-Miszewskiego.-Zdj.-P.Padias-300x200.jpg 300w, https:\/\/turysta2.pttk.pl\/wp-content\/uploads\/2026\/02\/Grono-przyjaciol-przy-odslonietej-tablicy-Z.-Miszewskiego.-Zdj.-P.Padias-1024x683.jpg 1024w, https:\/\/turysta2.pttk.pl\/wp-content\/uploads\/2026\/02\/Grono-przyjaciol-przy-odslonietej-tablicy-Z.-Miszewskiego.-Zdj.-P.Padias-768x512.jpg 768w, https:\/\/turysta2.pttk.pl\/wp-content\/uploads\/2026\/02\/Grono-przyjaciol-przy-odslonietej-tablicy-Z.-Miszewskiego.-Zdj.-P.Padias-1536x1024.jpg 1536w, https:\/\/turysta2.pttk.pl\/wp-content\/uploads\/2026\/02\/Grono-przyjaciol-przy-odslonietej-tablicy-Z.-Miszewskiego.-Zdj.-P.Padias-2048x1365.jpg 2048w\" sizes=\"auto, (max-width: 576px) 100vw, 576px\" \/><p id=\"caption-attachment-32758\" class=\"wp-caption-text\">1. Przyjaciele Zygmunta Miszewskiego przy jego tablicy fot. P. Padias<\/p><\/div>\n<div id=\"attachment_32759\" style=\"width: 583px\" class=\"wp-caption alignnone\"><img loading=\"lazy\" decoding=\"async\" aria-describedby=\"caption-attachment-32759\" class=\" wp-image-32759\" src=\"https:\/\/turysta2.pttk.pl\/wp-content\/uploads\/2026\/02\/Tablica-Z.-Miszewskiego.-ZDj.-P.-Padias-300x169.jpg\" alt=\"\" width=\"573\" height=\"323\" srcset=\"https:\/\/turysta2.pttk.pl\/wp-content\/uploads\/2026\/02\/Tablica-Z.-Miszewskiego.-ZDj.-P.-Padias-300x169.jpg 300w, https:\/\/turysta2.pttk.pl\/wp-content\/uploads\/2026\/02\/Tablica-Z.-Miszewskiego.-ZDj.-P.-Padias-1024x576.jpg 1024w, https:\/\/turysta2.pttk.pl\/wp-content\/uploads\/2026\/02\/Tablica-Z.-Miszewskiego.-ZDj.-P.-Padias-768x432.jpg 768w, https:\/\/turysta2.pttk.pl\/wp-content\/uploads\/2026\/02\/Tablica-Z.-Miszewskiego.-ZDj.-P.-Padias-1536x864.jpg 1536w, https:\/\/turysta2.pttk.pl\/wp-content\/uploads\/2026\/02\/Tablica-Z.-Miszewskiego.-ZDj.-P.-Padias.jpg 1600w\" sizes=\"auto, (max-width: 573px) 100vw, 573px\" \/><p id=\"caption-attachment-32759\" class=\"wp-caption-text\">Tablica Zygmunta Miszewskiego w Alei Zas\u0142u\u017conych Ludzi Morza w Rewie fot. P. Padias<\/p><\/div>\n<p>&nbsp;<\/p>\n","protected":false},"excerpt":{"rendered":"Uroczysto\u015b\u0107 ods\u0142oni\u0119cia nowych tablic w Og\u00f3lnopolskiej Alei Zas\u0142u\u017conych Ludzi Morza w Rewie fot. Ryszard J. Wrzosek W Og\u00f3lnopolskiej Alei Zas\u0142u\u017conych Ludzi Morza im. Marsza\u0142ka J\u00f3zefa Pi\u0142sudskiego w Rewie, powsta\u0142ej w 2004 roku z inicjatywy mieszka\u0144ca Rewy Tadeusza Krzysztofa oraz w\u00f3jta gminy Kosakowo Jerzego W\u0142udzik, 15 czerwca 2025 roku ods\u0142oni\u0119to trzy nowe tablice laureat\u00f3w tytu\u0142u \u201eZas\u0142u\u017cony Cz\u0142owiek Morza\u201d. Wyr\u00f3\u017cnienie otrzymuj\u0105 wybitne&nbsp;<a href=\"https:\/\/turysta2.pttk.pl\/?p=32756\" class=\"read-more\">Continue Reading<\/a>","protected":false},"author":13,"featured_media":32757,"comment_status":"closed","ping_status":"closed","sticky":false,"template":"","format":"standard","meta":{"footnotes":""},"categories":[83],"tags":[],"class_list":["post-32756","post","type-post","status-publish","format-standard","has-post-thumbnail","hentry","category-o-tym-pisano","cat-83-id"],"aioseo_notices":[],"_links":{"self":[{"href":"https:\/\/turysta2.pttk.pl\/index.php?rest_route=\/wp\/v2\/posts\/32756","targetHints":{"allow":["GET"]}}],"collection":[{"href":"https:\/\/turysta2.pttk.pl\/index.php?rest_route=\/wp\/v2\/posts"}],"about":[{"href":"https:\/\/turysta2.pttk.pl\/index.php?rest_route=\/wp\/v2\/types\/post"}],"author":[{"embeddable":true,"href":"https:\/\/turysta2.pttk.pl\/index.php?rest_route=\/wp\/v2\/users\/13"}],"replies":[{"embeddable":true,"href":"https:\/\/turysta2.pttk.pl\/index.php?rest_route=%2Fwp%2Fv2%2Fcomments&post=32756"}],"version-history":[{"count":7,"href":"https:\/\/turysta2.pttk.pl\/index.php?rest_route=\/wp\/v2\/posts\/32756\/revisions"}],"predecessor-version":[{"id":32766,"href":"https:\/\/turysta2.pttk.pl\/index.php?rest_route=\/wp\/v2\/posts\/32756\/revisions\/32766"}],"wp:featuredmedia":[{"embeddable":true,"href":"https:\/\/turysta2.pttk.pl\/index.php?rest_route=\/wp\/v2\/media\/32757"}],"wp:attachment":[{"href":"https:\/\/turysta2.pttk.pl\/index.php?rest_route=%2Fwp%2Fv2%2Fmedia&parent=32756"}],"wp:term":[{"taxonomy":"category","embeddable":true,"href":"https:\/\/turysta2.pttk.pl\/index.php?rest_route=%2Fwp%2Fv2%2Fcategories&post=32756"},{"taxonomy":"post_tag","embeddable":true,"href":"https:\/\/turysta2.pttk.pl\/index.php?rest_route=%2Fwp%2Fv2%2Ftags&post=32756"}],"curies":[{"name":"wp","href":"https:\/\/api.w.org\/{rel}","templated":true}]}}