{"id":32745,"date":"2026-02-18T14:45:28","date_gmt":"2026-02-18T12:45:28","guid":{"rendered":"https:\/\/turysta2.pttk.pl\/?p=32745"},"modified":"2026-02-18T14:45:28","modified_gmt":"2026-02-18T12:45:28","slug":"w-kotlinie-sandomierskiej-i-na-roztoczu","status":"publish","type":"post","link":"https:\/\/turysta2.pttk.pl\/?p=32745","title":{"rendered":"W\u00a0Kotlinie\u00a0Sandomierskiej i\u00a0na\u00a0Roztoczu"},"content":{"rendered":"<p>Zamek w Baranowie Sandomierskim \u2013 imponuj\u0105ca renesansowa rezydencja fot. Micha\u0142 Bosek\/UMWP<\/p>\n<p><strong>P\u00f3\u0142nocn\u0105 cz\u0119\u015b\u0107 wojew\u00f3dztwa podkarpackiego, le\u017c\u0105c\u0105 ju\u017c poza Karpatami, zajmuj\u0105 Kotlina Sandomierska oraz Roztocze. Mimo \u017ce ukszta\u0142towanie terenu nie jest tak zr\u00f3\u017cnicowane jak na obszarach po\u0142o\u017conych bardziej na po\u0142udnie, to fascynuj\u0105cych zabytk\u00f3w i atrakcji tutaj nie brakuje.<\/strong><\/p>\n<p>Na prawym brzegu Wis\u0142y le\u017cy Baran\u00f3w Sandomierski z jedn\u0105 z najpi\u0119kniejszych polskich rezydencji magnackich. Cz\u0119sto miejsce to bywa nazywane \u201eMa\u0142ym Wawelem\u201d oraz \u201ePer\u0142\u0105 renesansu\u201d. W zamkowych salach, kru\u017cgankach i dziedzi\u0144cu kr\u0119cono serial <em>Czarne chmury<\/em> oraz przedwojenny film <em>Barbara Radziwi\u0142\u0142\u00f3wna.<\/em><br \/>\nInicjatorem rozbudowy obiektu w stylu renesansowym \u2013 wed\u0142ug projektu w\u0142oskiego architekta Santi Gucciego \u2013 by\u0142 Andrzej Leszczy\u0144ski. Zamek wzniesiony zosta\u0142 na planie prostok\u0105ta z czterema okr\u0105g\u0142ymi basztami w naro\u017cach oraz prostok\u0105tn\u0105 wie\u017c\u0105 po\u015brodku \u015bciany frontowej. Wewn\u0119trzny dziedziniec otaczaj\u0105 pi\u0119kne dwukondygnacyjne kru\u017cganki. W p\u00f3\u017aniejszym okresie dodano fortyfikacje bastionowe, a w czasach Lubomirskich przebudowano zgodnie z wzorcami barokowymi.<\/p>\n<p>Pomimo burzliwych XX-wiecznych dziej\u00f3w rezydencja zachwyca zwiedzaj\u0105cych, kt\u00f3rzy mog\u0105 skorzysta\u0107 z oferty hotelu, restauracji i muzeum. W zamkowych podziemiach znajduj\u0105 si\u0119 najwi\u0119ksze w Europie cz\u00f3\u0142no wyd\u0142ubane z pnia drzewa oraz wystawy \u0107mielowskiej porcelany i fotografii. Zwiedzaj\u0105cym udost\u0119pniono r\u00f3wnie\u017c zbrojowni\u0119 rycersk\u0105. Wok\u00f3\u0142 zamku roztacza si\u0119 14-hektarowy obszar parkowy z ogrodami w stylu angielskim, francuskim oraz w\u0142oskim.<\/p>\n<p><strong>\u015aladami Centralnego Okr\u0119gu Przemys\u0142owego<br \/>\n<\/strong>Cho\u0107 Stalowa Wola nale\u017cy do m\u0142odych miast, to uchodzi za symbol cudu gospodarczego, jakim by\u0142 mi\u0119dzywojenny Centralny Okr\u0119g Przemys\u0142owy. Nie bez powodu zatem w tym mie\u015bcie mo\u017cna zwiedzi\u0107 Muzeum COP, kt\u00f3re w atrakcyjny i przyst\u0119pny spos\u00f3b ukazuje fenomen najwi\u0119kszego przedsi\u0119wzi\u0119cia gospodarczo-spo\u0142ecznego II RP. Jest to unikatowe miejsce o ponadregionalnym charakterze, ulokowane w zrewitalizowanym zabytkowym budynku dawnych warsztat\u00f3w szkolnych. Obok ekspozycji sta\u0142ej <em>Centralny Okr\u0119g Przemys\u0142owy. Narodziny innowacyjnego przemys\u0142u w Polsce,<\/em> znajduj\u0105 si\u0119 tu r\u00f3wnie\u017c wystawy czasowe oraz wystawa dla dzieci <em>Miasto<\/em> i pok\u00f3j zagadek <em>Zgaszona gwiazda COP-u \u2013 okupacja<\/em>.<br \/>\nW Muzeum COP znalaz\u0142o si\u0119 r\u00f3wnie\u017c miejsce na \u201etradycyjne\u201d eksponaty, prezentowane w bardzo nowoczesnej, industrialnej aran\u017cacji. Plac\u00f3wka wyr\u00f3\u017cnia si\u0119 interaktywno\u015bci\u0105 oraz wykorzystaniem multimedi\u00f3w. Wystawa przybli\u017ca wa\u017cne zabytki zwi\u0105zane z rozwojem techniki, technologii i produkcj\u0105, a tak\u017ce po\u015bwi\u0119ca szczeg\u00f3ln\u0105 uwag\u0119 tw\u00f3rcom przedsi\u0119wzi\u0119cia. Odwo\u0142uje si\u0119 r\u00f3wnie\u017c do wsp\u00f3\u0142czesno\u015bci, np. podkarpackiej Doliny Lotniczej.<\/p>\n<div id=\"attachment_32747\" style=\"width: 528px\" class=\"wp-caption alignnone\"><img loading=\"lazy\" decoding=\"async\" aria-describedby=\"caption-attachment-32747\" class=\" wp-image-32747\" src=\"https:\/\/turysta2.pttk.pl\/wp-content\/uploads\/2026\/02\/3.-MCOP-w-Stalowej-Woli-20220704-028_KZ-300x200.jpg\" alt=\"\" width=\"518\" height=\"345\" srcset=\"https:\/\/turysta2.pttk.pl\/wp-content\/uploads\/2026\/02\/3.-MCOP-w-Stalowej-Woli-20220704-028_KZ-300x200.jpg 300w, https:\/\/turysta2.pttk.pl\/wp-content\/uploads\/2026\/02\/3.-MCOP-w-Stalowej-Woli-20220704-028_KZ-1024x683.jpg 1024w, https:\/\/turysta2.pttk.pl\/wp-content\/uploads\/2026\/02\/3.-MCOP-w-Stalowej-Woli-20220704-028_KZ-768x512.jpg 768w, https:\/\/turysta2.pttk.pl\/wp-content\/uploads\/2026\/02\/3.-MCOP-w-Stalowej-Woli-20220704-028_KZ-1536x1024.jpg 1536w, https:\/\/turysta2.pttk.pl\/wp-content\/uploads\/2026\/02\/3.-MCOP-w-Stalowej-Woli-20220704-028_KZ-2048x1365.jpg 2048w\" sizes=\"auto, (max-width: 518px) 100vw, 518px\" \/><p id=\"caption-attachment-32747\" class=\"wp-caption-text\">Muzeum Centralnego Okr\u0119gu Przemys\u0142owego w Stalowej Woli \u2013 nowoczesna ekspozycja ukazuj\u0105ca histori\u0119 industrializacji II Rzeczypospolitej<br \/>fot. Krzysztof Zaj\u0105czkowski\/UMWP<\/p><\/div>\n<p><strong>Drewniane \u015bwi\u0105tynie Podkarpacia<br \/>\n<\/strong>Wojew\u00f3dztwo podkarpackie s\u0142ynie z drewnianej architektury sakralnej \u2013 ko\u015bcio\u0142\u00f3w i cerkwi. Dwa z takich obiekt\u00f3w, wpisane w 2013 roku na List\u0119 \u015bwiatowego dziedzictwa UNESCO, zlokalizowane s\u0105 w pobli\u017cu granicy z Ukrain\u0105.<br \/>\nCerkiew pw. \u015bw. Paraskewy z XVI wieku w roztocza\u0144skim Radru\u017cu wraz z zabudow\u0105 \u2013 kamiennym murem pokrytym gontem, obronn\u0105 dzwonnic\u0105 i murowanym budynkiem kostnicy, tzw. domem diaka \u2013 tworzy zesp\u00f3\u0142 cerkiewny o charakterze obronnym. Dawniej mieszka\u0144cy tutaj szukali schronienia, np. podczas najazd\u00f3w tatarskich.<br \/>\nW 1672 roku \u017cona miejscowego w\u00f3jta, s\u0142yn\u0105ca z urody Maria Dubniewiczowa, sama posz\u0142a w jasyr, aby uratowa\u0107 \u017cycie mieszka\u0144c\u00f3w wsi. Po 27 latach wr\u00f3ci\u0142a z Konstantynopola z poka\u017anym maj\u0105tkiem. Ca\u0142y kompleks idealnie wpasowuje si\u0119 w oko- liczny krajobraz. Pot\u0119\u017cna cerkiew stoi na nie- wielkim wzniesieniu w otoczeniu 20 starych lip, pami\u0119taj\u0105cych czasy kr\u00f3la Jana III Sobieskiego.<\/p>\n<p>Budowla reprezentuje interesuj\u0105ce po\u0142\u0105czenie wschodniego uk\u0142adu przestrzennego z p\u00f3\u017anogotyckimi osi\u0105gni\u0119ciami konstrukcyjnymi. Pot\u0119\u017cne soboty oraz dach namiotowy zwie\u0144czony czworo- boczn\u0105 kopu\u0142\u0105 to nietypowe dla Roztocza elementy architektury, dodaj\u0105ce cerkwi blasku. Pot\u0119\u017cne otwory w \u015bcianie wschodniej i zachodniej nawy sprawiaj\u0105, \u017ce wn\u0119trze \u015bwi\u0105tyni jest niejako pud\u0142em rezonansowym i wzmacnia \u015bpiew ch\u00f3ru.<\/p>\n<p>Cerkiew pw. Narodzenia Przenaj\u015bwi\u0119tszej Bogurodzicy w Choty\u0144cu to jeden z najstarszych, najpi\u0119kniejszych i zarazem najcenniejszych zabytk\u00f3w architektury cerkiewnej w Polsce. \u015awi\u0105tynia zosta\u0142a wzniesiona oko\u0142o 1600 roku, p\u00f3\u017aniej wielokrotnie remontowana i przekszta\u0142cana. Po wysiedleniach ludno\u015bci ukrai\u0144skiej w 1947 roku zosta\u0142a zamkni\u0119ta, a nast\u0119pnie przekazana Ko\u015bcio\u0142owi rzymskokatolickiemu. W 1990 roku wr\u00f3ci\u0142a do pierwotnego w\u0142a\u015bciciela \u2013 Ko\u015bcio\u0142a greckokatolickiego i sta\u0142a si\u0119 centrum odrodzonej parafii.<\/p>\n<div id=\"attachment_32748\" style=\"width: 576px\" class=\"wp-caption alignnone\"><img loading=\"lazy\" decoding=\"async\" aria-describedby=\"caption-attachment-32748\" class=\" wp-image-32748\" src=\"https:\/\/turysta2.pttk.pl\/wp-content\/uploads\/2026\/02\/5.-Chotyniec-kz_20130706_075-300x213.jpg\" alt=\"\" width=\"566\" height=\"402\" srcset=\"https:\/\/turysta2.pttk.pl\/wp-content\/uploads\/2026\/02\/5.-Chotyniec-kz_20130706_075-300x213.jpg 300w, https:\/\/turysta2.pttk.pl\/wp-content\/uploads\/2026\/02\/5.-Chotyniec-kz_20130706_075-1024x727.jpg 1024w, https:\/\/turysta2.pttk.pl\/wp-content\/uploads\/2026\/02\/5.-Chotyniec-kz_20130706_075-768x546.jpg 768w, https:\/\/turysta2.pttk.pl\/wp-content\/uploads\/2026\/02\/5.-Chotyniec-kz_20130706_075-1536x1091.jpg 1536w, https:\/\/turysta2.pttk.pl\/wp-content\/uploads\/2026\/02\/5.-Chotyniec-kz_20130706_075-2048x1455.jpg 2048w\" sizes=\"auto, (max-width: 566px) 100vw, 566px\" \/><p id=\"caption-attachment-32748\" class=\"wp-caption-text\">Cerkiew Narodzenia Przenaj\u015bwi\u0119tszej Bogurodzicy w Choty\u0144cu \u2013 drewniana \u015bwi\u0105tynia z XVII wieku, w 2013 roku wpisana na list\u0119 \u015bwiatowego dziedzictwa UNESCO fot. Krzysztof Zaj\u0105czkowski \/ UMWP<\/p><\/div>\n<p>Cerkiew ma doskona\u0142e proporcje, jest orientowana, zbudowana na zr\u0105b, kryta gontem. Zamkni\u0119te tr\u00f3jbocznie prezbiterium, nawa i babiniec nakryte s\u0105 o\u015bmiobocznymi kopu\u0142ami wspar- tymi na o\u015bmiobocznych tamburach (b\u0119bnach). Najwy\u017csza jest kopu\u0142a centralna, nad naw\u0105. Prezbiterium, naw\u0119 i babiniec obiegaj\u0105 otwarte soboty. Unikatowa jest zewn\u0119trzna, arkadowa galeria obiegaj\u0105ca kaplic\u0119 nad babi\u0144cem. Na po\u0142udniowej \u015bcianie nawy zachowa\u0142a si\u0119 cenna, monumentalna polichromia figuralnoornamentalna z 1735 roku, z wielostrefow\u0105 scen\u0105 S\u0105du Ostatecznego. Zawiera ona przedstawienie diab\u0142a z wydrapanymi oczami, kt\u00f3ry niesie na plecach ksi\u0105\u017cki, jakby ucieka\u0142 z nimi ze \u015bwi\u0105tyni. W s\u0105siedztwie w 1993 roku na miejscu zniszczonej dzwonnicy postawiono inn\u0105, r\u00f3wnie\u017c drewnian\u0105, przeniesion\u0105 ze wsi Torki ko\u0142o Medyki, pochodz\u0105c\u0105 prawdopodobnie z prze\u0142omu XVII i XVIII wieku.<\/p>\n<p><strong>Zdr\u00f3j na roztocza\u0144skich wzg\u00f3rzach<br \/>\n<\/strong>W pobli\u017cu Radru\u017ca le\u017cy Horyniec-Zdr\u00f3j \u2013 miejscowo\u015b\u0107 uzdrowiskowa w po\u0142udniowej cz\u0119\u015bci Roztocza, w\u015br\u00f3d niewysokich wzg\u00f3rz i pe\u0142nych uroku rozleg\u0142ych las\u00f3w. O niezwyk\u0142o\u015bci tego obszaru \u015bwiadcz\u0105: wielokulturowe dziedzictwo wykute w kamieniu, bogata przyroda i specyficzny mikroklimat z wieloma s\u0142onecznymi dniami. Lecznicze w\u0142a\u015bciwo\u015bci tutejszych w\u00f3d by\u0142y znane od dawna. Mia\u0142 z nich korzysta\u0107 sam kr\u00f3l Jan III Sobieski. Rozw\u00f3j uzdrowiska nast\u0105pi\u0142 jednak dopiero pod koniec XIX wieku, kiedy Aleksander Poni\u0144ski urz\u0105dzi\u0142 pierwszy zak\u0142ad k\u0105pielowy. R\u00f3d Poni\u0144skich, w r\u0119kach kt\u00f3rych dobra horynieckie pozostawa\u0142y przez ponad sto lat, sprawi\u0142, \u017ce Horyniec sta\u0142 si\u0119 nie tylko popularnym zdrojem, ale i cenionym o\u015brodkiem kultury. Poni\u0144scy jako mecenasi sztuki zapocz\u0105tkowali budow\u0119 Biblioteki Horynieckiej, w kt\u00f3rej zgromadzono bogaty ksi\u0119gozbi\u00f3r. Byli tak\u017ce tw\u00f3rcami teatru dworskiego.<br \/>\nNajwi\u0119kszy rozkwit nast\u0105pi\u0142 w okresie mi\u0119dzy- wojennym dzi\u0119ki rodzinie Kar\u0142owskich. Horyniec wzbogaci\u0142 si\u0119 w\u00f3wczas o nowe \u0142azienki, kryty deptak, pijalni\u0119 w\u00f3d mineralnych, korty tenisowe oraz pi\u0119kny park zdrojowy. Powsta\u0142y wille i pensjonaty dla kuracjuszy licz\u0105cych na cudowne dzia\u0142anie w\u00f3d leczniczych oraz czarnego z\u0142ota \u2013 cennej borowiny.<\/p>\n<p><strong>Bazylika i cudowne organy<br \/>\n<\/strong>Obok Oliwy i \u015awi\u0119tej Lipki to w\u0142a\u015bnie Le\u017cajsk s\u0142ynie z najcenniejszych w Polsce organ\u00f3w, jednych z naj- starszych barokowych w Europie. Instrument zdobi bazylik\u0119, kt\u00f3ra wraz z klasztorem tworzy zesp\u00f3\u0142 klasztorny ojc\u00f3w bernardyn\u00f3w w 2005 roku wpisany na list\u0119 Pomnik\u00f3w Historii. W bazylice odnale\u017a\u0107 mo\u017cna r\u00f3wnie\u017c bogat\u0105 kolekcj\u0119 muzealn\u0105 oraz s\u0142yn\u0105cy z cud\u00f3w obraz Matki Bo\u017cej Pocieszenia.<\/p>\n<div id=\"attachment_32750\" style=\"width: 612px\" class=\"wp-caption alignnone\"><img loading=\"lazy\" decoding=\"async\" aria-describedby=\"caption-attachment-32750\" class=\" wp-image-32750\" src=\"https:\/\/turysta2.pttk.pl\/wp-content\/uploads\/2026\/02\/8.-Podkarpackie_Lezajsk_Bazylika_K_Peczalski-300x200.jpg\" alt=\"\" width=\"602\" height=\"401\" srcset=\"https:\/\/turysta2.pttk.pl\/wp-content\/uploads\/2026\/02\/8.-Podkarpackie_Lezajsk_Bazylika_K_Peczalski-300x200.jpg 300w, https:\/\/turysta2.pttk.pl\/wp-content\/uploads\/2026\/02\/8.-Podkarpackie_Lezajsk_Bazylika_K_Peczalski-1024x683.jpg 1024w, https:\/\/turysta2.pttk.pl\/wp-content\/uploads\/2026\/02\/8.-Podkarpackie_Lezajsk_Bazylika_K_Peczalski-768x512.jpg 768w, https:\/\/turysta2.pttk.pl\/wp-content\/uploads\/2026\/02\/8.-Podkarpackie_Lezajsk_Bazylika_K_Peczalski-1536x1024.jpg 1536w, https:\/\/turysta2.pttk.pl\/wp-content\/uploads\/2026\/02\/8.-Podkarpackie_Lezajsk_Bazylika_K_Peczalski-2048x1365.jpg 2048w\" sizes=\"auto, (max-width: 602px) 100vw, 602px\" \/><p id=\"caption-attachment-32750\" class=\"wp-caption-text\">Wn\u0119trze bazyliki Zwiastowania NMP w Le\u017cajsku \u2013 per\u0142a baroku z monumentalnymi organami fot. Krzysztof P\u0119czalski<\/p><\/div>\n<p>G\u0142\u00f3wne organy bazyliki maj\u0105 traktur\u0119 mechaniczn\u0105 i 40 g\u0142os\u00f3w. Ma\u0142e organy w nawach bocznych maj\u0105 21 g\u0142os\u00f3w (organy po\u0142udniowe) i 13 g\u0142os\u00f3w (organy p\u00f3\u0142nocne). Wyposa\u017cone s\u0105 ponadto w urz\u0105dzenia dodatkowe takie jak: kuku\u0142ka, b\u0119ben (tympan), ptaszki i horribile. Organy maj\u0105 w sumie prawie sze\u015b\u0107 tysi\u0119cy piszcza\u0142ek, z kt\u00f3rych najwi\u0119ksza liczy ponad 10 m d\u0142ugo\u015bci. Organy g\u0142\u00f3wne dzi\u0119ki temu osi\u0105gaj\u0105 15 m wysoko\u015bci i 7,5 m szeroko\u015bci. Kompozycja architektoniczna prospektu \u0142\u0105czy je nierozerwalnie r\u00f3wnie\u017c z dwoma s\u0105siednimi instrumentami w nawach bocznych, tworz\u0105c jeden monumentalny zesp\u00f3\u0142 organowy, na kt\u00f3rym \u2013 jedynym w \u015bwiecie \u2013 mo\u017ce gra\u0107 trzech organist\u00f3w r\u00f3wnocze\u015bnie.<\/p>\n<p><strong>Garncarskie tradycje Medyni<br \/>\n<\/strong>O\u015brodek garncarstwa w Medyni G\u0142ogowskiej powsta\u0142 w 2000 roku jako niewielka Zagroda Garn- carska w ramach projektu \u201eMedynia \u2013 gliniane z\u0142o\u017ca\u201d. Tutejsze okolice ju\u017c w XIX wieku by\u0142y okre\u015blane mianem zag\u0142\u0119bia garncarskiego \u2013 w wielu wioskach wydobywano glin\u0119, a nast\u0119pnie wypalano j\u0105 w piecach i wytwarzano r\u00f3\u017cnorodne wyroby, zar\u00f3wno przemys\u0142owe, jak i zdobnicze. W sk\u0142ad \u00f3wczesnej zagrody wchodzi\u0142y dwa drewniane budynki i tradycyjny piec garncarski. Od pocz\u0105tku organizowano tu historyczno-kulturowe zaj\u0119cia edukacyjne, warsztaty ceramiczne czy jar- marki. Jesieni\u0105 2021 roku O\u015brodek Garncarski zosta\u0142 otwarty po gruntownej rewitalizacji.<br \/>\nPowsta\u0142y trzy nowe budynki z ceg\u0142y, kt\u00f3re zosta\u0142y skomponowane z architektur\u0105 starych chat tworz\u0105c z nimi harmonijn\u0105 ca\u0142o\u015b\u0107. W obiekcie mo\u017cna wi\u0119c zajrze\u0107 do starej i nowej pracowni, zobaczy\u0107 tradycyjne piece garncarskie, ekspozycj\u0119 charakterystycznej dla zag\u0142\u0119bia ceramiki dawnej i wsp\u00f3\u0142czesnej. Ka\u017cdy zwiedzaj\u0105cy mo\u017ce popr\u00f3bowa\u0107 swych si\u0142 na kole garncarskim.<\/p>\n<div id=\"attachment_32749\" style=\"width: 612px\" class=\"wp-caption alignnone\"><img loading=\"lazy\" decoding=\"async\" aria-describedby=\"caption-attachment-32749\" class=\" wp-image-32749\" src=\"https:\/\/turysta2.pttk.pl\/wp-content\/uploads\/2026\/02\/9.-Osrodek-Garncarski-w-Medyni-300x200.jpg\" alt=\"\" width=\"602\" height=\"401\" srcset=\"https:\/\/turysta2.pttk.pl\/wp-content\/uploads\/2026\/02\/9.-Osrodek-Garncarski-w-Medyni-300x200.jpg 300w, https:\/\/turysta2.pttk.pl\/wp-content\/uploads\/2026\/02\/9.-Osrodek-Garncarski-w-Medyni-1024x683.jpg 1024w, https:\/\/turysta2.pttk.pl\/wp-content\/uploads\/2026\/02\/9.-Osrodek-Garncarski-w-Medyni-768x512.jpg 768w, https:\/\/turysta2.pttk.pl\/wp-content\/uploads\/2026\/02\/9.-Osrodek-Garncarski-w-Medyni-1536x1024.jpg 1536w, https:\/\/turysta2.pttk.pl\/wp-content\/uploads\/2026\/02\/9.-Osrodek-Garncarski-w-Medyni-2048x1365.jpg 2048w\" sizes=\"auto, (max-width: 602px) 100vw, 602px\" \/><p id=\"caption-attachment-32749\" class=\"wp-caption-text\">Tradycja garncarstwa w O\u015brodku w Medyni G\u0142ogowskiej fot. Krzysztof Zaj\u0105czkowski-UMWP<\/p><\/div>\n<p>Tekst <strong>Mateusz Podkul<em><br \/>\n<\/em><\/strong>Przewodnik beskidzki, pracownik Muzeum Regionalnego im. Adama Fastnachta w Brzozowie, prezes Zarz\u0105du Ko\u0142a Przewodnik\u00f3w Turystycznych przy Oddziale PTTK Krosno.<\/p>\n","protected":false},"excerpt":{"rendered":"Zamek w Baranowie Sandomierskim \u2013 imponuj\u0105ca renesansowa rezydencja fot. Micha\u0142 Bosek\/UMWP P\u00f3\u0142nocn\u0105 cz\u0119\u015b\u0107 wojew\u00f3dztwa podkarpackiego, le\u017c\u0105c\u0105 ju\u017c poza Karpatami, zajmuj\u0105 Kotlina Sandomierska oraz Roztocze. Mimo \u017ce ukszta\u0142towanie terenu nie jest tak zr\u00f3\u017cnicowane jak na obszarach po\u0142o\u017conych bardziej na po\u0142udnie, to fascynuj\u0105cych zabytk\u00f3w i atrakcji tutaj nie brakuje. Na prawym brzegu Wis\u0142y le\u017cy Baran\u00f3w Sandomierski z jedn\u0105 z najpi\u0119kniejszych polskich rezydencji&nbsp;<a href=\"https:\/\/turysta2.pttk.pl\/?p=32745\" class=\"read-more\">Continue Reading<\/a>","protected":false},"author":13,"featured_media":32746,"comment_status":"closed","ping_status":"closed","sticky":false,"template":"","format":"standard","meta":{"footnotes":""},"categories":[92,5],"tags":[],"class_list":["post-32745","post","type-post","status-publish","format-standard","has-post-thumbnail","hentry","category-polecamy","category-a-to-polska-wlasnie","cat-92-id","cat-5-id"],"aioseo_notices":[],"_links":{"self":[{"href":"https:\/\/turysta2.pttk.pl\/index.php?rest_route=\/wp\/v2\/posts\/32745","targetHints":{"allow":["GET"]}}],"collection":[{"href":"https:\/\/turysta2.pttk.pl\/index.php?rest_route=\/wp\/v2\/posts"}],"about":[{"href":"https:\/\/turysta2.pttk.pl\/index.php?rest_route=\/wp\/v2\/types\/post"}],"author":[{"embeddable":true,"href":"https:\/\/turysta2.pttk.pl\/index.php?rest_route=\/wp\/v2\/users\/13"}],"replies":[{"embeddable":true,"href":"https:\/\/turysta2.pttk.pl\/index.php?rest_route=%2Fwp%2Fv2%2Fcomments&post=32745"}],"version-history":[{"count":2,"href":"https:\/\/turysta2.pttk.pl\/index.php?rest_route=\/wp\/v2\/posts\/32745\/revisions"}],"predecessor-version":[{"id":32752,"href":"https:\/\/turysta2.pttk.pl\/index.php?rest_route=\/wp\/v2\/posts\/32745\/revisions\/32752"}],"wp:featuredmedia":[{"embeddable":true,"href":"https:\/\/turysta2.pttk.pl\/index.php?rest_route=\/wp\/v2\/media\/32746"}],"wp:attachment":[{"href":"https:\/\/turysta2.pttk.pl\/index.php?rest_route=%2Fwp%2Fv2%2Fmedia&parent=32745"}],"wp:term":[{"taxonomy":"category","embeddable":true,"href":"https:\/\/turysta2.pttk.pl\/index.php?rest_route=%2Fwp%2Fv2%2Fcategories&post=32745"},{"taxonomy":"post_tag","embeddable":true,"href":"https:\/\/turysta2.pttk.pl\/index.php?rest_route=%2Fwp%2Fv2%2Ftags&post=32745"}],"curies":[{"name":"wp","href":"https:\/\/api.w.org\/{rel}","templated":true}]}}