{"id":32738,"date":"2026-02-18T13:51:57","date_gmt":"2026-02-18T11:51:57","guid":{"rendered":"https:\/\/turysta2.pttk.pl\/?p=32738"},"modified":"2026-02-18T13:51:57","modified_gmt":"2026-02-18T11:51:57","slug":"w-krainie-mikolajka","status":"publish","type":"post","link":"https:\/\/turysta2.pttk.pl\/?p=32738","title":{"rendered":"W\u00a0krainie\u00a0miko\u0142ajka"},"content":{"rendered":"<p>Miko\u0142ajek Nadmorski fot. Krzysztof Ziarnek, Kenraiz\/CC BY-SA 4.0\/Wikimedia Commons<\/p>\n<p><strong>Cz\u0119sto bywam w Tr\u00f3jmie\u015bcie i okolicach, mam tam swoje ulubione miejsca. Odwiedzanie ich zajmuje mi coraz wi\u0119cej czasu, poniewa\u017c z ka\u017cdym rokiem moja lista wyd\u0142u\u017ca si\u0119 o kolejne pozycje. Dzi\u015b dopisa\u0142am do niej spacer malownicz\u0105 tras\u0105 od Rewy do Babich Do\u0142\u00f3w. To by\u0142 wspania\u0142y pocz\u0105tek urlopu\u2026<\/strong><\/p>\n<p>Z m\u0119\u017cem \u2013 gdynianinem \u2013 mieli\u015bmy prosty plan na t\u0119 rodzinn\u0105 wycieczk\u0119: wsiadamy do autobusu 146 na Placu Kaszubskim w Gdyni, jedziemy do Rewy, potem spacer \u015bcie\u017ck\u0105 dydaktyczn\u0105 do Mechelinek, obiad z babci\u0105 i powr\u00f3t do centrum.<br \/>\nKiedy ju\u017c wychodzili\u015bmy z domu, zadzwonili\u015bmy do kuzynostwa \u2013 od s\u0142owa do s\u0142owa i p\u00f3\u0142 godziny p\u00f3\u017aniej dosiedli si\u0119 do nas w Kosakowie. Cz\u0119sto bywam w Tr\u00f3jmie\u015bcie i okolicach, mam tam swoje ulubione miejsca. Odwiedzanie ich zajmuje mi coraz wi\u0119cej czasu, poniewa\u017c z ka\u017cdym rokiem moja lista wyd\u0142u\u017ca si\u0119 o kolejne pozycje. Dzi\u015b dopisa\u0142am do niej spacer malownicz\u0105 tras\u0105 od Rewy do Babich Do\u0142\u00f3w. To by\u0142 wspania\u0142y pocz\u0105tek urlopu\u2026<br \/>\nZ m\u0119\u017cem \u2013 gdynianinem \u2013 mieli\u015bmy prosty plan na t\u0119 rodzinn\u0105 wycieczk\u0119: wsiadamy do autobusu 146 na Placu Kaszubskim w Gdyni, jedziemy do Rewy, potem spacer \u015bcie\u017ck\u0105 dydaktyczn\u0105 do Mechelinek, obiad z babci\u0105 i powr\u00f3t do centrum.<\/p>\n<div id=\"attachment_32739\" style=\"width: 446px\" class=\"wp-caption alignnone\"><img loading=\"lazy\" decoding=\"async\" aria-describedby=\"caption-attachment-32739\" class=\" wp-image-32739\" src=\"https:\/\/turysta2.pttk.pl\/wp-content\/uploads\/2026\/02\/1.-Mechelinskie-Laki-225x300.jpg\" alt=\"\" width=\"436\" height=\"581\" srcset=\"https:\/\/turysta2.pttk.pl\/wp-content\/uploads\/2026\/02\/1.-Mechelinskie-Laki-225x300.jpg 225w, https:\/\/turysta2.pttk.pl\/wp-content\/uploads\/2026\/02\/1.-Mechelinskie-Laki-768x1024.jpg 768w, https:\/\/turysta2.pttk.pl\/wp-content\/uploads\/2026\/02\/1.-Mechelinskie-Laki-1152x1536.jpg 1152w, https:\/\/turysta2.pttk.pl\/wp-content\/uploads\/2026\/02\/1.-Mechelinskie-Laki-1536x2048.jpg 1536w, https:\/\/turysta2.pttk.pl\/wp-content\/uploads\/2026\/02\/1.-Mechelinskie-Laki-scaled.jpg 1920w\" sizes=\"auto, (max-width: 436px) 100vw, 436px\" \/><p id=\"caption-attachment-32739\" class=\"wp-caption-text\">Mecheli\u0144skie \u0141\u0105ki \u2013 \u015bcie\u017cka dydaktyczna w rezerwacie przyrody<\/p><\/div>\n<p>Kiedy ju\u017c wychodzili\u015bmy z domu, zadzwonili\u015bmy do kuzynostwa \u2013 od s\u0142owa do s\u0142owa i p\u00f3\u0142 godziny p\u00f3\u017aniej dosiedli si\u0119 do nas w Kosakowie.<br \/>\nTu\u017c przy przystanku ko\u0144cowym w Rewie znajduje si\u0119 wej\u015bcie do Rezerwatu Przyrody \u201eMecheli\u0144skie \u0141\u0105ki\u201d. Cho\u0107 nie jestem botanikiem ani ornitologiem, zach\u0119cam wszystkich do przej\u015bcia tej kr\u00f3tkiej i bardzo prostej \u015bcie\u017cki dydaktycznej. Mo\u017cna ni\u0105 spacerowa\u0107 z ma\u0142ym dzieckiem, miejscami jest piaszczysta, ale nawet osoba z w\u00f3zkiem sobie poradzi. Ca\u0142a trasa, wraz z odcinkiem w otulinie rezerwatu, ma oko\u0142o 2 km.<br \/>\n\u015acie\u017cka by\u0142a wytyczona w niewielkim oddaleniu od pla\u017cy, przez wydm\u0119, wi\u0119c z jednej strony dociera\u0142 do nas szum morza, cho\u0107 nie zawsze jego widok, a z drugiej byli\u015bmy zanurzeni w zieleni o przer\u00f3\u017cnych formacjach. Sz\u0142am z 7-letnim synem na ko\u0144cu, przez ca\u0142\u0105 drog\u0119 staraj\u0105c si\u0119 rozpozna\u0107 zagro\u017cone gatunki ro\u015blin (np. miko\u0142ajka nadmorskiego) i wypatrzy\u0107 ptaki w\u015br\u00f3d ro\u015blinno\u015bci. Trudno w to uwierzy\u0107, ale pokonanie 2 km zaj\u0119\u0142o nam ca\u0142\u0105 godzin\u0119.<\/p>\n<div id=\"attachment_32740\" style=\"width: 443px\" class=\"wp-caption alignnone\"><img loading=\"lazy\" decoding=\"async\" aria-describedby=\"caption-attachment-32740\" class=\" wp-image-32740\" src=\"https:\/\/turysta2.pttk.pl\/wp-content\/uploads\/2026\/02\/2.-mikolajek-nadmorski-225x300.jpg\" alt=\"\" width=\"433\" height=\"577\" srcset=\"https:\/\/turysta2.pttk.pl\/wp-content\/uploads\/2026\/02\/2.-mikolajek-nadmorski-225x300.jpg 225w, https:\/\/turysta2.pttk.pl\/wp-content\/uploads\/2026\/02\/2.-mikolajek-nadmorski-768x1024.jpg 768w, https:\/\/turysta2.pttk.pl\/wp-content\/uploads\/2026\/02\/2.-mikolajek-nadmorski-1152x1536.jpg 1152w, https:\/\/turysta2.pttk.pl\/wp-content\/uploads\/2026\/02\/2.-mikolajek-nadmorski-1536x2048.jpg 1536w, https:\/\/turysta2.pttk.pl\/wp-content\/uploads\/2026\/02\/2.-mikolajek-nadmorski-scaled.jpg 1920w\" sizes=\"auto, (max-width: 433px) 100vw, 433px\" \/><p id=\"caption-attachment-32740\" class=\"wp-caption-text\">Miko\u0142ajek nadmorski (Eryngium maritimum)<\/p><\/div>\n<p><strong>Od wioski do kurortu<br \/>\n<\/strong>\u015acie\u017cka wyprowadzi\u0142a nas bezpo\u015brednio do Mechelinek, kt\u00f3re z ma\u0142ej wioski rybackiej przekszta\u0142caj\u0105 si\u0119 w kurort. Deptak, molo, restauracje i poszerzona niedawno pla\u017ca przyci\u0105gaj\u0105 coraz wi\u0119cej turyst\u00f3w. Kutry wci\u0105\u017c wyp\u0142ywaj\u0105 w morze, a w lokalach mo\u017cna zje\u015b\u0107 naprawd\u0119 \u015bwie\u017ce ryby.<br \/>\nObok przystani rybackiej powstaje skansen rybo\u0142\u00f3wstwa, kt\u00f3ry zapewne stanie si\u0119 kolejn\u0105 atrakcj\u0105 miejscowo\u015bci.<br \/>\nW przerwie na obiad do naszej grupki do\u0142\u0105czy\u0142a jeszcze mama mojego m\u0119\u017ca. Po kr\u00f3tkiej rozmowie o sprawach rodzinnych spojrzeli\u015bmy w niebo \u2013 nie pada\u0142o, wi\u0119c ruszyli\u015bmy dalej. Min\u0119li\u015bmy Mechelinki i zeszli\u015bmy na pla\u017c\u0119 w stron\u0119 Babich Do\u0142\u00f3w.<br \/>\nTrasa jest wyj\u0105tkowo atrakcyjna, prowadzi wzd\u0142u\u017c malowniczego klifu, ale d\u0142ugimi fragmentami jest kamienista i wymagaj\u0105ca. Nie polecam jej oso- bom z kontuzjami ani rodzinom z bardzo ma\u0142ymi dzie\u0107mi. Konieczne jest te\u017c solidne obuwie.<\/p>\n<div id=\"attachment_32741\" style=\"width: 472px\" class=\"wp-caption alignnone\"><img loading=\"lazy\" decoding=\"async\" aria-describedby=\"caption-attachment-32741\" class=\" wp-image-32741\" src=\"https:\/\/turysta2.pttk.pl\/wp-content\/uploads\/2026\/02\/4.-Siedliska-jaskolek-225x300.jpg\" alt=\"\" width=\"462\" height=\"616\" srcset=\"https:\/\/turysta2.pttk.pl\/wp-content\/uploads\/2026\/02\/4.-Siedliska-jaskolek-225x300.jpg 225w, https:\/\/turysta2.pttk.pl\/wp-content\/uploads\/2026\/02\/4.-Siedliska-jaskolek-768x1024.jpg 768w, https:\/\/turysta2.pttk.pl\/wp-content\/uploads\/2026\/02\/4.-Siedliska-jaskolek-1152x1536.jpg 1152w, https:\/\/turysta2.pttk.pl\/wp-content\/uploads\/2026\/02\/4.-Siedliska-jaskolek-1536x2048.jpg 1536w, https:\/\/turysta2.pttk.pl\/wp-content\/uploads\/2026\/02\/4.-Siedliska-jaskolek-scaled.jpg 1920w\" sizes=\"auto, (max-width: 462px) 100vw, 462px\" \/><p id=\"caption-attachment-32741\" class=\"wp-caption-text\">Nadmorski klif z siedliskami jask\u00f3\u0142ek brzeg\u00f3wek<\/p><\/div>\n<p><strong>Widok na torpedowni\u0119<br \/>\n<\/strong>Ostatnie 500 metr\u00f3w trzeba pokona\u0107 g\u00f3r\u0105 klifu, poniewa\u017c linia brzegowa jest usiana g\u0142azami i betonowym gruzem. Wycieczk\u0119 zwie\u0144czy\u0142 widok na torpedowni\u0119 \u2013 niemieck\u0105 hal\u0119 monta\u017cow\u0105 torped z okresu II wojny \u015bwiatowej. St\u0105d ju\u017c tylko kilka krok\u00f3w do p\u0119tli autobusu 309, kt\u00f3ry zawi\u00f3z\u0142 nas do Ob\u0142u\u017ca. Drugi fragment spaceru mia\u0142 oko\u0142o 4 km, ale przez ciekawostki, zabawy i zr\u00f3\u017cnicowane mo\u017cliwo\u015bci naszej dru\u017cyny pokonanie go zaj\u0119\u0142o nam blisko dwie godziny.<\/p>\n<p>To by\u0142 \u015bwietny, rodzinny czas na \u015bwie\u017cym powietrzu \u2013 nie wiem, kto bawi\u0142 si\u0119 lepiej: m\u00f3j 7-letni syn czy babcia po siedemdziesi\u0105tce. Na d\u0142ugo zapami\u0119tam szaroniebieskie k\u0119pki miko\u0142ajk\u00f3w na wydmach i siedliska jask\u00f3\u0142ek brzeg\u00f3wek wydr\u0105\u017cone w klifie. Je\u015bli b\u0119dziecie w Tr\u00f3jmie\u015bcie, koniecznie wybierzcie si\u0119 na ten malowniczy szlak. Ka\u017cdy znajdzie tu co\u015b dla siebie, a w\u0119dr\u00f3wka na d\u0142ugo zapisze si\u0119 we wspomnieniach.<\/p>\n<div id=\"attachment_32742\" style=\"width: 451px\" class=\"wp-caption alignnone\"><img loading=\"lazy\" decoding=\"async\" aria-describedby=\"caption-attachment-32742\" class=\" wp-image-32742\" src=\"https:\/\/turysta2.pttk.pl\/wp-content\/uploads\/2026\/02\/3.-Torpedownia-w-Babich-Dolach-225x300.jpg\" alt=\"\" width=\"441\" height=\"588\" srcset=\"https:\/\/turysta2.pttk.pl\/wp-content\/uploads\/2026\/02\/3.-Torpedownia-w-Babich-Dolach-225x300.jpg 225w, https:\/\/turysta2.pttk.pl\/wp-content\/uploads\/2026\/02\/3.-Torpedownia-w-Babich-Dolach-768x1024.jpg 768w, https:\/\/turysta2.pttk.pl\/wp-content\/uploads\/2026\/02\/3.-Torpedownia-w-Babich-Dolach-1152x1536.jpg 1152w, https:\/\/turysta2.pttk.pl\/wp-content\/uploads\/2026\/02\/3.-Torpedownia-w-Babich-Dolach-1536x2048.jpg 1536w, https:\/\/turysta2.pttk.pl\/wp-content\/uploads\/2026\/02\/3.-Torpedownia-w-Babich-Dolach-scaled.jpg 1920w\" sizes=\"auto, (max-width: 441px) 100vw, 441px\" \/><p id=\"caption-attachment-32742\" class=\"wp-caption-text\">Babie Do\u0142y \u2013 widok na torpedowni\u0119<\/p><\/div>\n<p>Tekst i zdj\u0119cia<strong> Aleksandra Kr\u00f3l-Graban<br \/>\n<\/strong>Iberystka, mened\u017cerka. Warszawianka, zakochana w Gdyni i... gdynianinie. Lubi aktywny wypoczynek z rodzin\u0105, piesze w\u0119dr\u00f3wki oraz sporty wodne. Cz\u0142onek Oddzia\u0142u Warszawskiego PTTK.<\/p>\n<p>&nbsp;<\/p>\n<p>&nbsp;<\/p>\n<p>&nbsp;<\/p>\n","protected":false},"excerpt":{"rendered":"Miko\u0142ajek Nadmorski fot. Krzysztof Ziarnek, Kenraiz\/CC BY-SA 4.0\/Wikimedia Commons Cz\u0119sto bywam w Tr\u00f3jmie\u015bcie i okolicach, mam tam swoje ulubione miejsca. Odwiedzanie ich zajmuje mi coraz wi\u0119cej czasu, poniewa\u017c z ka\u017cdym rokiem moja lista wyd\u0142u\u017ca si\u0119 o kolejne pozycje. Dzi\u015b dopisa\u0142am do niej spacer malownicz\u0105 tras\u0105 od Rewy do Babich Do\u0142\u00f3w. To by\u0142 wspania\u0142y pocz\u0105tek urlopu\u2026 Z m\u0119\u017cem \u2013 gdynianinem \u2013&nbsp;<a href=\"https:\/\/turysta2.pttk.pl\/?p=32738\" class=\"read-more\">Continue Reading<\/a>","protected":false},"author":13,"featured_media":32743,"comment_status":"closed","ping_status":"closed","sticky":false,"template":"","format":"standard","meta":{"footnotes":""},"categories":[95],"tags":[],"class_list":["post-32738","post","type-post","status-publish","format-standard","has-post-thumbnail","hentry","category-musisz-zobaczyc","cat-95-id"],"aioseo_notices":[],"_links":{"self":[{"href":"https:\/\/turysta2.pttk.pl\/index.php?rest_route=\/wp\/v2\/posts\/32738","targetHints":{"allow":["GET"]}}],"collection":[{"href":"https:\/\/turysta2.pttk.pl\/index.php?rest_route=\/wp\/v2\/posts"}],"about":[{"href":"https:\/\/turysta2.pttk.pl\/index.php?rest_route=\/wp\/v2\/types\/post"}],"author":[{"embeddable":true,"href":"https:\/\/turysta2.pttk.pl\/index.php?rest_route=\/wp\/v2\/users\/13"}],"replies":[{"embeddable":true,"href":"https:\/\/turysta2.pttk.pl\/index.php?rest_route=%2Fwp%2Fv2%2Fcomments&post=32738"}],"version-history":[{"count":1,"href":"https:\/\/turysta2.pttk.pl\/index.php?rest_route=\/wp\/v2\/posts\/32738\/revisions"}],"predecessor-version":[{"id":32744,"href":"https:\/\/turysta2.pttk.pl\/index.php?rest_route=\/wp\/v2\/posts\/32738\/revisions\/32744"}],"wp:featuredmedia":[{"embeddable":true,"href":"https:\/\/turysta2.pttk.pl\/index.php?rest_route=\/wp\/v2\/media\/32743"}],"wp:attachment":[{"href":"https:\/\/turysta2.pttk.pl\/index.php?rest_route=%2Fwp%2Fv2%2Fmedia&parent=32738"}],"wp:term":[{"taxonomy":"category","embeddable":true,"href":"https:\/\/turysta2.pttk.pl\/index.php?rest_route=%2Fwp%2Fv2%2Fcategories&post=32738"},{"taxonomy":"post_tag","embeddable":true,"href":"https:\/\/turysta2.pttk.pl\/index.php?rest_route=%2Fwp%2Fv2%2Ftags&post=32738"}],"curies":[{"name":"wp","href":"https:\/\/api.w.org\/{rel}","templated":true}]}}