{"id":32714,"date":"2026-02-18T12:54:40","date_gmt":"2026-02-18T10:54:40","guid":{"rendered":"https:\/\/turysta2.pttk.pl\/?p=32714"},"modified":"2026-02-18T12:54:40","modified_gmt":"2026-02-18T10:54:40","slug":"na-styku-dwoch-tradycji-skansen-w-kolbuszowej","status":"publish","type":"post","link":"https:\/\/turysta2.pttk.pl\/?p=32714","title":{"rendered":"Na\u00a0styku\u00a0dw\u00f3ch\u00a0tradycji Skansen w Kolbuszowej"},"content":{"rendered":"<p>W malowniczym otoczeniu p\u00f3l i las\u00f3w Park Etnograficzny Muzeum Kultury Ludowej w Kolbuszowej<br \/>\nfot. Micha\u0142 Bosek\/UMWP<\/p>\n<p><strong>Park Etnograficzny Muzeum Kultury Ludowej w Kolbuszowej tworz\u0105 urokliwe wsie z prze\u0142omu XIX i XX wieku. Prezentuj\u0105 kultur\u0119 Lasowiak\u00f3w i Rzeszowiak\u00f3w, zamieszkuj\u0105cych p\u00f3\u0142nocn\u0105 cz\u0119\u015b\u0107 obecnego wojew\u00f3dztwa podkarpackiego. W\u0119druj\u0105c po skansenie, mo\u017cna zobaczy\u0107 \u015bwiat, kt\u00f3rego ju\u017c nie ma, pozna\u0107 frapuj\u0105ce historie i spr\u00f3bowa\u0107 zrozumie\u0107 ch\u0142opsk\u0105 dusz\u0119. <\/strong><\/p>\n<p>Uroda krajobrazu i historyczne budownictwo przyci\u0105gaj\u0105 artyst\u00f3w. W 2015 roku Wojciech Smarzowski kr\u0119ci\u0142 tu sceny wesela g\u0142\u00f3wnych bohater\u00f3w filmu <em>Wo\u0142y\u0144<\/em>. W ostatnich latach w przestrzeni wsi rzeszowskiej powsta\u0142 wielokrotnie nagradzany <em>Kos<\/em> Paw\u0142a Ma\u015blony. Zrealizowano tam r\u00f3wnie\u017c dwa sezony popularnego serialu <em>1670<\/em> w re\u017cyserii Macieja Buchwalda i Kordiana K\u0105dzieli.<\/p>\n<p><strong>Najstarsze zabytki architektury drewnianej<br \/>\n<\/strong>Na niemal 30 hektarach eksponowanych jest blisko 100 obiekt\u00f3w architektury drewnianej. Do najstarszych nale\u017c\u0105 m.in. p\u00f3\u017anobarokowy dw\u00f3r z Brzezin z 1753 roku, gdzie mo\u017cna zobaczy\u0107 s\u0142ynne meble kolbuszowskie; spichlerz dworski z Bidzin z 1784 roku, kt\u00f3ry raz po raz przeobra\u017ca si\u0119 w galeri\u0119 sztuki; cha\u0142upa z Markowej z 1804 roku, ukazuj\u0105ca charakterystyczn\u0105 konstrukcj\u0119 przys\u0142upow\u0105 oraz ko\u015bci\u00f3\u0142 z Mielca-Rzochowa z 1843 roku, kt\u00f3ry \u2013 cho\u0107 drewniany \u2013 wewn\u0105trz pokryty jest malowid\u0142ami na p\u0142\u00f3tnach imituj\u0105cymi kamienne \u015bciany.<\/p>\n<div id=\"attachment_32718\" style=\"width: 384px\" class=\"wp-caption alignnone\"><img loading=\"lazy\" decoding=\"async\" aria-describedby=\"caption-attachment-32718\" class=\" wp-image-32718\" src=\"https:\/\/turysta2.pttk.pl\/wp-content\/uploads\/2026\/02\/1.-Mlyn-Wodny-MKL_20230727_113433-200x300.jpg\" alt=\"\" width=\"374\" height=\"561\" srcset=\"https:\/\/turysta2.pttk.pl\/wp-content\/uploads\/2026\/02\/1.-Mlyn-Wodny-MKL_20230727_113433-200x300.jpg 200w, https:\/\/turysta2.pttk.pl\/wp-content\/uploads\/2026\/02\/1.-Mlyn-Wodny-MKL_20230727_113433-683x1024.jpg 683w, https:\/\/turysta2.pttk.pl\/wp-content\/uploads\/2026\/02\/1.-Mlyn-Wodny-MKL_20230727_113433-768x1152.jpg 768w, https:\/\/turysta2.pttk.pl\/wp-content\/uploads\/2026\/02\/1.-Mlyn-Wodny-MKL_20230727_113433-1024x1536.jpg 1024w, https:\/\/turysta2.pttk.pl\/wp-content\/uploads\/2026\/02\/1.-Mlyn-Wodny-MKL_20230727_113433-1365x2048.jpg 1365w, https:\/\/turysta2.pttk.pl\/wp-content\/uploads\/2026\/02\/1.-Mlyn-Wodny-MKL_20230727_113433-scaled.jpg 1706w\" sizes=\"auto, (max-width: 374px) 100vw, 374px\" \/><p id=\"caption-attachment-32718\" class=\"wp-caption-text\">M\u0142yn wodny z \u017bo\u0142yni Dolnej ko\u0142o \u0141a\u0144cuta<\/p><\/div>\n<p>Niedaleko \u015bwi\u0105tyni stoi zagroda j\u00f3zefi\u0144ska z Bo\u017cej Woli (niem. <em>Goleschau<\/em>), ukazuj\u0105ca \u017cycie osadnik\u00f3w niemieckich w koloniach zak\u0142adanych na terenach Galicji przez cesarza J\u00f3zefa II pod koniec XVIII wieku. Unikatow\u0105 w skali kraju eks- pozycj\u0105 jest le\u015bnictwo z le\u015bnicz\u00f3wk\u0105 z 1830 roku, niezwyk\u0142\u0105 pod wzgl\u0119dem architektonicznym wy\u0142uszczarni\u0105 szyszek, suszarni\u0105 runa le\u015bnego oraz trakiem nap\u0119dzanym silnikiem spalinowym.<\/p>\n<p>Wszystkie budynki przedstawione zosta\u0142y w \u015brodowisku zbli\u017conym do tego, kt\u00f3re im niegdy\u015b towarzyszy\u0142o. Umieszczono je w naturalnym pejza\u017cu przydomowych ogr\u00f3dk\u00f3w, sad\u00f3w i pasiek, p\u00f3l uprawnych, \u0142\u0105k i staw\u00f3w, otoczonych nadrzeczn\u0105 zieleni\u0105 oraz lasem.<\/p>\n<p><strong>\u015awiat Lasowiak\u00f3w i Rzeszowiak\u00f3w<br \/>\n<\/strong>Lasowiacy zamieszkiwali tereny w wid\u0142ach Wis\u0142y i Sanu \u2013 okolice Mielca, Tarnobrzega, Kolbuszowej, Niska i Le\u017cajska. Przybywali g\u0142\u00f3wnie z Mazowsza i od XVI wieku osiedlali si\u0119 na obszarze dzikiej Puszczy Sandomierskiej. Z trudem uprawiali nie- urodzajn\u0105, piaszczyst\u0105 ziemi\u0119, zajmowali si\u0119 bartnictwem, stolarstwem i ciesielstwem. Korzystaj\u0105c z bogactwa las\u00f3w, wytwarzali dziegie\u0107, pota\u017c i ma\u017a. Pr\u00f3cz tego polowali, \u0142owili ryby, lepili naczynia, wyrabiali beczki i malowane zabawki z drewna. Mieli g\u0142\u0119bok\u0105 \u015bwiadomo\u015b\u0107 swej odr\u0119bno\u015bci \u2013 sami o sobie m\u00f3wili Lesioki.<\/p>\n<p>Rzeszowiacy mieszkali na \u017cyznych ziemiach mi\u0119dzy Ropczycami a Przeworskiem, na skrzy\u017cowaniu wa\u017cnych szlak\u00f3w handlowych: z Krakowa przez Przemy\u015bl i Lw\u00f3w do Kijowa oraz z Sandomierza przez Karpaty na W\u0119gry i dalej na po\u0142udnie.<br \/>\nPoza rolnictwem zajmowali si\u0119 tkactwem i kowalstwem, wyrabiali narz\u0119dzia rolnicze, zdobione okucia woz\u00f3w, kraty okienne, zawiasy i klamki.<br \/>\nWyj\u0105tkowe kute krzy\u017ce do dzi\u015b mo\u017cna podziwia\u0107 na szczytach przydro\u017cnych kapliczek oraz na cmentarzach.<br \/>\nSkansen gromadzi \u015bwiadectwa \u017cycia tych ludzi oraz ziemi, na kt\u00f3rej powsta\u0142. Znajduje si\u0119 na styku dw\u00f3ch ludowych tradycji \u2013 lasowiackiej i rzeszowskiej.<\/p>\n<p><strong>Plebania sprzed wieku<br \/>\n<\/strong>Jednym z ostatnich interesuj\u0105cych \u015bwiadectw, uzupe\u0142niaj\u0105cych skansenowsk\u0105 opowie\u015b\u0107 o dawnej wsi, jest udost\u0119pnione turystom jesieni\u0105 2024 roku probostwo \u2013 zagroda, w kt\u00f3rej mieszka\u0142 proboszcz parafii wiejskiej. Najelegantsz\u0105 jego cz\u0119\u015b\u0107 stanowi plebania z Ostr\u00f3w Tuszowskich, wybudowana w 1904 roku \u2013 co ciekawe \u2013 z drewna po rozebranym wcze\u015bniej ko\u015bciele parafialnym z prze\u0142omu XVI i XVII wieku. W sieni pozostawiono ods\u0142oni\u0119te miejsce (tzw. \u015bwiadka), gdzie widoczne s\u0105 \u015blady dawnej \u015bwi\u0105tynnej polichromii. Z zewn\u0105trz oko turysty ciesz\u0105 wysokiej klasy misterne zdobienia wyci\u0119te w drewnie.<\/p>\n<div id=\"attachment_32717\" style=\"width: 470px\" class=\"wp-caption alignnone\"><img loading=\"lazy\" decoding=\"async\" aria-describedby=\"caption-attachment-32717\" class=\" wp-image-32717\" src=\"https:\/\/turysta2.pttk.pl\/wp-content\/uploads\/2026\/02\/5.-Gospodarstwo-Proboszcza-MKL_20241025_100123-1-300x200.jpg\" alt=\"\" width=\"460\" height=\"306\" srcset=\"https:\/\/turysta2.pttk.pl\/wp-content\/uploads\/2026\/02\/5.-Gospodarstwo-Proboszcza-MKL_20241025_100123-1-300x200.jpg 300w, https:\/\/turysta2.pttk.pl\/wp-content\/uploads\/2026\/02\/5.-Gospodarstwo-Proboszcza-MKL_20241025_100123-1-1024x683.jpg 1024w, https:\/\/turysta2.pttk.pl\/wp-content\/uploads\/2026\/02\/5.-Gospodarstwo-Proboszcza-MKL_20241025_100123-1-768x512.jpg 768w, https:\/\/turysta2.pttk.pl\/wp-content\/uploads\/2026\/02\/5.-Gospodarstwo-Proboszcza-MKL_20241025_100123-1-1536x1024.jpg 1536w, https:\/\/turysta2.pttk.pl\/wp-content\/uploads\/2026\/02\/5.-Gospodarstwo-Proboszcza-MKL_20241025_100123-1-2048x1365.jpg 2048w\" sizes=\"auto, (max-width: 460px) 100vw, 460px\" \/><p id=\"caption-attachment-32717\" class=\"wp-caption-text\">Gospodarstwo proboszcza wiejskiej parafii<\/p><\/div>\n<p>Pomieszczenia pleba\u0144skie zaaran\u017cowane s\u0105 wed\u0142ug wskaz\u00f3wek ksi\u0119dza J\u00f3zefa Sebastiana Pelczara, kt\u00f3re \u015bwi\u0119ty zebra\u0142 m.in. w ksi\u0105\u017cce <em>Medycyna pasterska<\/em> (...). Wewn\u0105trz znajduje si\u0119 kancelaria \u2013 pomieszczenie do za\u0142atwiania spraw urz\u0119dowych i parafialnych \u2013 z obszern\u0105 szaf\u0105 na dokumenty, obrazem Madonny z Puszczy oraz przygotowanym na wieszaku ubiorem ksi\u0119dza, niezb\u0119dnym podczas wizyty u chorego. Prywatne pokoje proboszcza urz\u0105dzone s\u0105 bardzo skrom- nie, a w oknach brak firanek. \u017bycie ksi\u0119dza nie mog\u0142o mie\u0107 przed parafianami \u017cadnych tajemnic.<\/p>\n<p>W sypialni stoj\u0105 tylko niezb\u0119dne sprz\u0119ty: \u017celazne \u0142\u00f3\u017cko, kl\u0119cznik z r\u00f3\u017ca\u0144cem i modlitewnikiem ustawiony pod du\u017cym krzy\u017cem wisz\u0105cym na \u015bcianie oraz waga \u2013 znak dba\u0142o\u015bci o zdrowie i t\u0119\u017cyzn\u0119 fizyczn\u0105.<\/p>\n<p>Jadalnia wygl\u0105da\u0142a strojniej, poniewa\u017c prze- znaczona by\u0142a na spotkania, kt\u00f3re proboszcz organizowa\u0142 dla rady parafialnej, urz\u0119dnik\u00f3w pa\u0144stwowych oraz os\u00f3b wysoko postawionych w hierarchii spo\u0142ecznej i ko\u015bcielnej. Na uwag\u0119 zas\u0142uguje okienko \u0142\u0105cz\u0105ce kuchni\u0119 z jadalni\u0105 i u\u0142atwiaj\u0105ce wydawanie posi\u0142k\u00f3w. Za jadalni\u0105 mie\u015bci si\u0119 pok\u00f3j go\u015bcinny \u2013 zawsze nienagannie wysprz\u0105tany i przygotowany na przybycie go\u015bci.<\/p>\n<p><strong>W kr\u00f3lestwie gospodyni ksi\u0119dza<br \/>\n<\/strong>W budynku plebanii znajdowa\u0142y si\u0119 r\u00f3wnie\u017c pomieszczenia, w kt\u00f3rych mieszka\u0142a gospodyni.<br \/>\nMog\u0142a ni\u0105 by\u0107 wdowa lub niezam\u0119\u017cna kobieta ze wsi. Mieszka\u0142a we w\u0142asnym pokoju. Mia\u0142a tam kufer, w kt\u00f3rym trzyma\u0142a ca\u0142y sw\u00f3j dobytek oraz str\u00f3j: ciemn\u0105 sukienk\u0119 z we\u0142ny, bia\u0142y fartuch i czepek na w\u0142osy. Szafa, na kt\u00f3rej wisi uniform, cho\u0107 prosta i skromna, stanowi cenny element muzealnej kolekcji mebli kolbuszowskich.<br \/>\nKuchnia ze spi\u017carni\u0105 \u2013 schludna, pomalowana tradycyjnie na niebiesko \u2013 to kr\u00f3lestwo gospodyni.<br \/>\nWarto zwr\u00f3ci\u0107 uwag\u0119 na zegar odmierzaj\u0105cy czas, pojemniki na przyprawy oraz piec z pi\u0119trz\u0105cymi si\u0119 naczyniami miedzianymi i emaliowanymi, coraz popularniejszymi na pocz\u0105tku ubieg\u0142ego wieku. Obej\u015bcie domu proboszcza zdobi\u0105 pi\u0119kny ogr\u00f3dek i studnia.<\/p>\n<p><strong>Imprezy w skansenie<\/strong><\/p>\n<ul>\n<li>Muzeum jest otwarte ca\u0142y rok; organizuje wy- stawy i plenery malarskie, koncerty, przedsta- wienia teatralne, warsztaty, spotkania z tw\u00f3r- cami, pokazy kuchni regionalnej i gry terenowe.<\/li>\n<li>Do cyklicznych wydarze\u0144 nale\u017c\u0105 m.in.: Prezen- tacje Tw\u00f3rczo\u015bci Ludowej Lasowiak\u00f3w i Rzeszo- wiak\u00f3w (czerwiec), Noc Muze\u00f3w (maj), Festiwal Kultury Lasowiackiej (lipiec), \u201eCo niedziel\u0119 w zagrodzie\u201d (lipiec\u2013sierpie\u0144) oraz \u201eKo\u0144, jaki jest\u2026\u201d (sierpie\u0144).<\/li>\n<li>Aktualne informacje w kalendarium: https:\/\/muzeumkolbuszowa.pl<\/li>\n<\/ul>\n<p>Na zako\u0144czenie \u2013 miodowy akcent. W ogr\u00f3dku ksi\u0119dza stoj\u0105 kolorowe, skrzynkowe ule \u2013 \u015bwiadectwo pszczelarskich zainteresowa\u0144 gospodarza. Lasowiacki lud wierzy\u0142, \u017ce tylko uczciwi ludzie mieli \u2013 m\u00f3wi\u0105c potocznie \u2013 dobr\u0105 r\u0119k\u0119 do hodowli pszcz\u00f3\u0142 oraz \u017ce te najbardziej pracowite stworzenia na \u015bwiecie potrafi\u0105 zweryfikowa\u0107 charakter opiekuna.<\/p>\n<p>Nie spos\u00f3b w pe\u0142ni opisa\u0107 skansen w Kolbuszowej, kt\u00f3ry nieustannie si\u0119 zmienia i \u017cyje \u2013 eks- pozycje s\u0105 uzupe\u0142niane, a oferta lekcji muzealnych, warsztat\u00f3w i imprez plenerowych stale si\u0119 poszerza. Teren parku etnograficznego jest wci\u0105\u017c na nowo zagospodarowywany. Warto tu wraca\u0107, obserwowa\u0107, jak pory roku odmieniaj\u0105 krajobraz, sprawdza\u0107, co si\u0119 zmieni\u0142o i przekonywa\u0107 si\u0119 raz po raz, \u017ce to najpi\u0119kniejsze miejsce na ziemi.<\/p>\n<div id=\"attachment_32719\" style=\"width: 537px\" class=\"wp-caption alignnone\"><img loading=\"lazy\" decoding=\"async\" aria-describedby=\"caption-attachment-32719\" class=\" wp-image-32719\" src=\"https:\/\/turysta2.pttk.pl\/wp-content\/uploads\/2026\/02\/2.-Dworski-salon-30-MKL_20220307_-13-300x200.jpg\" alt=\"\" width=\"527\" height=\"351\" srcset=\"https:\/\/turysta2.pttk.pl\/wp-content\/uploads\/2026\/02\/2.-Dworski-salon-30-MKL_20220307_-13-300x200.jpg 300w, https:\/\/turysta2.pttk.pl\/wp-content\/uploads\/2026\/02\/2.-Dworski-salon-30-MKL_20220307_-13-1024x683.jpg 1024w, https:\/\/turysta2.pttk.pl\/wp-content\/uploads\/2026\/02\/2.-Dworski-salon-30-MKL_20220307_-13-768x512.jpg 768w, https:\/\/turysta2.pttk.pl\/wp-content\/uploads\/2026\/02\/2.-Dworski-salon-30-MKL_20220307_-13-1536x1024.jpg 1536w, https:\/\/turysta2.pttk.pl\/wp-content\/uploads\/2026\/02\/2.-Dworski-salon-30-MKL_20220307_-13-2048x1366.jpg 2048w\" sizes=\"auto, (max-width: 527px) 100vw, 527px\" \/><p id=\"caption-attachment-32719\" class=\"wp-caption-text\">Dworski salon, w kt\u00f3rym toczy\u0142o si\u0119 \u017cycie towarzyskie i kulturalne<\/p><\/div>\n<div id=\"attachment_32721\" style=\"width: 535px\" class=\"wp-caption alignnone\"><img loading=\"lazy\" decoding=\"async\" aria-describedby=\"caption-attachment-32721\" class=\" wp-image-32721\" src=\"https:\/\/turysta2.pttk.pl\/wp-content\/uploads\/2026\/02\/3.-Wyluszczarnia-szyszek-MKL_20221009_4510-300x200.jpg\" alt=\"\" width=\"525\" height=\"350\" srcset=\"https:\/\/turysta2.pttk.pl\/wp-content\/uploads\/2026\/02\/3.-Wyluszczarnia-szyszek-MKL_20221009_4510-300x200.jpg 300w, https:\/\/turysta2.pttk.pl\/wp-content\/uploads\/2026\/02\/3.-Wyluszczarnia-szyszek-MKL_20221009_4510-1024x683.jpg 1024w, https:\/\/turysta2.pttk.pl\/wp-content\/uploads\/2026\/02\/3.-Wyluszczarnia-szyszek-MKL_20221009_4510-768x512.jpg 768w, https:\/\/turysta2.pttk.pl\/wp-content\/uploads\/2026\/02\/3.-Wyluszczarnia-szyszek-MKL_20221009_4510-1536x1024.jpg 1536w, https:\/\/turysta2.pttk.pl\/wp-content\/uploads\/2026\/02\/3.-Wyluszczarnia-szyszek-MKL_20221009_4510-2048x1366.jpg 2048w\" sizes=\"auto, (max-width: 525px) 100vw, 525px\" \/><p id=\"caption-attachment-32721\" class=\"wp-caption-text\">Wy\u0142uszczarnia szyszek z D\u0105br\u00f3wek \u2013 jedyny taki obiekt w Polsce<\/p><\/div>\n<p>Tekst <strong>Agata Front<br \/>\n<\/strong>Absolwentka filologii polskiej na Uniwersytecie Jagiello\u0144skim, specjalistka do spraw promocji w Muzeum Kultury Ludowej w Kolbuszowej, wsp\u00f3\u0142redaktorka m.in. \u201ePrzewodnika po parku etnograficznym w Kolbuszowej\u201d. Autorka artyku\u0142\u00f3w popularyzuj\u0105cych lokalne dziedzictwo.<\/p>\n<p>Zdj\u0119cia <strong>Wojciech Dulski, Archiwum Fotograficzne Muzeum Kultury Ludowej<\/strong><\/p>\n<p>&nbsp;<\/p>\n<p>&nbsp;<\/p>\n","protected":false},"excerpt":{"rendered":"W malowniczym otoczeniu p\u00f3l i las\u00f3w Park Etnograficzny Muzeum Kultury Ludowej w Kolbuszowej fot. Micha\u0142 Bosek\/UMWP Park Etnograficzny Muzeum Kultury Ludowej w Kolbuszowej tworz\u0105 urokliwe wsie z prze\u0142omu XIX i XX wieku. Prezentuj\u0105 kultur\u0119 Lasowiak\u00f3w i Rzeszowiak\u00f3w, zamieszkuj\u0105cych p\u00f3\u0142nocn\u0105 cz\u0119\u015b\u0107 obecnego wojew\u00f3dztwa podkarpackiego. W\u0119druj\u0105c po skansenie, mo\u017cna zobaczy\u0107 \u015bwiat, kt\u00f3rego ju\u017c nie ma, pozna\u0107 frapuj\u0105ce historie i spr\u00f3bowa\u0107 zrozumie\u0107 ch\u0142opsk\u0105&nbsp;<a href=\"https:\/\/turysta2.pttk.pl\/?p=32714\" class=\"read-more\">Continue Reading<\/a>","protected":false},"author":13,"featured_media":32715,"comment_status":"closed","ping_status":"closed","sticky":false,"template":"","format":"standard","meta":{"footnotes":""},"categories":[92,14],"tags":[],"class_list":["post-32714","post","type-post","status-publish","format-standard","has-post-thumbnail","hentry","category-polecamy","category-krajoznawstwo","cat-92-id","cat-14-id"],"aioseo_notices":[],"_links":{"self":[{"href":"https:\/\/turysta2.pttk.pl\/index.php?rest_route=\/wp\/v2\/posts\/32714","targetHints":{"allow":["GET"]}}],"collection":[{"href":"https:\/\/turysta2.pttk.pl\/index.php?rest_route=\/wp\/v2\/posts"}],"about":[{"href":"https:\/\/turysta2.pttk.pl\/index.php?rest_route=\/wp\/v2\/types\/post"}],"author":[{"embeddable":true,"href":"https:\/\/turysta2.pttk.pl\/index.php?rest_route=\/wp\/v2\/users\/13"}],"replies":[{"embeddable":true,"href":"https:\/\/turysta2.pttk.pl\/index.php?rest_route=%2Fwp%2Fv2%2Fcomments&post=32714"}],"version-history":[{"count":2,"href":"https:\/\/turysta2.pttk.pl\/index.php?rest_route=\/wp\/v2\/posts\/32714\/revisions"}],"predecessor-version":[{"id":32723,"href":"https:\/\/turysta2.pttk.pl\/index.php?rest_route=\/wp\/v2\/posts\/32714\/revisions\/32723"}],"wp:featuredmedia":[{"embeddable":true,"href":"https:\/\/turysta2.pttk.pl\/index.php?rest_route=\/wp\/v2\/media\/32715"}],"wp:attachment":[{"href":"https:\/\/turysta2.pttk.pl\/index.php?rest_route=%2Fwp%2Fv2%2Fmedia&parent=32714"}],"wp:term":[{"taxonomy":"category","embeddable":true,"href":"https:\/\/turysta2.pttk.pl\/index.php?rest_route=%2Fwp%2Fv2%2Fcategories&post=32714"},{"taxonomy":"post_tag","embeddable":true,"href":"https:\/\/turysta2.pttk.pl\/index.php?rest_route=%2Fwp%2Fv2%2Ftags&post=32714"}],"curies":[{"name":"wp","href":"https:\/\/api.w.org\/{rel}","templated":true}]}}