{"id":32679,"date":"2025-10-31T13:19:52","date_gmt":"2025-10-31T11:19:52","guid":{"rendered":"https:\/\/turysta2.pttk.pl\/?p=32679"},"modified":"2025-10-31T13:19:52","modified_gmt":"2025-10-31T11:19:52","slug":"wedrowki-z-rzeszowskimi-przewodnikami","status":"publish","type":"post","link":"https:\/\/turysta2.pttk.pl\/?p=32679","title":{"rendered":"W\u0119dr\u00f3wki z rzeszowskimi przewodnikami"},"content":{"rendered":"<p>Bieszczadzkie po\u0142oniny \u2013 cisza i spok\u00f3j natury fot. Jadwiga Korbecka<\/p>\n<p><strong>Od \u0107wier\u0107 wieku rzeszowskie Ko\u0142o Przewodnik\u00f3w PTTK organizuje rajdy w Bieszczadach, gromadz\u0105c setki turyst\u00f3w z ca\u0142ej Polski. To czas wsp\u00f3lnych w\u0119dr\u00f3wek, wieczor\u00f3w przy ognisku i niezapo\u00admnianych spotka\u0144. Rajdy te na sta\u0142e wpisa\u0142y si\u0119 w og\u00f3lnopolski kalendarz imprez turystycznych PTTK. <\/strong><\/p>\n<p>I Otwarty G\u00f3rski Rajd Ko\u0142a Przewodnik\u00f3w PTTK w Rzeszowie odby\u0142 si\u0119 w sierpniu 2001 roku. Baza mie\u015bci\u0142a si\u0119 w O\u015brodku Szkoleniowym Jednostki Wojskowej w Rabem ko\u0142o Baligrodu. Kierownictwo rajdu tworzyli: Witold Haspel \u2013 kierownik, Adam Skiba \u2013 zast\u0119pca kierownika oraz Agnieszka Wa\u0142ach \u2013 szef biura rajdu. Atrakcj\u0105 rajdu by\u0142 wyjazd na Ukrain\u0119 z wyj\u015bciem na najwy\u017cszy szczyt Bieszczad\u00f3w \u2013 Pikuj (1405 m). Tras\u0119 prowa\u00addzili przewodnicy beskidzcy: Witek Haspel i Stasiu Sieradzki z Sanoka. Rajd nie pomie\u015bci\u0142 wszystkich uczestnik\u00f3w w bazie wojskowej, dlatego cz\u0119\u015b\u0107 os\u00f3b by\u0142a zakwaterowana w domkach campingo\u00adwych w Bystrem.<br \/>\nCh\u0119tnych nie brakowa\u0142o i nale\u017ca\u0142o wybra\u0107 o\u015bro\u00addek, kt\u00f3ry m\u00f3g\u0142by pomie\u015bci\u0107 150 uczestnik\u00f3w. Wyb\u00f3r pad\u0142 na Piotrow\u0105 Polan\u0119, kt\u00f3ra znajduje si\u0119 w Starym Siole w Wetlinie. Kolejne bieszczadzkie rajdy, pocz\u0105wszy od 2002 roku, maj\u0105 tu swoj\u0105 baz\u0119. Odbywaj\u0105 si\u0119 zawsze w sierpniu. Do 2023 roku komandorem by\u0142 wieloletni prezes rzeszowskiego Ko\u0142a Przewodnik\u00f3w PTTK Witek Haspel.<\/p>\n<p><strong>Setki turyst\u00f3w na g\u00f3rskich trasach <\/strong><br \/>\nGospodarzem Piotrowej Polany jest od kilkudzie\u00adsi\u0119ciu lat rodzina Ostrowskich. Liczba uczestnik\u00f3w rajdu zawsze przekracza 100 os\u00f3b (w 2002 roku by\u0142o 127 os\u00f3b, w 2006 roku \u2013 ponad 150, w 2015 roku, na Jubileuszowy Rajd Bieszczadzki, przyby\u0142o prawie 200 turyst\u00f3w). Nic nie przeszkodzi\u0142o w organizacji corocznych imprez, odby\u0142y si\u0119 tak\u017ce w latach 2020 i 2021, w czasie pandemii. Uczestni\u00adczyli w nich przewodnicy i tury\u015bci z ca\u0142ej Polski \u2013 od Pomorza przez Wielkopolsk\u0119, Mazowsze, ziemi\u0119 \u0142owick\u0105, \u015al\u0105sk, Ma\u0142opolsk\u0119, po Podkarpacie i Lubel\u00adszczyzn\u0119. Najm\u0142odsi uczestnicy liczyli kilka wio\u00adsen, a najstarsi prawie 90. Rajdy zaczyna\u0142y si\u0119 w poniedzia\u0142ki, a ko\u0144czy\u0142y w niedziel\u0119. Przewod\u00adnikami na rajdzie byli cz\u0142onkowie rzeszowskiego Ko\u0142a Przewodnik\u00f3w PTTK.<br \/>\nNa ka\u017cdym rajdzie trasy by\u0142y zr\u00f3\u017cnicowane pod wzgl\u0119dem d\u0142ugo\u015bci. Tras\u0119 pierwsz\u0105 nasz koman\u00addor zwyk\u0142 okre\u015bla\u0107 \u201edla wyrypiarzy\u201d, zazwyczaj prowadzi\u0142 j\u0105 Marek Korbecki \u2013 wiceprezes Ko\u0142a Przewodnik\u00f3w. Najcz\u0119\u015bciej, przez ponad dwadzie\u00ad\u015bcia rajd\u00f3w, trasy na bieszczadzkich rajdach pro\u00adwadzili: Dorota Michnia, \u0141ukasz Kuczmarz, Marek Hallada, Adam Skiba, Artur Janocha, Ryszard Nykun, Bogdan Naskr\u0119ski, Stanis\u0142aw Pola\u0144ski, Marek Latusek, Zbigniew Maj, Andrzej Wes\u00f3\u0142, Marian Buda, Artur \u015awie\u017cy, Daniel Loegler.<\/p>\n<p><strong>Muzyka, \u015bpiew i wsp\u00f3lna zabawa <\/strong><br \/>\nRajdy to tak\u017ce wsp\u00f3lne wieczory przy ognisku, kon\u00adkursy, skecze, \u015bpiewy przy gitarze. Kilka razy go\u015bci\u00adli\u015bmy naszych przyjaci\u00f3\u0142 przewodnik\u00f3w ze Lwowa \u2013 Masz\u0119 i Sasz\u0119. Cz\u0119sto na rajdowych wieczorach pi\u0119kne bieszczadzkie ballady \u015bpiewali, graj\u0105c na gitarach, przewodnicy rajdowi: Dorota Michnia, Wac\u0142aw Wa\u0142ach i Marek \u0141ygas. Etatowym gitarzy\u00adst\u0105 rajdowym przez d\u0142ugi czas by\u0142 Rysiu z Jaros\u0142a\u00adwia, ostatnio g\u0142\u00f3wny grajek to Pawe\u0142 z Kielc.<br \/>\nWszyscy uczestnicy 24 rajd\u00f3w otrzymali odznaki rajdowe. Znaczki przedstawia\u0142y zabytkowe cer\u00adkiewki bieszczadzkie. Powsta\u0142o te\u017c specjalne wydawnictwo rajdowe w formie wspomnie\u0144, z opisami tras, pochwa\u0142ami przyrody i krajobrazu Bieszczad\u00f3w. Bardzo cz\u0119sto na rajdach go\u015bci\u0142y kapele polskie i ukrai\u0144skie. Od pierwszego rajdu w 2001 roku rokrocznie organizowano wycieczki autokarowe na Ukrain\u0119 i S\u0142owacj\u0119, kilkakrotnie by\u0142y wyjazdy, w tym dwudniowe z biwakiem pod chmurk\u0105, na Pikuj.<\/p>\n<p><strong>Rajdowe przyja\u017anie i tradycje <\/strong><br \/>\nSzczeg\u00f3lne miejsce w\u015br\u00f3d uczestnik\u00f3w rajd\u00f3w zaj\u00admuje Dorota z Warszawy, przewodniczka \u2013 cz\u0142onek rzeszowskiego Ko\u0142a Przewodnik\u00f3w PTTK. Nie opu\u00ad\u015bci\u0142a ani jednej imprezy, na II Rajdzie pozna\u0142a przo\u00addownika Marka z Jastrz\u0119bia, na VI Rajdzie zosta\u0142a jego \u017con\u0105 i od VII Rajdu ma\u0142\u017ce\u0144stwo popularnych \u201eChrumci\u00f3w\u201d stale go\u015bci na Piotrowej Polanie.<br \/>\nBaza na Piotrowej Polanie zawsze by\u0142a odpo\u00adwiednio oznakowana. Opraw\u0119 graficzn\u0105 sporz\u0105\u00addza\u0142 rzeszowski artysta plastyk J\u00f3ziu Macha\u0142a.<br \/>\nOd wielu lat jednym z przewodnik\u00f3w rajdowych, a jednocze\u015bnie kapelanem rajdowym, jest ksi\u0105dz przewodnik Artur \u015awie\u017cy SDB, kt\u00f3ry codziennie na Piotrowej Polanie odprawia msz\u0119 \u015bwi\u0119t\u0105, a na \u015awi\u0119to Wniebowzi\u0119cia \u015bwi\u0119ci zebrane przez nas na bieszczadzkich \u0142\u0105kach kwiaty i zio\u0142a.<\/p>\n<p><strong>Pami\u0119\u0107 o Witku Hasplu <\/strong><br \/>\nBieszczadzki rajd to inicjatywa Witka Haspla. Trzeba podkre\u015bli\u0107 ogromne serce i wk\u0142ad w przygotowanie i opraw\u0119 rajd\u00f3w prezesa naszego Ko\u0142a. Posta\u0107 lubiana, szanowana i ceniona. Wiele os\u00f3b przyje\u017c\u00add\u017ca\u0142o nie tylko dla Bieszczad\u00f3w, ale tak\u017ce dla Witka. Odszed\u0142 od nas na niebieskie po\u0142oniny jesieni\u0105 2024 roku. Rajd, kt\u00f3rego by\u0142 inicjatorem, nadal jest orga\u00adnizowany \u2013 w dniach 11\u201317 sierpnia 2025 roku odby\u0142 si\u0119 jubileuszowy XXV Rajd Wetlina. Uchwa\u0142\u0105 Zarz\u0105du Oddzia\u0142u PTTK w Rzeszowie, na wniosek Zarz\u0105du Ko\u0142a Przewodnik\u00f3w Terenowych i Beskidz\u00adkich, nosi\u0142 imi\u0119 Witolda Haspla.<br \/>\nNiech nam, przewodnikom i prowadzonym przez nas turystom, nigdy nie b\u0119dzie do\u015b\u0107 w\u0119dro\u00adwania po g\u00f3rskich szlakach, zdobywania odznak GOT, organizowania i uczestniczenia w rajdach!<\/p>\n<p><em>Tekst<\/em> <strong>Jadwiga Korbecka<\/strong><br \/>\nSekretarz rzeszowskiego Ko\u0142a Przewodnik\u00f3w PTTK.<\/p>\n<div id=\"attachment_32682\" style=\"width: 433px\" class=\"wp-caption alignnone\"><img loading=\"lazy\" decoding=\"async\" aria-describedby=\"caption-attachment-32682\" class=\" wp-image-32682\" src=\"https:\/\/turysta2.pttk.pl\/wp-content\/uploads\/2025\/10\/2.-Na-Poloninie-Wetlinskiej-fot.-Seweryn-Barela-300x225.jpg\" alt=\"\" width=\"423\" height=\"317\" srcset=\"https:\/\/turysta2.pttk.pl\/wp-content\/uploads\/2025\/10\/2.-Na-Poloninie-Wetlinskiej-fot.-Seweryn-Barela-300x225.jpg 300w, https:\/\/turysta2.pttk.pl\/wp-content\/uploads\/2025\/10\/2.-Na-Poloninie-Wetlinskiej-fot.-Seweryn-Barela-1024x768.jpg 1024w, https:\/\/turysta2.pttk.pl\/wp-content\/uploads\/2025\/10\/2.-Na-Poloninie-Wetlinskiej-fot.-Seweryn-Barela-768x576.jpg 768w, https:\/\/turysta2.pttk.pl\/wp-content\/uploads\/2025\/10\/2.-Na-Poloninie-Wetlinskiej-fot.-Seweryn-Barela-1536x1152.jpg 1536w, https:\/\/turysta2.pttk.pl\/wp-content\/uploads\/2025\/10\/2.-Na-Poloninie-Wetlinskiej-fot.-Seweryn-Barela-2048x1536.jpg 2048w, https:\/\/turysta2.pttk.pl\/wp-content\/uploads\/2025\/10\/2.-Na-Poloninie-Wetlinskiej-fot.-Seweryn-Barela-200x150.jpg 200w\" sizes=\"auto, (max-width: 423px) 100vw, 423px\" \/><p id=\"caption-attachment-32682\" class=\"wp-caption-text\">Na po\u0142oninie Wetli\u0144skiej<br \/>podczas XIII Rajdu fot. Seweryn Bare\u0142a<\/p><\/div>\n<div id=\"attachment_32683\" style=\"width: 432px\" class=\"wp-caption alignnone\"><img loading=\"lazy\" decoding=\"async\" aria-describedby=\"caption-attachment-32683\" class=\" wp-image-32683\" src=\"https:\/\/turysta2.pttk.pl\/wp-content\/uploads\/2025\/10\/3.-Zakonczenie-rajdu-J.-Machala-300x225.jpg\" alt=\"\" width=\"422\" height=\"317\" srcset=\"https:\/\/turysta2.pttk.pl\/wp-content\/uploads\/2025\/10\/3.-Zakonczenie-rajdu-J.-Machala-300x225.jpg 300w, https:\/\/turysta2.pttk.pl\/wp-content\/uploads\/2025\/10\/3.-Zakonczenie-rajdu-J.-Machala-1024x768.jpg 1024w, https:\/\/turysta2.pttk.pl\/wp-content\/uploads\/2025\/10\/3.-Zakonczenie-rajdu-J.-Machala-768x576.jpg 768w, https:\/\/turysta2.pttk.pl\/wp-content\/uploads\/2025\/10\/3.-Zakonczenie-rajdu-J.-Machala-1536x1152.jpg 1536w, https:\/\/turysta2.pttk.pl\/wp-content\/uploads\/2025\/10\/3.-Zakonczenie-rajdu-J.-Machala-2048x1536.jpg 2048w, https:\/\/turysta2.pttk.pl\/wp-content\/uploads\/2025\/10\/3.-Zakonczenie-rajdu-J.-Machala-200x150.jpg 200w\" sizes=\"auto, (max-width: 422px) 100vw, 422px\" \/><p id=\"caption-attachment-32683\" class=\"wp-caption-text\">Zako\u0144czenie XIV Rajdu fot. J\u00f3zef Macha\u0142a<\/p><\/div>\n<div id=\"attachment_32684\" style=\"width: 431px\" class=\"wp-caption alignnone\"><img loading=\"lazy\" decoding=\"async\" aria-describedby=\"caption-attachment-32684\" class=\" wp-image-32684\" src=\"https:\/\/turysta2.pttk.pl\/wp-content\/uploads\/2025\/10\/Trasa-V-na-XVI-Rajdzie-przy-Chatce-Puchatka-fot.-Seweryn-Barela-300x191.png\" alt=\"\" width=\"421\" height=\"268\" srcset=\"https:\/\/turysta2.pttk.pl\/wp-content\/uploads\/2025\/10\/Trasa-V-na-XVI-Rajdzie-przy-Chatce-Puchatka-fot.-Seweryn-Barela-300x191.png 300w, https:\/\/turysta2.pttk.pl\/wp-content\/uploads\/2025\/10\/Trasa-V-na-XVI-Rajdzie-przy-Chatce-Puchatka-fot.-Seweryn-Barela.png 596w\" sizes=\"auto, (max-width: 421px) 100vw, 421px\" \/><p id=\"caption-attachment-32684\" class=\"wp-caption-text\">Trasa V podczas XVI Rajdu przy Chatce Puchatka fot. Seweryn Bare\u0142a<\/p><\/div>\n","protected":false},"excerpt":{"rendered":"Bieszczadzkie po\u0142oniny \u2013 cisza i spok\u00f3j natury fot. Jadwiga Korbecka Od \u0107wier\u0107 wieku rzeszowskie Ko\u0142o Przewodnik\u00f3w PTTK organizuje rajdy w Bieszczadach, gromadz\u0105c setki turyst\u00f3w z ca\u0142ej Polski. To czas wsp\u00f3lnych w\u0119dr\u00f3wek, wieczor\u00f3w przy ognisku i niezapo\u00admnianych spotka\u0144. Rajdy te na sta\u0142e wpisa\u0142y si\u0119 w og\u00f3lnopolski kalendarz imprez turystycznych PTTK. I Otwarty G\u00f3rski Rajd Ko\u0142a Przewodnik\u00f3w PTTK w Rzeszowie odby\u0142 si\u0119&nbsp;<a href=\"https:\/\/turysta2.pttk.pl\/?p=32679\" class=\"read-more\">Continue Reading<\/a>","protected":false},"author":13,"featured_media":32681,"comment_status":"closed","ping_status":"closed","sticky":false,"template":"","format":"standard","meta":{"footnotes":""},"categories":[75,41],"tags":[],"class_list":["post-32679","post","type-post","status-publish","format-standard","has-post-thumbnail","hentry","category-przewodnictwo-i-pilotaz","category-turystyka-pttk","cat-75-id","cat-41-id"],"aioseo_notices":[],"_links":{"self":[{"href":"https:\/\/turysta2.pttk.pl\/index.php?rest_route=\/wp\/v2\/posts\/32679","targetHints":{"allow":["GET"]}}],"collection":[{"href":"https:\/\/turysta2.pttk.pl\/index.php?rest_route=\/wp\/v2\/posts"}],"about":[{"href":"https:\/\/turysta2.pttk.pl\/index.php?rest_route=\/wp\/v2\/types\/post"}],"author":[{"embeddable":true,"href":"https:\/\/turysta2.pttk.pl\/index.php?rest_route=\/wp\/v2\/users\/13"}],"replies":[{"embeddable":true,"href":"https:\/\/turysta2.pttk.pl\/index.php?rest_route=%2Fwp%2Fv2%2Fcomments&post=32679"}],"version-history":[{"count":2,"href":"https:\/\/turysta2.pttk.pl\/index.php?rest_route=\/wp\/v2\/posts\/32679\/revisions"}],"predecessor-version":[{"id":32685,"href":"https:\/\/turysta2.pttk.pl\/index.php?rest_route=\/wp\/v2\/posts\/32679\/revisions\/32685"}],"wp:featuredmedia":[{"embeddable":true,"href":"https:\/\/turysta2.pttk.pl\/index.php?rest_route=\/wp\/v2\/media\/32681"}],"wp:attachment":[{"href":"https:\/\/turysta2.pttk.pl\/index.php?rest_route=%2Fwp%2Fv2%2Fmedia&parent=32679"}],"wp:term":[{"taxonomy":"category","embeddable":true,"href":"https:\/\/turysta2.pttk.pl\/index.php?rest_route=%2Fwp%2Fv2%2Fcategories&post=32679"},{"taxonomy":"post_tag","embeddable":true,"href":"https:\/\/turysta2.pttk.pl\/index.php?rest_route=%2Fwp%2Fv2%2Ftags&post=32679"}],"curies":[{"name":"wp","href":"https:\/\/api.w.org\/{rel}","templated":true}]}}