{"id":32671,"date":"2025-10-31T11:56:15","date_gmt":"2025-10-31T09:56:15","guid":{"rendered":"https:\/\/turysta2.pttk.pl\/?p=32671"},"modified":"2025-10-31T11:56:15","modified_gmt":"2025-10-31T09:56:15","slug":"b-jak-boznanska-olga","status":"publish","type":"post","link":"https:\/\/turysta2.pttk.pl\/?p=32671","title":{"rendered":"B jak Bozna\u0144ska Olga"},"content":{"rendered":"<p>Olga Bozna\u0144ska, Wn\u0119trze, 1906, Muzeum Narodowe w Krakowie<\/p>\n<p>To jedna z najbardziej oryginalnych i cenionych w \u015bwiecie polskich artystek. M\u00f3wi\u0142a o swoich obrazach, \u017ce wspaniale wygl\u0105daj\u0105, bo s\u0105 prawd\u0105, s\u0105 uczciwe, pa\u0144skie, nie ma w nich ma\u0142ostkowo\u015bci, nie ma maniery, nie ma blagi. Olga Bozna\u0144ska (1865\u20131940), c\u00f3rka Francuzki i Polaka, urodzi\u0142a si\u0119 w Krakowie, gdzie odebra\u0142a wst\u0119pne wykszta\u0142cenie artystyczne. Nauk\u0119 malarstwa kontynuowa\u0142a w Monachium. Zach\u0119cona sukcesami, w 1898 roku osiad\u0142a w Pary\u017cu \u2013 \u00f3wczesnej stolicy artystycznego \u015bwiata. Tam rozwin\u0119\u0142a si\u0119 jej kariera mi\u0119dzynarodowej portrecistki. Rodzinny Krak\u00f3w pozosta\u0142 dla niej jednak miejscem szczeg\u00f3lnie wa\u017cnym. To w\u0142a\u015bnie tu, do Muzeum Narodowego, trafi\u0142a znaczna cz\u0119\u015b\u0107 spu\u015bcizny z jej paryskiej pracowni.<br \/>\nRok 2025 zosta\u0142 og\u0142oszony Rokiem Olgi Bozna\u0144skiej. Z okazji 160. rocznicy urodzin artystki Muzeum Narodowe w Krakowie przygotowa\u0142o program wydarze\u0144 przybli\u017caj\u0105cych jej \u017cycie i dorobek. Mi\u0119dzy innymi od 5 wrze\u015bnia do 2 listopada 2025 roku mo\u017cna tu ogl\u0105da\u0107 wystaw\u0119 czasow\u0105 Bozna\u0144ska. Kameralnie. Pokazano na niej zar\u00f3wno znane prace, jak i te, kt\u00f3re nigdy albo od prawie sze\u015b\u0107dziesi\u0119ciu lat nie by\u0142y prezentowane. Ekspozycj\u0119 dope\u0142niaj\u0105 pami\u0105tki z codziennego \u017cycia Bozna\u0144skiej \u2013 ksi\u0105\u017cki, lusterka, portfeliki, bibeloty, figurki, karty do gry, a tak\u017ce stroje: od codziennych kreacji po fartuch u\u017cywany w pracowni. Po raz pierwszy udost\u0119pniono r\u00f3wnie\u017c dokumenty rodzinne i wyb\u00f3r list\u00f3w, w tym od J\u00f3zefa Czajkowskiego, wa\u017cnej postaci w jej \u017cyciu.<br \/>\nOprac. kj<br \/>\n\u0179r\u00f3d\u0142o: https:\/\/mnk.pl\/artykul\/rok-boznanskiej-w-mnk<\/p>\n<div id=\"attachment_32677\" style=\"width: 408px\" class=\"wp-caption alignnone\"><img loading=\"lazy\" decoding=\"async\" aria-describedby=\"caption-attachment-32677\" class=\" wp-image-32677\" src=\"https:\/\/turysta2.pttk.pl\/wp-content\/uploads\/2025\/10\/Olga-Boznanska-Autoportret-z-kwiatami-ok.-1909-Muzeum-Narodowe-w-Krakowie-209x300.jpg\" alt=\"\" width=\"398\" height=\"571\" srcset=\"https:\/\/turysta2.pttk.pl\/wp-content\/uploads\/2025\/10\/Olga-Boznanska-Autoportret-z-kwiatami-ok.-1909-Muzeum-Narodowe-w-Krakowie-209x300.jpg 209w, https:\/\/turysta2.pttk.pl\/wp-content\/uploads\/2025\/10\/Olga-Boznanska-Autoportret-z-kwiatami-ok.-1909-Muzeum-Narodowe-w-Krakowie-712x1024.jpg 712w, https:\/\/turysta2.pttk.pl\/wp-content\/uploads\/2025\/10\/Olga-Boznanska-Autoportret-z-kwiatami-ok.-1909-Muzeum-Narodowe-w-Krakowie-768x1104.jpg 768w, https:\/\/turysta2.pttk.pl\/wp-content\/uploads\/2025\/10\/Olga-Boznanska-Autoportret-z-kwiatami-ok.-1909-Muzeum-Narodowe-w-Krakowie-1068x1536.jpg 1068w, https:\/\/turysta2.pttk.pl\/wp-content\/uploads\/2025\/10\/Olga-Boznanska-Autoportret-z-kwiatami-ok.-1909-Muzeum-Narodowe-w-Krakowie-1424x2048.jpg 1424w, https:\/\/turysta2.pttk.pl\/wp-content\/uploads\/2025\/10\/Olga-Boznanska-Autoportret-z-kwiatami-ok.-1909-Muzeum-Narodowe-w-Krakowie-scaled.jpg 1780w\" sizes=\"auto, (max-width: 398px) 100vw, 398px\" \/><p id=\"caption-attachment-32677\" class=\"wp-caption-text\">Olga Bozna\u0144ska, Autoportret z kwiatami, ok. 1909, Muzeum Narodowe w Krakowie<\/p><\/div>\n","protected":false},"excerpt":{"rendered":"Olga Bozna\u0144ska, Wn\u0119trze, 1906, Muzeum Narodowe w Krakowie To jedna z najbardziej oryginalnych i cenionych w \u015bwiecie polskich artystek. M\u00f3wi\u0142a o swoich obrazach, \u017ce wspaniale wygl\u0105daj\u0105, bo s\u0105 prawd\u0105, s\u0105 uczciwe, pa\u0144skie, nie ma w nich ma\u0142ostkowo\u015bci, nie ma maniery, nie ma blagi. Olga Bozna\u0144ska (1865\u20131940), c\u00f3rka Francuzki i Polaka, urodzi\u0142a si\u0119 w Krakowie, gdzie odebra\u0142a wst\u0119pne wykszta\u0142cenie artystyczne. Nauk\u0119&nbsp;<a href=\"https:\/\/turysta2.pttk.pl\/?p=32671\" class=\"read-more\">Continue Reading<\/a>","protected":false},"author":13,"featured_media":32675,"comment_status":"closed","ping_status":"closed","sticky":false,"template":"","format":"standard","meta":{"footnotes":""},"categories":[113],"tags":[],"class_list":["post-32671","post","type-post","status-publish","format-standard","has-post-thumbnail","hentry","category-alfabet-krajoznawcy","cat-113-id"],"aioseo_notices":[],"_links":{"self":[{"href":"https:\/\/turysta2.pttk.pl\/index.php?rest_route=\/wp\/v2\/posts\/32671","targetHints":{"allow":["GET"]}}],"collection":[{"href":"https:\/\/turysta2.pttk.pl\/index.php?rest_route=\/wp\/v2\/posts"}],"about":[{"href":"https:\/\/turysta2.pttk.pl\/index.php?rest_route=\/wp\/v2\/types\/post"}],"author":[{"embeddable":true,"href":"https:\/\/turysta2.pttk.pl\/index.php?rest_route=\/wp\/v2\/users\/13"}],"replies":[{"embeddable":true,"href":"https:\/\/turysta2.pttk.pl\/index.php?rest_route=%2Fwp%2Fv2%2Fcomments&post=32671"}],"version-history":[{"count":3,"href":"https:\/\/turysta2.pttk.pl\/index.php?rest_route=\/wp\/v2\/posts\/32671\/revisions"}],"predecessor-version":[{"id":32678,"href":"https:\/\/turysta2.pttk.pl\/index.php?rest_route=\/wp\/v2\/posts\/32671\/revisions\/32678"}],"wp:featuredmedia":[{"embeddable":true,"href":"https:\/\/turysta2.pttk.pl\/index.php?rest_route=\/wp\/v2\/media\/32675"}],"wp:attachment":[{"href":"https:\/\/turysta2.pttk.pl\/index.php?rest_route=%2Fwp%2Fv2%2Fmedia&parent=32671"}],"wp:term":[{"taxonomy":"category","embeddable":true,"href":"https:\/\/turysta2.pttk.pl\/index.php?rest_route=%2Fwp%2Fv2%2Fcategories&post=32671"},{"taxonomy":"post_tag","embeddable":true,"href":"https:\/\/turysta2.pttk.pl\/index.php?rest_route=%2Fwp%2Fv2%2Ftags&post=32671"}],"curies":[{"name":"wp","href":"https:\/\/api.w.org\/{rel}","templated":true}]}}