{"id":32662,"date":"2025-10-31T10:51:44","date_gmt":"2025-10-31T08:51:44","guid":{"rendered":"https:\/\/turysta2.pttk.pl\/?p=32662"},"modified":"2025-10-31T10:51:44","modified_gmt":"2025-10-31T08:51:44","slug":"rycerze-wracaja-na-pola-grunwaldu","status":"publish","type":"post","link":"https:\/\/turysta2.pttk.pl\/?p=32662","title":{"rendered":"Rycerze wracaj\u0105 na pola Grunwaldu"},"content":{"rendered":"<p>Na pole inscenizacji Bitwy pod Grunwaldem wychodzi ponad 1400 rycerzy fot. UMWWM<\/p>\n<p><strong>11 lipca 1998 roku, w 588. rocznic\u0119 wiktorii grun\u00adwaldzkiej, po raz pierwszy od upadku komunizmu odby\u0142a si\u0119 inscenizacja bitwy grunwaldzkiej. Przy\u00adgotowali j\u0105 cz\u0142onkowie bractw rycerskich z ca\u0142ego kraju. W spektaklu, kt\u00f3ry obejrza\u0142o \u2013 jak oceniaj\u0105 organizatorzy \u2013 ponad 20 tysi\u0119cy widz\u00f3w, uczest\u00adniczy\u0142o prawie 400 rycerzy. <\/strong><\/p>\n<p>Pola Grunwaldu zamieni\u0142y si\u0119 w\u00f3wczas w wielkie obozowisko rycerskie. Przyby\u0142y grupy z ca\u0142ego kraju, licz\u0105ce od 3 do 40 cz\u0142onk\u00f3w \u2013 m.in. z Elbl\u0105ga, Tczewa, Warszawy i Bia\u0142egostoku. Wraz z rycer\u00adstwem na pola \u015bci\u0105gn\u0119\u0142y te\u017c damy dworu. Przyci\u0105\u00adgni\u0119to odtworzone \u015bredniowieczne armaty. Ze scenariusza bitwy rozegranej w 1410 roku wybrano tylko trzy epizody: wr\u0119czenie mieczy, atak na Jagie\u0142\u0142\u0119 oraz obalenie wielkiego mistrza Zakonu Krzy\u017cackiego. Krzy\u017caka ochrania\u0142y grupy rycer\u00adskie m.in. z Tczewa i Elbl\u0105ga, za\u015b rycerstwo z War\u00adszawy mia\u0142o go zaatakowa\u0107.<br \/>\nPrzez ca\u0142\u0105 sobot\u0119 dopracowywano scenariusz bitwy. Oko\u0142o godziny 17 wrogie hufce stan\u0119\u0142y naprzeciwko siebie na wzg\u00f3rzach p\u00f3l grunwaldz\u00adkich. Po kr\u00f3tkiej wymianie ognia z bombard posel\u00adstwo wielkiego mistrza Zakonu Krzy\u017cackiego przekaza\u0142o polskiemu kr\u00f3lowi dwa nagie miecze. Potem rozpocz\u0119\u0142y si\u0119 potyczki harcownik\u00f3w, a po nich \u2013 w huku \u015bredniowiecznej kanonady \u2013 szeregi wrogich armii zwar\u0142y si\u0119 w \u015bmiertelnym starciu. Tak jak 588 lat wcze\u015bniej, Krzy\u017cacy ponownie przypu\u015bcili atak na dru\u017cyn\u0119 kr\u00f3la Jagie\u0142\u0142y. By\u0142a to najwi\u0119ksza inscenizacja \u015bredniowiecznej bitwy zorganizowana w Polsce.<\/p>\n<p><strong>Coraz wi\u0119kszy rozmach<br \/>\n<\/strong>W kolejnym roku obchody 589. rocznicy mia\u0142y jeszcze bardziej rozbudowan\u0105 formu\u0142\u0119. Uczestni\u00adczyli w nich harcerze z dru\u017cyn grunwaldzkich oraz \u017co\u0142nierze 15. Dywizji Zmechanizowanej im. Kr\u00f3la W\u0142adys\u0142awa Jagie\u0142\u0142y. W bitewnym szyku na polach Grunwaldu stan\u0119\u0142o oko\u0142o 700 rycerzy. Do drugiego widowiska plenerowego w historii brac\u00adtwa rycerskie przygotowywa\u0142y si\u0119 przez ca\u0142y rok. Go\u015bcinnie walczyli rycerze z Francji, Czech, Bia\u0142orusi, Niemiec i Litwy. P\u00f3\u0142toragodzinnej insce\u00adnizacji przygl\u0105da\u0142o si\u0119 ponad 40 tysi\u0119cy widz\u00f3w.<br \/>\nCz\u0142onkowie bractw rycerskich, kt\u00f3rzy przygoto\u00adwali inscenizacj\u0119, odegrali m.in. wr\u0119czenie kr\u00f3lowi Jagielle dw\u00f3ch nagich mieczy, atak wojsk krzy\u00ad\u017cackich oraz zrzucenie z konia i zabicie mistrza Zakonu. W widowisku plenerowym, przygotowa\u00adnym po raz drugi, uczestniczy\u0142y prawie wszystkie polskie bractwa oraz go\u015bcie z zagranicy. Rol\u0119 wojsk Zakonu przyj\u0119\u0142y na siebie bractwa z p\u00f3\u0142nocy kraju, natomiast reszta rycerstwa zaci\u0105gn\u0119\u0142a si\u0119 w sze\u00adregi wojsk kr\u00f3la Jagie\u0142\u0142y. Si\u0142y obu armii by\u0142y mniej wi\u0119cej takie same.<br \/>\nInscenizacje bitwy z lat 1998 i 1999 osi\u0105gn\u0119\u0142y niebywa\u0142y sukces. Dzi\u0119ki bractwom rycerskim, powstaj\u0105cym z potrzeby serca i zami\u0142owania do tradycji or\u0119\u017cnych, idea grunwaldzka zosta\u0142a nowo rozbudzona. Na pola Grunwaldu przyby\u0142y tysi\u0105ce os\u00f3b, by uczestniczy\u0107 w \u017cywej historii. Nie mecenat polityczny czy obecno\u015b\u0107 dostojnik\u00f3w, ale aktyw\u00adno\u015b\u0107 bractw rycerskich nada\u0142a nowy wymiar tra\u00addycjom grunwaldzkim.<br \/>\nInscenizacje, hojnie wspierane przez sponsor\u00f3w, z roku na rok gromadzi\u0142y coraz wi\u0119cej bractw rycerskich z Polski i Europy. Wraz z nimi na wido\u00adwiska przybywa\u0142y dziesi\u0105tki tysi\u0119cy turyst\u00f3w, dla kt\u00f3rych taka forma popularyzacji stanu rycer\u00adskiego i tradycji grunwaldzkiej silnie przemawia\u0142a do wyobra\u017ani.<\/p>\n<div id=\"attachment_32664\" style=\"width: 426px\" class=\"wp-caption alignnone\"><img loading=\"lazy\" decoding=\"async\" aria-describedby=\"caption-attachment-32664\" class=\" wp-image-32664\" src=\"https:\/\/turysta2.pttk.pl\/wp-content\/uploads\/2025\/10\/3.-Krol-Wladyslaw-Jagiello-fot.-UMWWM_MG_9315-200x300.jpg\" alt=\"\" width=\"416\" height=\"624\" srcset=\"https:\/\/turysta2.pttk.pl\/wp-content\/uploads\/2025\/10\/3.-Krol-Wladyslaw-Jagiello-fot.-UMWWM_MG_9315-200x300.jpg 200w, https:\/\/turysta2.pttk.pl\/wp-content\/uploads\/2025\/10\/3.-Krol-Wladyslaw-Jagiello-fot.-UMWWM_MG_9315-683x1024.jpg 683w, https:\/\/turysta2.pttk.pl\/wp-content\/uploads\/2025\/10\/3.-Krol-Wladyslaw-Jagiello-fot.-UMWWM_MG_9315-768x1152.jpg 768w, https:\/\/turysta2.pttk.pl\/wp-content\/uploads\/2025\/10\/3.-Krol-Wladyslaw-Jagiello-fot.-UMWWM_MG_9315-1024x1536.jpg 1024w, https:\/\/turysta2.pttk.pl\/wp-content\/uploads\/2025\/10\/3.-Krol-Wladyslaw-Jagiello-fot.-UMWWM_MG_9315-1365x2048.jpg 1365w, https:\/\/turysta2.pttk.pl\/wp-content\/uploads\/2025\/10\/3.-Krol-Wladyslaw-Jagiello-fot.-UMWWM_MG_9315-scaled.jpg 1707w\" sizes=\"auto, (max-width: 416px) 100vw, 416px\" \/><p id=\"caption-attachment-32664\" class=\"wp-caption-text\">Kr\u00f3l W\u0142adys\u0142aw Jagie\u0142\u0142o wkracza na pola Grunwaldu fot. UMWWM<\/p><\/div>\n<p><strong>Grunwald 2010 \u2013 wyj\u0105tkowa rocznica <\/strong><br \/>\nPunktem kulminacyjnym, eksplozj\u0105 zaintereso\u00adwania tradycj\u0105 grunwaldzk\u0105 w\u015br\u00f3d turyst\u00f3w i bractw rycerskich, sta\u0142a si\u0119 600. rocznica bitwy, kt\u00f3r\u0105 przygotowano szczeg\u00f3lnie starannie. Orga\u00adnizacj\u0119 uroczysto\u015bci rozpocz\u0119to od powo\u0142ania Komitetu Organizacyjnego 22 czerwca 2006 roku. W 2010 roku udzia\u0142 przedstawicieli w\u0142adz centralnych sta\u0142 si\u0119 tylko dodatkiem do wiel\u00adkiego historycznego pikniku zorganizowanego dla spo\u0142ecze\u0144stwa. Na 600-lecie Grunwaldu przyby\u0142o oko\u0142o 150 tys. widz\u00f3w oraz ponad 1500 rycerzy zrzeszonych w licznych, g\u0142\u00f3wnie pol\u00adskich, bractwach rycerskich. Wspiera\u0142y ich tysi\u0105ce rekonstruktor\u00f3w, przede wszystkim rze\u00admie\u015blnik\u00f3w \u2013 krawc\u00f3w, kowali, p\u0142atnerzy, kalet\u00adnik\u00f3w i szewc\u00f3w.<br \/>\nInscenizacje bitwy pod Grunwaldem, organizo\u00adwane co roku, upowszechni\u0142y kultur\u0119 rycersk\u0105. Liczne grupy rekonstrukcyjne, dzia\u0142aj\u0105ce w wielu miastach o \u015bredniowiecznym rodowodzie, popula\u00adryzuj\u0105 etos rycerski \u2013 jego idea\u0142y i styl \u017cycia. No\u015bni\u00adkiem tych tradycji sta\u0142o si\u0119 m\u0142ode pokolenie Pola\u00adk\u00f3w, dumne z historii w\u0142asnego kraju.<\/p>\n<p><strong>\u017bywa tradycja rycerska <\/strong><br \/>\nJak podaj\u0105 r\u00f3\u017cne \u017ar\u00f3d\u0142a \u2013 na przyk\u0142ad raport z bada\u0144 <em>Grupy rekonstrukcji historycznych, dzia\u0142ania oddolne na rzecz krzewienia kul\u00adtury narodowej <\/em>\u2013 w Polsce dzia\u0142a lub dzia\u0142a\u0142o <strong>ponad 500 grup <\/strong>rekonstrukcji historycznej. Ponad po\u0142owa z nich to bractwa rycerskie.<br \/>\nOrganizacj\u0105 zrzeszaj\u0105c\u0105 stowarzyszenia zwa\u00adne bractwami rycerskimi jest <strong>Kapitu\u0142a Ry\u00adcerstwa Polskiego. <\/strong>Na stronie internetowej KRP mo\u017cemy przeczyta\u0107, \u017ce zosta\u0142a powo\u0142a\u00adna podczas II Kapitu\u0142y Generalnej w Gda\u0144sku, w Dworze Artusa, kt\u00f3ra odby\u0142a si\u0119 w dniach 26\u201327 kwietnia 1997 roku.<\/p>\n<p><em>Tekst <\/em><strong>Dr hab. Dariusz Radziwi\u0142\u0142owicz<br \/>\n<\/strong>Emerytowany profesor Uniwersytetu Warmi\u0144sko- Mazurskiego w Olsztynie, podpu\u0142kownik w stanie spoczynku. Specjalizuje si\u0119 w historii walk o niepodleg\u0142o\u015b\u0107 Polski. Autor i wsp\u00f3\u0142autor 19 ksi\u0105\u017cek.<\/p>\n<p>&nbsp;<\/p>\n","protected":false},"excerpt":{"rendered":"Na pole inscenizacji Bitwy pod Grunwaldem wychodzi ponad 1400 rycerzy fot. UMWWM 11 lipca 1998 roku, w 588. rocznic\u0119 wiktorii grun\u00adwaldzkiej, po raz pierwszy od upadku komunizmu odby\u0142a si\u0119 inscenizacja bitwy grunwaldzkiej. Przy\u00adgotowali j\u0105 cz\u0142onkowie bractw rycerskich z ca\u0142ego kraju. W spektaklu, kt\u00f3ry obejrza\u0142o \u2013 jak oceniaj\u0105 organizatorzy \u2013 ponad 20 tysi\u0119cy widz\u00f3w, uczest\u00adniczy\u0142o prawie 400 rycerzy. Pola Grunwaldu zamieni\u0142y&nbsp;<a href=\"https:\/\/turysta2.pttk.pl\/?p=32662\" class=\"read-more\">Continue Reading<\/a>","protected":false},"author":13,"featured_media":32663,"comment_status":"closed","ping_status":"closed","sticky":false,"template":"","format":"standard","meta":{"footnotes":""},"categories":[14],"tags":[],"class_list":["post-32662","post","type-post","status-publish","format-standard","has-post-thumbnail","hentry","category-krajoznawstwo","cat-14-id"],"aioseo_notices":[],"_links":{"self":[{"href":"https:\/\/turysta2.pttk.pl\/index.php?rest_route=\/wp\/v2\/posts\/32662","targetHints":{"allow":["GET"]}}],"collection":[{"href":"https:\/\/turysta2.pttk.pl\/index.php?rest_route=\/wp\/v2\/posts"}],"about":[{"href":"https:\/\/turysta2.pttk.pl\/index.php?rest_route=\/wp\/v2\/types\/post"}],"author":[{"embeddable":true,"href":"https:\/\/turysta2.pttk.pl\/index.php?rest_route=\/wp\/v2\/users\/13"}],"replies":[{"embeddable":true,"href":"https:\/\/turysta2.pttk.pl\/index.php?rest_route=%2Fwp%2Fv2%2Fcomments&post=32662"}],"version-history":[{"count":1,"href":"https:\/\/turysta2.pttk.pl\/index.php?rest_route=\/wp\/v2\/posts\/32662\/revisions"}],"predecessor-version":[{"id":32665,"href":"https:\/\/turysta2.pttk.pl\/index.php?rest_route=\/wp\/v2\/posts\/32662\/revisions\/32665"}],"wp:featuredmedia":[{"embeddable":true,"href":"https:\/\/turysta2.pttk.pl\/index.php?rest_route=\/wp\/v2\/media\/32663"}],"wp:attachment":[{"href":"https:\/\/turysta2.pttk.pl\/index.php?rest_route=%2Fwp%2Fv2%2Fmedia&parent=32662"}],"wp:term":[{"taxonomy":"category","embeddable":true,"href":"https:\/\/turysta2.pttk.pl\/index.php?rest_route=%2Fwp%2Fv2%2Fcategories&post=32662"},{"taxonomy":"post_tag","embeddable":true,"href":"https:\/\/turysta2.pttk.pl\/index.php?rest_route=%2Fwp%2Fv2%2Ftags&post=32662"}],"curies":[{"name":"wp","href":"https:\/\/api.w.org\/{rel}","templated":true}]}}