{"id":32501,"date":"2025-07-02T15:07:53","date_gmt":"2025-07-02T13:07:53","guid":{"rendered":"https:\/\/turysta2.pttk.pl\/?p=32501"},"modified":"2025-07-02T15:07:53","modified_gmt":"2025-07-02T13:07:53","slug":"kolej-lamie-granice-waskotorowki-w-turystyce-czech-polski-i-slowacji","status":"publish","type":"post","link":"https:\/\/turysta2.pttk.pl\/?p=32501","title":{"rendered":"Kolej \u0142amie granice \u2013 w\u0105skotor\u00f3wki w turystyce Czech, Polski i S\u0142owacji"},"content":{"rendered":"<p><em>Na zdj\u0119ciu: SU45-115 zbli\u017ca si\u0119 na stacj\u0119 G\u00f3rki Noteckie. Wyr\u00f3\u017cnienie z I edycji konkursu \u2013 Robert Trela<\/em><\/p>\n<p><strong>Stowarzyszenie Krzewienia Sportu, Turystyki i Kultury \u201eKolejarz\u201d og\u0142asza otwarty mi\u0119dzynarodowy konkurs fotograficzny pod has\u0142em<\/strong> <strong><em>Kolej \u0142amie granice \u2013 w\u0105skotor\u00f3wki w turystyce Czech, Polski i S\u0142owacji<\/em>.<\/strong><\/p>\n<p>W zwi\u0105zku z obchodami jubileuszu 200-lecia uruchomienia pierwszego poci\u0105gu osobowego, kt\u00f3re mia\u0142o miejsce 27 wrze\u015bnia 1825 roku w Anglii, oraz z okazji przypadaj\u0105cej w 2026 roku 100. rocznicy powo\u0142ania Polskich Kolei Pa\u0144stwowych przez prezydenta Ignacego Mo\u015bcickiego dnia 24 wrze\u015bnia 1926 roku, organizatorzy og\u0142aszaj\u0105 Polsko-Czesko-S\u0142owacki otwarty konkurs fotograficzny. Dzi\u0119ki wsp\u00f3\u0142pracy SKSTiK \u201eKolejarz\u201d z warszawskim Instytutem S\u0142owackim inauguracj\u0119 wydarzenia zorganizowano 14 maja 2025 roku w formie konferencji prasowej. Prowadzili j\u0105 Milan Novotny, dyrektor Instytutu S\u0142owackiego i gospodarz spotkania, oraz Andrzej Walczyk, tw\u00f3rca konkursu i cz\u0142onek zarz\u0105du Stowarzyszenia \u201eKolejarz\u201d. Podczas konferencji go\u015bciom przedstawiono histori\u0119 I edycji konkursu z lat 2023\u20132024 oraz przekazano informacje o obecnej, II edycji.<\/p>\n<p>Konkurs trzech granicz\u0105cych ze sob\u0105 pa\u0144stw b\u0119dzie trwa\u0142 w okresie maj 2025\u2013 lipiec 2026. W tym okresie fotografuj\u0105cy mog\u0105 nadsy\u0142a\u0107 wykonane przez siebie na terenie jednego z trzech wymienionych kraj\u00f3w fotografie na adres podany w regulaminie.<br \/>\nJury konkursowe b\u0119dzie ocenia\u0142o przedstawione prace w pierwszej po\u0142owie sierpnia 2026 roku. Wernisa\u017c i uroczyste wr\u0119czenie nagr\u00f3d laureatom nast\u0105pi 11 wrze\u015bnia 2026 roku w Muzeum Przyrody i Techniki \u201eEkomuzeum\u201d im. Jana Pazdura w Starachowicach.<\/p>\n<p>Og\u0142oszona w 2023 roku pierwsza edycja konkursu mia\u0142a za zadanie przedstawi\u0107 najpi\u0119kniejsze trasy turystyki kolejowej na terenie Polski i S\u0142owacji. W grudniu 2024 w Muzeum Sportu i Turystyki w Warszawie odby\u0142 si\u0119 wernisa\u017c i wr\u0119czenie statuetek. Nagrodzone 21 prac w formie wielkoformatowych wydruk\u00f3w prezentowane s\u0105 na wystawach w polskich i s\u0142owackich miastach. Elektroniczna wersja katalogu jest dost\u0119pna na stronie <a href=\"https:\/\/kolejarz.org\/2024\/12\/04\/informacje-o-zakonczeniu-konkursu-fotograficznego\/\">https:\/\/kolejarz.org\/2024\/12\/04\/informacje-o-zakonczeniu-konkursu-fotograficznego\/<\/a><\/p>\n<p>Do drugiej edycji konkursu jako partnerzy zostali zaproszeni Czesi. Zwi\u0119kszaj\u0105c terytorialny obszar konkursowego dzia\u0142ania, organizatorzy chc\u0105 pokaza\u0107 kolejny element historycznej dzia\u0142alno\u015bci kolei.<br \/>\nSukces I edycji konkursu i liczne wystawy pokonkursowe w Polsce i na S\u0142owacji daj\u0105 organizatorom nadziej\u0119, \u017ce nowa edycja spotka si\u0119 z jeszcze wi\u0119kszym zainteresowaniem fotograf\u00f3w.<br \/>\nRegulamin i karty zg\u0142osze\u0144 s\u0105 dost\u0119pne w trzech wersjach j\u0119zykowych na stronie <a href=\"http:\/\/www.kolejarz.org\">www.kolejarz.org<\/a>. Informacje o konkursie znajdziesz w zak\u0142adce kultura oraz pod numerami telefon\u00f3w:<\/p>\n<p>+48 608 082\u00a0808, e-mail: w j\u0119zyku polskim <a href=\"http:\/\/a.walczyk.kolejarz.org\"><u>a.walczyk.kolejarz.org<\/u><\/a><\/p>\n<p>+48 502 280\u00a0488, e-mail: w j\u0119zyku s\u0142owackim <a href=\"mailto:zivot@tsp.org.pl\">zivot@tsp.org.pl<\/a><\/p>\n<p>+48 608 293\u00a0382, e-mail: w j\u0119zyku czeskim <a href=\"mailto:bojanowska@czechcentres.cz\">bojanowska@czechcentres.cz<\/a><\/p>\n<p>+48 22 56 03 782, e-mail: <a href=\"mailto:sekretariat@muzeumsportu.waw.pl\">sekretariat@muzeumsportu.waw.pl<\/a><\/p>\n<p><em>Tekst<\/em> <strong>Andrzej Walczyk<br \/>\n<\/strong>Cz\u0142onek Zarz\u0105du SKSTiK \u201eKolejarz\u201d<\/p>\n<p>&nbsp;<\/p>\n<p><strong>Partnerami wydarzenia s\u0105:<\/strong><br \/>\nBiuro Turystyki Kolejowej TurKol.pl,<br \/>\nCzeskie Centrum Warszawa,<br \/>\nFundacja Grupy PKP,<br \/>\nInstytut Polski w Bratys\u0142awie, S\u0142owacja,<br \/>\nInstytut Polski w Pradze, Czechy,<br \/>\nInstytut S\u0142owacki w Warszawie,<br \/>\nKolejowe Towarzystwo Kultury w Krakowie,<br \/>\nLiteracka Jazda-PKP,<br \/>\nMonitor Polonijny-miesi\u0119cznik spo\u0142eczno-kulturalny Polak\u00f3w w Republice S\u0142owackiej,<br \/>\nMuzeum Przyrody i Techniki \"Ekomuzeum\" im. Jana Pazdura w Starachowicach,<br \/>\nMuzeum Sportu i Turystyki w Warszawie,<br \/>\nPrzedstawicielstwo SLOVAKIA TRAVEL w Polsce,<br \/>\nPrzeka\u017anik-miesi\u0119cznik FZZPAiT PKP,<br \/>\nStacja Muzeum w Warszawie,<br \/>\nTelewizja Polska S.A.,<br \/>\nTowarzystwo S\u0142owak\u00f3w w Polsce, Krak\u00f3w,<br \/>\nZwi\u0105zek Zawodowy Kolejarzy Czeskich, Praga, Czechy,<br \/>\n\u017dIVOT-miesi\u0119cznik spo\u0142eczno-kulturalny, Krak\u00f3w,<\/p>\n<p>&nbsp;<\/p>\n<p>&nbsp;<\/p>\n","protected":false},"excerpt":{"rendered":"Na zdj\u0119ciu: SU45-115 zbli\u017ca si\u0119 na stacj\u0119 G\u00f3rki Noteckie. Wyr\u00f3\u017cnienie z I edycji konkursu \u2013 Robert Trela Stowarzyszenie Krzewienia Sportu, Turystyki i Kultury \u201eKolejarz\u201d og\u0142asza otwarty mi\u0119dzynarodowy konkurs fotograficzny pod has\u0142em Kolej \u0142amie granice \u2013 w\u0105skotor\u00f3wki w turystyce Czech, Polski i S\u0142owacji. W zwi\u0105zku z obchodami jubileuszu 200-lecia uruchomienia pierwszego poci\u0105gu osobowego, kt\u00f3re mia\u0142o miejsce 27 wrze\u015bnia 1825 roku w&nbsp;<a href=\"https:\/\/turysta2.pttk.pl\/?p=32501\" class=\"read-more\">Continue Reading<\/a>","protected":false},"author":13,"featured_media":32503,"comment_status":"closed","ping_status":"closed","sticky":false,"template":"","format":"standard","meta":{"footnotes":""},"categories":[11,88],"tags":[],"class_list":["post-32501","post","type-post","status-publish","format-standard","has-post-thumbnail","hentry","category-turysta-poleca","category-z-aparatem","cat-11-id","cat-88-id"],"aioseo_notices":[],"_links":{"self":[{"href":"https:\/\/turysta2.pttk.pl\/index.php?rest_route=\/wp\/v2\/posts\/32501","targetHints":{"allow":["GET"]}}],"collection":[{"href":"https:\/\/turysta2.pttk.pl\/index.php?rest_route=\/wp\/v2\/posts"}],"about":[{"href":"https:\/\/turysta2.pttk.pl\/index.php?rest_route=\/wp\/v2\/types\/post"}],"author":[{"embeddable":true,"href":"https:\/\/turysta2.pttk.pl\/index.php?rest_route=\/wp\/v2\/users\/13"}],"replies":[{"embeddable":true,"href":"https:\/\/turysta2.pttk.pl\/index.php?rest_route=%2Fwp%2Fv2%2Fcomments&post=32501"}],"version-history":[{"count":3,"href":"https:\/\/turysta2.pttk.pl\/index.php?rest_route=\/wp\/v2\/posts\/32501\/revisions"}],"predecessor-version":[{"id":32509,"href":"https:\/\/turysta2.pttk.pl\/index.php?rest_route=\/wp\/v2\/posts\/32501\/revisions\/32509"}],"wp:featuredmedia":[{"embeddable":true,"href":"https:\/\/turysta2.pttk.pl\/index.php?rest_route=\/wp\/v2\/media\/32503"}],"wp:attachment":[{"href":"https:\/\/turysta2.pttk.pl\/index.php?rest_route=%2Fwp%2Fv2%2Fmedia&parent=32501"}],"wp:term":[{"taxonomy":"category","embeddable":true,"href":"https:\/\/turysta2.pttk.pl\/index.php?rest_route=%2Fwp%2Fv2%2Fcategories&post=32501"},{"taxonomy":"post_tag","embeddable":true,"href":"https:\/\/turysta2.pttk.pl\/index.php?rest_route=%2Fwp%2Fv2%2Ftags&post=32501"}],"curies":[{"name":"wp","href":"https:\/\/api.w.org\/{rel}","templated":true}]}}