{"id":32473,"date":"2025-06-30T14:17:41","date_gmt":"2025-06-30T12:17:41","guid":{"rendered":"https:\/\/turysta2.pttk.pl\/?p=32473"},"modified":"2025-06-30T14:17:41","modified_gmt":"2025-06-30T12:17:41","slug":"w-siodle-przez-polske","status":"publish","type":"post","link":"https:\/\/turysta2.pttk.pl\/?p=32473","title":{"rendered":"W siodle przez Polsk\u0119"},"content":{"rendered":"<p>Konie ze stajni Sawinda: Alaska, Cearry, Harisa w Jeziorze Garbas fot. <em>Natalia Makowiecka<\/em><\/p>\n<p><strong>Cho\u0107 \u201eturystyka konna\u201d to stosunkowo m\u0142ode okre\u015blenie, jej korzeni nale\u017cy szuka\u0107 w pierw\u00adszych w\u0119dr\u00f3wkach przodownik\u00f3w \u2013 prekurso\u00adr\u00f3w, dzia\u0142aczy PTTK, kt\u00f3rzy \u2013 bez nazywania tego rodzaju aktywno\u015bci \u2013 przemierzali rozleg\u0142e tereny w siodle. <\/strong><\/p>\n<p>Turystyka konna niesie ze sob\u0105 wiele warto\u015bci. Zaspokaja potrzeby emocjonalne, ma walory poznawcze \u2013 wzbogaca wiedz\u0119 o kraju i jego kultu\u00adrze, wspiera rozw\u00f3j praktycznych umiej\u0119tno\u015bci \u2013 technicznych i terenowych, a jednocze\u015bnie sprzyja zdrowiu dzi\u0119ki aktywno\u015bci fizycznej. Ma tak\u017ce wymiar wychowawczy, kszta\u0142tuj\u0105c cechy takie jak odpowiedzialno\u015b\u0107, wytrwa\u0142o\u015b\u0107 czy samodzielno\u015b\u0107.<\/p>\n<p>Aby rozpocz\u0105\u0107 przygod\u0119 z turystyk\u0105 konn\u0105, warto poszuka\u0107 w okolicy stajni organizuj\u0105cej spa\u00adcery, wycieczki lub rajdy konne. Takie wyprawy prowadz\u0105 zazwyczaj do\u015bwiadczeni przodownicy i instruktorzy PTTK, znaj\u0105cy teren, otwarci i pe\u0142ni pasji do wsp\u00f3lnego podr\u00f3\u017cowania. Konie uczestni\u00adcz\u0105ce w tego rodzaju eskapadach s\u0105 przyzwycza\u00adjone do d\u0142ugich tras i biwak\u00f3w.<\/p>\n<p>Gdy zdob\u0119dziemy ju\u017c pierwsze do\u015bwiadczenia, mo\u017cemy wyruszy\u0107 na d\u0142u\u017csz\u0105 wypraw\u0119 jednym z oficjalnych szlak\u00f3w PTTK. Do najciekawszych nale\u017c\u0105<strong>:<\/strong><\/p>\n<ul>\n<li><strong>Sudecki Szlak Konny PTTK <\/strong>(360 km) \u2013 prowadzi od Karpacza po L\u0105dek-Zdr\u00f3j, przez Park Naro\u00addowy G\u00f3r Sto\u0142owych oraz parki krajobrazowe: \u015anie\u017cnicki, Rudawski i G\u00f3r Sowich,<\/li>\n<li><strong>\u015awi\u0119tokrzyski Szlak Konny PTTK <\/strong>(300 km) \u2013 biegnie wok\u00f3\u0142 Kielc, przez najpi\u0119kniejsze rejony G\u00f3r \u015awi\u0119tokrzyskich, m.in. \u015awi\u0119ty Krzy\u017c i Obl\u0119gorek,<\/li>\n<li><strong>Transbeskidzki Szlak Konny PTTK <\/strong>(600 km) \u2013 rozci\u0105ga si\u0119 od Brennej w Beskidzie \u015al\u0105skim po Wo\u0142osate w Bieszczadach, przez Podhale i Beskid Niski,<\/li>\n<li><strong>Transjurajski Szlak Konny PTTK <\/strong>(277 km) \u2013 przebiega przez Jur\u0119 Krakowsko-Cz\u0119sto\u00adchowsk\u0105, Pustyni\u0119 B\u0142\u0119dowsk\u0105, ruiny zamk\u00f3w w Rabsztynie, Ogrodzie\u0144cu, Bobolicach i Miro\u00adwie oraz zesp\u00f3\u0142 pa\u0142acowy w Z\u0142otym Potoku i wapienne ska\u0142ki.<\/li>\n<li>Na ka\u017cdym z tych szlak\u00f3w znajduj\u0105 si\u0119 miejsca popasu dla koni oraz noclegi dla je\u017ad\u017ac\u00f3w.<\/li>\n<\/ul>\n<p><em>Tekst <\/em><strong>Anita Pieczy\u0144ska<br \/>\n<\/strong>Przodownik Turystyki Je\u017adzieckiej PTTK, prezes Stowarzyszenia Klub Je\u017adziecki Sawinda.<\/p>\n<p style=\"text-align: center;\"><strong>\u00a0 \u00a0Kalendarz konnych imprez otwartych (lipiec \u2013 listopad 2025) <\/strong><\/p>\n<ul>\n<li><strong>12 \u2013 13 lipca <\/strong>Zawody TREC pe\u0142ne *\/** Pajtu\u0144ski M\u0142yn (woj. war\u00admi\u0144sko-mazurskie);<\/li>\n<li><strong>12 \u2013 13 wrze\u015bnia <\/strong>Zawody TREC PTTK *\/**, Stadnina Koni Kurki (woj. warmi\u0144sko-mazurskie);<\/li>\n<li><strong>20 \u2013 21 wrze\u015bnia <\/strong>Zawody TREC PTTK * Le\u015bna \u0141\u0105ka (woj. mazo\u00adwieckie);<\/li>\n<li><strong>4 \u2013 5 pa\u017adziernika <\/strong>Zawody TREC PTTK *\/** Kolorowe Wzg\u00f3rze (woj. mazowieckie);<\/li>\n<li><strong>15 \u2013 16 listopada <\/strong>Sejmik Przodownik\u00f3w i Instruktor\u00f3w PTTK Stajnia Harmony Park (woj. mazowieckie).<\/li>\n<li>Gwiazdki oznaczaj\u0105 stopie\u0144 trudno\u015bci zawod\u00f3w TREC PTTK.<\/li>\n<\/ul>\n<p>Kalendarz imprez z dok\u0142adnymi informacjami i kontaktami jest dost\u0119pny na stronie <a href=\"https:\/\/trec.pttk.pl\/kalendarz-imprez-trec\/\">https:\/\/trec.pttk.pl\/kalendarz-imprez-trec\/<\/a><\/p>\n<p>&nbsp;<\/p>\n<p><strong>Zaproszenie nad jezioro Sawinda Wielka<\/strong><br \/>\nStowarzyszenie Klub Je\u017adziecki SAWINDA w Czerwonce (gmi\u00adna Stare Juchy, powiat e\u0142cki) to miejsce, w kt\u00f3rym odbywaj\u0105 si\u0119 m.in. spacery i wycieczki konne z Przodownikiem Turystyki Je\u017adzieckiej PTTK, Anit\u0105 Pieczy\u0144sk\u0105. Dost\u0119p do rozleg\u0142ych las\u00f3w i licznych jezior w okolicy sprawia, \u017ce turysta mo\u017ce sp\u0119dzi\u0107 tu wyj\u0105tkowe chwile z dala od miejskiego zgie\u0142ku, poznaj\u0105c z ko\u0144\u00adskiego grzbietu ciekaw\u0105 histori\u0119 teren\u00f3w gminy Stare Juchy oraz losy dawniej zamieszkuj\u0105cego te ziemie ludu \u2013 Ja\u0107wing\u00f3w. O\u015bro\u00addek po\u0142o\u017cony jest nad malowniczym jeziorem Sawinda Wielka, od kt\u00f3rego Klub zaczerpn\u0105\u0142 swoj\u0105 nazw\u0119.<\/p>\n<div id=\"attachment_32479\" style=\"width: 398px\" class=\"wp-caption alignnone\"><a href=\"https:\/\/turysta2.pttk.pl\/wp-content\/uploads\/2025\/06\/3.-Plac-do-jazdy-Klub-Jezdziecki-Sawinda-fot.-Anita-Pieczynska.jpg\"><img loading=\"lazy\" decoding=\"async\" aria-describedby=\"caption-attachment-32479\" class=\" wp-image-32479\" src=\"https:\/\/turysta2.pttk.pl\/wp-content\/uploads\/2025\/06\/3.-Plac-do-jazdy-Klub-Jezdziecki-Sawinda-fot.-Anita-Pieczynska-225x300.jpg\" alt=\"\" width=\"388\" height=\"518\" srcset=\"https:\/\/turysta2.pttk.pl\/wp-content\/uploads\/2025\/06\/3.-Plac-do-jazdy-Klub-Jezdziecki-Sawinda-fot.-Anita-Pieczynska-225x300.jpg 225w, https:\/\/turysta2.pttk.pl\/wp-content\/uploads\/2025\/06\/3.-Plac-do-jazdy-Klub-Jezdziecki-Sawinda-fot.-Anita-Pieczynska-768x1024.jpg 768w, https:\/\/turysta2.pttk.pl\/wp-content\/uploads\/2025\/06\/3.-Plac-do-jazdy-Klub-Jezdziecki-Sawinda-fot.-Anita-Pieczynska-1152x1536.jpg 1152w, https:\/\/turysta2.pttk.pl\/wp-content\/uploads\/2025\/06\/3.-Plac-do-jazdy-Klub-Jezdziecki-Sawinda-fot.-Anita-Pieczynska.jpg 1536w\" sizes=\"auto, (max-width: 388px) 100vw, 388px\" \/><\/a><p id=\"caption-attachment-32479\" class=\"wp-caption-text\">Plac do jazdy konnej Stowarzyszenia Klub Je\u017adziecki Sawinda fot. Anita Pieczy\u0144ska<\/p><\/div>\n<p>&nbsp;<\/p>\n","protected":false},"excerpt":{"rendered":"Konie ze stajni Sawinda: Alaska, Cearry, Harisa w Jeziorze Garbas fot. Natalia Makowiecka Cho\u0107 \u201eturystyka konna\u201d to stosunkowo m\u0142ode okre\u015blenie, jej korzeni nale\u017cy szuka\u0107 w pierw\u00adszych w\u0119dr\u00f3wkach przodownik\u00f3w \u2013 prekurso\u00adr\u00f3w, dzia\u0142aczy PTTK, kt\u00f3rzy \u2013 bez nazywania tego rodzaju aktywno\u015bci \u2013 przemierzali rozleg\u0142e tereny w siodle. Turystyka konna niesie ze sob\u0105 wiele warto\u015bci. Zaspokaja potrzeby emocjonalne, ma walory poznawcze \u2013 wzbogaca&nbsp;<a href=\"https:\/\/turysta2.pttk.pl\/?p=32473\" class=\"read-more\">Continue Reading<\/a>","protected":false},"author":13,"featured_media":32477,"comment_status":"closed","ping_status":"closed","sticky":false,"template":"","format":"standard","meta":{"footnotes":""},"categories":[72,41],"tags":[],"class_list":["post-32473","post","type-post","status-publish","format-standard","has-post-thumbnail","hentry","category-turystyka-jezdziecka","category-turystyka-pttk","cat-72-id","cat-41-id"],"aioseo_notices":[],"_links":{"self":[{"href":"https:\/\/turysta2.pttk.pl\/index.php?rest_route=\/wp\/v2\/posts\/32473","targetHints":{"allow":["GET"]}}],"collection":[{"href":"https:\/\/turysta2.pttk.pl\/index.php?rest_route=\/wp\/v2\/posts"}],"about":[{"href":"https:\/\/turysta2.pttk.pl\/index.php?rest_route=\/wp\/v2\/types\/post"}],"author":[{"embeddable":true,"href":"https:\/\/turysta2.pttk.pl\/index.php?rest_route=\/wp\/v2\/users\/13"}],"replies":[{"embeddable":true,"href":"https:\/\/turysta2.pttk.pl\/index.php?rest_route=%2Fwp%2Fv2%2Fcomments&post=32473"}],"version-history":[{"count":2,"href":"https:\/\/turysta2.pttk.pl\/index.php?rest_route=\/wp\/v2\/posts\/32473\/revisions"}],"predecessor-version":[{"id":32483,"href":"https:\/\/turysta2.pttk.pl\/index.php?rest_route=\/wp\/v2\/posts\/32473\/revisions\/32483"}],"wp:featuredmedia":[{"embeddable":true,"href":"https:\/\/turysta2.pttk.pl\/index.php?rest_route=\/wp\/v2\/media\/32477"}],"wp:attachment":[{"href":"https:\/\/turysta2.pttk.pl\/index.php?rest_route=%2Fwp%2Fv2%2Fmedia&parent=32473"}],"wp:term":[{"taxonomy":"category","embeddable":true,"href":"https:\/\/turysta2.pttk.pl\/index.php?rest_route=%2Fwp%2Fv2%2Fcategories&post=32473"},{"taxonomy":"post_tag","embeddable":true,"href":"https:\/\/turysta2.pttk.pl\/index.php?rest_route=%2Fwp%2Fv2%2Ftags&post=32473"}],"curies":[{"name":"wp","href":"https:\/\/api.w.org\/{rel}","templated":true}]}}