{"id":32455,"date":"2025-06-30T13:13:18","date_gmt":"2025-06-30T11:13:18","guid":{"rendered":"https:\/\/turysta2.pttk.pl\/?p=32455"},"modified":"2025-06-30T13:13:18","modified_gmt":"2025-06-30T11:13:18","slug":"korona-wojewodztwa-slaskiego-ruszaj-po-przygode","status":"publish","type":"post","link":"https:\/\/turysta2.pttk.pl\/?p=32455","title":{"rendered":"Korona Wojew\u00f3dztwa \u015al\u0105skiego \u2013 ruszaj po przygod\u0119!"},"content":{"rendered":"<p><strong>Mi\u0142o\u015bnicy g\u00f3rskich w\u0119dr\u00f3wek i odkrywania nowych miejsc znajd\u0105 w wojew\u00f3dztwie \u015bl\u0105skim nie lada wyzwanie \u2013 Koron\u0119 Wojew\u00f3dztwa \u015al\u0105\u00adskiego. To projekt, kt\u00f3ry zach\u0119ca do zdobywania najwy\u017cszych wzniesie\u0144 w poszczeg\u00f3lnych mia\u00adstach, odkrywaj\u0105c przy tym r\u00f3\u017cnorodno\u015b\u0107 krajo\u00adbrazu i przyrody regionu. <\/strong><\/p>\n<p>Aby stworzy\u0107 list\u0119 tych szczyt\u00f3w, konieczne by\u0142o przeanalizowanie wielu map. Zadanie to dostarczy\u00ad\u0142o autorom nie tylko wielu emocji, ale tak\u017ce satys\u00adfakcji i sporo dobrej zabawy w terenie. Zestawienie, kt\u00f3re powsta\u0142o, jest \u2013 jak podkre\u015blaj\u0105 tw\u00f3rcy pro\u00adjektu \u2013 autorskie. W niekt\u00f3rych miastach uwzgl\u0119d\u00adniono nie najwy\u017csze, lecz bardziej dost\u0119pne lub znane miejsca, a cz\u0119sto brano pod uwag\u0119 obszar ca\u0142ej gminy, a nie tylko granice administracyjne miasta. Cz\u0119\u015b\u0107 miejscowo\u015bci nie znalaz\u0142a si\u0119 w zesta\u00adwieniu z powodu niemo\u017cno\u015bci jednoznacznego wyznaczenia najwy\u017cszego wzniesienia, co nie oznacza, \u017ce nie warto ich odwiedzi\u0107.<\/p>\n<p>Autorzy zauwa\u017caj\u0105 r\u00f3wnie\u017c, \u017ce nazwa wojew\u00f3dz\u00adtwa \u015bl\u0105skiego nie do ko\u0144ca oddaje jego historyczne dziedzictwo. Patrz\u0105c na map\u0119, widzimy, \u017ce w jego sk\u0142ad wchodz\u0105 \u2013 zajmuj\u0105c podobn\u0105 powierzchni\u0119 \u2013 ziemie zar\u00f3wno \u015al\u0105ska, jak i Ma\u0142opolski. Zosta\u0142o to uwzgl\u0119dnione w projekcie odznaki, gdzie zna\u00adlaz\u0142y si\u0119 herby obu tych historycznych region\u00f3w.<\/p>\n<p>Korona Woje\u00adw\u00f3dztwa \u015al\u0105skiego to g\u00f3ry i wzg\u00f3rza rozci\u0105gaj\u0105ce si\u0119 od Beskid\u00f3w po Wy\u017cyn\u0119 \u015al\u0105sk\u0105 i Jur\u0119 Krakowsko\u00ad-Cz\u0119stochowsk\u0105. Cho\u0107 w regionie nie brakuje wysokich szczyt\u00f3w, projekt uwzgl\u0119dnia r\u00f3wnie\u017c niewielkie wzniesienia o lokalnym znaczeniu. Dzi\u0119ki temu ka\u017cdy znajdzie co\u015b dla siebie \u2013 od stro\u00admych podej\u015b\u0107 po \u0142agodne pag\u00f3rki.<\/p>\n<p>Najwy\u017cszym punktem w tym zestawieniu jest Skrzyczne (1257 m n.p.m.) \u2013 duma Beskidu \u015al\u0105skiego, oferuj\u0105ca przepi\u0119kne widoki. Na drugim biegunie znajduj\u0105 si\u0119 bardziej symboliczne wzniesienia, takie jak G\u00f3ra Zamkowa w Cieszynie czy wzg\u00f3rza Jury Krakowsko-Cz\u0119stochowskiej.<\/p>\n<p>Projekt stanowi doskona\u0142\u0105 motywacj\u0119 do aktyw\u00adnego sp\u0119dzania czasu na \u015bwie\u017cym powietrzu, \u00a0a jednocze\u015bnie pozwala odkrywa\u0107 mniej znane zak\u0105tki wojew\u00f3dztwa. To tak\u017ce okazja do poznania geograficznej i historycznej r\u00f3\u017cnorodno\u015bci regionu. Na trasie spotkamy malownicze rezerwaty przy\u00adrody, zabytkowe zamki oraz obiekty dziedzictwa przemys\u0142owego, z kt\u00f3rego \u015al\u0105sk s\u0142ynie.<\/p>\n<p>Dla tych, kt\u00f3rzy lubi\u0105 rywalizacj\u0119 i wyznaczanie sobie cel\u00f3w, przygotowano specjaln\u0105 ksi\u0105\u017ceczk\u0119 i odznak\u0119. Po zdobyciu wszystkich wymaganych szczyt\u00f3w mo\u017cna ubiega\u0107 si\u0119 o wyr\u00f3\u017cnienie, kt\u00f3re b\u0119dzie nie tylko pami\u0105tk\u0105, ale te\u017c dowodem na pokonanie w\u0142asnych s\u0142abo\u015bci.<\/p>\n<p>Koron\u0119 Wojew\u00f3dztwa \u015al\u0105skiego mo\u017ce zdoby\u00adwa\u0107 ka\u017cdy \u2013 zar\u00f3wno do\u015bwiadczeni g\u00f3ro\u0142azi, jak i osoby dopiero rozpoczynaj\u0105ce swoj\u0105 przygod\u0119 z turystyk\u0105 piesz\u0105. Wystarczy wyposa\u017cy\u0107 si\u0119 w ksi\u0105\u017ceczk\u0119 zdobywcy i rozpocz\u0105\u0107 eksplorowa\u00adnie kolejnych wzniesie\u0144, zbieraj\u0105c potwierdzenia wej\u015bcia w postaci zdj\u0119\u0107, piecz\u0105tek lub wpis\u00f3w przewodnik\u00f3w.<\/p>\n<p>To doskona\u0142a propozycja r\u00f3wnie\u017c dla rodzin \u2013 wiele tras prowadzi przez \u0142agodne tereny, kt\u00f3re bez problemu pokonaj\u0105 nawet najm\u0142odsi piechurzy.<\/p>\n<p>Korona Wojew\u00f3dztwa \u015al\u0105skiego to projekt, kt\u00f3ry pozwala inaczej spojrze\u0107 na wojew\u00f3dztwo \u015bl\u0105skie \u2013 nie tylko jako region przemys\u0142owy, ale r\u00f3wnie\u017c obszar pe\u0142en wspania\u0142ych miejsc do odkrycia. Niezale\u017cnie od tego, czy kto\u015b szuka wyzwa\u0144, czy spokojnych spacer\u00f3w w\u015br\u00f3d przyrody \u2013 ka\u017cdy znajdzie tu co\u015b dla siebie.<\/p>\n<p><em>Tekst<\/em> <strong>Tomasz Biernat<\/strong><br \/>\nArchitekt, z zami\u0142owania podr\u00f3\u017cnik i przewodnik turystyczny. Prezes G\u00f3rno\u015bl\u0105skiego Oddzia\u0142u PTTK w Katowicach. Autor i wsp\u00f3\u0142tw\u00f3rca projekt\u00f3w Oddzia\u0142u m.in. Korona Wojew\u00f3dztwa \u015al\u0105skiego, Koruna hor \u010cR i odznak promuj\u0105cych g\u0142\u00f3wne grzbiety Ma\u0142ej i Wielkiej Fatry.<\/p>\n<p><em>Zdj\u0119cie g\u0142\u00f3wne:<\/em> Skrzyczne \u2013 najwy\u017cszy szczyt w Beskidzie \u015al\u0105skim <em>fot. Tomasz Biernat<\/em><\/p>\n<p>&nbsp;<\/p>\n<div id=\"attachment_32465\" style=\"width: 615px\" class=\"wp-caption alignnone\"><a href=\"https:\/\/turysta2.pttk.pl\/wp-content\/uploads\/2025\/06\/4.-Schronisko-PTTK-Skrzyczne-fot.-Radoslaw-Rozum-scaled.jpg\"><img loading=\"lazy\" decoding=\"async\" aria-describedby=\"caption-attachment-32465\" class=\" wp-image-32465\" src=\"https:\/\/turysta2.pttk.pl\/wp-content\/uploads\/2025\/06\/4.-Schronisko-PTTK-Skrzyczne-fot.-Radoslaw-Rozum-300x169.jpg\" alt=\"\" width=\"605\" height=\"341\" srcset=\"https:\/\/turysta2.pttk.pl\/wp-content\/uploads\/2025\/06\/4.-Schronisko-PTTK-Skrzyczne-fot.-Radoslaw-Rozum-300x169.jpg 300w, https:\/\/turysta2.pttk.pl\/wp-content\/uploads\/2025\/06\/4.-Schronisko-PTTK-Skrzyczne-fot.-Radoslaw-Rozum-1024x577.jpg 1024w, https:\/\/turysta2.pttk.pl\/wp-content\/uploads\/2025\/06\/4.-Schronisko-PTTK-Skrzyczne-fot.-Radoslaw-Rozum-768x432.jpg 768w, https:\/\/turysta2.pttk.pl\/wp-content\/uploads\/2025\/06\/4.-Schronisko-PTTK-Skrzyczne-fot.-Radoslaw-Rozum-1536x865.jpg 1536w, https:\/\/turysta2.pttk.pl\/wp-content\/uploads\/2025\/06\/4.-Schronisko-PTTK-Skrzyczne-fot.-Radoslaw-Rozum-2048x1153.jpg 2048w\" sizes=\"auto, (max-width: 605px) 100vw, 605px\" \/><\/a><p id=\"caption-attachment-32465\" class=\"wp-caption-text\">Schronisko PTTK Skrzyczne fot. Rados\u0142aw Rozum<\/p><\/div>\n<div id=\"attachment_32467\" style=\"width: 334px\" class=\"wp-caption alignnone\"><a href=\"https:\/\/turysta2.pttk.pl\/wp-content\/uploads\/2025\/06\/3.-Rotunda-Gora_Zamkowa-fot.-Tomasz-Biernat-scaled.jpg\"><img loading=\"lazy\" decoding=\"async\" aria-describedby=\"caption-attachment-32467\" class=\" wp-image-32467\" src=\"https:\/\/turysta2.pttk.pl\/wp-content\/uploads\/2025\/06\/3.-Rotunda-Gora_Zamkowa-fot.-Tomasz-Biernat-225x300.jpg\" alt=\"\" width=\"324\" height=\"432\" srcset=\"https:\/\/turysta2.pttk.pl\/wp-content\/uploads\/2025\/06\/3.-Rotunda-Gora_Zamkowa-fot.-Tomasz-Biernat-225x300.jpg 225w, https:\/\/turysta2.pttk.pl\/wp-content\/uploads\/2025\/06\/3.-Rotunda-Gora_Zamkowa-fot.-Tomasz-Biernat-768x1024.jpg 768w, https:\/\/turysta2.pttk.pl\/wp-content\/uploads\/2025\/06\/3.-Rotunda-Gora_Zamkowa-fot.-Tomasz-Biernat-1152x1536.jpg 1152w, https:\/\/turysta2.pttk.pl\/wp-content\/uploads\/2025\/06\/3.-Rotunda-Gora_Zamkowa-fot.-Tomasz-Biernat-1536x2048.jpg 1536w, https:\/\/turysta2.pttk.pl\/wp-content\/uploads\/2025\/06\/3.-Rotunda-Gora_Zamkowa-fot.-Tomasz-Biernat-scaled.jpg 1920w\" sizes=\"auto, (max-width: 324px) 100vw, 324px\" \/><\/a><p id=\"caption-attachment-32467\" class=\"wp-caption-text\">Roma\u0144ska rotunda \u015bw. Miko\u0142aja i \u015bw. Wac\u0142awa w Cieszynie fot. Tomasz Biernat<\/p><\/div>\n<div id=\"attachment_32469\" style=\"width: 594px\" class=\"wp-caption alignnone\"><a href=\"https:\/\/turysta2.pttk.pl\/wp-content\/uploads\/2025\/06\/ksiazeczki.jpg\"><img loading=\"lazy\" decoding=\"async\" aria-describedby=\"caption-attachment-32469\" class=\" wp-image-32469\" src=\"https:\/\/turysta2.pttk.pl\/wp-content\/uploads\/2025\/06\/ksiazeczki-300x262.jpg\" alt=\"\" width=\"584\" height=\"510\" srcset=\"https:\/\/turysta2.pttk.pl\/wp-content\/uploads\/2025\/06\/ksiazeczki-300x262.jpg 300w, https:\/\/turysta2.pttk.pl\/wp-content\/uploads\/2025\/06\/ksiazeczki-1024x895.jpg 1024w, https:\/\/turysta2.pttk.pl\/wp-content\/uploads\/2025\/06\/ksiazeczki-768x671.jpg 768w, https:\/\/turysta2.pttk.pl\/wp-content\/uploads\/2025\/06\/ksiazeczki-1536x1343.jpg 1536w, https:\/\/turysta2.pttk.pl\/wp-content\/uploads\/2025\/06\/ksiazeczki.jpg 1772w\" sizes=\"auto, (max-width: 584px) 100vw, 584px\" \/><\/a><p id=\"caption-attachment-32469\" class=\"wp-caption-text\">Ksi\u0105\u017ceczka Odznaki \u201eKorona Wojew\u00f3dztwa \u015al\u0105skiego\u201d dost\u0119pna jest w Biurze Podr\u00f3\u017cy G\u00f3rno\u015bl\u0105skiego Oddzia\u0142u PTTK: Katowice, Rynek 13, tel. (32) 253 03 62<br \/>https:\/\/www.pttk.katowice.pl<\/p><\/div>\n","protected":false},"excerpt":{"rendered":"Mi\u0142o\u015bnicy g\u00f3rskich w\u0119dr\u00f3wek i odkrywania nowych miejsc znajd\u0105 w wojew\u00f3dztwie \u015bl\u0105skim nie lada wyzwanie \u2013 Koron\u0119 Wojew\u00f3dztwa \u015al\u0105\u00adskiego. To projekt, kt\u00f3ry zach\u0119ca do zdobywania najwy\u017cszych wzniesie\u0144 w poszczeg\u00f3lnych mia\u00adstach, odkrywaj\u0105c przy tym r\u00f3\u017cnorodno\u015b\u0107 krajo\u00adbrazu i przyrody regionu. Aby stworzy\u0107 list\u0119 tych szczyt\u00f3w, konieczne by\u0142o przeanalizowanie wielu map. Zadanie to dostarczy\u00ad\u0142o autorom nie tylko wielu emocji, ale tak\u017ce satys\u00adfakcji i sporo&nbsp;<a href=\"https:\/\/turysta2.pttk.pl\/?p=32455\" class=\"read-more\">Continue Reading<\/a>","protected":false},"author":13,"featured_media":32463,"comment_status":"closed","ping_status":"closed","sticky":false,"template":"","format":"standard","meta":{"footnotes":""},"categories":[71,41],"tags":[],"class_list":["post-32455","post","type-post","status-publish","format-standard","has-post-thumbnail","hentry","category-turystyka-gorska","category-turystyka-pttk","cat-71-id","cat-41-id"],"aioseo_notices":[],"_links":{"self":[{"href":"https:\/\/turysta2.pttk.pl\/index.php?rest_route=\/wp\/v2\/posts\/32455","targetHints":{"allow":["GET"]}}],"collection":[{"href":"https:\/\/turysta2.pttk.pl\/index.php?rest_route=\/wp\/v2\/posts"}],"about":[{"href":"https:\/\/turysta2.pttk.pl\/index.php?rest_route=\/wp\/v2\/types\/post"}],"author":[{"embeddable":true,"href":"https:\/\/turysta2.pttk.pl\/index.php?rest_route=\/wp\/v2\/users\/13"}],"replies":[{"embeddable":true,"href":"https:\/\/turysta2.pttk.pl\/index.php?rest_route=%2Fwp%2Fv2%2Fcomments&post=32455"}],"version-history":[{"count":2,"href":"https:\/\/turysta2.pttk.pl\/index.php?rest_route=\/wp\/v2\/posts\/32455\/revisions"}],"predecessor-version":[{"id":32471,"href":"https:\/\/turysta2.pttk.pl\/index.php?rest_route=\/wp\/v2\/posts\/32455\/revisions\/32471"}],"wp:featuredmedia":[{"embeddable":true,"href":"https:\/\/turysta2.pttk.pl\/index.php?rest_route=\/wp\/v2\/media\/32463"}],"wp:attachment":[{"href":"https:\/\/turysta2.pttk.pl\/index.php?rest_route=%2Fwp%2Fv2%2Fmedia&parent=32455"}],"wp:term":[{"taxonomy":"category","embeddable":true,"href":"https:\/\/turysta2.pttk.pl\/index.php?rest_route=%2Fwp%2Fv2%2Fcategories&post=32455"},{"taxonomy":"post_tag","embeddable":true,"href":"https:\/\/turysta2.pttk.pl\/index.php?rest_route=%2Fwp%2Fv2%2Ftags&post=32455"}],"curies":[{"name":"wp","href":"https:\/\/api.w.org\/{rel}","templated":true}]}}