{"id":32395,"date":"2025-06-27T16:20:01","date_gmt":"2025-06-27T14:20:01","guid":{"rendered":"https:\/\/turysta2.pttk.pl\/?p=32395"},"modified":"2025-06-27T16:20:01","modified_gmt":"2025-06-27T14:20:01","slug":"w-bieszczadzkim-worku","status":"publish","type":"post","link":"https:\/\/turysta2.pttk.pl\/?p=32395","title":{"rendered":"W bieszczadzkim worku\u2026"},"content":{"rendered":"<p><strong>Ciekawa krajoznawczo i historycznie wycieczka ma sw\u00f3j pocz\u0105tek w niewielkiej osadzie Muczne w tzw. bieszczadzkim worku, najdalej wysuni\u0119tej na po\u0142udniowy wsch\u00f3d cz\u0119\u015bci polskich Bieszczad\u00f3w. Jest to r\u00f3wnie\u017c najbardziej wysuni\u0119ty na po\u0142udnie obszar naszego kraju. W okresie powojennym by\u0142y to najdziksze i najbardziej niedost\u0119pne fragmenty bieszczadzkich pasm g\u00f3rskich.\u00a0<\/strong><\/p>\n<p>Wycieczk\u0119, jak\u0105 chc\u0119 zaproponowa\u0107 mi\u0142o\u015bnikom g\u00f3rskich w\u0119dr\u00f3wek, mo\u017cna zaliczy\u0107 do wycieczek \u015brednio trudnych o kr\u00f3tkim przebiegu. Prowadzi z miejscowo\u015bci Muczne na najwy\u017cszy szczyt pasma Jeleniowatego (907 m), gdzie znajduje si\u0119 obecnie najwy\u017csza wie\u017ca widokowa w Bieszczadach. Dalej wiedzie po\u0142udniowo-wschodnim fragmentem tego pasma do miejsca po dawnej le\u015bnicz\u00f3wce, zwanym Brenzberg. St\u0105d schodzi do drogi pomi\u0119dzy Mucznem a Tarnaw\u0105 Ni\u017cn\u0105 i dalej prowadzi do miejsca wyj\u015bcia na nasz\u0105 tras\u0119, zamykaj\u0105c j\u0105 niejako p\u0119tl\u0105. Ca\u0142o\u015b\u0107 trasy zajmie nam oko\u0142o 3 godzin, a do przej\u015bcia mamy nieca\u0142e 5 km. Suma podej\u015b\u0107 to oko\u0142o 220 m. Przechodz\u0105c t\u0119 tras\u0119, mo\u017cemy zdoby\u0107 6 punkt\u00f3w do G\u00f3rskiej Odznaki Turystycznej (GOT).<\/p>\n<p><strong>Na szczyt Jeleniowatego\u00a0<\/strong><br \/>\nDo Mucznego najlepiej dojecha\u0107 w\u0142asnym samochodem, poniewa\u017c nie ma tu kursowych autobus\u00f3w. W okresie letnim mo\u017cna dojecha\u0107 ewentualnie prywatnymi busami, kt\u00f3re je\u017cd\u017c\u0105 nieregularnie, w zale\u017cno\u015bci od potrzeb. Samoch\u00f3d najlepiej zostawi\u0107 na bezp\u0142atnym parkingu przy O\u015brodku Promocji Le\u015bnictwa i st\u0105d bezpo\u015brednio uda\u0107 si\u0119 na\u00a0ty\u0142y budynku Muzeum Przyrodniczego, stoj\u0105cego obok wspomnianego O\u015brodka. Tam, przy mostku na potoku Muczny, zaczyna si\u0119 \u015bcie\u017cka spacerowa, znakowana kolorem czerwonym, kt\u00f3ra do\u015b\u0107 stromym grzbietem doprowadzi nas do najwy\u017cszej wie\u017cy widokowej w Bieszczadach, zlokalizowanej na kulminacji pasma Jeleniowatego (907 m). Podej\u015bcie od tej strony jest troch\u0119 wymagaj\u0105ce, bo to prawie 200 m przewy\u017cszenia, a w dodatku szlak jest bardzo wy\u015blizgany. Po opadach deszczu jest tu szczeg\u00f3lnie niebezpiecznie i trzeba zachowa\u0107 ostro\u017cno\u015b\u0107. Po 40 minutach wspinania si\u0119 dochodzimy do wspomnianej ju\u017c wie\u017cy widokowej, o pot\u0119\u017cnej metalowej konstrukcji. Wie\u017ca ma 34 metry wysoko\u015bci i aby na ni\u0105 wej\u015b\u0107, trzeba pokona\u0107 170 schod\u00f3w. Warto jednak to zrobi\u0107, bo widoki z niej s\u0105 wspania\u0142e i zachwyci\u0142y ju\u017c niejednego turyst\u0119. Z tarasu widokowego mamy pi\u0119kn\u0105 panoram\u0119 na Halicz, Bukowe Berdo, Po\u0142onin\u0119 Wetli\u0144sk\u0105, Cary\u0144sk\u0105 i ukrai\u0144skie Bieszczady. Pi\u0119knie prezentuj\u0105 si\u0119 r\u00f3wnie\u017c bieszczadzkie doliny, oczywi\u015bcie najlepiej wida\u0107 Muczne, ale dopatrzymy si\u0119 te\u017c Tarnawy Ni\u017cnej, a nawet cerkwi w Sokolikach.<\/p>\n<p><strong>Cisza i pami\u0119\u0107 na Brenzbergu\u00a0<\/strong><br \/>\nPo zej\u015bciu z wie\u017cy, idziemy grzbietem pasma Jeleniowatego w kierunku po\u0142udniowo-wschodnim, aby po 25 minutach dotrze\u0107 do miejsca, w kt\u00f3rym przed II wojn\u0105 \u015bwiatow\u0105 sta\u0142a le\u015bnicz\u00f3wka. Miejsce to do dzisiaj nosi nazw\u0119 Brenzberg. Na niewielkiej polanie, otoczonej lasem, le\u017cy pouk\u0142adany stos kamieni, natomiast nieco dalej stoi drewniany krzy\u017c i kamienny pomnik. Ta cicha polana by\u0142a \u015bwiadkiem brutalnych wydarze\u0144, jakie rozegra\u0142y si\u0119 tutaj w sierpniu 1944 roku. Oddzia\u0142y UPA bestialsko zamordowa\u0142y 74 Polak\u00f3w, kt\u00f3rzy ukrywali si\u0119 w le\u015bnicz\u00f3wce. W\u015br\u00f3d ofiar byli m\u0119\u017cczy\u017ani, kobiety i dzieci. Wszyscy zgin\u0119li w tak zwanej cichej egzekucji, czyli od wide\u0142, siekier i kos. Na pami\u0105tk\u0119 tego brutalnego wydarzenia ustawiono tutaj pami\u0105tkowy obelisk. Zdecydowanie trzeba tutaj przystan\u0105\u0107 cho\u0107 na chwil\u0119, by zatopi\u0107 si\u0119 w ciszy i zadumie nad losem bezbronnych i niewinnych ludzi, kt\u00f3rzy zgin\u0119li tylko dlatego, \u017ce byli Polakami.<\/p>\n<p><strong>Powr\u00f3t przez dolin\u0119\u00a0<\/strong><br \/>\nPo zwiedzeniu tego miejsca schodzimy z grzbietu pasma Jeleniowatego wyra\u017anie znakowan\u0105 \u015bcie\u017ck\u0105 przyrodniczo-historyczn\u0105 do asfaltowej drogi pomi\u0119dzy miejscowo\u015bciami Muczne i Tarnawa Ni\u017cna, znacznie jednak bli\u017cej tej pierwszej miejscowo\u015bci. Zajmie nam to oko\u0142o 20 minut. Dalsz\u0105 cz\u0119\u015b\u0107 trasy idziemy wspomnian\u0105 wcze\u015bniej drog\u0105 asfaltow\u0105, obok kt\u00f3rej p\u0142ynie potok Muczny, i po oko\u0142o 15 minutach dochodzimy do miejsca, sk\u0105d zaczynali\u015bmy swoj\u0105 g\u00f3rsk\u0105 wycieczk\u0119. W ten spos\u00f3b zamkn\u0119li\u015bmy p\u0119tl\u0105 ca\u0142\u0105 tras\u0119 naszego przej\u015bcia. Maj\u0105c czas, warto jeszcze zwiedzi\u0107 w Mucznem drewniany ko\u015bci\u00f3\u0142 pw. \u015bw. Huberta oraz Muzeum Przyrodnicze przy O\u015brodku Promocji Le\u015bnictwa, gdzie czynna jest restauracja, w kt\u00f3rej mo\u017cna si\u0119 posili\u0107 przed wyjazdem z Mucznego.<\/p>\n<p><em>Tekst<\/em> <strong>Stanis\u0142aw Sieradzki\u00a0<\/strong><br \/>\nCz\u0142onek G\u0142\u00f3wnego S\u0105du Kole\u017ce\u0144skiego PTTK, prezes Oddzia\u0142u PTTK \u201eZiemia Sanocka\u201d w Sanoku, Instruktor Krajoznawstwa Polski i przewodnik beskidzki. Organizator rajd\u00f3w w Karpaty Wschodnie, zdobywca szczyt\u00f3w m.in. w Alpach, Karpatach, Himalajach, Andach, Kaukazie, Pirenejach, Kordylierach, na Grenlandii i Nowej Zelandii.<\/p>\n<div id=\"attachment_32399\" style=\"width: 405px\" class=\"wp-caption alignnone\"><a href=\"https:\/\/turysta2.pttk.pl\/wp-content\/uploads\/2025\/06\/2.-Miejsce-pamieci-fot.-Stanislaw-Sieradzki-scaled.jpg\"><img loading=\"lazy\" decoding=\"async\" aria-describedby=\"caption-attachment-32399\" class=\" wp-image-32399\" src=\"https:\/\/turysta2.pttk.pl\/wp-content\/uploads\/2025\/06\/2.-Miejsce-pamieci-fot.-Stanislaw-Sieradzki-300x225.jpg\" alt=\"\" width=\"395\" height=\"296\" srcset=\"https:\/\/turysta2.pttk.pl\/wp-content\/uploads\/2025\/06\/2.-Miejsce-pamieci-fot.-Stanislaw-Sieradzki-300x225.jpg 300w, https:\/\/turysta2.pttk.pl\/wp-content\/uploads\/2025\/06\/2.-Miejsce-pamieci-fot.-Stanislaw-Sieradzki-1024x768.jpg 1024w, https:\/\/turysta2.pttk.pl\/wp-content\/uploads\/2025\/06\/2.-Miejsce-pamieci-fot.-Stanislaw-Sieradzki-768x576.jpg 768w, https:\/\/turysta2.pttk.pl\/wp-content\/uploads\/2025\/06\/2.-Miejsce-pamieci-fot.-Stanislaw-Sieradzki-1536x1152.jpg 1536w, https:\/\/turysta2.pttk.pl\/wp-content\/uploads\/2025\/06\/2.-Miejsce-pamieci-fot.-Stanislaw-Sieradzki-2048x1536.jpg 2048w, https:\/\/turysta2.pttk.pl\/wp-content\/uploads\/2025\/06\/2.-Miejsce-pamieci-fot.-Stanislaw-Sieradzki-200x150.jpg 200w\" sizes=\"auto, (max-width: 395px) 100vw, 395px\" \/><\/a><p id=\"caption-attachment-32399\" class=\"wp-caption-text\">Miejsce pami\u0119ci na wzg\u00f3rzu Brenzberg fot. Stanis\u0142aw Sieradzki<\/p><\/div>\n<div id=\"attachment_32401\" style=\"width: 403px\" class=\"wp-caption alignnone\"><a href=\"https:\/\/turysta2.pttk.pl\/wp-content\/uploads\/2025\/06\/3.-Kosciol-pw.-sw.-Huberta-fot.-Michal-BosekUMWP-scaled.jpg\"><img loading=\"lazy\" decoding=\"async\" aria-describedby=\"caption-attachment-32401\" class=\" wp-image-32401\" src=\"https:\/\/turysta2.pttk.pl\/wp-content\/uploads\/2025\/06\/3.-Kosciol-pw.-sw.-Huberta-fot.-Michal-BosekUMWP-300x200.jpg\" alt=\"\" width=\"393\" height=\"262\" srcset=\"https:\/\/turysta2.pttk.pl\/wp-content\/uploads\/2025\/06\/3.-Kosciol-pw.-sw.-Huberta-fot.-Michal-BosekUMWP-300x200.jpg 300w, https:\/\/turysta2.pttk.pl\/wp-content\/uploads\/2025\/06\/3.-Kosciol-pw.-sw.-Huberta-fot.-Michal-BosekUMWP-1024x683.jpg 1024w, https:\/\/turysta2.pttk.pl\/wp-content\/uploads\/2025\/06\/3.-Kosciol-pw.-sw.-Huberta-fot.-Michal-BosekUMWP-768x512.jpg 768w, https:\/\/turysta2.pttk.pl\/wp-content\/uploads\/2025\/06\/3.-Kosciol-pw.-sw.-Huberta-fot.-Michal-BosekUMWP-1536x1024.jpg 1536w, https:\/\/turysta2.pttk.pl\/wp-content\/uploads\/2025\/06\/3.-Kosciol-pw.-sw.-Huberta-fot.-Michal-BosekUMWP-2048x1365.jpg 2048w\" sizes=\"auto, (max-width: 393px) 100vw, 393px\" \/><\/a><p id=\"caption-attachment-32401\" class=\"wp-caption-text\">Muczne, ko\u015bci\u00f3\u0142 pw. \u015bw. Huberta. Po\u015bwi\u0119cono 18 X Najm\u0142odszy drewniany ko\u015bci\u00f3\u0142 w Bieszczadach pw. \u015bw. Huberta znajduje si\u0119 w Mucznem. Powsta\u0142 w latach 2014\u20132015<br \/>fot. Micha\u0142 Bosek\/UMWP<\/p><\/div>\n","protected":false},"excerpt":{"rendered":"Ciekawa krajoznawczo i historycznie wycieczka ma sw\u00f3j pocz\u0105tek w niewielkiej osadzie Muczne w tzw. bieszczadzkim worku, najdalej wysuni\u0119tej na po\u0142udniowy wsch\u00f3d cz\u0119\u015bci polskich Bieszczad\u00f3w. Jest to r\u00f3wnie\u017c najbardziej wysuni\u0119ty na po\u0142udnie obszar naszego kraju. W okresie powojennym by\u0142y to najdziksze i najbardziej niedost\u0119pne fragmenty bieszczadzkich pasm g\u00f3rskich.\u00a0 Wycieczk\u0119, jak\u0105 chc\u0119 zaproponowa\u0107 mi\u0142o\u015bnikom g\u00f3rskich w\u0119dr\u00f3wek, mo\u017cna zaliczy\u0107 do wycieczek \u015brednio trudnych&nbsp;<a href=\"https:\/\/turysta2.pttk.pl\/?p=32395\" class=\"read-more\">Continue Reading<\/a>","protected":false},"author":13,"featured_media":32397,"comment_status":"closed","ping_status":"closed","sticky":false,"template":"","format":"standard","meta":{"footnotes":""},"categories":[84,11],"tags":[],"class_list":["post-32395","post","type-post","status-publish","format-standard","has-post-thumbnail","hentry","category-poznajemy-szlaki","category-turysta-poleca","cat-84-id","cat-11-id"],"aioseo_notices":[],"_links":{"self":[{"href":"https:\/\/turysta2.pttk.pl\/index.php?rest_route=\/wp\/v2\/posts\/32395","targetHints":{"allow":["GET"]}}],"collection":[{"href":"https:\/\/turysta2.pttk.pl\/index.php?rest_route=\/wp\/v2\/posts"}],"about":[{"href":"https:\/\/turysta2.pttk.pl\/index.php?rest_route=\/wp\/v2\/types\/post"}],"author":[{"embeddable":true,"href":"https:\/\/turysta2.pttk.pl\/index.php?rest_route=\/wp\/v2\/users\/13"}],"replies":[{"embeddable":true,"href":"https:\/\/turysta2.pttk.pl\/index.php?rest_route=%2Fwp%2Fv2%2Fcomments&post=32395"}],"version-history":[{"count":1,"href":"https:\/\/turysta2.pttk.pl\/index.php?rest_route=\/wp\/v2\/posts\/32395\/revisions"}],"predecessor-version":[{"id":32405,"href":"https:\/\/turysta2.pttk.pl\/index.php?rest_route=\/wp\/v2\/posts\/32395\/revisions\/32405"}],"wp:featuredmedia":[{"embeddable":true,"href":"https:\/\/turysta2.pttk.pl\/index.php?rest_route=\/wp\/v2\/media\/32397"}],"wp:attachment":[{"href":"https:\/\/turysta2.pttk.pl\/index.php?rest_route=%2Fwp%2Fv2%2Fmedia&parent=32395"}],"wp:term":[{"taxonomy":"category","embeddable":true,"href":"https:\/\/turysta2.pttk.pl\/index.php?rest_route=%2Fwp%2Fv2%2Fcategories&post=32395"},{"taxonomy":"post_tag","embeddable":true,"href":"https:\/\/turysta2.pttk.pl\/index.php?rest_route=%2Fwp%2Fv2%2Ftags&post=32395"}],"curies":[{"name":"wp","href":"https:\/\/api.w.org\/{rel}","templated":true}]}}