{"id":32261,"date":"2025-06-24T12:24:58","date_gmt":"2025-06-24T10:24:58","guid":{"rendered":"https:\/\/turysta2.pttk.pl\/?p=32261"},"modified":"2025-06-24T12:24:58","modified_gmt":"2025-06-24T10:24:58","slug":"bieszczadzkie-lokomotywy-turystyki","status":"publish","type":"post","link":"https:\/\/turysta2.pttk.pl\/?p=32261","title":{"rendered":"Bieszczadzkie lokomotywy turystyki"},"content":{"rendered":"<p><strong>Po\u0142oniny, zapora w Solinie, kolejka le\u015bna, sanocki skansen i Bieszczadzkie Drezyny Rowerowe\u2026 Po\u0142udniowo-wschodni cypel Polski od lat przy\u00adci\u0105ga turyst\u00f3w atrakcjami, kt\u00f3re tworz\u0105 niefor\u00admalny kanon Bieszczad\u00f3w. Badania prowadzone z inicjatywy Urz\u0119du Marsza\u0142kowskiego Woje\u00adw\u00f3dztwa Podkarpackiego potwierdzaj\u0105, \u017ce to w\u0142a\u00ad\u015bnie te miejsca nale\u017c\u0105 do najcz\u0119\u015bciej odwiedzanych i najlepiej rozpoznawalnych w regionie. <\/strong><\/p>\n<p>Truizmem by\u0142oby stwierdzenie, \u017ce Bieszczady to przede wszystkim g\u00f3ry. Po II wojnie \u015bwiatowej sta\u0142y si\u0119 one jedynym fragmentem Karpat Wschod\u00adnich, kt\u00f3ry pozosta\u0142 w granicach Polski \u2013 i w\u0142a\u00ad\u015bnie wtedy zacz\u0119\u0142y przyci\u0105ga\u0107 coraz wi\u0119ksz\u0105 uwag\u0119 turyst\u00f3w. Pocz\u0105tkowo w\u0119dr\u00f3wki po biesz\u00adczadzkich po\u0142oninach by\u0142y dla wielu namiastk\u0105 pieszych wycieczek po Czarnohorze czy Gorga\u00adnach. Z czasem Bieszczady, jako obszar o bardzo niskim zaludnieniu, niezwyk\u0142ej przyrodzie oraz fascynuj\u0105cej historii i kulturze, wypracowa\u0142y w\u0142a\u00adsn\u0105 mark\u0119 turystyczn\u0105.<\/p>\n<p><strong>W krainie po\u0142onin i dolin<br \/>\n<\/strong>Najbardziej widokowe pasma le\u017c\u0105 oczywi\u015bcie na terenie Bieszczadzkiego Parku Narodowego. T\u0119dy prowadzi niezwykle malowniczy odcinek G\u0142\u00f3w\u00adnego Szlaku Beskidzkiego \u2013 najd\u0142u\u017cszej wyznako\u00adwanej trasy w polskich g\u00f3rach \u2013 przebiegaj\u0105cy przez Po\u0142onin\u0119 Wetli\u0144sk\u0105, Po\u0142onin\u0119 Cary\u0144sk\u0105, Szeroki Wierch, Halicz i Rozsypaniec. To w\u0142a\u015bnie te szczyty przyci\u0105gaj\u0105 najwi\u0119cej turyst\u00f3w.<br \/>\nNie mo\u017cna jednak zapomina\u0107, \u017ce na tere\u00adnie parku wytyczono tak\u017ce g\u0119st\u0105 sie\u0107 szlak\u00f3w i \u015bcie\u017cek poza najwy\u017cszymi pasmami. Opr\u00f3cz w\u0119dr\u00f3wek po po\u0142oninach warto wybra\u0107 si\u0119 na spacery po niezwyk\u0142ej krainie dolin i odszuka\u0107 \u015blady dawnych, ludnych wsi bojkowskich. Z ini\u00adcjatywy Bieszczadzkiego Parku Narodowego powsta\u0142y \u015bcie\u017cki prezentuj\u0105ce dziedzictwo kul\u00adturowe w dolinach wsi, kt\u00f3re zacz\u0119\u0142y pustosze\u0107 w drugiej po\u0142owie lat 40. XX wieku. W\u0119dr\u00f3wka dolin\u0105 Cary\u0144skiego, D\u017awiniacza G\u00f3rnego czy do \u017ar\u00f3de\u0142 Sanu to znakomita propozycja dla tych, kt\u00f3rzy podczas g\u00f3rskich spacer\u00f3w szukaj\u0105 cze\u00adgo\u015b wi\u0119cej ni\u017c tylko widok\u00f3w. Dawne cmentarze i miejsca po cerkwiach na tych \u015bcie\u017ckach zosta\u0142y ogrodzone, a obok nich stan\u0119\u0142y tablice informa\u00adcyjne przybli\u017caj\u0105ce nierzadko bardzo trudn\u0105 histori\u0119 tych miejsc. Trasy wytyczone w krainie dolin s\u0105 z regu\u0142y mniej wymagaj\u0105ce kondycyj\u00adnie, a w okresie szczytu sezonu turystycznego panuje na nich znacznie mniejszy ruch ni\u017c na po\u0142oninach.<br \/>\nSzlaki w Bieszczadzkim Parku Narodowym cie\u00adsz\u0105 si\u0119 nies\u0142abn\u0105cym zainteresowaniem. Zar\u00f3wno w 2023, jak i w 2024 roku odnotowano na nich powy\u017cej 600 tysi\u0119cy odwiedzaj\u0105cych. Nie ma jednak powodu do obaw, \u017ce Bieszczady zostan\u0105 zadeptane \u2013 nawet w szczycie sezonu mo\u017cna tu znale\u017a\u0107 miejsca, gdzie spotyka si\u0119 naprawd\u0119 nie\u00adwielu w\u0119drowc\u00f3w.<\/p>\n<div id=\"attachment_32281\" style=\"width: 613px\" class=\"wp-caption alignnone\"><a href=\"https:\/\/turysta2.pttk.pl\/wp-content\/uploads\/2025\/06\/kz_20130603_100-scaled.jpg\"><img loading=\"lazy\" decoding=\"async\" aria-describedby=\"caption-attachment-32281\" class=\" wp-image-32281\" src=\"https:\/\/turysta2.pttk.pl\/wp-content\/uploads\/2025\/06\/kz_20130603_100-300x200.jpg\" alt=\"\" width=\"603\" height=\"402\" srcset=\"https:\/\/turysta2.pttk.pl\/wp-content\/uploads\/2025\/06\/kz_20130603_100-300x200.jpg 300w, https:\/\/turysta2.pttk.pl\/wp-content\/uploads\/2025\/06\/kz_20130603_100-1024x683.jpg 1024w, https:\/\/turysta2.pttk.pl\/wp-content\/uploads\/2025\/06\/kz_20130603_100-768x512.jpg 768w, https:\/\/turysta2.pttk.pl\/wp-content\/uploads\/2025\/06\/kz_20130603_100-1536x1024.jpg 1536w, https:\/\/turysta2.pttk.pl\/wp-content\/uploads\/2025\/06\/kz_20130603_100-2048x1365.jpg 2048w\" sizes=\"auto, (max-width: 603px) 100vw, 603px\" \/><\/a><p id=\"caption-attachment-32281\" class=\"wp-caption-text\">Wycieczki na po\u0142oniny w Bieszczadach to idealny pomys\u0142<br \/>dla ca\u0142ej rodziny. Widok z Po\u0142oniny Wetli\u0144skiej na Po\u0142onin\u0119 Cary\u0144sk\u0105. fot. Krzysztof Zaj\u0105czkowski\/UMWP<\/p><\/div>\n<p><strong>Jedzie bieszczadzka ciuchcia!<br \/>\n<\/strong>Bieszczadzka Kolejka Le\u015bna to prawdziwy ever\u00adgreen podkarpackiej turystyki. W przesz\u0142o\u015bci kolejka wozi\u0142a drewno, a transport osobowy by\u0142 jedynie dodatkiem. Dzi\u015b bieszczadzka ciuchcia nale\u017cy do obowi\u0105zkowych punkt\u00f3w programu wielu wycieczek po regionie. Na pocz\u0105tku lat 90. XX wieku funkcjonowanie kolejki by\u0142o powa\u017cnie zagro\u017cone. Stopniowo ograniczano transport drewna, a\u017c w ko\u0144cu ca\u0142kowicie wstrzymano kursy. Przerwa trwa\u0142a kilka lat. Dopiero dzi\u0119ki powo\u0142anej w tym celu Fundacji Bieszczadzkiej Kolejki Le\u015bnej poci\u0105gi wr\u00f3ci\u0142y na tory \u2013 tym razem ju\u017c tylko z pasa\u017cerami.<br \/>\nWsp\u00f3\u0142cze\u015bnie ze stacji g\u0142\u00f3wnej w Majdanie ko\u0142o Cisnej mo\u017cna wybra\u0107 si\u0119 na wycieczk\u0119 kolejk\u0105 jedn\u0105 z dw\u00f3ch tras. D\u0142u\u017csza, dwugodzinna opcja to podr\u00f3\u017c do Balnicy. Opr\u00f3cz samego przejazdu dodatkow\u0105 atrakcj\u0105 jest mo\u017cliwo\u015b\u0107 spaceru z przy\u00adstanku w Balnicy do granicy ze S\u0142owacj\u0105. Podczas postoju tury\u015bci mog\u0105 te\u017c posili\u0107 si\u0119 przy jednym ze stragan\u00f3w z lokalnymi specja\u0142ami, kt\u00f3re poja\u00adwiaj\u0105 si\u0119 w sezonie. Druga trasa to przeja\u017cd\u017cka do Do\u0142\u017cycy. Jej atutem jest prawdziwy parow\u00f3z, kt\u00f3ry zast\u0119puje typow\u0105 lokomotyw\u0119 spalinow\u0105. Podr\u00f3\u017c w obie strony, z postojem w Do\u0142\u017cycy, trwa godzin\u0119 i dwadzie\u015bcia minut. Na stacji w Majdanie warto obejrze\u0107 elementy zabytkowego taboru oraz urz\u0105\u00addzon\u0105 tam ekspozycj\u0119 muzealn\u0105.<br \/>\nKolejka kursuje regularnie od maja do pa\u017adzier\u00adnika, a najwi\u0119ksze zag\u0119szczenie kurs\u00f3w przypada oczywi\u015bcie na okres wakacji. Od kilku lat urucha\u00admiane s\u0105 tak\u017ce przejazdy podczas ferii zimowych. Mo\u017cna r\u00f3wnie\u017c zam\u00f3wi\u0107 kurs poza rozk\u0142adem \u2013 dla grup zorganizowanych. W 2024 roku w podr\u00f3\u017c bieszczadzk\u0105 w\u0105skotor\u00f3wk\u0105 wybra\u0142o si\u0119 ponad 168 tysi\u0119cy pasa\u017cer\u00f3w.<br \/>\nKolejka, podobnie jak inne atrakcje regionu, rozwija swoj\u0105 ofert\u0119. Obecnie realizowany jest projekt, kt\u00f3ry zak\u0142ada rozbudow\u0119 infrastruktury stacji w Majdanie oraz uruchomienie przejazd\u00f3w drezynami rowerowymi. Bieszczadzka Kolejka Le\u015bna zaznacza te\u017c swoj\u0105 obecno\u015b\u0107 w kulturalnym pejza\u017cu regionu. Od 2022 roku na stacji w Majda\u00adnie odbywaj\u0105 si\u0119 koncerty Starego Dobrego Ma\u0142\u00ad\u017ce\u0144stwa i Krzysztofa Myszkowskiego pod has\u0142em \u201eSchronisko Anio\u0142\u00f3w\u201d.<\/p>\n<div id=\"attachment_32265\" style=\"width: 648px\" class=\"wp-caption alignnone\"><a href=\"https:\/\/turysta2.pttk.pl\/wp-content\/uploads\/2025\/06\/2.-Bieszczadzka-Kolej-Lesna-fot.-Krzysztof-Zaj-scaled.jpg\"><img loading=\"lazy\" decoding=\"async\" aria-describedby=\"caption-attachment-32265\" class=\" wp-image-32265\" src=\"https:\/\/turysta2.pttk.pl\/wp-content\/uploads\/2025\/06\/2.-Bieszczadzka-Kolej-Lesna-fot.-Krzysztof-Zaj-300x200.jpg\" alt=\"\" width=\"638\" height=\"425\" srcset=\"https:\/\/turysta2.pttk.pl\/wp-content\/uploads\/2025\/06\/2.-Bieszczadzka-Kolej-Lesna-fot.-Krzysztof-Zaj-300x200.jpg 300w, https:\/\/turysta2.pttk.pl\/wp-content\/uploads\/2025\/06\/2.-Bieszczadzka-Kolej-Lesna-fot.-Krzysztof-Zaj-1024x683.jpg 1024w, https:\/\/turysta2.pttk.pl\/wp-content\/uploads\/2025\/06\/2.-Bieszczadzka-Kolej-Lesna-fot.-Krzysztof-Zaj-768x512.jpg 768w, https:\/\/turysta2.pttk.pl\/wp-content\/uploads\/2025\/06\/2.-Bieszczadzka-Kolej-Lesna-fot.-Krzysztof-Zaj-1536x1024.jpg 1536w, https:\/\/turysta2.pttk.pl\/wp-content\/uploads\/2025\/06\/2.-Bieszczadzka-Kolej-Lesna-fot.-Krzysztof-Zaj-2048x1366.jpg 2048w\" sizes=\"auto, (max-width: 638px) 100vw, 638px\" \/><\/a><p id=\"caption-attachment-32265\" class=\"wp-caption-text\">Bieszczadzka Kolejka Le\u015bna jest najwy\u017cej po\u0142o\u017con\u0105 lini\u0105 w\u0105skotorow\u0105 w Polsce Fot. Krzysztof Zaj\u0105czkowski\/UMWP<\/p><\/div>\n<p><strong>Sukces drezyn rowerowych<br \/>\n<\/strong>Bieszczadzkie Drezyny Rowerowe to stosunkowo nowa atrakcja. Na wy\u0142\u0105czonej z ruchu linii kolejowej nr 108 rozpocz\u0119to przejazdy specjalnymi, cztero\u00adosobowymi w\u00f3zkami z nap\u0119dem no\u017cnym. Drezyny szybko zdoby\u0142y popularno\u015b\u0107 w\u015br\u00f3d turyst\u00f3w przy\u00adbywaj\u0105cych w Bieszczady i zaj\u0119\u0142y wysok\u0105 pozycj\u0119 w\u015br\u00f3d najbardziej rozpoznawalnych atrakcji regionu. Inicjatywa rodzinnej firmy pa\u0144stwa Dem\u00adkowicz\u00f3w zosta\u0142a uhonorowana licznymi wyr\u00f3\u017c\u00adnieniami i nagrodami. Ju\u017c po pierwszym sezonie Bieszczadzkie Drezyny Rowerowe zdoby\u0142y tytu\u0142 Najlepszego Produktu Turystycznego Podkarpacia oraz Certyfikat Polskiej Organizacji Turystycznej dla Najlepszego Produktu Turystycznego w 2015 roku. Ka\u017cdy rok dzia\u0142alno\u015bci tej atrakcji przynosi kolejne dziesi\u0105tki tysi\u0119cy zadowolonych pasa\u017cer\u00f3w. W 2023 roku Polska Organizacja Turystyczna przy\u00adzna\u0142a drezynom Z\u0142oty Certyfikat. Tw\u00f3rcy sukcesu Bieszczadzkich Drezyn Rowerowych stoj\u0105 r\u00f3wnie\u017c za powstaniem trzy lata p\u00f3\u017aniej Bieszczadzkiej Szko\u0142y Rzemios\u0142a \u2013 niezwyk\u0142ego miejsca stworzo\u00adnego w dawnej szkole w Uhercach Mineralnych.<\/p>\n<div id=\"attachment_32267\" style=\"width: 633px\" class=\"wp-caption alignnone\"><a href=\"https:\/\/turysta2.pttk.pl\/wp-content\/uploads\/2025\/06\/3.-drezyny-rowerowe-fot.-Krzysztof-Zajaczkowski-UMWP-scaled.jpg\"><img loading=\"lazy\" decoding=\"async\" aria-describedby=\"caption-attachment-32267\" class=\" wp-image-32267\" src=\"https:\/\/turysta2.pttk.pl\/wp-content\/uploads\/2025\/06\/3.-drezyny-rowerowe-fot.-Krzysztof-Zajaczkowski-UMWP-300x200.jpg\" alt=\"\" width=\"623\" height=\"415\" srcset=\"https:\/\/turysta2.pttk.pl\/wp-content\/uploads\/2025\/06\/3.-drezyny-rowerowe-fot.-Krzysztof-Zajaczkowski-UMWP-300x200.jpg 300w, https:\/\/turysta2.pttk.pl\/wp-content\/uploads\/2025\/06\/3.-drezyny-rowerowe-fot.-Krzysztof-Zajaczkowski-UMWP-1024x683.jpg 1024w, https:\/\/turysta2.pttk.pl\/wp-content\/uploads\/2025\/06\/3.-drezyny-rowerowe-fot.-Krzysztof-Zajaczkowski-UMWP-768x512.jpg 768w, https:\/\/turysta2.pttk.pl\/wp-content\/uploads\/2025\/06\/3.-drezyny-rowerowe-fot.-Krzysztof-Zajaczkowski-UMWP-1536x1024.jpg 1536w, https:\/\/turysta2.pttk.pl\/wp-content\/uploads\/2025\/06\/3.-drezyny-rowerowe-fot.-Krzysztof-Zajaczkowski-UMWP-2048x1366.jpg 2048w\" sizes=\"auto, (max-width: 623px) 100vw, 623px\" \/><\/a><p id=\"caption-attachment-32267\" class=\"wp-caption-text\">Bieszczadzkie Drezyny Rowerowe to alternatywny spos\u00f3b poznawania bogactwa regionu fot. Krzysztof Zaj\u0105czkowski\/UMWP<\/p><\/div>\n<p><strong>Solina z lotu ptaka<br \/>\n<\/strong>Istniej\u0105ca od ponad 50 lat zapora wodna w Soli\u00adnie od dekad nale\u017cy do najpopularniejszych atrak\u00adcji turystycznych regionu. Spacer po jej koronie to obowi\u0105zkowy punkt programu dla wielu odwiedzaj\u0105cych. Powsta\u0142e w wyniku spi\u0119trzenia w\u00f3d Sanu i Solinki Jezioro Soli\u0144skie przyci\u0105ga mi\u00ad\u0142o\u015bnik\u00f3w \u017ceglarstwa, w\u0119dkarstwa oraz wszyst\u00adkich, kt\u00f3rzy lubi\u0105 wypoczynek nad wod\u0105.<br \/>\nZa spraw\u0105 uruchomionej w 2022 roku kolejki linowej atrakcyjno\u015b\u0107 Soliny jeszcze wzros\u0142a. Zanim wsi\u0105dziemy do gondoli, mo\u017cemy zapozna\u0107 si\u0119 z interesuj\u0105c\u0105 wystaw\u0105 multimedialn\u0105 w tzw. strefie <em>preshow<\/em>. Ukazano tam m.in. zasad\u0119 dzia\u00ad\u0142ania elektrowni wodnej oraz etapy zalewania terenu po spi\u0119trzeniu w\u00f3d Sanu. Cho\u0107 przejazd trwa zaledwie kilka minut, widoki z o\u015bmioosobo\u00adwych gondoli zapieraj\u0105 dech w piersiach. Soli\u0144ska kolej linowa ma najwy\u017csz\u0105 w Polsce podpor\u0119 \u2013 w kulminacyjnym momencie pasa\u017cerowie znaj\u00adduj\u0105 si\u0119 102 metry nad poziomem terenu.<br \/>\nWarto wspomnie\u0107 tak\u017ce o 55-metrowej wie\u017cy widokowej przy g\u00f3rnej stacji kolejki. Dla mi\u0142o\u015bni\u00adk\u00f3w mocnych wra\u017ce\u0144 przygotowano wej\u015bcie na szklan\u0105 k\u0142adk\u0119 (<em>skywalk<\/em>). Poni\u017cej tarasu widoko\u00adwego, na dziewi\u0105tym pi\u0119trze konstrukcji, znajduje si\u0119 przeszklona kawiarnia.<br \/>\nAby dope\u0142ni\u0107 obrazu wsp\u00f3\u0142czesnej Soliny, nie mo\u017cna pomin\u0105\u0107 parku rozrywki \u201eTajemnicza Solina\u201d. To wyj\u0105tkowe miejsce, gdzie przez wiele godzin \u015bwietnie bawi\u0105 si\u0119 ca\u0142e rodziny. Za bram\u0105 parku wkraczamy w magiczny \u015bwiat, lu\u017ano oparty na legendzie o Biesie i Czadach. W\u0119druj\u0105c po parku, napotykamy r\u00f3\u017cnorodne atrakcje, a dzieci mog\u0105 wykonywa\u0107 rozmaite zadania i zdobywa\u0107 dyplomy za ich uko\u0144czenie. Czeg\u00f3\u017c tam nie ma! Zielony labirynt, d\u0142ugie zje\u017cd\u017calnie, strzelanie z procy do celu, walka na miecze, park linowy i wiele innych pomys\u0142owych rozrywek.<\/p>\n<div id=\"attachment_32279\" style=\"width: 634px\" class=\"wp-caption alignnone\"><a href=\"https:\/\/turysta2.pttk.pl\/wp-content\/uploads\/2025\/06\/6.-Kolej-gondolowa-20230608-028_MBo-4000-Michal-Bosek-UMWP-scaled.jpg\"><img loading=\"lazy\" decoding=\"async\" aria-describedby=\"caption-attachment-32279\" class=\" wp-image-32279\" src=\"https:\/\/turysta2.pttk.pl\/wp-content\/uploads\/2025\/06\/6.-Kolej-gondolowa-20230608-028_MBo-4000-Michal-Bosek-UMWP-300x200.jpg\" alt=\"\" width=\"624\" height=\"416\" srcset=\"https:\/\/turysta2.pttk.pl\/wp-content\/uploads\/2025\/06\/6.-Kolej-gondolowa-20230608-028_MBo-4000-Michal-Bosek-UMWP-300x200.jpg 300w, https:\/\/turysta2.pttk.pl\/wp-content\/uploads\/2025\/06\/6.-Kolej-gondolowa-20230608-028_MBo-4000-Michal-Bosek-UMWP-1024x683.jpg 1024w, https:\/\/turysta2.pttk.pl\/wp-content\/uploads\/2025\/06\/6.-Kolej-gondolowa-20230608-028_MBo-4000-Michal-Bosek-UMWP-768x512.jpg 768w, https:\/\/turysta2.pttk.pl\/wp-content\/uploads\/2025\/06\/6.-Kolej-gondolowa-20230608-028_MBo-4000-Michal-Bosek-UMWP-1536x1024.jpg 1536w, https:\/\/turysta2.pttk.pl\/wp-content\/uploads\/2025\/06\/6.-Kolej-gondolowa-20230608-028_MBo-4000-Michal-Bosek-UMWP-2048x1366.jpg 2048w\" sizes=\"auto, (max-width: 624px) 100vw, 624px\" \/><\/a><p id=\"caption-attachment-32279\" class=\"wp-caption-text\">Kolej gondolowa nad Solin\u0105 fot. Micha\u0142 Bosek\/UMWP<\/p><\/div>\n<div id=\"attachment_32269\" style=\"width: 634px\" class=\"wp-caption alignnone\"><a href=\"https:\/\/turysta2.pttk.pl\/wp-content\/uploads\/2025\/06\/4.-Zalew-Solinski-fot.-Krzysztof-Zajaczkowski-UMWP-102B2709-scaled.jpg\"><img loading=\"lazy\" decoding=\"async\" aria-describedby=\"caption-attachment-32269\" class=\" wp-image-32269\" src=\"https:\/\/turysta2.pttk.pl\/wp-content\/uploads\/2025\/06\/4.-Zalew-Solinski-fot.-Krzysztof-Zajaczkowski-UMWP-102B2709-300x200.jpg\" alt=\"\" width=\"624\" height=\"416\" srcset=\"https:\/\/turysta2.pttk.pl\/wp-content\/uploads\/2025\/06\/4.-Zalew-Solinski-fot.-Krzysztof-Zajaczkowski-UMWP-102B2709-300x200.jpg 300w, https:\/\/turysta2.pttk.pl\/wp-content\/uploads\/2025\/06\/4.-Zalew-Solinski-fot.-Krzysztof-Zajaczkowski-UMWP-102B2709-1024x683.jpg 1024w, https:\/\/turysta2.pttk.pl\/wp-content\/uploads\/2025\/06\/4.-Zalew-Solinski-fot.-Krzysztof-Zajaczkowski-UMWP-102B2709-768x512.jpg 768w, https:\/\/turysta2.pttk.pl\/wp-content\/uploads\/2025\/06\/4.-Zalew-Solinski-fot.-Krzysztof-Zajaczkowski-UMWP-102B2709-1536x1024.jpg 1536w, https:\/\/turysta2.pttk.pl\/wp-content\/uploads\/2025\/06\/4.-Zalew-Solinski-fot.-Krzysztof-Zajaczkowski-UMWP-102B2709-2048x1365.jpg 2048w\" sizes=\"auto, (max-width: 624px) 100vw, 624px\" \/><\/a><p id=\"caption-attachment-32269\" class=\"wp-caption-text\">Zalew Soli\u0144ski jest najwi\u0119kszym sztucznym zbiornikiem wodnym w Polsce fot: Krzysztof Zajaczkowski\/UMWP<\/p><\/div>\n<p><strong>Z wizyt\u0105 w Sanoku<br \/>\n<\/strong>Od \u015bredniowiecza a\u017c po okres zaboru austriackiego Sanok stanowi\u0142 administracyjne centrum regionu. Wsp\u00f3\u0142cze\u015bnie po\u0142o\u017cone nad Sanem miasto to doskona\u0142y punkt wypadowy w Bieszczady. Warto sp\u0119dzi\u0107 tu przynajmniej p\u00f3\u0142 dnia i odwiedzi\u0107 Muzeum Historyczne, mieszcz\u0105ce si\u0119 w dawnym zamku kr\u00f3lewskim. S\u0142ynie ono m.in. z bezcennej kolekcji dawnych ikon oraz najwi\u0119kszego na \u015bwiecie zbioru obraz\u00f3w Zdzis\u0142awa Beksi\u0144skiego (1929-2005). Cho\u0107 jego oferta jest bardzo bogata, odwiedza je mniej turyst\u00f3w ni\u017c Muzeum Budow\u00adnictwa Ludowego \u2013 najwi\u0119kszy w kraju skansen pod wzgl\u0119dem liczby zgromadzonych obiekt\u00f3w. Na terenie o powierzchni 38 hektar\u00f3w postawiono ponad sto r\u00f3\u017cnego rodzaj obiekt\u00f3w.<br \/>\nBieszczady nieustannie si\u0119 zmieniaj\u0105, podobnie jak oczekiwania turyst\u00f3w. Powstaj\u0105 nowe atrakcje, jak cho\u0107by otwarte latem 2024 roku Bieszczadzkie Centrum Dziedzictwa Kulturowego w Ustrzykach Dolnych, gdzie znajduje si\u0119 najnowocze\u015bniejsza w Polsce sala immersyjna. Jedno jest pewne: warto odwiedza\u0107 ten region i odkrywa\u0107 jego wci\u0105\u017c roz\u00adwijaj\u0105c\u0105 si\u0119 ofert\u0119 turystyczn\u0105. Zreszt\u0105, jak m\u00f3wi stare przys\u0142owie: <em>W Bieszczady jedzie si\u0119 raz, potem si\u0119 ju\u017c tylko wraca.<\/em><\/p>\n<div id=\"attachment_32283\" style=\"width: 574px\" class=\"wp-caption alignnone\"><a href=\"https:\/\/turysta2.pttk.pl\/wp-content\/uploads\/2025\/06\/DSC09488-4000-Michal-Bosek-UMWP-scaled.jpg\"><img loading=\"lazy\" decoding=\"async\" aria-describedby=\"caption-attachment-32283\" class=\" wp-image-32283\" src=\"https:\/\/turysta2.pttk.pl\/wp-content\/uploads\/2025\/06\/DSC09488-4000-Michal-Bosek-UMWP-300x200.jpg\" alt=\"\" width=\"564\" height=\"376\" srcset=\"https:\/\/turysta2.pttk.pl\/wp-content\/uploads\/2025\/06\/DSC09488-4000-Michal-Bosek-UMWP-300x200.jpg 300w, https:\/\/turysta2.pttk.pl\/wp-content\/uploads\/2025\/06\/DSC09488-4000-Michal-Bosek-UMWP-1024x682.jpg 1024w, https:\/\/turysta2.pttk.pl\/wp-content\/uploads\/2025\/06\/DSC09488-4000-Michal-Bosek-UMWP-768x512.jpg 768w, https:\/\/turysta2.pttk.pl\/wp-content\/uploads\/2025\/06\/DSC09488-4000-Michal-Bosek-UMWP-1536x1024.jpg 1536w, https:\/\/turysta2.pttk.pl\/wp-content\/uploads\/2025\/06\/DSC09488-4000-Michal-Bosek-UMWP-2048x1365.jpg 2048w\" sizes=\"auto, (max-width: 564px) 100vw, 564px\" \/><\/a><p id=\"caption-attachment-32283\" class=\"wp-caption-text\">Sala immersyjna Bieszczadzkiego Centrum Dziedzictwa Kulturowego w Ustrzykach Dolnych fot. Micha\u0142 Bosek\/UMWP<\/p><\/div>\n<div id=\"attachment_32273\" style=\"width: 574px\" class=\"wp-caption alignnone\"><a href=\"https:\/\/turysta2.pttk.pl\/wp-content\/uploads\/2025\/06\/6.-Synagoga-z-Polanca-fot.-Krzysztof-Zajaczkowski-scaled.jpg\"><img loading=\"lazy\" decoding=\"async\" aria-describedby=\"caption-attachment-32273\" class=\" wp-image-32273\" src=\"https:\/\/turysta2.pttk.pl\/wp-content\/uploads\/2025\/06\/6.-Synagoga-z-Polanca-fot.-Krzysztof-Zajaczkowski-300x200.jpg\" alt=\"\" width=\"564\" height=\"376\" srcset=\"https:\/\/turysta2.pttk.pl\/wp-content\/uploads\/2025\/06\/6.-Synagoga-z-Polanca-fot.-Krzysztof-Zajaczkowski-300x200.jpg 300w, https:\/\/turysta2.pttk.pl\/wp-content\/uploads\/2025\/06\/6.-Synagoga-z-Polanca-fot.-Krzysztof-Zajaczkowski-1024x683.jpg 1024w, https:\/\/turysta2.pttk.pl\/wp-content\/uploads\/2025\/06\/6.-Synagoga-z-Polanca-fot.-Krzysztof-Zajaczkowski-768x512.jpg 768w, https:\/\/turysta2.pttk.pl\/wp-content\/uploads\/2025\/06\/6.-Synagoga-z-Polanca-fot.-Krzysztof-Zajaczkowski-1536x1024.jpg 1536w, https:\/\/turysta2.pttk.pl\/wp-content\/uploads\/2025\/06\/6.-Synagoga-z-Polanca-fot.-Krzysztof-Zajaczkowski-2048x1365.jpg 2048w\" sizes=\"auto, (max-width: 564px) 100vw, 564px\" \/><\/a><p id=\"caption-attachment-32273\" class=\"wp-caption-text\">Synagoga z Po\u0142a\u0144ca w Muzeum<br \/>Budownictwa Ludowego w Sanoku fot. Krzysztof Zaj\u0105czkowski\/UMWP<\/p><\/div>\n<p>&nbsp;<\/p>\n<p><em>Tekst<\/em><strong> \u0141ukasz Bajda<br \/>\n<\/strong>Historyk, przewodnik beskidzki oraz autor licznych opracowa\u0144 o historii i atrakcjach turystycznych Podkarpacia. Opublikowa\u0142 m.in. ksi\u0105\u017cki: \u201eBieszczady. To, co najwa\u017cniejsze\u201d, \u201e555 zagadek o Bieszczadach\u201d oraz \u201eZiemianie z podkarpackich dwor\u00f3w\u201d.<\/p>\n<p>&nbsp;<\/p>\n","protected":false},"excerpt":{"rendered":"Po\u0142oniny, zapora w Solinie, kolejka le\u015bna, sanocki skansen i Bieszczadzkie Drezyny Rowerowe\u2026 Po\u0142udniowo-wschodni cypel Polski od lat przy\u00adci\u0105ga turyst\u00f3w atrakcjami, kt\u00f3re tworz\u0105 niefor\u00admalny kanon Bieszczad\u00f3w. Badania prowadzone z inicjatywy Urz\u0119du Marsza\u0142kowskiego Woje\u00adw\u00f3dztwa Podkarpackiego potwierdzaj\u0105, \u017ce to w\u0142a\u00ad\u015bnie te miejsca nale\u017c\u0105 do najcz\u0119\u015bciej odwiedzanych i najlepiej rozpoznawalnych w regionie. Truizmem by\u0142oby stwierdzenie, \u017ce Bieszczady to przede wszystkim g\u00f3ry. Po II wojnie&nbsp;<a href=\"https:\/\/turysta2.pttk.pl\/?p=32261\" class=\"read-more\">Continue Reading<\/a>","protected":false},"author":13,"featured_media":32263,"comment_status":"closed","ping_status":"closed","sticky":false,"template":"","format":"standard","meta":{"footnotes":""},"categories":[92,5],"tags":[],"class_list":["post-32261","post","type-post","status-publish","format-standard","has-post-thumbnail","hentry","category-polecamy","category-a-to-polska-wlasnie","cat-92-id","cat-5-id"],"aioseo_notices":[],"_links":{"self":[{"href":"https:\/\/turysta2.pttk.pl\/index.php?rest_route=\/wp\/v2\/posts\/32261","targetHints":{"allow":["GET"]}}],"collection":[{"href":"https:\/\/turysta2.pttk.pl\/index.php?rest_route=\/wp\/v2\/posts"}],"about":[{"href":"https:\/\/turysta2.pttk.pl\/index.php?rest_route=\/wp\/v2\/types\/post"}],"author":[{"embeddable":true,"href":"https:\/\/turysta2.pttk.pl\/index.php?rest_route=\/wp\/v2\/users\/13"}],"replies":[{"embeddable":true,"href":"https:\/\/turysta2.pttk.pl\/index.php?rest_route=%2Fwp%2Fv2%2Fcomments&post=32261"}],"version-history":[{"count":2,"href":"https:\/\/turysta2.pttk.pl\/index.php?rest_route=\/wp\/v2\/posts\/32261\/revisions"}],"predecessor-version":[{"id":32285,"href":"https:\/\/turysta2.pttk.pl\/index.php?rest_route=\/wp\/v2\/posts\/32261\/revisions\/32285"}],"wp:featuredmedia":[{"embeddable":true,"href":"https:\/\/turysta2.pttk.pl\/index.php?rest_route=\/wp\/v2\/media\/32263"}],"wp:attachment":[{"href":"https:\/\/turysta2.pttk.pl\/index.php?rest_route=%2Fwp%2Fv2%2Fmedia&parent=32261"}],"wp:term":[{"taxonomy":"category","embeddable":true,"href":"https:\/\/turysta2.pttk.pl\/index.php?rest_route=%2Fwp%2Fv2%2Fcategories&post=32261"},{"taxonomy":"post_tag","embeddable":true,"href":"https:\/\/turysta2.pttk.pl\/index.php?rest_route=%2Fwp%2Fv2%2Ftags&post=32261"}],"curies":[{"name":"wp","href":"https:\/\/api.w.org\/{rel}","templated":true}]}}