{"id":32219,"date":"2025-04-02T11:48:54","date_gmt":"2025-04-02T09:48:54","guid":{"rendered":"https:\/\/turysta2.pttk.pl\/?p=32219"},"modified":"2025-04-02T11:48:54","modified_gmt":"2025-04-02T09:48:54","slug":"miedzynarodowy-dzien-przewodnika-turystycznego-na-pomorzu","status":"publish","type":"post","link":"https:\/\/turysta2.pttk.pl\/?p=32219","title":{"rendered":"Mi\u0119dzynarodowy Dzie\u0144 Przewodnika Turystycznego na Pomorzu"},"content":{"rendered":"<p><strong>22 lutego 2025 roku odby\u0142y si\u0119 uroczyste woje\u00adw\u00f3dzkie obchody Mi\u0119dzynarodowego Dnia Prze\u00adwodnika Turystycznego, obj\u0119te honorowym patronatem marsza\u0142ka wojew\u00f3dztwa pomor\u00adskiego. Tegoroczne wydarzenie przebiega\u0142o pod has\u0142em \u201e150 lat zorganizowanego przewodnictwa polskiego\u201d.<\/strong><\/p>\n<p>Uroczysto\u015b\u0107 odby\u0142a si\u0119 w sali <em>Niebo Polskie <\/em>w Gda\u0144sku, mieszcz\u0105cej si\u0119 w auli dawnego Gim\u00adnazjum Polskiego w Gda\u0144sku, obecnie w siedzibie Urz\u0119du Marsza\u0142kowskiego Wojew\u00f3dztwa Pomor\u00adskiego. Uczestniczy\u0142o w niej oko\u0142o 120 os\u00f3b, w tym liczni go\u015bcie, m.in. przedstawiciele samorz\u0105du, bran\u017cy turystycznej oraz przewodniczki i prze\u00adwodnicy z Gda\u0144ska, Gdyni, Ko\u015bcierzyny, L\u0119borka, Malborka, S\u0142upska i Wejherowa.<\/p>\n<p>Obchody zosta\u0142y zorganizowane przez Pomor\u00adsk\u0105 Federacj\u0119 Przewodnick\u0105 PTTK we wsp\u00f3\u0142pracy z Departamentem Turystyki i Sportu Urz\u0119du Marsza\u0142kowskiego Wojew\u00f3dztwa Pomorskiego oraz Ko\u0142em Przewodnik\u00f3w PTTK im. Franciszka Mamuszki w Gda\u0144sku.<\/p>\n<p>Uroczysto\u015b\u0107 zainaugurowa\u0142y wyst\u0105pienia Marty Che\u0142kowskiej, dyrektor DTiS UMWP oraz Barbary Z\u0105bczyk-Chmielewskiej, przewodnicz\u0105cej Pomor\u00adskiej Federacji Przewodnickiej PTTK. Podczas sesji wr\u0119czono podzi\u0119kowania osobom zas\u0142u\u017conym dla organizacji cyklicznych imprez przewodnickich w wojew\u00f3dztwie pomorskim.<\/p>\n<p>Program wydarzenia obejmowa\u0142 m.in. interesu\u00adj\u0105ce prelekcje z prezentacjami: <em>Po s\u0142o\u0144ce po wod\u0119 wszyscy nad Ba\u0142tyk, czyli historia ruchu tury\u00adstycznego na Ziemi Puckiej w okresie mi\u0119dzywo\u00adjennym<\/em>, wyg\u0142oszon\u0105 przez Joann\u0119 Grochowsk\u0105 z Muzeum Ziemi Puckiej im. Floriana Ceynowy w Pucku oraz <em>Monte Carlo P\u00f3\u0142nocy, czyli rzecz o wyj\u0105tkowo\u015bci sopockiego kasyna (1919\u20131944)<\/em>, przedstawion\u0105 przez dr. Jana Daniluka z Uniwer\u00adsytetu Gda\u0144skiego.<\/p>\n<p>Podczas uroczysto\u015bci mo\u017cna by\u0142o obejrze\u0107 wystaw\u0119 <em>Zatrzymane w czasie \u2013 \u015bwiadectwa turystyczno-krajoznawczej dzia\u0142alno\u015bci<\/em>, przygo\u00adtowan\u0105 przez Dariusza D\u0119bskiego, przewodnicz\u0105\u00adcego Pomorskiej Komisji Krajoznawczej PTTK.<\/p>\n<div id=\"attachment_32221\" style=\"width: 425px\" class=\"wp-caption alignnone\"><a href=\"https:\/\/turysta2.pttk.pl\/wp-content\/uploads\/2025\/04\/IMG_20250222_114708-scaled.jpg\"><img loading=\"lazy\" decoding=\"async\" aria-describedby=\"caption-attachment-32221\" class=\" wp-image-32221\" src=\"https:\/\/turysta2.pttk.pl\/wp-content\/uploads\/2025\/04\/IMG_20250222_114708-300x225.jpg\" alt=\"\" width=\"415\" height=\"311\" srcset=\"https:\/\/turysta2.pttk.pl\/wp-content\/uploads\/2025\/04\/IMG_20250222_114708-300x225.jpg 300w, https:\/\/turysta2.pttk.pl\/wp-content\/uploads\/2025\/04\/IMG_20250222_114708-1024x768.jpg 1024w, https:\/\/turysta2.pttk.pl\/wp-content\/uploads\/2025\/04\/IMG_20250222_114708-768x576.jpg 768w, https:\/\/turysta2.pttk.pl\/wp-content\/uploads\/2025\/04\/IMG_20250222_114708-1536x1152.jpg 1536w, https:\/\/turysta2.pttk.pl\/wp-content\/uploads\/2025\/04\/IMG_20250222_114708-2048x1536.jpg 2048w, https:\/\/turysta2.pttk.pl\/wp-content\/uploads\/2025\/04\/IMG_20250222_114708-200x150.jpg 200w\" sizes=\"auto, (max-width: 415px) 100vw, 415px\" \/><\/a><p id=\"caption-attachment-32221\" class=\"wp-caption-text\">Wystaw\u0119 przygotowa\u0142 Dariusz D\u0119bski,<br \/>przewodnicz\u0105cy Pomorskiej Komisji Krajoznawczej PTTK<\/p><\/div>\n<p>Na zako\u0144czenie obchod\u00f3w uczestnicy wzi\u0119li udzia\u0142 w spacerze, kt\u00f3ry poprowadzi\u0142 Marcin Szumny, wiceprezes Ko\u0142a Przewodnik\u00f3w Miej\u00adskich i Terenowych im. F. Mamuszki w Gda\u0144sku, a nast\u0119pnie zwiedzili Gda\u0144ski Teatr Szekspirowski pod opiek\u0105 edukatorki Katarzyny Rukat.<\/p>\n<p><em>Tekst <\/em><strong>Barbara Z\u0105bczyk-Chmielewska<\/strong><br \/>\nPrzewodnicz\u0105ca Pomorskiej Federacji Przewodnickiej PTTK<\/p>\n<p><em>Zdj\u0119cia<\/em> <strong>Marcin Szumny<\/strong><\/p>\n","protected":false},"excerpt":{"rendered":"22 lutego 2025 roku odby\u0142y si\u0119 uroczyste woje\u00adw\u00f3dzkie obchody Mi\u0119dzynarodowego Dnia Prze\u00adwodnika Turystycznego, obj\u0119te honorowym patronatem marsza\u0142ka wojew\u00f3dztwa pomor\u00adskiego. Tegoroczne wydarzenie przebiega\u0142o pod has\u0142em \u201e150 lat zorganizowanego przewodnictwa polskiego\u201d. Uroczysto\u015b\u0107 odby\u0142a si\u0119 w sali Niebo Polskie w Gda\u0144sku, mieszcz\u0105cej si\u0119 w auli dawnego Gim\u00adnazjum Polskiego w Gda\u0144sku, obecnie w siedzibie Urz\u0119du Marsza\u0142kowskiego Wojew\u00f3dztwa Pomor\u00adskiego. Uczestniczy\u0142o w niej oko\u0142o 120 os\u00f3b,&nbsp;<a href=\"https:\/\/turysta2.pttk.pl\/?p=32219\" class=\"read-more\">Continue Reading<\/a>","protected":false},"author":13,"featured_media":32223,"comment_status":"closed","ping_status":"closed","sticky":false,"template":"","format":"standard","meta":{"footnotes":""},"categories":[93,9],"tags":[],"class_list":["post-32219","post","type-post","status-publish","format-standard","has-post-thumbnail","hentry","category-aktualnosci","category-warto-wiedziec","cat-93-id","cat-9-id"],"aioseo_notices":[],"_links":{"self":[{"href":"https:\/\/turysta2.pttk.pl\/index.php?rest_route=\/wp\/v2\/posts\/32219","targetHints":{"allow":["GET"]}}],"collection":[{"href":"https:\/\/turysta2.pttk.pl\/index.php?rest_route=\/wp\/v2\/posts"}],"about":[{"href":"https:\/\/turysta2.pttk.pl\/index.php?rest_route=\/wp\/v2\/types\/post"}],"author":[{"embeddable":true,"href":"https:\/\/turysta2.pttk.pl\/index.php?rest_route=\/wp\/v2\/users\/13"}],"replies":[{"embeddable":true,"href":"https:\/\/turysta2.pttk.pl\/index.php?rest_route=%2Fwp%2Fv2%2Fcomments&post=32219"}],"version-history":[{"count":1,"href":"https:\/\/turysta2.pttk.pl\/index.php?rest_route=\/wp\/v2\/posts\/32219\/revisions"}],"predecessor-version":[{"id":32225,"href":"https:\/\/turysta2.pttk.pl\/index.php?rest_route=\/wp\/v2\/posts\/32219\/revisions\/32225"}],"wp:featuredmedia":[{"embeddable":true,"href":"https:\/\/turysta2.pttk.pl\/index.php?rest_route=\/wp\/v2\/media\/32223"}],"wp:attachment":[{"href":"https:\/\/turysta2.pttk.pl\/index.php?rest_route=%2Fwp%2Fv2%2Fmedia&parent=32219"}],"wp:term":[{"taxonomy":"category","embeddable":true,"href":"https:\/\/turysta2.pttk.pl\/index.php?rest_route=%2Fwp%2Fv2%2Fcategories&post=32219"},{"taxonomy":"post_tag","embeddable":true,"href":"https:\/\/turysta2.pttk.pl\/index.php?rest_route=%2Fwp%2Fv2%2Ftags&post=32219"}],"curies":[{"name":"wp","href":"https:\/\/api.w.org\/{rel}","templated":true}]}}