{"id":32199,"date":"2025-04-02T11:36:57","date_gmt":"2025-04-02T09:36:57","guid":{"rendered":"https:\/\/turysta2.pttk.pl\/?p=32199"},"modified":"2025-04-02T11:36:57","modified_gmt":"2025-04-02T09:36:57","slug":"dziesiec-wycieczek-na-10-lecie-oddzialu-warszawskiego-pttk","status":"publish","type":"post","link":"https:\/\/turysta2.pttk.pl\/?p=32199","title":{"rendered":"Dziesi\u0119\u0107 wycieczek na 10-lecie Oddzia\u0142u Warszawskiego PTTK"},"content":{"rendered":"<p><strong>Rok 2025 to jubileusz 10-lecia Oddzia\u0142u War\u00adszawskiego PTTK, kt\u00f3rego dzia\u0142alno\u015b\u0107 cieszy si\u0119 uznaniem w\u0142adz lokalnych i samorz\u0105dowych. Przy ich wsparciu organizowane s\u0105 liczne wydarzenia turystyczne i kulturalne. <\/strong><\/p>\n<p>Z okazji jubileuszu, z inicjatywy prezesa Zarz\u0105\u00addu Oddzia\u0142u Jacka Trzocha, rozpocz\u0119to cykl atrakcyjnych wycieczek po stolicy. Ich wytrwa\u00adli uczestnicy maj\u0105 szans\u0119 zdoby\u0107 Warszawsk\u0105 Odznak\u0119 Krajoznawcz\u0105 w stopniu popularnym lub br\u0105zowym. Dotychczas odby\u0142o si\u0119 pi\u0119\u0107 wy\u00adpraw, podczas kt\u00f3rych cz\u0142onkowie PTTK, ich rodziny i sympaty\u00adcy Oddzia\u0142u poznawali dziedzictwo kulturowe Warszawy \u2013 histori\u0119 odwiedzanych miejsc i zwi\u0105zane z nimi dzie\u00ad\u0142a sztuki.<\/p>\n<p>&nbsp;<\/p>\n<p><em><strong>Relacja ze spacer\u00f3w:<\/strong><\/em><\/p>\n<p><strong>Teatr Wielki oraz plac J\u00f3zefa Pi\u0142sudskiego <\/strong><br \/>\nPierwsza wycieczka, kt\u00f3ra odby\u0142a si\u0119 21 wrze\u015bnia 2024 roku, prowa\u00addzi\u0142a do Teatru Wielkiego. Uczestnicy mieli okazj\u0119 pozna\u0107 tajemnice tego imponuj\u0105cego gmachu, znanego g\u0142\u00f3wnie mi\u0142o\u015bnikom opery. Pod opiek\u0105 wykwalifikowanych przewodnik\u00f3w weszli na scen\u0119 \u2013 przestrze\u0144, kt\u00f3ra z perspektywy widowni wydaje si\u0119 stosunkowo niewielka. Ci, kt\u00f3rzy znale\u017ali si\u0119 tam po raz pierwszy, byli zaskoczeni ogromem czarnej, pustej przestrzeni oraz surowymi instalacjami technicznymi, ukrytymi przed wzrokiem publiczno\u015bci.<\/p>\n<div id=\"attachment_32205\" style=\"width: 377px\" class=\"wp-caption alignnone\"><a href=\"https:\/\/turysta2.pttk.pl\/wp-content\/uploads\/2025\/04\/scena-teatr7-scaled.jpg\"><img loading=\"lazy\" decoding=\"async\" aria-describedby=\"caption-attachment-32205\" class=\" wp-image-32205\" src=\"https:\/\/turysta2.pttk.pl\/wp-content\/uploads\/2025\/04\/scena-teatr7-300x225.jpg\" alt=\"\" width=\"367\" height=\"275\" srcset=\"https:\/\/turysta2.pttk.pl\/wp-content\/uploads\/2025\/04\/scena-teatr7-300x225.jpg 300w, https:\/\/turysta2.pttk.pl\/wp-content\/uploads\/2025\/04\/scena-teatr7-1024x768.jpg 1024w, https:\/\/turysta2.pttk.pl\/wp-content\/uploads\/2025\/04\/scena-teatr7-768x576.jpg 768w, https:\/\/turysta2.pttk.pl\/wp-content\/uploads\/2025\/04\/scena-teatr7-1536x1152.jpg 1536w, https:\/\/turysta2.pttk.pl\/wp-content\/uploads\/2025\/04\/scena-teatr7-2048x1536.jpg 2048w, https:\/\/turysta2.pttk.pl\/wp-content\/uploads\/2025\/04\/scena-teatr7-200x150.jpg 200w\" sizes=\"auto, (max-width: 367px) 100vw, 367px\" \/><\/a><p id=\"caption-attachment-32205\" class=\"wp-caption-text\">Scena w Teatrze Wielkim<\/p><\/div>\n<p>Grupy zajrza\u0142y r\u00f3wnie\u017c za kulisy, gdzie mog\u0142y podziwia\u0107 ruchome elementy scenografii, m.in. monumentalne \u017cyrandole. Podczas pobytu na widowni uczestnicy mieli wyj\u0105tkow\u0105 okazj\u0119 obserwo\u00adwa\u0107 fragment trwaj\u0105cej pr\u00f3by przedstawienia. Nast\u0119pnie zwiedzili garderoby i zeszli pod scen\u0119 \u2013 stref\u0119 pogr\u0105\u017con\u0105 w niemal ca\u0142kowitym mroku. Na zako\u0144czenie wizyty zatrzymali si\u0119 na chwil\u0119 odpoczynku w jasnym, intensywnie o\u015bwietlonym pomieszczeniu, sk\u0105d pracow\u00adnicy techniczni steruj\u0105 o\u015bwietleniem ca\u0142ego budynku.<br \/>\nPo opuszczeniu gmachu tury\u015bci udali si\u0119 na plac J\u00f3zefa Pi\u0142sud\u00adskiego, gdzie wys\u0142uchali prelekcji o udost\u0119pnionych wykopaliskach \u2013 pozosta\u0142o\u015bciach po dawnych pa\u0142acach Saskim i Bruhla. Przewod\u00adniczkami by\u0142y Sylwia Strojnowska i Dagmara Komorniczak.<br \/>\nZe wzgl\u0119du na ogromne zainteresowanie zwiedzaniem Teatru Wiel\u00adkiego wycieczka zosta\u0142a powt\u00f3rzona jeszcze dwukrotnie w 2024 roku.<\/p>\n<p><strong>Warszawskie ZOO oraz spacer po Pradze P\u00f3\u0142noc <\/strong><br \/>\n19 pa\u017adziernika 2024 roku tury\u015bci mieli wyj\u0105tkow\u0105 okazj\u0119 zwiedzi\u0107 Warszawski Ogr\u00f3d Zoologiczny po zmroku. Grupy, prowadzone przez pracownik\u00f3w Fundacji Panda, przemieszcza\u0142y si\u0119 nieo\u015bwie\u00adtlonymi alejkami, poznaj\u0105c codzienne \u017cycie zwierz\u0105t w nocnej sce\u00adnerii. Okaza\u0142o si\u0119, \u017ce nocne obserwacje mog\u0105 dostarczy\u0107 wi\u0119cej wra\u00ad\u017ce\u0144 ni\u017c tradycyjna wizyta za dnia \u2013 zwierz\u0119ta by\u0142y bardziej aktywne, a otaczaj\u0105ca cisza pot\u0119gowa\u0142a wra\u017cenie blisko\u015bci z natur\u0105.<br \/>\nOgr\u00f3d spowity by\u0142 ca\u0142kowit\u0105 ciemno\u015bci\u0105, a tak\u017ce wn\u0119trza pawilo\u00adn\u00f3w, co sprawia\u0142o, \u017ce sylwetki zwierz\u0105t wy\u0142ania\u0142y si\u0119 niespodziewa\u00adnie w \u015bwietle latarek, robi\u0105c na obserwatorach ogromne wra\u017cenie. Uczestnicy mieli okazj\u0119 zobaczy\u0107 sowy, w\u0119\u017ce, \u017caby, owady, paj\u0105ki, krokodyle, lemury oraz czuwaj\u0105ce na wybiegu antylopy. Nawet panda ma\u0142a, zwykle trudna do dostrze\u017cenia za dnia, pojawi\u0142a si\u0119 na swoim roz\u0142o\u017cystym drzewie, wzbudzaj\u0105c zachwyt zwiedzaj\u0105cych.<\/p>\n<div id=\"attachment_32207\" style=\"width: 379px\" class=\"wp-caption alignnone\"><a href=\"https:\/\/turysta2.pttk.pl\/wp-content\/uploads\/2025\/04\/ZOO6.jpg\"><img loading=\"lazy\" decoding=\"async\" aria-describedby=\"caption-attachment-32207\" class=\" wp-image-32207\" src=\"https:\/\/turysta2.pttk.pl\/wp-content\/uploads\/2025\/04\/ZOO6-300x254.jpg\" alt=\"\" width=\"369\" height=\"312\" srcset=\"https:\/\/turysta2.pttk.pl\/wp-content\/uploads\/2025\/04\/ZOO6-300x254.jpg 300w, https:\/\/turysta2.pttk.pl\/wp-content\/uploads\/2025\/04\/ZOO6-1024x866.jpg 1024w, https:\/\/turysta2.pttk.pl\/wp-content\/uploads\/2025\/04\/ZOO6-768x650.jpg 768w, https:\/\/turysta2.pttk.pl\/wp-content\/uploads\/2025\/04\/ZOO6-1536x1300.jpg 1536w, https:\/\/turysta2.pttk.pl\/wp-content\/uploads\/2025\/04\/ZOO6-2048x1733.jpg 2048w\" sizes=\"auto, (max-width: 369px) 100vw, 369px\" \/><\/a><p id=\"caption-attachment-32207\" class=\"wp-caption-text\">Warszawski Ogr\u00f3d Zoologiczny<\/p><\/div>\n<p>Po opuszczeniu ZOO grupy uda\u0142y si\u0119 na nocny spacer po Pradze P\u00f3\u0142noc. Przewodnik Jakub Paradowski odkrywa\u0142 przed uczestnikami t\u0119 dzielnic\u0119 w zupe\u0142nie nowym \u015bwietle \u2013 tak\u0105, jakiej nie wida\u0107 za dnia. Mrok uwydatni\u0142 niepowtarzalny charakter ulicy Brzeskiej \u2013 tutaj czas si\u0119 po prostu zatrzyma\u0142. Wszystkich zachwyci\u0142y podw\u00f3rka schowane we wn\u0119kach bram, kapliczki, klimatyczne knajpki (Pyzy Flaki Gor\u0105ce). Du\u017ce wra\u017cenie zrobi\u0142 kultowy Bazar R\u00f3\u017cyckiego, ogl\u0105\u00addany od strony ulicy Z\u0105bkowskiej. Niemniej malowniczo prezen\u00adtowa\u0142y si\u0119 zabudowania Centrum Praskiego Koneser. Po rewita\u00adlizacji tego obszaru neony, lampy i drobne iluminacje efektownie podkre\u015blaj\u0105 ceglan\u0105 architektur\u0119 dawnych mur\u00f3w Warszawskiej Wytw\u00f3rni W\u00f3dek \u201eKoneser\u201d. To jedno z najbardziej atrakcyjnych miejsc na turystycznej mapie Pragi P\u00f3\u0142noc.<br \/>\nNa zako\u0144czenie spaceru uczestnicy wys\u0142uchali kilku ciekawostek i anegdot zwi\u0105zanych z Dworcem Wile\u0144skim oraz Galeri\u0105 Wile\u0144sk\u0105, poznaj\u0105c nieco mniej oczywiste oblicze tego rejonu Warszawy.<\/p>\n<p><strong>Cmentarze ewangelicko-reformowany i ewangelicko-augsburski oraz spacer po Woli. <\/strong><br \/>\n26 pa\u017adziernika 2024 roku przewodnik Marcin Tysler poprowadzi\u0142 uczestnik\u00f3w do wyj\u0105tkowych miejsc \u2013 zabytkowych cmentarzy przy ulicach \u017bytniej i M\u0142ynarskiej. Szare pomniki oraz rodzinne gro\u00adbowce wygl\u0105da\u0142y wyj\u0105tkowo nastrojowo na tle z\u0142otej polskiej jesieni. Niewielki nagrobek s\u0142ynnej ekspertki kulinarnej Lucyny \u0106wiercia\u00adkiewiczowej wyda\u0142 si\u0119 wszystkim bardzo skromny w por\u00f3wnaniu do rodzinnego grobu Emila Wedla, usytuowanego przy murze cmen\u00adtarnym oddzielaj\u0105cym cmentarz ewangelicko-augsburski od cmen\u00adtarza \u017cydowskiego. Uczestnicy spaceru odwiedzili tak\u017ce gr\u00f3b Stefana \u017beromskiego i groby innych znakomitych Polak\u00f3w, w tym architek\u00adt\u00f3w i przedsi\u0119biorc\u00f3w zas\u0142u\u017conych dla stolicy i kraju.<\/p>\n<div id=\"attachment_32211\" style=\"width: 324px\" class=\"wp-caption alignnone\"><a href=\"https:\/\/turysta2.pttk.pl\/wp-content\/uploads\/2025\/04\/Cmentarz3-scaled.jpg\"><img loading=\"lazy\" decoding=\"async\" aria-describedby=\"caption-attachment-32211\" class=\" wp-image-32211\" src=\"https:\/\/turysta2.pttk.pl\/wp-content\/uploads\/2025\/04\/Cmentarz3-225x300.jpg\" alt=\"\" width=\"314\" height=\"419\" srcset=\"https:\/\/turysta2.pttk.pl\/wp-content\/uploads\/2025\/04\/Cmentarz3-225x300.jpg 225w, https:\/\/turysta2.pttk.pl\/wp-content\/uploads\/2025\/04\/Cmentarz3-769x1024.jpg 769w, https:\/\/turysta2.pttk.pl\/wp-content\/uploads\/2025\/04\/Cmentarz3-768x1023.jpg 768w, https:\/\/turysta2.pttk.pl\/wp-content\/uploads\/2025\/04\/Cmentarz3-1153x1536.jpg 1153w, https:\/\/turysta2.pttk.pl\/wp-content\/uploads\/2025\/04\/Cmentarz3-1538x2048.jpg 1538w, https:\/\/turysta2.pttk.pl\/wp-content\/uploads\/2025\/04\/Cmentarz3-scaled.jpg 1922w\" sizes=\"auto, (max-width: 314px) 100vw, 314px\" \/><\/a><p id=\"caption-attachment-32211\" class=\"wp-caption-text\">Grobowiec rodziny Braeunig\u00f3w cmentarz ewangelicko-augsburski w Warszawie<\/p><\/div>\n<p>Nast\u0119pnie grupa wyruszy\u0142a na d\u0142ugi spacer ulicami Woli, rozpoczy\u00adnaj\u0105c od pola elekcyjnego, gdzie obecnie stoi pomnik Electio Viritim. Zmierzaj\u0105c w kierunku ulicy Wolskiej, przewodnik Jakub Paradow\u00adski przybli\u017cy\u0142 uczestnikom tragiczn\u0105 histori\u0119 Wandy Lurie, miesz\u00adkanki Woli, nazywanej Polsk\u0105 Niobe. Podczas pacyfikacji powsta\u00adnia warszawskiego, b\u0119d\u0105c w dziewi\u0105tym miesi\u0105cu ci\u0105\u017cy, prze\u017cy\u0142a masow\u0105 egzekucj\u0119 i rozstrzelanie tr\u00f3jki swoich dzieci. Ci\u0119\u017cko ranna, cudem ocala\u0142a z pogromu Woli. Dzi\u015b w miejscu tamtych tragicznych wydarze\u0144 znajduje si\u0119 plac zabaw.<br \/>\nZwiedzaj\u0105cy sp\u0119dzili tak\u017ce troch\u0119 czasu na osiedlu Kolonia Wawel\u00adberga, ufundowanym przez Hipolita Wawelberga dla ubogich miesz\u00adka\u0144c\u00f3w Warszawy. Na zako\u0144czenie wszyscy zeszli na stacj\u0119 metra P\u0142ocka, gdzie w specjalnej gablocie, wpuszczonej w pod\u0142og\u0119 podziem\u00adnego przej\u015bcia dla pieszych, mo\u017cna zobaczy\u0107 ko\u015bci s\u0142onia le\u015bnego wykopane podczas budowy II linii metra.<\/p>\n<p><strong>Pa\u0142ac Kultury i Nauki oraz MDM <\/strong><br \/>\n30 pa\u017adziernika 2024 roku odby\u0142o si\u0119 kolejne jubileuszowe oprowa\u00addzanie. Przewodniczka Dagmara Komorniczak zaprosi\u0142a uczestni\u00adk\u00f3w na spacer po okolicach Placu Konstytucji, przybli\u017caj\u0105c jego histo\u00adri\u0119 i zwracaj\u0105c uwag\u0119 na charakterystyczne elementy architektury. Opowiedzia\u0142a m.in. o Willi Struvego, ukrytej stacji metra, a tak\u017ce o s\u0142ynnych kandelabrach i neonach, takich jak Siatkarka czy Instru\u00admenty Muzyczne. Zwr\u00f3ci\u0142a uwage na mozaiki ukryte pod sklepie\u00adniami podcieni w czterech rogach placu. W\u0119druj\u0105c w stron\u0119 Pa\u0142acu Kultury i Nauki uczestnicy dowiedzieli si\u0119 wielu interesuj\u0105cych szczeg\u00f3\u0142\u00f3w na temat historii i architektury osiedla MDM \u2013 Marsza\u0142\u00adkowskiej Dzielnicy Mieszkaniowej.<\/p>\n<div id=\"attachment_32209\" style=\"width: 345px\" class=\"wp-caption alignnone\"><a href=\"https:\/\/turysta2.pttk.pl\/wp-content\/uploads\/2025\/04\/Palac11-scaled.jpg\"><img loading=\"lazy\" decoding=\"async\" aria-describedby=\"caption-attachment-32209\" class=\" wp-image-32209\" src=\"https:\/\/turysta2.pttk.pl\/wp-content\/uploads\/2025\/04\/Palac11-225x300.jpg\" alt=\"\" width=\"335\" height=\"447\" srcset=\"https:\/\/turysta2.pttk.pl\/wp-content\/uploads\/2025\/04\/Palac11-225x300.jpg 225w, https:\/\/turysta2.pttk.pl\/wp-content\/uploads\/2025\/04\/Palac11-769x1024.jpg 769w, https:\/\/turysta2.pttk.pl\/wp-content\/uploads\/2025\/04\/Palac11-768x1023.jpg 768w, https:\/\/turysta2.pttk.pl\/wp-content\/uploads\/2025\/04\/Palac11-1153x1536.jpg 1153w, https:\/\/turysta2.pttk.pl\/wp-content\/uploads\/2025\/04\/Palac11-1538x2048.jpg 1538w, https:\/\/turysta2.pttk.pl\/wp-content\/uploads\/2025\/04\/Palac11-scaled.jpg 1922w\" sizes=\"auto, (max-width: 335px) 100vw, 335px\" \/><\/a><p id=\"caption-attachment-32209\" class=\"wp-caption-text\">Widok na Warszaw\u0119 z Pa\u0142acu Kultury i Nauki<\/p><\/div>\n<p>Po dwugodzinnym spacerze lekko zmarzni\u0119ci uczestnicy dotarli do najbardziej rozpoznawalnego symbolu Warszawy. Po monumen\u00adtalnych wn\u0119trzach Pa\u0142acu Kultury i Nauki oprowadza\u0142a przewod\u00adniczka Jolanta Senator. Zwiedzaj\u0105cy mieli okazj\u0119 przej\u015b\u0107 przez szereg pomieszcze\u0144, do kt\u00f3rych na co dzie\u0144 niewiele os\u00f3b ma dost\u0119p. W\u015br\u00f3d nich znalaz\u0142y si\u0119 sale: Broniewskiego, Trojki, Starzy\u0144skiego, Marmu\u00adrowa, Kruczkowskiego, Ratuszowa, Lwa Rudniewa, Sk\u0142odowskiej-Cu\u00adrie oraz Gagarina, \u0142\u0105cz\u0105ca Kinotek\u0119 z Sal\u0105 Warszawsk\u0105.<br \/>\nNa zako\u0144czenie wszyscy wjechali zabytkow\u0105 wind\u0105 na XXX pi\u0119tro gmachu, sk\u0105d mogli do woli podziwia\u0107 rozleg\u0142\u0105 panoram\u0119 stolicy.<\/p>\n<p><strong>Uniwersytet Warszawski oraz Mariensztat <\/strong><br \/>\nOstatnia wycieczka w 2024 roku odby\u0142a si\u0119 30 listopada i rozpocz\u0119\u0142a si\u0119 od zwiedzenia Pa\u0142acu Kazimierzowskiego, obecnej siedziby rekto\u00adratu Uniwersytetu Warszawskiego. Grupy oprowadzali kustosze Muzeum Uniwersytetu Warszawskiego, przybli\u017caj\u0105c histori\u0119 tego miej\u00adsca. Zwiedzaj\u0105cy zachwycali si\u0119 klasycystycznymi wn\u0119trzami, w tym Sal\u0105 Kolumnow\u0105 i Sal\u0105 Z\u0142ot\u0105. Du\u017ce wra\u017cenie zrobi\u0142 r\u00f3wnie\u017c poczet por\u00adtret\u00f3w rektor\u00f3w Uniwersytetu, zdobi\u0105cy \u015bciany korytarzy rektoratu.<\/p>\n<div id=\"attachment_32213\" style=\"width: 438px\" class=\"wp-caption alignnone\"><a href=\"https:\/\/turysta2.pttk.pl\/wp-content\/uploads\/2025\/04\/6Uniwer-scaled.jpg\"><img loading=\"lazy\" decoding=\"async\" aria-describedby=\"caption-attachment-32213\" class=\" wp-image-32213\" src=\"https:\/\/turysta2.pttk.pl\/wp-content\/uploads\/2025\/04\/6Uniwer-300x225.jpg\" alt=\"\" width=\"428\" height=\"321\" srcset=\"https:\/\/turysta2.pttk.pl\/wp-content\/uploads\/2025\/04\/6Uniwer-300x225.jpg 300w, https:\/\/turysta2.pttk.pl\/wp-content\/uploads\/2025\/04\/6Uniwer-1024x769.jpg 1024w, https:\/\/turysta2.pttk.pl\/wp-content\/uploads\/2025\/04\/6Uniwer-768x577.jpg 768w, https:\/\/turysta2.pttk.pl\/wp-content\/uploads\/2025\/04\/6Uniwer-1536x1153.jpg 1536w, https:\/\/turysta2.pttk.pl\/wp-content\/uploads\/2025\/04\/6Uniwer-2048x1538.jpg 2048w, https:\/\/turysta2.pttk.pl\/wp-content\/uploads\/2025\/04\/6Uniwer-200x150.jpg 200w\" sizes=\"auto, (max-width: 428px) 100vw, 428px\" \/><\/a><p id=\"caption-attachment-32213\" class=\"wp-caption-text\">Portrety rektor\u00f3w Uniwersytetu Warszawskiego<\/p><\/div>\n<p>Kolejnym punktem wycieczki by\u0142o Muzeum Uniwersytetu War\u00adszawskiego, mieszcz\u0105ce si\u0119 w Pa\u0142acu Tyszkiewicz\u00f3w-Potockich. Uczestnicy mieli okazj\u0119 obejrze\u0107 imponuj\u0105c\u0105 wystaw\u0119 jubileuszow\u0105, na kt\u00f3rej zgromadzono m.in. znakomicie zachowane okazy rzadkich zwierz\u0105t oraz inne artefakty zwi\u0105zane z r\u00f3\u017cnymi dziedzinami nauki.<br \/>\nNast\u0119pnie przewodniczka Katarzyna Fagasi\u0144ska zaprowadzi\u0142a grup\u0119 do klasztoru Si\u00f3str Wizytek. Opowiedzia\u0142a o historii tego miej\u00adsca, a tak\u017ce zaprezentowa\u0142a dzia\u0142anie specyficznego urz\u0105dzenia s\u0142u\u017c\u0105cego do przekazywania przedmiot\u00f3w ze \u015bwiata zewn\u0119trznego do wn\u0119trza klasztoru.<br \/>\nNa koniec grupa wyruszy\u0142a na d\u0142ugi spacer po Mariensztacie, poznaj\u0105c ciekawostki zwi\u0105zane z ulic\u0105 Bednarsk\u0105 i innymi zak\u0105t\u00adkami Powi\u015bla.<br \/>\nWarto doda\u0107, \u017ce jedn\u0105 z grup stanowili przewodnicy miejscy, kt\u00f3\u00adrzy przygotowywali si\u0119 do uzyskania uprawnie\u0144 do oprowadzania po obiektach wewn\u0119trznych Uniwersytetu Warszawskiego.<\/p>\n<p><strong>Nowy cykl wycieczek <\/strong><br \/>\nW 2025 roku Oddzia\u0142 Warszawski PTTK organizuje kolejne wycieczki, pozwalaj\u0105ce odkrywa\u0107 histori\u0119, kultur\u0119 i sztuk\u0119 miasta. W styczniu zwiedzano Twierdz\u0119 Zegrze, Zamek Kr\u00f3lewski, Muzeum Archidie\u00adcezji Warszawskiej, krypty katedry \u015bw. Jana Chrzciciela, w lutym \u2013 Muzeum Neon\u00f3w oraz Fabryk\u0119 Czekolady \u201eWedel\u201d oraz Zesp\u00f3\u0142 Pa\u0142acowo-Parkowy w Natolinie.<\/p>\n<p>Planowane s\u0105 kolejne wydarzenia. Informacje na ten temat mo\u017cna znale\u017a\u0107 na stronie https:\/\/warszawski.pttk.pl\/ oraz na Facebooku: <a href=\"https:\/\/www.facebook.com\/WARSZAWSKI.PTTK\/\">https:\/\/www.facebook.com\/WARSZAWSKI.PTTK\/<\/a>.<\/p>\n<p><em>Artyku\u0142 o wycieczkach zorganizowanych przez Oddzia\u0142 Warszaw\u00adski PTTK w 2025 roku zamie\u015bcimy w numerze 2(18)\/2025 \u201eTurysty\u201d. <\/em><\/p>\n<p><em>Tekst i zdj\u0119cia<\/em><strong> Joanna Malinowska <\/strong><br \/>\nPrezes Ko\u0142a Terenowego 777 Oddzia\u0142u Warszawskiego PTTK, wspieraj\u0105ca dzia\u0142alno\u015b\u0107 Galerii Pami\u0105tek Turystycznych. Mi\u0142o\u015bniczka zwiedzania oraz pieszych w\u0119dr\u00f3wek, zw\u0142aszcza g\u00f3rskich, w wymagaj\u0105cych warunkach atmosferycznych.<\/p>\n","protected":false},"excerpt":{"rendered":"Rok 2025 to jubileusz 10-lecia Oddzia\u0142u War\u00adszawskiego PTTK, kt\u00f3rego dzia\u0142alno\u015b\u0107 cieszy si\u0119 uznaniem w\u0142adz lokalnych i samorz\u0105dowych. Przy ich wsparciu organizowane s\u0105 liczne wydarzenia turystyczne i kulturalne. Z okazji jubileuszu, z inicjatywy prezesa Zarz\u0105\u00addu Oddzia\u0142u Jacka Trzocha, rozpocz\u0119to cykl atrakcyjnych wycieczek po stolicy. Ich wytrwa\u00adli uczestnicy maj\u0105 szans\u0119 zdoby\u0107 Warszawsk\u0105 Odznak\u0119 Krajoznawcz\u0105 w stopniu popularnym lub br\u0105zowym. Dotychczas odby\u0142o si\u0119&nbsp;<a href=\"https:\/\/turysta2.pttk.pl\/?p=32199\" class=\"read-more\">Continue Reading<\/a>","protected":false},"author":13,"featured_media":32201,"comment_status":"closed","ping_status":"closed","sticky":false,"template":"","format":"standard","meta":{"footnotes":""},"categories":[68,41],"tags":[],"class_list":["post-32199","post","type-post","status-publish","format-standard","has-post-thumbnail","hentry","category-turystyka-piesza","category-turystyka-pttk","cat-68-id","cat-41-id"],"aioseo_notices":[],"_links":{"self":[{"href":"https:\/\/turysta2.pttk.pl\/index.php?rest_route=\/wp\/v2\/posts\/32199","targetHints":{"allow":["GET"]}}],"collection":[{"href":"https:\/\/turysta2.pttk.pl\/index.php?rest_route=\/wp\/v2\/posts"}],"about":[{"href":"https:\/\/turysta2.pttk.pl\/index.php?rest_route=\/wp\/v2\/types\/post"}],"author":[{"embeddable":true,"href":"https:\/\/turysta2.pttk.pl\/index.php?rest_route=\/wp\/v2\/users\/13"}],"replies":[{"embeddable":true,"href":"https:\/\/turysta2.pttk.pl\/index.php?rest_route=%2Fwp%2Fv2%2Fcomments&post=32199"}],"version-history":[{"count":3,"href":"https:\/\/turysta2.pttk.pl\/index.php?rest_route=\/wp\/v2\/posts\/32199\/revisions"}],"predecessor-version":[{"id":32217,"href":"https:\/\/turysta2.pttk.pl\/index.php?rest_route=\/wp\/v2\/posts\/32199\/revisions\/32217"}],"wp:featuredmedia":[{"embeddable":true,"href":"https:\/\/turysta2.pttk.pl\/index.php?rest_route=\/wp\/v2\/media\/32201"}],"wp:attachment":[{"href":"https:\/\/turysta2.pttk.pl\/index.php?rest_route=%2Fwp%2Fv2%2Fmedia&parent=32199"}],"wp:term":[{"taxonomy":"category","embeddable":true,"href":"https:\/\/turysta2.pttk.pl\/index.php?rest_route=%2Fwp%2Fv2%2Fcategories&post=32199"},{"taxonomy":"post_tag","embeddable":true,"href":"https:\/\/turysta2.pttk.pl\/index.php?rest_route=%2Fwp%2Fv2%2Ftags&post=32199"}],"curies":[{"name":"wp","href":"https:\/\/api.w.org\/{rel}","templated":true}]}}