{"id":31947,"date":"2025-02-19T16:20:28","date_gmt":"2025-02-19T14:20:28","guid":{"rendered":"https:\/\/turysta2.pttk.pl\/?p=31947"},"modified":"2025-02-19T16:20:28","modified_gmt":"2025-02-19T14:20:28","slug":"wojskowi-turysci-w-stolicy-warmii-i-mazur","status":"publish","type":"post","link":"https:\/\/turysta2.pttk.pl\/?p=31947","title":{"rendered":"Wojskowi tury\u015bci w stolicy Warmii i Mazur"},"content":{"rendered":"<p>W dniach 25\u201327 pa\u017adziernika 2024 roku w Olsztynie odby\u0142a si\u0119 odprawa szkoleniowa przedstawicieli Wojskowych Oddzia\u0142\u00f3w, K\u00f3\u0142 i Klub\u00f3w PTTK oraz Komisji ZG PTTK do Wsp\u00f3\u0142pracy z Wojskiem Polskim. Po\u015bwi\u0119cona by\u0142a ocenie realizacji przedsi\u0119wzi\u0119\u0107 turystyczno-krajoznawczych w \u015brodowisku wojskowym w latach 2023\u20132024, przyj\u0119ciu kierunk\u00f3w dzia\u0142alno\u015bci na 2025 rok oraz wr\u0119czeniu wyr\u00f3\u017cnie\u0144 honorowych.<\/p>\n<p>W wydarzeniu wzi\u0119li udzia\u0142 dyrektor Departamentu Edukacji, Kultury i Dziedzictwa MON dr hab. in\u017c. arch. Wojciech Bal, profesor Zachodniopomorskiego Uniwersytetu Technologicznego, a tak\u017ce naczelnik Wydzia\u0142u Kultury tego departamentu, p\u0142k Mateusz \u0141ysek.<\/p>\n<p>Uczestnicy mieli okazj\u0119 zwiedzi\u0107 Dywizyjn\u0105 Sal\u0119 Tradycji oraz pozna\u0107 m.in. walory historyczne garnizonu, o kt\u00f3rych w prelekcji multimedialnej pt. <em>Olsztyn \u2013 miastem koszar<\/em> opowiedzia\u0142 dr Mariusz Wawrzyniak. Aspekty kulturowe przybli\u017cy\u0142o zwiedzanie Miasta nad \u0141yn\u0105, wizyta w Planetarium oraz w Muzeum Warmii i Mazur. Wizerunek Miko\u0142aja Kopernika przybli\u017cy\u0142 Marian Jurak, prezes Warmi\u0144sko-Mazurskiego Oddzia\u0142u PTTK.<\/p>\n<p>Wa\u017cnym elementem spotkania by\u0142a ocena dzia\u0142alno\u015bci wojskowych ogniw PTTK, kt\u00f3rej w formie prezentacji multimedialnej dokona\u0142 przewodnicz\u0105cy Komisji ZG PTTK do Wsp\u00f3\u0142pracy z Wojskiem Polskim Waldemar Osypiuk. Podsumowuj\u0105c, poinformowa\u0142 o przyznaniu Tytu\u0142\u00f3w Honorowych, kt\u00f3re wraz z zaproszonymi go\u015b\u0107mi wr\u0119czy\u0142 wyr\u00f3\u017cnionym.<\/p>\n<p>Gospodarzem turystycznego spotkania by\u0142o Wojskowe Ko\u0142o PTTK \u201e\u0141yna\u201d dzia\u0142aj\u0105ce przy Klubie 16. Pomorskiej Dywizji Zmechanizowanej \u201eBursztynowej Dywizji\u201d im. Kr\u00f3la Kazimierza Jagiello\u0144czyka, na czele z Dorot\u0105 Lotarsk\u0105. Wsparcia organizacyjnego udzielili Klub 16. PDZ oraz Warmi\u0144sko-Mazurski Oddzia\u0142 PTTK w Olsztynie.<\/p>\n<p>Nast\u0119pne spotkanie odb\u0119dzie si\u0119 w Szczecinie w pa\u017adzierniku 2025 roku.<\/p>\n<p><em>Tekst<\/em><strong> Jerzy Kufel<br \/>\n<\/strong>Sekretarz Komisji ZG PTTK do Wsp\u00f3\u0142pracy z Wojskiem Polskim.<\/p>\n<p><em>Zdj\u0119cia<\/em> <strong>Leszek Dobrowolski \u2013 Klub 16. PDZ w Olsztynie<\/strong><\/p>\n<p>&nbsp;<\/p>\n<p><strong><u>Lista laureat\u00f3w wyr\u00f3\u017cnionych w poszczeg\u00f3lnych kategoriach<\/u><\/strong><\/p>\n<p><strong>WOJSKOWY ODDZIA\u0141 PTTK ROKU<\/strong><\/p>\n<ul>\n<li>Oddzia\u0142 Wojskowy PTTK im. ppor. Ryszarda Kuleszy przy klubie 12. Szczeci\u0144skiej Dywizji Zmechanizowanej w Szczecinie<\/li>\n<\/ul>\n<p><strong>WOJSKOWE KO\u0141O PTTK ROKU<\/strong><\/p>\n<ul>\n<li>Wojskowe Ko\u0142o PTTK przy Klubie 25. Brygady Kawalerii Powietrznej im. Ksi\u0119cia J\u00f3zefa Poniatowskiego w Tomaszowie Mazowieckim<\/li>\n<li>Wojskowe Ko\u0142o PTTK \u201eJasi\u0144ski\u201d przy Klubie Centrum Szkolenia Wojsk In\u017cynieryjnych i Chemicznych we Wroc\u0142awiu<\/li>\n<li>Wojskowe Ko\u0142o PTTK \u201eHusaria\u201d przy klubie 52. batalionu remontowego w Czarnem<\/li>\n<\/ul>\n<p><strong>WOJSKOWY KLUB PTTK ROKU<\/strong><\/p>\n<ul>\n<li>Wojskowy Klub Turystyki Rowerowej \u201eDeenntka\u201d z Oddzia\u0142u Wojskowego PTTK im. ppor. Ryszarda Kuleszy przy klubie 12. Szczeci\u0144skiej Dywizji Zmechanizowanej w Szczecinie<\/li>\n<\/ul>\n<p><strong>TURYSTKA ROKU<\/strong><\/p>\n<ul>\n<li>Agnieszka Kr\u00f3likowska<\/li>\n<\/ul>\n<p><strong>TURYSTA ROKU<\/strong><\/p>\n<ul>\n<li>Krzysztof Osiak<\/li>\n<\/ul>\n<p>&nbsp;<\/p>\n<div id=\"attachment_31951\" style=\"width: 519px\" class=\"wp-caption alignnone\"><a href=\"https:\/\/turysta2.pttk.pl\/wp-content\/uploads\/2025\/02\/Laureaci_tytulow_Honorowych-scaled.jpg\"><img loading=\"lazy\" decoding=\"async\" aria-describedby=\"caption-attachment-31951\" class=\" wp-image-31951\" src=\"https:\/\/turysta2.pttk.pl\/wp-content\/uploads\/2025\/02\/Laureaci_tytulow_Honorowych-300x200.jpg\" alt=\"\" width=\"509\" height=\"339\" srcset=\"https:\/\/turysta2.pttk.pl\/wp-content\/uploads\/2025\/02\/Laureaci_tytulow_Honorowych-300x200.jpg 300w, https:\/\/turysta2.pttk.pl\/wp-content\/uploads\/2025\/02\/Laureaci_tytulow_Honorowych-1024x683.jpg 1024w, https:\/\/turysta2.pttk.pl\/wp-content\/uploads\/2025\/02\/Laureaci_tytulow_Honorowych-768x512.jpg 768w, https:\/\/turysta2.pttk.pl\/wp-content\/uploads\/2025\/02\/Laureaci_tytulow_Honorowych-1536x1024.jpg 1536w, https:\/\/turysta2.pttk.pl\/wp-content\/uploads\/2025\/02\/Laureaci_tytulow_Honorowych-2048x1365.jpg 2048w\" sizes=\"auto, (max-width: 509px) 100vw, 509px\" \/><\/a><p id=\"caption-attachment-31951\" class=\"wp-caption-text\">Wyr\u00f3\u017cnieni laureaci ze statuetkami<\/p><\/div>\n","protected":false},"excerpt":{"rendered":"W dniach 25\u201327 pa\u017adziernika 2024 roku w Olsztynie odby\u0142a si\u0119 odprawa szkoleniowa przedstawicieli Wojskowych Oddzia\u0142\u00f3w, K\u00f3\u0142 i Klub\u00f3w PTTK oraz Komisji ZG PTTK do Wsp\u00f3\u0142pracy z Wojskiem Polskim. Po\u015bwi\u0119cona by\u0142a ocenie realizacji przedsi\u0119wzi\u0119\u0107 turystyczno-krajoznawczych w \u015brodowisku wojskowym w latach 2023\u20132024, przyj\u0119ciu kierunk\u00f3w dzia\u0142alno\u015bci na 2025 rok oraz wr\u0119czeniu wyr\u00f3\u017cnie\u0144 honorowych. W wydarzeniu wzi\u0119li udzia\u0142 dyrektor Departamentu Edukacji, Kultury i Dziedzictwa&nbsp;<a href=\"https:\/\/turysta2.pttk.pl\/?p=31947\" class=\"read-more\">Continue Reading<\/a>","protected":false},"author":13,"featured_media":31949,"comment_status":"closed","ping_status":"closed","sticky":false,"template":"","format":"standard","meta":{"footnotes":""},"categories":[78],"tags":[],"class_list":["post-31947","post","type-post","status-publish","format-standard","has-post-thumbnail","hentry","category-konferencje-szkolenia","cat-78-id"],"aioseo_notices":[],"_links":{"self":[{"href":"https:\/\/turysta2.pttk.pl\/index.php?rest_route=\/wp\/v2\/posts\/31947","targetHints":{"allow":["GET"]}}],"collection":[{"href":"https:\/\/turysta2.pttk.pl\/index.php?rest_route=\/wp\/v2\/posts"}],"about":[{"href":"https:\/\/turysta2.pttk.pl\/index.php?rest_route=\/wp\/v2\/types\/post"}],"author":[{"embeddable":true,"href":"https:\/\/turysta2.pttk.pl\/index.php?rest_route=\/wp\/v2\/users\/13"}],"replies":[{"embeddable":true,"href":"https:\/\/turysta2.pttk.pl\/index.php?rest_route=%2Fwp%2Fv2%2Fcomments&post=31947"}],"version-history":[{"count":2,"href":"https:\/\/turysta2.pttk.pl\/index.php?rest_route=\/wp\/v2\/posts\/31947\/revisions"}],"predecessor-version":[{"id":31955,"href":"https:\/\/turysta2.pttk.pl\/index.php?rest_route=\/wp\/v2\/posts\/31947\/revisions\/31955"}],"wp:featuredmedia":[{"embeddable":true,"href":"https:\/\/turysta2.pttk.pl\/index.php?rest_route=\/wp\/v2\/media\/31949"}],"wp:attachment":[{"href":"https:\/\/turysta2.pttk.pl\/index.php?rest_route=%2Fwp%2Fv2%2Fmedia&parent=31947"}],"wp:term":[{"taxonomy":"category","embeddable":true,"href":"https:\/\/turysta2.pttk.pl\/index.php?rest_route=%2Fwp%2Fv2%2Fcategories&post=31947"},{"taxonomy":"post_tag","embeddable":true,"href":"https:\/\/turysta2.pttk.pl\/index.php?rest_route=%2Fwp%2Fv2%2Ftags&post=31947"}],"curies":[{"name":"wp","href":"https:\/\/api.w.org\/{rel}","templated":true}]}}