{"id":31905,"date":"2025-02-18T12:58:51","date_gmt":"2025-02-18T10:58:51","guid":{"rendered":"https:\/\/turysta2.pttk.pl\/?p=31905"},"modified":"2025-02-18T12:58:51","modified_gmt":"2025-02-18T10:58:51","slug":"jubileusz-pomorskich-krajoznawcow","status":"publish","type":"post","link":"https:\/\/turysta2.pttk.pl\/?p=31905","title":{"rendered":"Jubileusz pomorskich krajoznawc\u00f3w"},"content":{"rendered":"<p><strong>Na pocz\u0105tku 2014 roku w\u015br\u00f3d cz\u0142onk\u00f3w Pomorskiej Komisji Krajoznawczej Pomorskiego Porozumienia Oddzia\u0142\u00f3w PTTK zrodzi\u0142 si\u0119 pomys\u0142 organizacji corocznych spotka\u0144 i szkole\u0144 instruktor\u00f3w oraz sympatyk\u00f3w krajoznawstwa z wojew\u00f3dztwa pomorskiego.<\/strong><strong> Ich g\u0142\u00f3wn\u0105 ide\u0105 mia\u0142o by\u0107 podnoszenie szeroko rozumianej wiedzy krajoznawczej, promowanie najciekawszych miejsc w wojew\u00f3dztwie pomorskim, wymiana do\u015bwiadcze\u0144 oraz integracja \u015brodowiska krajoznawc\u00f3w.<\/strong><\/p>\n<p>W zwi\u0105zku z tym, \u017ce planowanym terminem tych spotka\u0144 by\u0142a trzecia sobota ka\u017cdego stycznia nowego roku, mia\u0142y one by\u0107 symbolicznym otwarciem krajoznawczej dzia\u0142alno\u015bci, a tak\u017ce okazj\u0105 do podsumowania minionego roku.<\/p>\n<p><strong>Bilans spotka\u0144 w latach 2015-2024<br \/>\n<\/strong>Po kilkumiesi\u0119cznych analizach podj\u0119to decyzj\u0119, \u017ce pierwsze takie forum odb\u0119dzie si\u0119 w styczniu 2015 roku w Malbork Welcome Center \u2013 Centrum Turystyki w Malborku. Jego uczestnicy, opr\u00f3cz zaj\u0119\u0107 teoretycznych, odbyli studyjn\u0105 wizyt\u0119 w Muzeum Zamkowym. Gospodarzem pierwszego szkolenia by\u0142 Bogdan M\u0105der. W 2016 roku forum zago\u015bci\u0142o w Muzeum Marynarki Wojennej w Gdyni, w 2017 roku, w zwi\u0105zku z \u201eRokiem Wis\u0142y\u201d, w \u201eFabryce Sztuk\u201d i Muzeum Wis\u0142y w Tczewie, a w 2018 roku \u2013 w Muzeum Narodowym w Gda\u0144sku i po\u015bwi\u0119cone by\u0142o obrazowi Hansa Memlinga <em>S\u0105d ostateczny<\/em> oraz malarstwu flamandzkiemu i holenderskiemu. Muzeum Sali BHP w Gda\u0144sku go\u015bci\u0142o pomorskich krajoznawc\u00f3w w 2019 roku, a gospodarzem przedsi\u0119wzi\u0119cia by\u0142a Morska Fundacja Historyczna z jej prezesem Jaros\u0142awem \u017burawi\u0144skim, kt\u00f3ry 76 uczestnikom przypomnia\u0142 mi\u0119dzy innymi histori\u0119 175 lat Stoczni Gda\u0144skiej. Z kolei w 2020 roku 101 krajoznawc\u00f3w go\u015bci\u0142o w O\u015brodku Kultury Morskiej Narodowego Muzeum Morskiego w Gda\u0144sku, gdzie wys\u0142uchano mi\u0119dzy innymi wyk\u0142ad\u00f3w Apoloniusza \u0141ysejki <em>Latarnie morskie polskiego wybrze\u017ca<\/em> i Dariusza D\u0119bskiego <em>J\u00f3zef Wrycza \u2013 ksi\u0105dz \u2013 wojak \u2013 narodowiec<\/em> oraz zwiedzono \u017buraw i Spichlerze na O\u0142owiance.<\/p>\n<p>Si\u00f3dme Forum (2022) go\u015bci\u0142a Biblioteka Publiczna \u201eStacja Kultura\u201d w Rumi \u2013 naj\u0142adniejsza biblioteka na \u015bwiecie (w 2016 roku otrzyma\u0142a ten presti\u017cowy tytu\u0142 w mi\u0119dzynarodowym konkursie dla najlepiej zaprojektowanych wn\u0119trz bibliotek na \u015bwiecie \u2013 Library Interior Design Awards \u2013 w kategorii bibliotek jednoprzestrzennych), a my\u015bl\u0105 przewodni\u0105 spotkania by\u0142o ukazanie zakresu przeprowadzonych prac rewitalizacyjnych obiekt\u00f3w fortyfikacyjnych w W\u0105wozie Ostrowickim w Gdyni oraz na G\u00f3rze Markowca w Rumi.<\/p>\n<p>W 2023 roku \u00f3sme forum go\u015bci\u0142o w Spichlerzu B\u0142\u0119kitny Baranek Muzeum Archeologicznego w Gda\u0144sku, gdzie 62 uczestnik\u00f3w wys\u0142ucha\u0142o wyk\u0142ad\u00f3w mi\u0119dzy innymi: pani Beaty Ceynowy (zast\u0119pcy dyrektora muzeum) na temat posiadanych zbior\u00f3w oraz o dawnym obuwiu (na podstawie znalezisk z Gda\u0144ska), a tak\u017ce Krzysztofa Kruszy\u0144skiego <em>Miasta Hanzeatyckie<\/em> i Stanis\u0142awa Sikory <em>Gda\u0144sk w Hanzie<\/em>, kt\u00f3rzy om\u00f3wili histori\u0119 powstania i ide\u0119 funkcjonowania na przestrzeni setek lat Zwi\u0105zku Miast Hanzeatyckich.<\/p>\n<p>W czasie tego forum, po raz pierwszy w historii, odby\u0142o si\u0119 uroczyste wr\u0119czenie medali i honorowych tytu\u0142\u00f3w \u201eZas\u0142u\u017cony krajoznawca wojew\u00f3dztwa pomorskiego\u201d. Tytu\u0142y przyznano dw\u00f3m osobom: \u015bp. dr. doc. Jerzemu Szukalskiemu (niezwykle zas\u0142u\u017conemu krajoznawcy, wieloletniemu redaktorowi kwartalnika turystyczno-krajoznawczego \u201eJantarowe Szlaki\u201d) oraz Ryszardowi J\u00f3zefowi Wrzoskowi (wieloletniemu animatorowi krajoznawstwa na Pomorzu i wychowawcy kilkuset instruktor\u00f3w krajoznawstwa).<\/p>\n<p>W 2024 roku pomorscy krajoznawcy i sympatycy krajoznawstwa z wojew\u00f3dztwa pomorskiego zameldowali si\u0119 na IX Forum w gda\u0144skim Hevelianum na Gradowej G\u00f3rze, gdzie m.in. wys\u0142uchali wyk\u0142adu historyka gda\u0144skiego Hevelianum pana Micha\u0142a \u015alubowskiego o historii i tera\u017aniejszo\u015bci zespo\u0142u poszpitalnego Bo\u017cego Cia\u0142a w Gda\u0144sku.<\/p>\n<p>Cz\u0119\u015b\u0107 szkoleniow\u0105 spotkania poprzedzi\u0142o uroczyste wr\u0119czenie medalu i honorowego tytu\u0142u \u201eZas\u0142u\u017cony krajoznawca wojew\u00f3dztwa pomorskiego\u201d (druga edycja). Tym razem ten zaszczytny tytu\u0142 przyznano \u015bp. Czes\u0142awowi Skonce (niezwykle zas\u0142u\u017conemu krajoznawcy, wieloletniemu redaktorowi kwartalnika turystyczno-krajoznawczego \u201eJantarowe Szlaki\u201d, autorowi kilkudziesi\u0119ciu ksi\u0105\u017cek, przewodnik\u00f3w i innych wydawnictw, pomys\u0142odawcy i organizatorowi dwudziestu izb pami\u0119ci oraz autorowi przesz\u0142o tysi\u0105ca prelekcji i spotka\u0144 krajoznawczo-historycznych).<\/p>\n<p>&nbsp;<\/p>\n<p><strong>Forum w Akwarium Gdy\u0144skim MIR-PIB<br \/>\n<\/strong>W sobot\u0119 25 stycznia 2025 roku na miejsce organizacji X Jubileuszowego Forum i szkolenia pomorskich krajoznawc\u00f3w wybrano Akwarium Gdy\u0144skie MIR-PIB, kt\u00f3re jest cz\u0119\u015bci\u0105 <a href=\"http:\/\/www.mir.gdynia.pl\/\">Morskiego Instytutu Rybackiego \u2013 Pa\u0144stwowego Instytutu Badawczego<\/a>. To nietypowy ogr\u00f3d zoologiczny, kt\u00f3rego misja polega na prezentowaniu gatunk\u00f3w zwierz\u0105t wodnych z ca\u0142ego \u015bwiata, a tak\u017ce na przekazywaniu wiedzy o \u015brodowisku wodnym. Mie\u015bci si\u0119 przy <a href=\"https:\/\/pl.wikipedia.org\/w\/index.php?title=Aleja_Jana_Paw\u0142a_II_w_Gdyni&amp;action=edit&amp;redlink=1\">Alei Jana Paw\u0142a II<\/a> 1, na <a href=\"https:\/\/pl.wikipedia.org\/wiki\/Molo_Po\u0142udniowe\">Molo Po\u0142udniowym<\/a>. Prowadzi si\u0119 tu szeroko poj\u0119t\u0105 edukacj\u0119 dla wszystkich grup wiekowych oraz badania naukowe. Dzi\u0119ki zako\u0144czonej w 2024 roku du\u017cej inwestycji wn\u0119trze ekspozycyjne przebudowano i unowocze\u015bniono zgodnie ze wsp\u00f3\u0142czesnymi wymaganiami, a ekspozycja powi\u0119kszy\u0142a si\u0119 o 12 nowych zbiornik\u00f3w o \u0142\u0105cznej kubaturze 450 tys. litr\u00f3w.<\/p>\n<p>Ze wzgl\u0119du na ograniczenia lokalowe w Forum udzia\u0142 wzi\u0119\u0142o 52 uczestnik\u00f3w z: Gdyni, Gda\u0144ska, Tczewa, Kwidzyna, Malborka, Elbl\u0105ga, Rumi, Wejherowa i L\u0119borka. W tym roku tytu\u0142 i medal \u201eZas\u0142u\u017cony Krajoznawca Wojew\u00f3dztwa Pomorskiego\u201d zosta\u0142 przyznany \u015bp. Romanowi Klimowi, za\u0142o\u017cycielowi Muzeum Rybo\u0142\u00f3wstwa w Helu i Muzeum Wis\u0142y w Tczewie, Oddzia\u0142u PTTK w Helu oraz wielu klub\u00f3w, w tym Nadwi\u015blanego Klubu Krajoznawczego \u201eTrsow\u201d w Tczewie, zas\u0142u\u017conemu krajoznawcy, organizatorowi niezliczonej ilo\u015bci inicjatyw krajoznawczych na Wybrze\u017cu.<\/p>\n<p>W zwi\u0105zku z przypadaj\u0105cym jubileuszem dziesi\u0119ciolecia organizacji tego typu spotka\u0144 przewodnicz\u0105cy PKK PTTK Dariusz D\u0119bski szczeg\u00f3\u0142owo om\u00f3wi\u0142 i podsumowa\u0142 dotychczasowe dziewi\u0119\u0107 spotka\u0144 i szkole\u0144 pomorskich krajoznawc\u00f3w.<\/p>\n<p>&nbsp;<\/p>\n<p><strong>Podsumowanie dzia\u0142alno\u015bci w 2024 roku<br \/>\n<\/strong>Dokonano r\u00f3wnie\u017c podsumowania dzia\u0142alno\u015bci Pomorskiej Komisji Krajoznawczej w 2024 roku. Podkre\u015blono, \u017ce cz\u0142onkowie komisji przeprowadzili 21 wyk\u0142ad\u00f3w krajoznawczych, prelekcji i lekcji historii, w tym dla m\u0142odzie\u017cy szkolnej. Zorganizowano 31 podr\u00f3\u017cy krajoznawczych, wycieczek i w\u0119dr\u00f3wek historyczno-krajoznawczych, w tym mi\u0119dzy innymi: III. Pomorski Zlot Krajoznawczy w Kazimierzu ko\u0142o Rumi (komandor zlotu Dariusz D\u0119bski), Rajd krajoznawczy \u015aladami Czes\u0142awa Skonki (komandor rajdu Anna Kurgan) oraz III Mi\u0119dzyforum Publicyst\u00f3w Krajoznawczych w Wejherowie (komandor mi\u0119dzyforum Mieczys\u0142aw Wojecki). Po raz kolejny zorganizowano (na bazie wystawy pami\u0105tek po lotnictwie morskim w Klubie 43 Bazy Lotnictwa Morskiego) Europejsk\u0105 Noc Muze\u00f3w, a jej kurator Dariusz D\u0119bski w 2024 roku oprowadzi\u0142 po wystawie 62 zorganizowane grupy turystyczne. Pod patronatem komisji, z inicjatywy jej przewodnicz\u0105cego, zaprezentowano 13 wystaw krajoznawczych o r\u00f3\u017cnorodnej tematyce.<\/p>\n<p>W czasie spotkania przedstawiono g\u0142\u00f3wne zamierzenia na 2025 rok, a tak\u017ce om\u00f3wiono tematyk\u0119 zdobywania regionalnych i og\u00f3lnopolskich odznak krajoznawczych, sprawy kolekcjonerstwa krajoznawczego, dzia\u0142alno\u015b\u0107 instruktor\u00f3w krajoznawstwa oraz przedstawiono nowe odznaki krajoznawcze, kt\u00f3re zosta\u0142y ustanowione w wojew\u00f3dztwie pomorskim w 2024 roku. Uczczono r\u00f3wnie\u017c minut\u0105 ciszy pami\u0119\u0107 o zmar\u0142ych w 2024 roku instruktorach krajoznawstwa \u2013 S\u0142awomirze Flisie i Edwinie Nawrockim.<\/p>\n<p>Pe\u0142ni\u0105ca w imieniu kierownika Akwarium honory gospodarza obiektu pani Ma\u0142gorzata \u017bywicka, swoim interesuj\u0105cym wyk\u0142adem o dzia\u0142alno\u015bci Akwarium Gdy\u0144skiego i przebywaj\u0105cych tam wodnych mieszka\u0144cach przygotowa\u0142a uczestnik\u00f3w szkolenia do zwiedzania nowych wystaw w Akwarium.<\/p>\n<p>Specjalnie na to spotkanie przygotowano r\u00f3wnie\u017c wystaw\u0119, po\u015bwi\u0119con\u0105 dorobkowi krajoznawczemu \u015bp. Romana Klima. Znalaz\u0142y si\u0119 na niej zdj\u0119cia, r\u0119czne zapiski i orygina\u0142y artyku\u0142\u00f3w. Wystaw\u0119 przygotowa\u0142 Dariusz D\u0119bski, opieraj\u0105c si\u0119 na zbiorze materia\u0142\u00f3w Alicji Wrzosek.<\/p>\n<p><strong>Ponad 600 uczestnik\u00f3w na forach<br \/>\n<\/strong>Podsumowuj\u0105c organizacj\u0119 dziesi\u0119ciu szkole\u0144 i spotka\u0144 pomorskich krajoznawc\u00f3w i sympatyk\u00f3w krajoznawstwa, nale\u017cy przypomnie\u0107, \u017ce od 2015 roku organizowane by\u0142y w interesuj\u0105cych miejscach, a merytoryczne wyk\u0142ady zawsze powi\u0105zane by\u0142y z r\u00f3\u017cnymi rocznicami i jubileuszami. Wzi\u0119\u0142o w nich udzia\u0142 624 krajoznawc\u00f3w i sympatyk\u00f3w krajoznawstwa, kt\u00f3rzy uzupe\u0142niali swoj\u0105 wiedz\u0119 krajoznawcz\u0105 i historyczn\u0105 oraz zwiedzali ciekawe obiekty i miejsca. Zawsze omawiano tematyk\u0119 zdobywania regionalnych i og\u00f3lnopolskich odznak krajoznawczych, sprawy kolekcjonerstwa krajoznawczego, dzia\u0142alno\u015bci instruktor\u00f3w krajoznawstwa oraz przedstawiono nowe odznaki krajoznawcze, kt\u00f3re zosta\u0142y ustanowione w danym roku kalendarzowym. By\u0142y te\u017c te spotkania okazj\u0105 do wymiany do\u015bwiadcze\u0144 i zawierania przyja\u017ani w czasie pocz\u0119stunk\u00f3w i biesiad. Ka\u017cdemu spotkaniu towarzyszy\u0142y du\u017ce okoliczno\u015bciowe wystawy krajoznawcze o r\u00f3\u017cnorodnej tematyce, przygotowane przez Dariusza D\u0119bskiego.<\/p>\n<p>Organizowane przez Pomorsk\u0105 Komisj\u0119 Krajoznawcz\u0105 spotkania by\u0142y finansowane ze \u015brodk\u00f3w w\u0142asnych cz\u0142onk\u00f3w komisji. Sta\u0142y si\u0119 one na tyle popularne, \u017ce niestety ka\u017cdego roku musiano ogranicza\u0107 liczb\u0119 uczestnik\u00f3w ze wzgl\u0119du na mo\u017cliwo\u015bci lokalowe danych obiekt\u00f3w. Organizacja tych spotka\u0144 w tak presti\u017cowych miejscach by\u0142a mo\u017cliwa dzi\u0119ki zrozumieniu naszej spo\u0142ecznej dzia\u0142alno\u015bci przez dyrekcje poszczeg\u00f3lnych obiekt\u00f3w.<\/p>\n<p><em>Tekst<\/em><strong> Dariusz D\u0119bski<br \/>\n<\/strong>Przewodnicz\u0105cy Pomorskiej Komisji Krajoznawczej PTTK.<\/p>\n<p><em>Zdj\u0119cia<\/em> <strong>Pawe\u0142 Kurgan<\/strong><\/p>\n<div id=\"attachment_31909\" style=\"width: 488px\" class=\"wp-caption alignnone\"><a href=\"https:\/\/turysta2.pttk.pl\/wp-content\/uploads\/2025\/02\/Medal-i-honorowy-tytul-przyznawany-w-czasie-corocznych-szkolen-najbardziej-zasluzonym-krajoznawcom-scaled.jpg\"><img loading=\"lazy\" decoding=\"async\" aria-describedby=\"caption-attachment-31909\" class=\" wp-image-31909\" src=\"https:\/\/turysta2.pttk.pl\/wp-content\/uploads\/2025\/02\/Medal-i-honorowy-tytul-przyznawany-w-czasie-corocznych-szkolen-najbardziej-zasluzonym-krajoznawcom-300x206.jpg\" alt=\"\" width=\"478\" height=\"328\" srcset=\"https:\/\/turysta2.pttk.pl\/wp-content\/uploads\/2025\/02\/Medal-i-honorowy-tytul-przyznawany-w-czasie-corocznych-szkolen-najbardziej-zasluzonym-krajoznawcom-300x206.jpg 300w, https:\/\/turysta2.pttk.pl\/wp-content\/uploads\/2025\/02\/Medal-i-honorowy-tytul-przyznawany-w-czasie-corocznych-szkolen-najbardziej-zasluzonym-krajoznawcom-1024x704.jpg 1024w, https:\/\/turysta2.pttk.pl\/wp-content\/uploads\/2025\/02\/Medal-i-honorowy-tytul-przyznawany-w-czasie-corocznych-szkolen-najbardziej-zasluzonym-krajoznawcom-768x528.jpg 768w, https:\/\/turysta2.pttk.pl\/wp-content\/uploads\/2025\/02\/Medal-i-honorowy-tytul-przyznawany-w-czasie-corocznych-szkolen-najbardziej-zasluzonym-krajoznawcom-1536x1056.jpg 1536w, https:\/\/turysta2.pttk.pl\/wp-content\/uploads\/2025\/02\/Medal-i-honorowy-tytul-przyznawany-w-czasie-corocznych-szkolen-najbardziej-zasluzonym-krajoznawcom-2048x1407.jpg 2048w\" sizes=\"auto, (max-width: 478px) 100vw, 478px\" \/><\/a><p id=\"caption-attachment-31909\" class=\"wp-caption-text\">Medal i honorowy tytu\u0142 przyznawany w czasie corocznych szkole\u0144 najbardziej zas\u0142u\u017conym krajoznawcom<\/p><\/div>\n<div id=\"attachment_31913\" style=\"width: 486px\" class=\"wp-caption alignnone\"><a href=\"https:\/\/turysta2.pttk.pl\/wp-content\/uploads\/2025\/02\/Okolicznosciowy-tort-w-czasie-X.-Forum-kroi-syn-R.-Klima.-Zdj.-P.-Kurgan-scaled.jpg\"><img loading=\"lazy\" decoding=\"async\" aria-describedby=\"caption-attachment-31913\" class=\" wp-image-31913\" src=\"https:\/\/turysta2.pttk.pl\/wp-content\/uploads\/2025\/02\/Okolicznosciowy-tort-w-czasie-X.-Forum-kroi-syn-R.-Klima.-Zdj.-P.-Kurgan-300x200.jpg\" alt=\"\" width=\"476\" height=\"317\" srcset=\"https:\/\/turysta2.pttk.pl\/wp-content\/uploads\/2025\/02\/Okolicznosciowy-tort-w-czasie-X.-Forum-kroi-syn-R.-Klima.-Zdj.-P.-Kurgan-300x200.jpg 300w, https:\/\/turysta2.pttk.pl\/wp-content\/uploads\/2025\/02\/Okolicznosciowy-tort-w-czasie-X.-Forum-kroi-syn-R.-Klima.-Zdj.-P.-Kurgan-1024x683.jpg 1024w, https:\/\/turysta2.pttk.pl\/wp-content\/uploads\/2025\/02\/Okolicznosciowy-tort-w-czasie-X.-Forum-kroi-syn-R.-Klima.-Zdj.-P.-Kurgan-768x512.jpg 768w, https:\/\/turysta2.pttk.pl\/wp-content\/uploads\/2025\/02\/Okolicznosciowy-tort-w-czasie-X.-Forum-kroi-syn-R.-Klima.-Zdj.-P.-Kurgan-1536x1024.jpg 1536w, https:\/\/turysta2.pttk.pl\/wp-content\/uploads\/2025\/02\/Okolicznosciowy-tort-w-czasie-X.-Forum-kroi-syn-R.-Klima.-Zdj.-P.-Kurgan-2048x1365.jpg 2048w\" sizes=\"auto, (max-width: 476px) 100vw, 476px\" \/><\/a><p id=\"caption-attachment-31913\" class=\"wp-caption-text\">Okoliczno\u015bciowy tort<\/p><\/div>\n<div id=\"attachment_31911\" style=\"width: 485px\" class=\"wp-caption alignnone\"><a href=\"https:\/\/turysta2.pttk.pl\/wp-content\/uploads\/2025\/02\/Wystawa-o-dorobku-krajoznawczym-R.-Klima.-Zdj.-P.-Kurgan-scaled.jpg\"><img loading=\"lazy\" decoding=\"async\" aria-describedby=\"caption-attachment-31911\" class=\" wp-image-31911\" src=\"https:\/\/turysta2.pttk.pl\/wp-content\/uploads\/2025\/02\/Wystawa-o-dorobku-krajoznawczym-R.-Klima.-Zdj.-P.-Kurgan-300x183.jpg\" alt=\"\" width=\"475\" height=\"290\" srcset=\"https:\/\/turysta2.pttk.pl\/wp-content\/uploads\/2025\/02\/Wystawa-o-dorobku-krajoznawczym-R.-Klima.-Zdj.-P.-Kurgan-300x183.jpg 300w, https:\/\/turysta2.pttk.pl\/wp-content\/uploads\/2025\/02\/Wystawa-o-dorobku-krajoznawczym-R.-Klima.-Zdj.-P.-Kurgan-1024x623.jpg 1024w, https:\/\/turysta2.pttk.pl\/wp-content\/uploads\/2025\/02\/Wystawa-o-dorobku-krajoznawczym-R.-Klima.-Zdj.-P.-Kurgan-768x467.jpg 768w, https:\/\/turysta2.pttk.pl\/wp-content\/uploads\/2025\/02\/Wystawa-o-dorobku-krajoznawczym-R.-Klima.-Zdj.-P.-Kurgan-1536x935.jpg 1536w, https:\/\/turysta2.pttk.pl\/wp-content\/uploads\/2025\/02\/Wystawa-o-dorobku-krajoznawczym-R.-Klima.-Zdj.-P.-Kurgan-2048x1247.jpg 2048w\" sizes=\"auto, (max-width: 475px) 100vw, 475px\" \/><\/a><p id=\"caption-attachment-31911\" class=\"wp-caption-text\">Wystawa o dorobku krajoznawczym Romana Klima<\/p><\/div>\n<div id=\"attachment_31917\" style=\"width: 486px\" class=\"wp-caption alignnone\"><a href=\"https:\/\/turysta2.pttk.pl\/wp-content\/uploads\/2025\/02\/Pani-Malgorzata-Zywicka-w-czasie-wykladu-o-dzialalnosci-Akwarium.-Zdj.-P.-Kurgan-scaled.jpg\"><img loading=\"lazy\" decoding=\"async\" aria-describedby=\"caption-attachment-31917\" class=\" wp-image-31917\" src=\"https:\/\/turysta2.pttk.pl\/wp-content\/uploads\/2025\/02\/Pani-Malgorzata-Zywicka-w-czasie-wykladu-o-dzialalnosci-Akwarium.-Zdj.-P.-Kurgan-300x200.jpg\" alt=\"\" width=\"476\" height=\"317\" srcset=\"https:\/\/turysta2.pttk.pl\/wp-content\/uploads\/2025\/02\/Pani-Malgorzata-Zywicka-w-czasie-wykladu-o-dzialalnosci-Akwarium.-Zdj.-P.-Kurgan-300x200.jpg 300w, https:\/\/turysta2.pttk.pl\/wp-content\/uploads\/2025\/02\/Pani-Malgorzata-Zywicka-w-czasie-wykladu-o-dzialalnosci-Akwarium.-Zdj.-P.-Kurgan-1024x683.jpg 1024w, https:\/\/turysta2.pttk.pl\/wp-content\/uploads\/2025\/02\/Pani-Malgorzata-Zywicka-w-czasie-wykladu-o-dzialalnosci-Akwarium.-Zdj.-P.-Kurgan-768x512.jpg 768w, https:\/\/turysta2.pttk.pl\/wp-content\/uploads\/2025\/02\/Pani-Malgorzata-Zywicka-w-czasie-wykladu-o-dzialalnosci-Akwarium.-Zdj.-P.-Kurgan-1536x1024.jpg 1536w, https:\/\/turysta2.pttk.pl\/wp-content\/uploads\/2025\/02\/Pani-Malgorzata-Zywicka-w-czasie-wykladu-o-dzialalnosci-Akwarium.-Zdj.-P.-Kurgan-2048x1365.jpg 2048w\" sizes=\"auto, (max-width: 476px) 100vw, 476px\" \/><\/a><p id=\"caption-attachment-31917\" class=\"wp-caption-text\">Ma\u0142gorzata \u017bywicka w czasie wyk\u0142adu o dzia\u0142alno\u015bci Akwarium<\/p><\/div>\n<div id=\"attachment_31915\" style=\"width: 493px\" class=\"wp-caption alignnone\"><a href=\"https:\/\/turysta2.pttk.pl\/wp-content\/uploads\/2025\/02\/Slajd-z-prezentacji-o-historii-krajoznawczych-szkolen-o-pierwszym-Forum-odbytym-w-Malborku..png\"><img loading=\"lazy\" decoding=\"async\" aria-describedby=\"caption-attachment-31915\" class=\" wp-image-31915\" src=\"https:\/\/turysta2.pttk.pl\/wp-content\/uploads\/2025\/02\/Slajd-z-prezentacji-o-historii-krajoznawczych-szkolen-o-pierwszym-Forum-odbytym-w-Malborku.-300x225.png\" alt=\"\" width=\"483\" height=\"362\" srcset=\"https:\/\/turysta2.pttk.pl\/wp-content\/uploads\/2025\/02\/Slajd-z-prezentacji-o-historii-krajoznawczych-szkolen-o-pierwszym-Forum-odbytym-w-Malborku.-300x225.png 300w, https:\/\/turysta2.pttk.pl\/wp-content\/uploads\/2025\/02\/Slajd-z-prezentacji-o-historii-krajoznawczych-szkolen-o-pierwszym-Forum-odbytym-w-Malborku.-1024x768.png 1024w, https:\/\/turysta2.pttk.pl\/wp-content\/uploads\/2025\/02\/Slajd-z-prezentacji-o-historii-krajoznawczych-szkolen-o-pierwszym-Forum-odbytym-w-Malborku.-768x576.png 768w, https:\/\/turysta2.pttk.pl\/wp-content\/uploads\/2025\/02\/Slajd-z-prezentacji-o-historii-krajoznawczych-szkolen-o-pierwszym-Forum-odbytym-w-Malborku.-200x150.png 200w, https:\/\/turysta2.pttk.pl\/wp-content\/uploads\/2025\/02\/Slajd-z-prezentacji-o-historii-krajoznawczych-szkolen-o-pierwszym-Forum-odbytym-w-Malborku..png 1115w\" sizes=\"auto, (max-width: 483px) 100vw, 483px\" \/><\/a><p id=\"caption-attachment-31915\" class=\"wp-caption-text\">Slajd z prezentacji o historii krajoznawczych szkole\u0144 i pierwszym Forum odbytym w Malborku<\/p><\/div>\n","protected":false},"excerpt":{"rendered":"Na pocz\u0105tku 2014 roku w\u015br\u00f3d cz\u0142onk\u00f3w Pomorskiej Komisji Krajoznawczej Pomorskiego Porozumienia Oddzia\u0142\u00f3w PTTK zrodzi\u0142 si\u0119 pomys\u0142 organizacji corocznych spotka\u0144 i szkole\u0144 instruktor\u00f3w oraz sympatyk\u00f3w krajoznawstwa z wojew\u00f3dztwa pomorskiego. Ich g\u0142\u00f3wn\u0105 ide\u0105 mia\u0142o by\u0107 podnoszenie szeroko rozumianej wiedzy krajoznawczej, promowanie najciekawszych miejsc w wojew\u00f3dztwie pomorskim, wymiana do\u015bwiadcze\u0144 oraz integracja \u015brodowiska krajoznawc\u00f3w. W zwi\u0105zku z tym, \u017ce planowanym terminem tych spotka\u0144 by\u0142a&nbsp;<a href=\"https:\/\/turysta2.pttk.pl\/?p=31905\" class=\"read-more\">Continue Reading<\/a>","protected":false},"author":13,"featured_media":31907,"comment_status":"closed","ping_status":"closed","sticky":false,"template":"","format":"standard","meta":{"footnotes":""},"categories":[93,9],"tags":[],"class_list":["post-31905","post","type-post","status-publish","format-standard","has-post-thumbnail","hentry","category-aktualnosci","category-warto-wiedziec","cat-93-id","cat-9-id"],"aioseo_notices":[],"_links":{"self":[{"href":"https:\/\/turysta2.pttk.pl\/index.php?rest_route=\/wp\/v2\/posts\/31905","targetHints":{"allow":["GET"]}}],"collection":[{"href":"https:\/\/turysta2.pttk.pl\/index.php?rest_route=\/wp\/v2\/posts"}],"about":[{"href":"https:\/\/turysta2.pttk.pl\/index.php?rest_route=\/wp\/v2\/types\/post"}],"author":[{"embeddable":true,"href":"https:\/\/turysta2.pttk.pl\/index.php?rest_route=\/wp\/v2\/users\/13"}],"replies":[{"embeddable":true,"href":"https:\/\/turysta2.pttk.pl\/index.php?rest_route=%2Fwp%2Fv2%2Fcomments&post=31905"}],"version-history":[{"count":1,"href":"https:\/\/turysta2.pttk.pl\/index.php?rest_route=\/wp\/v2\/posts\/31905\/revisions"}],"predecessor-version":[{"id":31919,"href":"https:\/\/turysta2.pttk.pl\/index.php?rest_route=\/wp\/v2\/posts\/31905\/revisions\/31919"}],"wp:featuredmedia":[{"embeddable":true,"href":"https:\/\/turysta2.pttk.pl\/index.php?rest_route=\/wp\/v2\/media\/31907"}],"wp:attachment":[{"href":"https:\/\/turysta2.pttk.pl\/index.php?rest_route=%2Fwp%2Fv2%2Fmedia&parent=31905"}],"wp:term":[{"taxonomy":"category","embeddable":true,"href":"https:\/\/turysta2.pttk.pl\/index.php?rest_route=%2Fwp%2Fv2%2Fcategories&post=31905"},{"taxonomy":"post_tag","embeddable":true,"href":"https:\/\/turysta2.pttk.pl\/index.php?rest_route=%2Fwp%2Fv2%2Ftags&post=31905"}],"curies":[{"name":"wp","href":"https:\/\/api.w.org\/{rel}","templated":true}]}}