{"id":31887,"date":"2025-02-18T12:29:53","date_gmt":"2025-02-18T10:29:53","guid":{"rendered":"https:\/\/turysta2.pttk.pl\/?p=31887"},"modified":"2025-02-18T12:29:53","modified_gmt":"2025-02-18T10:29:53","slug":"swieto-krajoznawcow-i-kolekcjonerow","status":"publish","type":"post","link":"https:\/\/turysta2.pttk.pl\/?p=31887","title":{"rendered":"\u015awi\u0119to krajoznawc\u00f3w i kolekcjoner\u00f3w"},"content":{"rendered":"<p><strong>23 listopada 2024 roku w siedzibie ZG PTTK przy ul. Senatorskiej 11 w Warszawie zebra\u0142o si\u0119 grono znakomitych go\u015bci. Powodem spotkania by\u0142o 70-lecie Komisji Krajoznawczej i 45-lecie Podkomisji Kolekcjonerstwa Krajoznawczego ZG PTTK. Zaproszono w\u0142adze naczelne Towarzystwa, dawnych i obecnych cz\u0142onk\u00f3w obu gremi\u00f3w obchodz\u0105cych jubileusz oraz osoby wsp\u00f3\u0142pracuj\u0105ce z komisjami, w tym przedstawicieli Regionalnych Pracowni Krajoznawczych.<\/strong><\/p>\n<p>Spotkanie otworzy\u0142 i przedstawi\u0142 jego cele przewodnicz\u0105cy Komisji Krajoznawczej ZG PTTK Szymon Bijak, po czym poprosi\u0142 o dalsze prowadzenie zebrania wiceprzewodnicz\u0105cego Komisji Cezarego Jastrz\u0119bskiego oraz sekretarza Komisji Joann\u0119 Leman. Prowadz\u0105cy powitali obecnych na spotkaniu Cz\u0142onk\u00f3w Honorowych Towarzystwa: Zbigniewa Lewandowskiego, El\u017cbiet\u0119 \u0141obacz-B\u0105cal, W\u0142odzimierza Majdewicza, El\u017cbiet\u0119 Moszczy\u0144sk\u0105, Wojciecha Napi\u00f3rkowskiego, J\u00f3zefa Partyk\u0119, Alicj\u0119 i Ryszarda Wrzosk\u00f3w, a nast\u0119pnie cz\u0142onk\u00f3w w\u0142adz Towarzystwa. Jubileusz zaszczycili: wiceprezes Zarz\u0105du G\u0142\u00f3wnego Jakub Nowak, skarbnik Dariusz Nazarczyk oraz cz\u0142onkowie Zarz\u0105du: Marian Jurak, Jacek Potocki, Jacek Trzoch i Pawe\u0142 Za\u0144. G\u0142\u00f3wn\u0105 Komisj\u0119 Rewizyjn\u0105 reprezentowali wiceprezesi Ma\u0142gorzata Radomska i Jaros\u0142aw Kaczmarczyk oraz El\u017cbieta Moszczy\u0144ska \u2013 sekretarz Komisji, a G\u0142\u00f3wny S\u0105d Kole\u017ce\u0144ski wiceprezes Wojciech Napi\u00f3rkowski oraz cz\u0142onek S\u0105du El\u017cbieta Rydel-Piskorska. Powitano serdecznie osoby stale wsp\u00f3\u0142pracuj\u0105ce z Komisj\u0105: Mari\u0119 Janowicz \u2013 kierownika Centralnej Biblioteki PTTK oraz przedstawicieli Mazowieckiego Forum Oddzia\u0142\u00f3w PTTK: Natali\u0119 Wojtyr\u0119 \u2013 prezesa Zarz\u0105du oraz Paw\u0142a Zania \u2013 prezesa Komisji Rewizyjnej Forum.<\/p>\n<p>Po powitaniach g\u0142os zabrali go\u015bcie. Jako pierwszy wiceprezes Zarz\u0105du G\u0142\u00f3wnego Jakub Nowak, kt\u00f3ry z\u0142o\u017cy\u0142 gratulacje jubilatom oraz przeczyta\u0142 pismo skierowane do przewodnicz\u0105cego Komisji z podzi\u0119kowaniem za dzia\u0142alno\u015b\u0107 podpisane przez prezesa Zarz\u0105du G\u0142\u00f3wnego Jerzego Kap\u0142ona. Wr\u0119czy\u0142 r\u00f3wnie\u017c okoliczno\u015bciow\u0105 statuetk\u0119, \u017cycz\u0105c dalszej bogatej dzia\u0142alno\u015bci Komisji.<\/p>\n<p>Natalia Wojtyra, prezes Zarz\u0105du Mazowieckiego Forum Oddzia\u0142\u00f3w PTTK, podzi\u0119kowa\u0142a za aktywn\u0105 prac\u0119 Komisji i na r\u0119ce Szymona Bijaka i Wojciecha Kowalskiego przekaza\u0142a pismo z podzi\u0119kowaniami za upowszechnianie krajoznawstwa w\u015br\u00f3d Mazowszan. Z kolei Alicja i Ryszard Wrzoskowie z\u0142o\u017cyli \u017cyczenia dalszej owocnej pracy w imieniu krajoznawc\u00f3w wojew\u00f3dztwa pomorskiego.<\/p>\n<p>Po \u017cyczeniach przysz\u0142a kolej na wyr\u00f3\u017cnienia. Wiceprezes ZG PTTK Jakub Nowak i przewodnicz\u0105cy Komisji Szymon Bijak wr\u0119czy\u0142 Markowi Kozikowskiemu Honorow\u0105 Odznak\u0119 PTTK w stopniu srebrnym, a Zbigniewowi Lewandowskiemu Odznak\u0119 Honorow\u0105 im. A. Janowskiego \u201eZa zas\u0142ugi dla krajoznawstwa\u201d. Szymon Bijak i Ma\u0142gorzata Paw\u0142owska, wiceprzewodnicz\u0105ca Komisji Krajoznawczej, wr\u0119czyli Dyplomy Komisji Krajoznawczej Monice Rozum \u2013 g\u0142\u00f3wnej specjalistce w Centralnej Bibliotece, a na r\u0119ce Jana Kami\u0144skiego i Krzysztofa Czerepowickiego \u2013 dla zas\u0142u\u017conych cz\u0142onk\u00f3w Kujawsko-Pomorskiego Kolegium Instruktor\u00f3w Krajoznawstwa: Jerzego Chudzy\u0144skiego, Marka Klaina, Henryka Mi\u0142oszewskiego, Tadeusza Perlika, Tomasza Simi\u0144ski-Stanny. Odznaki Kolekcjoner \u2013 Krajoznawca w stopniu z\u0142otym wr\u0119czy\u0142 przewodnicz\u0105cy Podkomisji Kolekcjonerstwa Krajoznawczego Wojciech Kowalski. Otrzymali je: Tadeusz Sobieszek \u2013 prekursor kolekcjonerstwa krajoznawczego w PTTK, W\u0142odzimierz Majdewicz \u2013 uznany projektant graficzny odznak, medali i innych znak\u00f3w u\u017cywanych w PTTK oraz Zbigniew Lewandowski, posiadaj\u0105cy najwi\u0119kszy zbi\u00f3r kolekcjonerski i autor wielu publikacji, tak\u017ce w tym zakresie.<\/p>\n<p>Cz\u0119\u015b\u0107 oficjaln\u0105 spotkania rozpocz\u0105\u0142 Wojciech Kowalski tematem \u201eKolekcjonerstwo krajoznawcze \u2013 refleksje o przysz\u0142o\u015bci\u201d. Przedstawi\u0142 w nim m.in. definicj\u0119 kolekcjonerstwa krajoznawczego, jego kulturotw\u00f3rcze, spo\u0142eczne i edukacyjne znaczenie, misj\u0119, jak\u0105 Kongres Krajoznawstwa Polskiego 2023 nada\u0142 kolekcjonerstwu, a tak\u017ce trudno\u015bci, jakie napotykaj\u0105 kolekcjonerzy oraz ich kolekcje. Zaapelowa\u0142 do zebranych, aby zbierali pami\u0105tki po Towarzystwie w swoich jednostkach organizacyjnych. By\u0107 mo\u017ce przysz\u0142o\u015bci\u0105 wystaw kolekcjonerskich s\u0105 wystawy wirtualne.<\/p>\n<p>Drug\u0105 prezentacj\u0119 pt. \u201e70 lat i co dalej\u201d przygotowa\u0142 Szymon Bijak. Podkre\u015bli\u0142 rol\u0119 Komisji w dzia\u0142alno\u015bci Towarzystwa i zada\u0142 pytania odno\u015bnie przysz\u0142o\u015bci krajoznawstwa w Towarzystwie.<\/p>\n<p>Po tych wyst\u0105pieniach zaproszono zebranych na przerw\u0119, a w jej trakcie \u2013 do obejrzenia wystaw autorstwa Marka Kozikowskiego, Zbigniewa Lewandowskiego oraz Centralnej Biblioteki zaprezentowanych w sali obok. Wst\u0119p do wystaw wyg\u0142osi\u0142 Wojciech Kowalski, a ich tematem przewodnim by\u0142y odznaki i wydawnictwa Komisji Krajoznawczej i Podkomisji Kolekcjonerstwa Krajoznawczego.<\/p>\n<p>Po przerwie Maria Janowicz przedstawi\u0142a ide\u0119 tworzenia Kanonu Krajoznawczego Polski oraz zmian, jakich dokonano w Regulaminie Odznaki Krajoznawczej Polski do tej pory. Zarz\u0105d G\u0142\u00f3wny PTTK podj\u0105\u0142 decyzj\u0119 o potrzebie uaktualnienia Kanonu. Powsta\u0142 Zesp\u00f3\u0142 Koordynuj\u0105cy, kt\u00f3ry sformu\u0142owa\u0142 harmonogram prac, przedstawi\u0142 g\u0142\u00f3wne za\u0142o\u017cenia oraz sk\u0142ady zespo\u0142\u00f3w odpowiedzialnych za uaktualnianie w poszczeg\u00f3lnych wojew\u00f3dztwach. Wywi\u0105za\u0142a si\u0119 kr\u00f3tka dyskusja dotycz\u0105ca uszczeg\u00f3\u0142owienia zakresu prac.<\/p>\n<p>Dzia\u0142alno\u015b\u0107 Regionalnych Pracowni Krajoznawczych na przyk\u0142adzie RPK im. Adama Asnyka w Kaliszu przedstawi\u0142a kierowniczka tej pracowni Ma\u0142gorzata Walczak-Kubiak. M\u00f3wi\u0142a o zadaniach, jakie maj\u0105 do wykonania pracownie, jak te zadania realizowane s\u0105 w Kaliszu, o trudno\u015bciach, jakie napotykaj\u0105 spo\u0142ecznicy PTTK-owscy, realizuj\u0105c je, o niedocenieniu kierownik\u00f3w RPK w \u015brodowisku oraz wspomnia\u0142a o pro\u015bbie do w\u0142adz Towarzystwa o materia\u0142y promocyjne.<\/p>\n<p>Ma\u0142gorzata Paw\u0142owska w swoim wyst\u0105pieniu przedstawi\u0142a dwa wa\u017cne projekty realizowane przez Komisj\u0119: <em>S\u0142ownik biograficzny krajoznawc\u00f3w polskich<\/em> i <em>K<\/em><em>obiety dla krajoznawstwa<\/em> oraz za\u0142o\u017cenia, instrukcje, dzia\u0142ania, jakie s\u0105 wykonywane w tym zakresie. Wykaz opracowywanych biogram\u00f3w dost\u0119pny jest na stronie internetowej Centralnej Biblioteki . Zaapelowa\u0142a o szybkie przeprowadzanie wywiad\u00f3w i zbieranie informacji o wa\u017cnych dla naszej organizacji postaciach, zar\u00f3wno nie\u017cyj\u0105cych, jak i \u017cyj\u0105cych, p\u00f3ki mo\u017cemy uzyska\u0107 od nich te informacje. Podkre\u015bli\u0142a szczeg\u00f3lnie potrzeb\u0119 pisania i zbierania informacji o kobietach, kt\u00f3re mia\u0142y wp\u0142yw na rozw\u00f3j Towarzystwa, poniewa\u017c ich rola jest zwykle ma\u0142o doceniana. Przedstawi\u0142a statystyk\u0119 liczby kobiet w\u015br\u00f3d Cz\u0142onk\u00f3w Honorowych, obecnych w\u0142adz Towarzystwa i przewodnicz\u0105cych rad i zespo\u0142\u00f3w. Jest ich od 12 do 27%.<\/p>\n<p>Nast\u0119pnie Natalia Wojtyra zaprezentowa\u0142a ksi\u0105\u017ck\u0119 W\u0142odzimierza Majdewicza pt. <em>Uczestnicy Powstania Warszawskiego 1944 roku w szeregach Polskiego Towarzystwa Turystyczno Krajoznawczego<\/em>. Wydawc\u0105 jest Wydawnictwo PTTK \u201eKraj\u201d, redaktorem J\u00f3zef Partyka, a korektorami Maria Janowicz, Krystyna Jaworska-Ma\u0144k i Monika Rozum. Natalia Wojtyra podzi\u0119kowa\u0142a wymienionym wy\u017cej osobom za udzia\u0142 w powstawaniu ksi\u0105\u017cki. Autor publikacji przybli\u017cy\u0142 zebranym jej tre\u015b\u0107. Zawar\u0142 w niej ponad 200 biogram\u00f3w cz\u0142onk\u00f3w PTT, PTK i p\u00f3\u017aniejszego PTTK, kt\u00f3rzy w powstaniu uczestniczyli, a wcze\u015bniej\/p\u00f3\u017aniej uprawiali r\u00f3\u017cne formy turystyki, byli kadr\u0105 programow\u0105 i wzorem dla p\u00f3\u017aniejszych pokole\u0144. Zebrani oddali im cze\u015b\u0107 minut\u0105 ciszy.<\/p>\n<p>W imieniu Komisji Historii i Tradycji Zbigniew Lewandowski zaapelowa\u0142 o pisanie swoich oraz swoich koleg\u00f3w i kole\u017canek biogram\u00f3w i przekazywanie ich do tej Komisji. Wies\u0142aw Wi\u0105cek, kt\u00f3ry by\u0142 inicjatorem sesji po\u015bwi\u0119conej biogramom PTTK-owc\u00f3w zas\u0142u\u017conych na Lubelszczy\u017anie, zwr\u00f3ci\u0142 uwag\u0119 na dwa problemy, z kt\u00f3rymi borykaj\u0105 si\u0119 autorzy: gdzie gromadzi\u0107 pozyskane informacje, kt\u00f3re nie s\u0105 jeszcze gotowe do publikacji, a tak\u017ce jak uzyska\u0107 informacje o ludziach, kt\u00f3rzy dzia\u0142ali w oddzia\u0142ach, kt\u00f3re s\u0105 zlikwidowane, gdzie s\u0105 archiwa tych oddzia\u0142\u00f3w. Ze swojego do\u015bwiadczenia wie, \u017ce trudno zmusi\u0107 autor\u00f3w, by pisali biogramy \u015bci\u015ble wed\u0142ug instrukcji przygotowanej przez Centraln\u0105 Bibliotek\u0119. Jacek Potocki zaproponowa\u0142, by digitalizowa\u0107 to, co pozosta\u0142o i jest w archiwach, zbiorach os\u00f3b zas\u0142u\u017conych lub ich potomk\u00f3w. Marek Rabski z RPK w Legnicy powiedzia\u0142, \u017ce wydawane s\u0105 tam zeszyty zawieraj\u0105ce po 15 \u017cyciorys\u00f3w os\u00f3b zas\u0142u\u017conych.<\/p>\n<p>Pawe\u0142 Za\u0144 wskaza\u0142 drog\u0119 finansowania niewydanych jeszcze kanon\u00f3w krajoznawczych wojew\u00f3dztw na przyk\u0142adzie Kanonu Krajoznawczego Wojew\u00f3dztwa Mazowieckiego. El\u017cbieta \u0141obacz-B\u0105cal poda\u0142a przyk\u0142ad wprowadzania m\u0142odzie\u017cy w prace PTTK przez mikrowyprawy, np. do zak\u0142ad\u00f3w pracy, mikrowystawy, np. w RPK i mikrosejmiki (wyk\u0142ad + mikrowyprawa). Jaros\u0142aw Kaczmarczyk zauwa\u017cy\u0142, \u017ce powinni\u015bmy swoje dzia\u0142ania, szczeg\u00f3lnie w\u015br\u00f3d m\u0142odzie\u017cy, poddawa\u0107 ewaluacji, wtedy cz\u0119\u015bciej m\u0142odzie\u017c b\u0119dzie uczestniczy\u0142a w kolejnych inicjatywach.<\/p>\n<p>W podsumowaniu Cezary Jastrz\u0119bski zaprosi\u0142 wszystkich na Centralny Zlot Krajoznawc\u00f3w w ostatni weekend sierpnia 2025 roku do Kielc, a Szymon Bijak, \u017cegnaj\u0105c uczestnik\u00f3w poinformowa\u0142, \u017ce Komisja Krajoznawcza ma swoj\u0105 stron\u0119 internetow\u0105 na Facebooku i zach\u0119ci\u0142 do jej odwiedzania.<\/p>\n<p><em>Tekst<\/em><strong> Halina Byczek-Krasucka<br \/>\n<\/strong>Zas\u0142u\u017cony Instruktor Krajoznawstwa, Honorowy Przodownik Turystyki Pieszej, przewodnik miejski i terenowy, Instruktor Ochrony Przyrody, znakarz szlak\u00f3w nizinnych, zdobywczyni \u201eOdznaki 100 rzek\u201d w kajakarstwie. Co tydzie\u0144 na w\u0119dr\u00f3wce.<\/p>\n<p><em>Zdj\u0119cia<\/em> <strong>Maciej Berny<\/strong><\/p>\n<div id=\"attachment_31893\" style=\"width: 547px\" class=\"wp-caption alignnone\"><a href=\"https:\/\/turysta2.pttk.pl\/wp-content\/uploads\/2025\/02\/20241123_110613-1-scaled.jpg\"><img loading=\"lazy\" decoding=\"async\" aria-describedby=\"caption-attachment-31893\" class=\" wp-image-31893\" src=\"https:\/\/turysta2.pttk.pl\/wp-content\/uploads\/2025\/02\/20241123_110613-1-300x139.jpg\" alt=\"\" width=\"537\" height=\"249\" srcset=\"https:\/\/turysta2.pttk.pl\/wp-content\/uploads\/2025\/02\/20241123_110613-1-300x139.jpg 300w, https:\/\/turysta2.pttk.pl\/wp-content\/uploads\/2025\/02\/20241123_110613-1-1024x473.jpg 1024w, https:\/\/turysta2.pttk.pl\/wp-content\/uploads\/2025\/02\/20241123_110613-1-768x355.jpg 768w, https:\/\/turysta2.pttk.pl\/wp-content\/uploads\/2025\/02\/20241123_110613-1-1536x710.jpg 1536w, https:\/\/turysta2.pttk.pl\/wp-content\/uploads\/2025\/02\/20241123_110613-1-2048x946.jpg 2048w\" sizes=\"auto, (max-width: 537px) 100vw, 537px\" \/><\/a><p id=\"caption-attachment-31893\" class=\"wp-caption-text\">Spotkanie odby\u0142o si\u0119 w siedzibie ZG PTTK w Warszawie<\/p><\/div>\n<div id=\"attachment_31895\" style=\"width: 325px\" class=\"wp-caption alignnone\"><a href=\"https:\/\/turysta2.pttk.pl\/wp-content\/uploads\/2025\/02\/20241123_111632.jpg\"><img loading=\"lazy\" decoding=\"async\" aria-describedby=\"caption-attachment-31895\" class=\" wp-image-31895\" src=\"https:\/\/turysta2.pttk.pl\/wp-content\/uploads\/2025\/02\/20241123_111632-223x300.jpg\" alt=\"\" width=\"315\" height=\"424\" srcset=\"https:\/\/turysta2.pttk.pl\/wp-content\/uploads\/2025\/02\/20241123_111632-223x300.jpg 223w, https:\/\/turysta2.pttk.pl\/wp-content\/uploads\/2025\/02\/20241123_111632-760x1024.jpg 760w, https:\/\/turysta2.pttk.pl\/wp-content\/uploads\/2025\/02\/20241123_111632-768x1035.jpg 768w, https:\/\/turysta2.pttk.pl\/wp-content\/uploads\/2025\/02\/20241123_111632-1140x1536.jpg 1140w, https:\/\/turysta2.pttk.pl\/wp-content\/uploads\/2025\/02\/20241123_111632-1520x2048.jpg 1520w, https:\/\/turysta2.pttk.pl\/wp-content\/uploads\/2025\/02\/20241123_111632.jpg 1848w\" sizes=\"auto, (max-width: 315px) 100vw, 315px\" \/><\/a><p id=\"caption-attachment-31895\" class=\"wp-caption-text\">Szymon Bijak - przewodnicz\u0105cy Komisji Krajoznawczej ZG PTTK<\/p><\/div>\n<div id=\"attachment_31897\" style=\"width: 562px\" class=\"wp-caption alignnone\"><a href=\"https:\/\/turysta2.pttk.pl\/wp-content\/uploads\/2025\/02\/20241123_124750-scaled.jpg\"><img loading=\"lazy\" decoding=\"async\" aria-describedby=\"caption-attachment-31897\" class=\" wp-image-31897\" src=\"https:\/\/turysta2.pttk.pl\/wp-content\/uploads\/2025\/02\/20241123_124750-300x139.jpg\" alt=\"\" width=\"552\" height=\"256\" srcset=\"https:\/\/turysta2.pttk.pl\/wp-content\/uploads\/2025\/02\/20241123_124750-300x139.jpg 300w, https:\/\/turysta2.pttk.pl\/wp-content\/uploads\/2025\/02\/20241123_124750-1024x473.jpg 1024w, https:\/\/turysta2.pttk.pl\/wp-content\/uploads\/2025\/02\/20241123_124750-768x355.jpg 768w, https:\/\/turysta2.pttk.pl\/wp-content\/uploads\/2025\/02\/20241123_124750-1536x710.jpg 1536w, https:\/\/turysta2.pttk.pl\/wp-content\/uploads\/2025\/02\/20241123_124750-2048x946.jpg 2048w\" sizes=\"auto, (max-width: 552px) 100vw, 552px\" \/><\/a><p id=\"caption-attachment-31897\" class=\"wp-caption-text\">Sk\u0142ad Komisji Krajoznawczej ZG PTTK<\/p><\/div>\n<div id=\"attachment_31899\" style=\"width: 691px\" class=\"wp-caption alignnone\"><a href=\"https:\/\/turysta2.pttk.pl\/wp-content\/uploads\/2025\/02\/468277130_1006644594842885_3356396736499381322_n.jpg\"><img loading=\"lazy\" decoding=\"async\" aria-describedby=\"caption-attachment-31899\" class=\" wp-image-31899\" src=\"https:\/\/turysta2.pttk.pl\/wp-content\/uploads\/2025\/02\/468277130_1006644594842885_3356396736499381322_n-300x225.jpg\" alt=\"\" width=\"681\" height=\"511\" srcset=\"https:\/\/turysta2.pttk.pl\/wp-content\/uploads\/2025\/02\/468277130_1006644594842885_3356396736499381322_n-300x225.jpg 300w, https:\/\/turysta2.pttk.pl\/wp-content\/uploads\/2025\/02\/468277130_1006644594842885_3356396736499381322_n-1024x768.jpg 1024w, https:\/\/turysta2.pttk.pl\/wp-content\/uploads\/2025\/02\/468277130_1006644594842885_3356396736499381322_n-768x576.jpg 768w, https:\/\/turysta2.pttk.pl\/wp-content\/uploads\/2025\/02\/468277130_1006644594842885_3356396736499381322_n-1536x1152.jpg 1536w, https:\/\/turysta2.pttk.pl\/wp-content\/uploads\/2025\/02\/468277130_1006644594842885_3356396736499381322_n-200x150.jpg 200w, https:\/\/turysta2.pttk.pl\/wp-content\/uploads\/2025\/02\/468277130_1006644594842885_3356396736499381322_n.jpg 2048w\" sizes=\"auto, (max-width: 681px) 100vw, 681px\" \/><\/a><p id=\"caption-attachment-31899\" class=\"wp-caption-text\">Uczestnicy spotkania z okazji 70-lecie Komisji Krajoznawczej i 45-lecie Podkomisji Kolekcjonerstwa Krajoznawczego ZG PTTK<\/p><\/div>\n","protected":false},"excerpt":{"rendered":"23 listopada 2024 roku w siedzibie ZG PTTK przy ul. Senatorskiej 11 w Warszawie zebra\u0142o si\u0119 grono znakomitych go\u015bci. Powodem spotkania by\u0142o 70-lecie Komisji Krajoznawczej i 45-lecie Podkomisji Kolekcjonerstwa Krajoznawczego ZG PTTK. Zaproszono w\u0142adze naczelne Towarzystwa, dawnych i obecnych cz\u0142onk\u00f3w obu gremi\u00f3w obchodz\u0105cych jubileusz oraz osoby wsp\u00f3\u0142pracuj\u0105ce z komisjami, w tym przedstawicieli Regionalnych Pracowni Krajoznawczych. Spotkanie otworzy\u0142 i przedstawi\u0142 jego&nbsp;<a href=\"https:\/\/turysta2.pttk.pl\/?p=31887\" class=\"read-more\">Continue Reading<\/a>","protected":false},"author":13,"featured_media":31889,"comment_status":"closed","ping_status":"closed","sticky":false,"template":"","format":"standard","meta":{"footnotes":""},"categories":[14,79],"tags":[],"class_list":["post-31887","post","type-post","status-publish","format-standard","has-post-thumbnail","hentry","category-krajoznawstwo","category-z-historii-towarzystwa","cat-14-id","cat-79-id"],"aioseo_notices":[],"_links":{"self":[{"href":"https:\/\/turysta2.pttk.pl\/index.php?rest_route=\/wp\/v2\/posts\/31887","targetHints":{"allow":["GET"]}}],"collection":[{"href":"https:\/\/turysta2.pttk.pl\/index.php?rest_route=\/wp\/v2\/posts"}],"about":[{"href":"https:\/\/turysta2.pttk.pl\/index.php?rest_route=\/wp\/v2\/types\/post"}],"author":[{"embeddable":true,"href":"https:\/\/turysta2.pttk.pl\/index.php?rest_route=\/wp\/v2\/users\/13"}],"replies":[{"embeddable":true,"href":"https:\/\/turysta2.pttk.pl\/index.php?rest_route=%2Fwp%2Fv2%2Fcomments&post=31887"}],"version-history":[{"count":2,"href":"https:\/\/turysta2.pttk.pl\/index.php?rest_route=\/wp\/v2\/posts\/31887\/revisions"}],"predecessor-version":[{"id":31903,"href":"https:\/\/turysta2.pttk.pl\/index.php?rest_route=\/wp\/v2\/posts\/31887\/revisions\/31903"}],"wp:featuredmedia":[{"embeddable":true,"href":"https:\/\/turysta2.pttk.pl\/index.php?rest_route=\/wp\/v2\/media\/31889"}],"wp:attachment":[{"href":"https:\/\/turysta2.pttk.pl\/index.php?rest_route=%2Fwp%2Fv2%2Fmedia&parent=31887"}],"wp:term":[{"taxonomy":"category","embeddable":true,"href":"https:\/\/turysta2.pttk.pl\/index.php?rest_route=%2Fwp%2Fv2%2Fcategories&post=31887"},{"taxonomy":"post_tag","embeddable":true,"href":"https:\/\/turysta2.pttk.pl\/index.php?rest_route=%2Fwp%2Fv2%2Ftags&post=31887"}],"curies":[{"name":"wp","href":"https:\/\/api.w.org\/{rel}","templated":true}]}}