{"id":31825,"date":"2024-12-20T16:13:09","date_gmt":"2024-12-20T14:13:09","guid":{"rendered":"https:\/\/turysta2.pttk.pl\/?p=31825"},"modified":"2024-12-20T16:13:09","modified_gmt":"2024-12-20T14:13:09","slug":"marek-od-aniolow","status":"publish","type":"post","link":"https:\/\/turysta2.pttk.pl\/?p=31825","title":{"rendered":"Marek od Anio\u0142\u00f3w"},"content":{"rendered":"<p><strong>Przez lata nazwisko Marka Jaromskiego koja\u00adrzy\u0142o si\u0119 z anio\u0142ami. Nie brakowa\u0142o te\u017c w jego sztuce odniesie\u0144 do Pisma \u015awi\u0119tego. Przyja\u017animy si\u0119 od lat. I kiedy teraz pojecha\u0142am z Mariuszem \u2013 to nasz wsp\u00f3lny przyjaciel \u2013 do Ponikwi Du\u017cej, gdzie Marek mieszka, zobaczy\u0142am \u2013 przepraszam, ale z przyjemno\u015bci\u0105 \u2013 \u017ce Marek Jaromski zmieni\u0142, a mo\u017ce rozszerzy\u0142, repertuar swoich temat\u00f3w. Zro\u00adbi\u0142 dla nas specjaln\u0105 wystaw\u0119, rozwieszaj\u0105c swoje dzie\u0142a nie tylko w domu i pracowni, kt\u00f3ra niegdy\u015b by\u0142a stodo\u0142\u0105, ale tak\u017ce w ogrodzie, na oknach i drzewach.<\/strong><\/p>\n<p>To wybitny artysta. Przed laty, kiedy mieli\u015bmy znacznie mniejsze mieszkania i poziom \u017cycia by\u0142 ni\u017cszy, popularne by\u0142y grafiki oraz mniejsze obrazy, kt\u00f3re ch\u0119tnie kupowano. Marek, kt\u00f3ry two\u00adrzy\u0142 linoryty, by\u0142 artyst\u0105 ciesz\u0105cym si\u0119 du\u017cym zainteresowaniem. Wychowanek artystyczny Haliny Chrostowskiej w warszawskiej ASP. Otrzy\u00adma\u0142 mn\u00f3stwo nagr\u00f3d, za granic\u0105 mia\u0142 kilkadziesi\u0105t wystaw i indywidualnych, i zbiorowych. Trzy razy z rz\u0119du otrzyma\u0142 najwa\u017cniejsz\u0105 nagrod\u0119 na Mi\u0119dzynarodowym Biennale Grafiki w Krakowie. Jego prace znajduj\u0105 si\u0119 w wielu muzeach. Teraz jednak rzadko mo\u017cna je zobaczy\u0107. Zaszy\u0142 si\u0119 we wsi Ponikiew Du\u017ca ponad 100 km od Warszawy i troch\u0119 jakby zagin\u0105\u0142. Szkoda, bo warto ogl\u0105\u00adda\u0107 jego dzie\u0142a, tak\u017ce je posiada\u0107, je\u015bli to mo\u017cliwe.<\/p>\n<div id=\"attachment_31827\" style=\"width: 502px\" class=\"wp-caption alignnone\"><a href=\"https:\/\/turysta2.pttk.pl\/wp-content\/uploads\/2024\/12\/3.-wnetrze-pracowni-fot.-Mariusz-Odziemczyk-scaled.jpg\"><img loading=\"lazy\" decoding=\"async\" aria-describedby=\"caption-attachment-31827\" class=\" wp-image-31827\" src=\"https:\/\/turysta2.pttk.pl\/wp-content\/uploads\/2024\/12\/3.-wnetrze-pracowni-fot.-Mariusz-Odziemczyk-300x200.jpg\" alt=\"\" width=\"492\" height=\"328\" srcset=\"https:\/\/turysta2.pttk.pl\/wp-content\/uploads\/2024\/12\/3.-wnetrze-pracowni-fot.-Mariusz-Odziemczyk-300x200.jpg 300w, https:\/\/turysta2.pttk.pl\/wp-content\/uploads\/2024\/12\/3.-wnetrze-pracowni-fot.-Mariusz-Odziemczyk-1024x681.jpg 1024w, https:\/\/turysta2.pttk.pl\/wp-content\/uploads\/2024\/12\/3.-wnetrze-pracowni-fot.-Mariusz-Odziemczyk-768x511.jpg 768w, https:\/\/turysta2.pttk.pl\/wp-content\/uploads\/2024\/12\/3.-wnetrze-pracowni-fot.-Mariusz-Odziemczyk-1536x1022.jpg 1536w, https:\/\/turysta2.pttk.pl\/wp-content\/uploads\/2024\/12\/3.-wnetrze-pracowni-fot.-Mariusz-Odziemczyk-2048x1363.jpg 2048w\" sizes=\"auto, (max-width: 492px) 100vw, 492px\" \/><\/a><p id=\"caption-attachment-31827\" class=\"wp-caption-text\">Wn\u0119trze pracowni artysty w Ponikwi Du\u017cej<\/p><\/div>\n<p>Jego sztuka jest bardzo oso\u00adbista. Wida\u0107 na pracach \u2013 tych innych \u2013 nie tylko anio\u0142y i tematy sakralne. Mieszkaj\u0105c na wsi, zaprzyja\u017ani\u0142 si\u0119 z jej mieszka\u0144\u00adcami i stworzy\u0142 w grafice wiele ich portret\u00f3w. I zach\u0142ysn\u0105\u0142 si\u0119 wiejskim pejza\u017cem, kt\u00f3ry prze\u00adkazuje w spos\u00f3b wra\u017cliwy, tak\u017ce ulotny, poruszany lekkim wia\u00adtrem. Odbitki tworzy m.in. na papierach, kt\u00f3re sam produkuje w pralce \u201eFrania\u201d i na japo\u0144skich bibu\u0142ach. I \u2013 o dziwo! \u2013 nawet na sztachetach swego p\u0142otu, gdy brakuje mu innego materia\u0142u. Na tym, co ma pod r\u0119k\u0105. A two\u00adrzy bez przerwy, jest niezmier\u00adnie pracowity. I rozszerzy\u0142 swoj\u0105 technik\u0119. To ju\u017c nie tylko grafika, ale tak\u017ce po\u0142\u0105czone z ni\u0105 malar\u00adstwo, nawet rze\u017aba. Czasami s\u0105 to instalacje b\u0105d\u017a tak dziwne tematy jak drewniana malowana trzcina. Pokazywa\u0142 j\u0105 na wysta\u00adwie w warszawskim Muzeum Archidiecezji. Tych wystaw jest, niestety, zbyt ma\u0142o i ciekawa sztuka Marka Jaromskiego jakby ugrz\u0119z\u0142a w tej Ponikwi. Jest tam pi\u0119knie, wszystko \u2013 skromny drewniany dom z zewn\u0105trz, w \u015brodku pracownia, czyli by\u0142a stodo\u0142a, nawet buda psia \u2013 s\u0105 wymalowane. Artystyczne cacko. Poniewa\u017c trudno tam dojecha\u0107, Mariusz Odziemczyk zrobi\u0142 zdj\u0119cia i pragn\u0119 za ich pomoc\u0105 przypomnie\u0107 to miejsce. Czy warto zobaczy\u0107 tak ciekaw\u0105 sztuk\u0119 Marka Jaromskiego? Oczywi\u015bcie, dobrze by\u0142oby obej\u00adrze\u0107 j\u0105 w oryginale.<\/p>\n<div id=\"attachment_31831\" style=\"width: 490px\" class=\"wp-caption alignnone\"><a href=\"https:\/\/turysta2.pttk.pl\/wp-content\/uploads\/2024\/12\/10a.-Polne-Ptaki-galeria-_Na-Polu_.-fot.-Mariusz-Odziemczyk-scaled.jpg\"><img loading=\"lazy\" decoding=\"async\" aria-describedby=\"caption-attachment-31831\" class=\" wp-image-31831\" src=\"https:\/\/turysta2.pttk.pl\/wp-content\/uploads\/2024\/12\/10a.-Polne-Ptaki-galeria-_Na-Polu_.-fot.-Mariusz-Odziemczyk-300x200.jpg\" alt=\"\" width=\"480\" height=\"320\" srcset=\"https:\/\/turysta2.pttk.pl\/wp-content\/uploads\/2024\/12\/10a.-Polne-Ptaki-galeria-_Na-Polu_.-fot.-Mariusz-Odziemczyk-300x200.jpg 300w, https:\/\/turysta2.pttk.pl\/wp-content\/uploads\/2024\/12\/10a.-Polne-Ptaki-galeria-_Na-Polu_.-fot.-Mariusz-Odziemczyk-1024x681.jpg 1024w, https:\/\/turysta2.pttk.pl\/wp-content\/uploads\/2024\/12\/10a.-Polne-Ptaki-galeria-_Na-Polu_.-fot.-Mariusz-Odziemczyk-768x511.jpg 768w, https:\/\/turysta2.pttk.pl\/wp-content\/uploads\/2024\/12\/10a.-Polne-Ptaki-galeria-_Na-Polu_.-fot.-Mariusz-Odziemczyk-1536x1022.jpg 1536w, https:\/\/turysta2.pttk.pl\/wp-content\/uploads\/2024\/12\/10a.-Polne-Ptaki-galeria-_Na-Polu_.-fot.-Mariusz-Odziemczyk-2048x1363.jpg 2048w\" sizes=\"auto, (max-width: 480px) 100vw, 480px\" \/><\/a><p id=\"caption-attachment-31831\" class=\"wp-caption-text\">Polne Ptaki \u2013 wystawa w plenerze przed galeri\u0105 \u201eNa Polu\u201d<\/p><\/div>\n<p><em>Tekst <\/em><strong>El\u017cbieta Dzikowska<\/strong><br \/>\n<em>Zdj\u0119cia <\/em><strong>Mariusz Odziemczyk<\/strong><\/p>\n<p>&nbsp;<\/p>\n<p><strong>Marek Jaromski <\/strong>(ur. 1953) \u2013 polski artysta grafik. Studiowa\u0142 w Akademii Sztuk Pi\u0119knych w Warszawie pod kierunkiem profesor Haliny Chrostowskiej. Dyplom z wyr\u00f3\u017cnieniem uzy\u00adska\u0142 w 1980 roku. Nast\u0119pnie by\u0142 adiunktem w swej macierzy\u00adstej uczelni do 1989 roku. Zrezygnowa\u0142 z pracy na akademii i rozpocz\u0105\u0142 nowe \u017cycie we wsi Ponikiew Du\u017ca, gdzie tworzy do dzi\u015b. Tam te\u017c znajduje si\u0119 jego galeria \u201eNa Polu\u201d. Tworzy prace z pogranicza grafiki, rysunku, malarstwa i rze\u017aby. In\u00adspiruje si\u0119 tradycj\u0105 chrze\u015bcija\u0144sk\u0105. Jest znany ze swojego zami\u0142owania do anio\u0142\u00f3w i angelologii oraz zainteresowania \u017cyciorysami swoich najbli\u017cszych s\u0105siad\u00f3w. Jego sztuka \u0142\u0105czy wymiar mistyczny z g\u0142\u0119boko ludzkimi tre\u015bciami. Dziennikarz Radia Plus Warszawa, w kt\u00f3rym realizowa\u0142 i realizuje swoje autorskie programy pt.: <em>Eteryczna akademia sztuki, Oto cz\u0142o\u00adwiek, Wniebog\u0142osy, Rozmowy na chmurze, Chodz\u0119 po ziemi <\/em>i ostatnio <em>Krok do przodu<\/em>. W telewizji Puls autor programu pod tytu\u0142em <em>Anio\u0142 przychodzi wieczorem<\/em>. W TVP 1 prowa\u00addz\u0105cy program <em>My Wy Oni<\/em>. Sztuka jest jego realizacj\u0105 \u017cycia, sztuce nie odpuszcza. Propaguje swoje autorskie powiedzenie: <em>Ty cz\u0142owieku zapomnia\u0142e\u015b, \u017ce z nasionka te\u017c powsta\u0142e\u015b.<\/em><\/p>\n","protected":false},"excerpt":{"rendered":"Przez lata nazwisko Marka Jaromskiego koja\u00adrzy\u0142o si\u0119 z anio\u0142ami. Nie brakowa\u0142o te\u017c w jego sztuce odniesie\u0144 do Pisma \u015awi\u0119tego. Przyja\u017animy si\u0119 od lat. I kiedy teraz pojecha\u0142am z Mariuszem \u2013 to nasz wsp\u00f3lny przyjaciel \u2013 do Ponikwi Du\u017cej, gdzie Marek mieszka, zobaczy\u0142am \u2013 przepraszam, ale z przyjemno\u015bci\u0105 \u2013 \u017ce Marek Jaromski zmieni\u0142, a mo\u017ce rozszerzy\u0142, repertuar swoich temat\u00f3w. Zro\u00adbi\u0142 dla&nbsp;<a href=\"https:\/\/turysta2.pttk.pl\/?p=31825\" class=\"read-more\">Continue Reading<\/a>","protected":false},"author":13,"featured_media":31829,"comment_status":"closed","ping_status":"closed","sticky":false,"template":"","format":"standard","meta":{"footnotes":""},"categories":[82],"tags":[],"class_list":["post-31825","post","type-post","status-publish","format-standard","has-post-thumbnail","hentry","category-ludzie-z-pasja","cat-82-id"],"aioseo_notices":[],"_links":{"self":[{"href":"https:\/\/turysta2.pttk.pl\/index.php?rest_route=\/wp\/v2\/posts\/31825","targetHints":{"allow":["GET"]}}],"collection":[{"href":"https:\/\/turysta2.pttk.pl\/index.php?rest_route=\/wp\/v2\/posts"}],"about":[{"href":"https:\/\/turysta2.pttk.pl\/index.php?rest_route=\/wp\/v2\/types\/post"}],"author":[{"embeddable":true,"href":"https:\/\/turysta2.pttk.pl\/index.php?rest_route=\/wp\/v2\/users\/13"}],"replies":[{"embeddable":true,"href":"https:\/\/turysta2.pttk.pl\/index.php?rest_route=%2Fwp%2Fv2%2Fcomments&post=31825"}],"version-history":[{"count":2,"href":"https:\/\/turysta2.pttk.pl\/index.php?rest_route=\/wp\/v2\/posts\/31825\/revisions"}],"predecessor-version":[{"id":31835,"href":"https:\/\/turysta2.pttk.pl\/index.php?rest_route=\/wp\/v2\/posts\/31825\/revisions\/31835"}],"wp:featuredmedia":[{"embeddable":true,"href":"https:\/\/turysta2.pttk.pl\/index.php?rest_route=\/wp\/v2\/media\/31829"}],"wp:attachment":[{"href":"https:\/\/turysta2.pttk.pl\/index.php?rest_route=%2Fwp%2Fv2%2Fmedia&parent=31825"}],"wp:term":[{"taxonomy":"category","embeddable":true,"href":"https:\/\/turysta2.pttk.pl\/index.php?rest_route=%2Fwp%2Fv2%2Fcategories&post=31825"},{"taxonomy":"post_tag","embeddable":true,"href":"https:\/\/turysta2.pttk.pl\/index.php?rest_route=%2Fwp%2Fv2%2Ftags&post=31825"}],"curies":[{"name":"wp","href":"https:\/\/api.w.org\/{rel}","templated":true}]}}