{"id":31657,"date":"2024-12-13T13:28:37","date_gmt":"2024-12-13T11:28:37","guid":{"rendered":"https:\/\/turysta2.pttk.pl\/?p=31657"},"modified":"2024-12-13T13:28:37","modified_gmt":"2024-12-13T11:28:37","slug":"bialystok-widzi-misie","status":"publish","type":"post","link":"https:\/\/turysta2.pttk.pl\/?p=31657","title":{"rendered":"Bia\u0142ystok Widzi Misie"},"content":{"rendered":"<p><strong>Wroc\u0142aw ma swoje krasnale, Lublin \u2013 kozio\u0142ki, Szczytno \u2013 pofajdoki, a Bia\u0142ystok? W 2021 roku na ulicach tego miasta pojawi\u0142y si\u0119... nied\u017awiedzie. Dlaczego w\u0142a\u015bnie nied\u017awiedzie, a nie, dajmy na to, \u017cubry? <\/strong><\/p>\n<p>Pomys\u0142odawca inwazji mi\u015bk\u00f3w na stolic\u0119 woje\u00adw\u00f3dztwa podlaskiego, \u0141ukasz Leoniuk, chcia\u0142 w \u017cartobliwy spos\u00f3b rozprawi\u0107 si\u0119 ze stereotypem Bia\u0142egostoku jako polskiego bieguna zimna, gdzie nied\u017awiedzie polarne chodz\u0105 po ulicach i zacze\u00adpiaj\u0105 Bogu ducha winnych ludzi. Projekt zosta\u0142 nazwany \u201eBia\u0142ystok Widzi Misie\u201d i poddany pod g\u0142osowanie w Bud\u017cecie Obywatelskim. Bia\u0142osto\u00adczanie zadecydowali \u2013 jeszcze nie\u015bmia\u0142o, bo g\u0142o\u00adsami niewielu ponad sze\u015bciuset os\u00f3b \u2013 o realizacji pierwszej tury o\u015bmiu figurek w 2021 roku. Dwa lata p\u00f3\u017aniej Widzi Misie okaza\u0142y si\u0119 ju\u017c tak popularn\u0105 atrakcj\u0105, \u017ce w kolejnym g\u0142osowaniu za pojawie\u00adniem si\u0119 o\u015bmiu nowych figurek opowiedzia\u0142o si\u0119 ponad siedem tysi\u0119cy mieszka\u0144c\u00f3w.<\/p>\n<p>Wszystkie misie wyrze\u017abi\u0142 krakowski artysta Damian Kucaba, kt\u00f3rego projekt najbardziej spodo\u00adba\u0142 si\u0119 komisji konkursowej. Ka\u017cdy z nied\u017awiad\u00adk\u00f3w, poprzez upozowanie i atrybuty, nawi\u0105zuje do jakiej\u015b postaci lub zjawiska z historii Bia\u0142e\u00adgostoku. Mamy mi\u0119dzy innymi Misia Hetmana i Misi\u0119 Hetmanow\u0105, kt\u00f3rzy przypominaj\u0105 o Janie Klemensie i Izabeli Branickich, XVIII-wiecznych tw\u00f3rcach wspania\u0142ej rezydencji bia\u0142ostockiej, nazywanej polskim Wersalem. Nieopodal rynku stoi Mi\u015b URSIDO, czyli \u201enied\u017awiadek\u201d w sztucznym j\u0119zyku esperanto, stworzonym w XIX wieku przez bia\u0142ostoczanina Ludwika Zamenhofa (1859\u20131917). Pojawiaj\u0105 si\u0119 tak\u017ce Mi\u015b Kr\u00f3l Chanajek \u2013 symbol jed\u00adnego z szef\u00f3w gang\u00f3w z dzielnicy \u017cydowskiej, Mi\u015b Student \u015bpi\u0105cy nad ksi\u0105\u017ckami przy siedzibie Uni\u00adwersytetu w Bia\u0142ymstoku, czy Mi\u015b Rze\u017abiarz przy Muzeum Rze\u017aby im. Alfonsa Karnego. Przy Bia\u0142o\u00adstockim Teatrze Lalek znajdziecie Misia Lalkarza, Mi\u015b Aktor w hamletowskiej pozie strze\u017ce wej\u015bcia do Akademii Teatralnej, a Mi\u015b Miko\u0142aj obdarowuje prezentami inne ma\u0142e misie przy prawos\u0142awnym soborze \u015bw. Miko\u0142aja.<\/p>\n<p>Bia\u0142ostockie Widzi Misie maj\u0105 stale rosn\u0105c\u0105 rze\u00adsz\u0119 fan\u00f3w, kt\u00f3rzy figurki fotografuj\u0105, promuj\u0105, ozdabiaj\u0105 stosownie do okoliczno\u015bci lub ubieraj\u0105 na zim\u0119 w r\u0119cznie dziergane sweterki i szaliczki. Z inicjatywy przewodnik\u00f3w PTTK odbywaj\u0105 si\u0119 spacery szlakiem Widzi Misi\u00f3w, a Centrum Informacji Turystycznej przygotowuje w okresie nauki szkolnej gr\u0119 terenow\u0105 zwi\u0105zan\u0105 z figur\u00adkami. Padaj\u0105 tak\u017ce niezliczone pomys\u0142y, jakie inne Widzi Misie mo\u017cna by\u0142oby zrealizowa\u0107 w najbli\u017c\u00adszej przysz\u0142o\u015bci. Niekwestionowanym zwyci\u0119zc\u0105 r\u00f3\u017cnych plebiscyt\u00f3w pozostaje Mi\u015b Bimbrownik.<\/p>\n<p>Zapraszamy do Bia\u0142egostoku! Dajcie si\u0119 zaczepi\u0107 naszym Widzi Misiom!<\/p>\n<p>Odnalezienie wszystkich szes\u00adnastu Widzi Misi\u00f3w to nie lada frajda dla rodzin z dzie\u0107mi, a po\u00admocna w tym b\u0119dzie wydana w\u0142a\u015bnie przez Regionalny Od\u00addzia\u0142 PTTK w Bia\u0142ymstoku mapa z lokalizacj\u0105 wszystkich figurek. Mapa i ca\u0142y szlak Widzi Misi\u00f3w dost\u0119pne s\u0105 tak\u017ce na prowa\u00addzonej przez Regionalny Oddzia\u0142 PTTK stronie <a href=\"http:\/\/www.szlaki.bialystok.pl\/bialystok-widzimisie\/\">www.szlaki.bialystok.pl\/bialystok-widzimisie\/.<\/a><br \/>\nProjekt i wydanie mapy zosta\u0142o sfinansowane ze \u015brodk\u00f3w z bud\u017cetu Miasta Bia\u0142egostoku.<\/p>\n<p><em>Tekst i zdj\u0119cia:<\/em> <strong>Katarzyna Pierwienis<\/strong><br \/>\nOd 2005 roku przewodniczka PTTK po wojew\u00f3dztwie podlaskim. Szczeg\u00f3lnie interesuje si\u0119 tematem za\u0142o\u017cenia pa\u0142acowo-ogrodowego Branickich w Bia\u0142ymstoku. Prowadzi sklep z pami\u0105tkami \u201eSljedzik\u201d. Autorka i wsp\u00f3\u0142autorka ksi\u0105\u017ceczek dla dzieci i folder\u00f3w o Bia\u0142ymstoku.<\/p>\n<div id=\"attachment_31659\" style=\"width: 280px\" class=\"wp-caption alignnone\"><a href=\"https:\/\/turysta2.pttk.pl\/wp-content\/uploads\/2024\/12\/Krol-Chanajek-scaled.jpg\"><img loading=\"lazy\" decoding=\"async\" aria-describedby=\"caption-attachment-31659\" class=\" wp-image-31659\" src=\"https:\/\/turysta2.pttk.pl\/wp-content\/uploads\/2024\/12\/Krol-Chanajek-225x300.jpg\" alt=\"\" width=\"270\" height=\"360\" srcset=\"https:\/\/turysta2.pttk.pl\/wp-content\/uploads\/2024\/12\/Krol-Chanajek-225x300.jpg 225w, https:\/\/turysta2.pttk.pl\/wp-content\/uploads\/2024\/12\/Krol-Chanajek-768x1024.jpg 768w, https:\/\/turysta2.pttk.pl\/wp-content\/uploads\/2024\/12\/Krol-Chanajek-1152x1536.jpg 1152w, https:\/\/turysta2.pttk.pl\/wp-content\/uploads\/2024\/12\/Krol-Chanajek-1536x2048.jpg 1536w, https:\/\/turysta2.pttk.pl\/wp-content\/uploads\/2024\/12\/Krol-Chanajek-scaled.jpg 1920w\" sizes=\"auto, (max-width: 270px) 100vw, 270px\" \/><\/a><p id=\"caption-attachment-31659\" class=\"wp-caption-text\">Mi\u015b Kr\u00f3l Chanajek obserwuje co dzieje si\u0119 na ul. M\u0142ynowej<\/p><\/div>\n<div id=\"attachment_31661\" style=\"width: 280px\" class=\"wp-caption alignnone\"><a href=\"https:\/\/turysta2.pttk.pl\/wp-content\/uploads\/2024\/12\/Student-w-szaliku-scaled.jpg\"><img loading=\"lazy\" decoding=\"async\" aria-describedby=\"caption-attachment-31661\" class=\" wp-image-31661\" src=\"https:\/\/turysta2.pttk.pl\/wp-content\/uploads\/2024\/12\/Student-w-szaliku-225x300.jpg\" alt=\"\" width=\"270\" height=\"360\" srcset=\"https:\/\/turysta2.pttk.pl\/wp-content\/uploads\/2024\/12\/Student-w-szaliku-225x300.jpg 225w, https:\/\/turysta2.pttk.pl\/wp-content\/uploads\/2024\/12\/Student-w-szaliku-768x1024.jpg 768w, https:\/\/turysta2.pttk.pl\/wp-content\/uploads\/2024\/12\/Student-w-szaliku-1152x1536.jpg 1152w, https:\/\/turysta2.pttk.pl\/wp-content\/uploads\/2024\/12\/Student-w-szaliku-1536x2048.jpg 1536w, https:\/\/turysta2.pttk.pl\/wp-content\/uploads\/2024\/12\/Student-w-szaliku-scaled.jpg 1920w\" sizes=\"auto, (max-width: 270px) 100vw, 270px\" \/><\/a><p id=\"caption-attachment-31661\" class=\"wp-caption-text\">Mi\u015b Student \u2013 ubrany w szalik,<br \/>stosownie do pory roku<\/p><\/div>\n<div id=\"attachment_31663\" style=\"width: 310px\" class=\"wp-caption alignnone\"><a href=\"https:\/\/turysta2.pttk.pl\/wp-content\/uploads\/2024\/12\/Mis-Aktor.jpg\"><img loading=\"lazy\" decoding=\"async\" aria-describedby=\"caption-attachment-31663\" class=\"size-medium wp-image-31663\" src=\"https:\/\/turysta2.pttk.pl\/wp-content\/uploads\/2024\/12\/Mis-Aktor-300x225.jpg\" alt=\"\" width=\"300\" height=\"225\" srcset=\"https:\/\/turysta2.pttk.pl\/wp-content\/uploads\/2024\/12\/Mis-Aktor-300x225.jpg 300w, https:\/\/turysta2.pttk.pl\/wp-content\/uploads\/2024\/12\/Mis-Aktor-1024x768.jpg 1024w, https:\/\/turysta2.pttk.pl\/wp-content\/uploads\/2024\/12\/Mis-Aktor-768x576.jpg 768w, https:\/\/turysta2.pttk.pl\/wp-content\/uploads\/2024\/12\/Mis-Aktor-1536x1152.jpg 1536w, https:\/\/turysta2.pttk.pl\/wp-content\/uploads\/2024\/12\/Mis-Aktor-200x150.jpg 200w, https:\/\/turysta2.pttk.pl\/wp-content\/uploads\/2024\/12\/Mis-Aktor.jpg 1835w\" sizes=\"auto, (max-width: 300px) 100vw, 300px\" \/><\/a><p id=\"caption-attachment-31663\" class=\"wp-caption-text\">Mi\u015b Aktor znajduje si\u0119 przy ul. Sienkiewicza 14<\/p><\/div>\n","protected":false},"excerpt":{"rendered":"Wroc\u0142aw ma swoje krasnale, Lublin \u2013 kozio\u0142ki, Szczytno \u2013 pofajdoki, a Bia\u0142ystok? W 2021 roku na ulicach tego miasta pojawi\u0142y si\u0119... nied\u017awiedzie. Dlaczego w\u0142a\u015bnie nied\u017awiedzie, a nie, dajmy na to, \u017cubry? Pomys\u0142odawca inwazji mi\u015bk\u00f3w na stolic\u0119 woje\u00adw\u00f3dztwa podlaskiego, \u0141ukasz Leoniuk, chcia\u0142 w \u017cartobliwy spos\u00f3b rozprawi\u0107 si\u0119 ze stereotypem Bia\u0142egostoku jako polskiego bieguna zimna, gdzie nied\u017awiedzie polarne chodz\u0105 po ulicach i&nbsp;<a href=\"https:\/\/turysta2.pttk.pl\/?p=31657\" class=\"read-more\">Continue Reading<\/a>","protected":false},"author":13,"featured_media":31665,"comment_status":"closed","ping_status":"closed","sticky":false,"template":"","format":"standard","meta":{"footnotes":""},"categories":[5],"tags":[],"class_list":["post-31657","post","type-post","status-publish","format-standard","has-post-thumbnail","hentry","category-a-to-polska-wlasnie","cat-5-id"],"aioseo_notices":[],"_links":{"self":[{"href":"https:\/\/turysta2.pttk.pl\/index.php?rest_route=\/wp\/v2\/posts\/31657","targetHints":{"allow":["GET"]}}],"collection":[{"href":"https:\/\/turysta2.pttk.pl\/index.php?rest_route=\/wp\/v2\/posts"}],"about":[{"href":"https:\/\/turysta2.pttk.pl\/index.php?rest_route=\/wp\/v2\/types\/post"}],"author":[{"embeddable":true,"href":"https:\/\/turysta2.pttk.pl\/index.php?rest_route=\/wp\/v2\/users\/13"}],"replies":[{"embeddable":true,"href":"https:\/\/turysta2.pttk.pl\/index.php?rest_route=%2Fwp%2Fv2%2Fcomments&post=31657"}],"version-history":[{"count":1,"href":"https:\/\/turysta2.pttk.pl\/index.php?rest_route=\/wp\/v2\/posts\/31657\/revisions"}],"predecessor-version":[{"id":31667,"href":"https:\/\/turysta2.pttk.pl\/index.php?rest_route=\/wp\/v2\/posts\/31657\/revisions\/31667"}],"wp:featuredmedia":[{"embeddable":true,"href":"https:\/\/turysta2.pttk.pl\/index.php?rest_route=\/wp\/v2\/media\/31665"}],"wp:attachment":[{"href":"https:\/\/turysta2.pttk.pl\/index.php?rest_route=%2Fwp%2Fv2%2Fmedia&parent=31657"}],"wp:term":[{"taxonomy":"category","embeddable":true,"href":"https:\/\/turysta2.pttk.pl\/index.php?rest_route=%2Fwp%2Fv2%2Fcategories&post=31657"},{"taxonomy":"post_tag","embeddable":true,"href":"https:\/\/turysta2.pttk.pl\/index.php?rest_route=%2Fwp%2Fv2%2Ftags&post=31657"}],"curies":[{"name":"wp","href":"https:\/\/api.w.org\/{rel}","templated":true}]}}