{"id":31645,"date":"2024-12-13T13:18:28","date_gmt":"2024-12-13T11:18:28","guid":{"rendered":"https:\/\/turysta2.pttk.pl\/?p=31645"},"modified":"2024-12-13T13:18:28","modified_gmt":"2024-12-13T11:18:28","slug":"szczecinek-zaprasza-przez-caly-rok","status":"publish","type":"post","link":"https:\/\/turysta2.pttk.pl\/?p=31645","title":{"rendered":"Szczecinek zaprasza przez ca\u0142y rok!"},"content":{"rendered":"<p><strong>Pe\u0142ne uroku miasto, w kt\u00f3rym ju\u017c ponad siedem stuleci burzliwej historii splata si\u0119 z nios\u0105c\u0105 nowe wyzwania wsp\u00f3\u0142czesno\u015bci\u0105. Malowniczo po\u0142o\u00ad\u017cone w\u015br\u00f3d las\u00f3w, jezior i morenowych wzg\u00f3rz, na pograniczu trzech historycznych krain: Pomorza Zachodniego, Pomorza Gda\u0144skiego i Wielkopolski. Miasto z charakterem<br \/>\n\u2013 stawiaj\u0105ce na aktywny wypoczynek, turystyk\u0119 i kultur\u0119. <\/strong><\/p>\n<p>Jeden z najd\u0142u\u017cszych na \u015bwiecie wyci\u0105g\u00f3w do nart wodnych, Regionalne Centrum Tenisowe, pe\u0142nowy\u00admiarowe hale sportowe, nowoczesny stadion pi\u0142\u00adkarski, zesp\u00f3\u0142 krytych basen\u00f3w, skatepark to tylko niekt\u00f3re obiekty, kt\u00f3re sprawiaj\u0105, \u017ce Szczecinek odwiedzany jest przez indywidualnych mi\u0142o\u015bnik\u00f3w sportu i rekreacji oraz zorganizowane grupy wyczy\u00adnowych sportowc\u00f3w. To miejsce wymarzone na obozy treningowe, ale i na organizacj\u0119 licznych zawod\u00f3w, w tym odbywaj\u0105cych si\u0119 ju\u017c tutaj mistrzostw czy puchar\u00f3w Polski oraz Europy w triathlonie, pi\u0119cioboju nowoczesnym i narciar\u00adstwie wodnym. Bardzo siln\u0105 i rozpoznawaln\u0105 mark\u0105 w polskim i mi\u0119dzynarodowym \u015brodowisku lekko\u00adatletycznym jest te\u017c cykliczny Bieg Uliczny Memo\u00adria\u0142 Winanda Osi\u0144skiego. Miasto szczeg\u00f3lnie upodo\u00adbali sobie r\u00f3wnie\u017c piloci owianych legend\u0105 statk\u00f3w powietrznych z Polski i z wielu innych kraj\u00f3w, spo\u00adtykaj\u0105cy si\u0119 na corocznych Festiwalach Balono\u00adwych. Towarzysz\u0105ce tym Festiwalom kultowe ju\u017c Nocne Gale Balonowe to jeden z punkt\u00f3w obowi\u0105z\u00adkowych na turystycznej mapie Pomorza Zachodniego.<\/p>\n<p>Burzliwe dzieje Szczecinka \u2013 zjazdy monarch\u00f3w, przemarsze wojsk napoleo\u0144skich, wizyty s\u0142yn\u00adnych wodz\u00f3w i strateg\u00f3w,<br \/>\na w ostatnim stuleciu budowa umocnie\u0144 Wa\u0142u Pomorskiego \u2013 spra\u00adwiaj\u0105, \u017ce miasto ch\u0119tnie odwiedzaj\u0105 tak\u017ce liczni mi\u0142o\u015bnicy historii i jej tajemnic, znajduj\u0105cy tutaj wdzi\u0119czny teren dla swoich bada\u0144.<\/p>\n<p>Znakomicie czuj\u0105 si\u0119 w Szczecinku r\u00f3wnie\u017c tury\u015bci i wczasowicze, kt\u00f3rzy szukaj\u0105 ciszy i waka\u00adcyjnego wytchnienia.<br \/>\nNa pewno ceni\u0105 oni sobie walory kilku jezior po\u0142o\u017conych w \u015brodku miasta, b\u0119d\u0105cych prawdziwym rajem dla w\u0119dkarzy.<br \/>\nIch uwag\u0119 przyci\u0105gaj\u0105 te\u017c malownicze alejki pi\u0119k\u00adnego Parku Miejskiego z wieloma egzotycznymi okazami ro\u015blin i drzew, wypo\u017cyczalnie rower\u00f3w, dwupoziomowy taras widokowy, rejsy tramwa\u00adjem wodnym czy liczne kafejki i restauracje, gdzie mo\u017cna odpocz\u0105\u0107 po d\u0142ugim spacerze.<\/p>\n<p>Szczecinek to tak\u017ce bardzo wa\u017cne miejsce na kulturalnej mapie Polski P\u00f3\u0142nocnej. Koncerty ple\u00adnerowe i klimatyczne koncerty klubowe, spektakle teatr\u00f3w ulicznych, wernisa\u017ce wystaw sztuki czy spotkania poet\u00f3w to tylko wybrane propozycje z wype\u0142nionego po brzegi kalendarza wydarze\u0144. Dzi\u0119ki temu przez ca\u0142y rok znajd\u0105 co\u015b tutaj dla sie\u00adbie mi\u0142o\u015bnicy muzyki klasycznej i rozrywkowej, teatru i kabaretu, ta\u0144ca towarzyskiego i wsp\u00f3\u0142cze\u00adsnego, a tak\u017ce ambitnego kina, literatury i sztuk plastycznych. Natomiast latem odbywaj\u0105 si\u0119 w Szczecinku wielkie koncerty plenerowe oraz festiwale przyci\u0105gaj\u0105ce wielotysi\u0119czn\u0105 widow\u00adni\u0119: Art Piknik Festival, wspominany ju\u017c Festiwal Balonowy i Materiafest.<\/p>\n<p>Miasto jest r\u00f3wnie\u017c atrakcyjne pod wzgl\u0119dem architektonicznym. Secesyjna zabudowa, klima\u00adtyczny deptak, zabytkowy ratusz na placu Wolno\u00ad\u015bci oraz liczne murale tworz\u0105ce swoisty szlak spa\u00adcerowy sprawi\u0105, \u017ce niejeden turysta b\u0119dzie mia\u0142 ochot\u0119 przechadza\u0107 si\u0119 ulicami miasta od \u015bwitu do zmierzchu.<\/p>\n<p>Prawdziw\u0105 per\u0142\u0105 w\u015br\u00f3d zabytk\u00f3w Szczecinka jest niew\u0105tpliwie Zamek Ksi\u0105\u017c\u0105t Pomorskich. Po\u0142o\u00ad\u017cony na p\u00f3\u0142wyspie w otoczeniu zieleni zapewnia odwiedzaj\u0105cym niezapomniane widoki. Gruntow\u00adnie odrestaurowany w 2013 roku, pe\u0142ni obecnie \u2013 jako Centrum Konferencyjne Zamek \u2013 rol\u0119 wa\u017c\u00adnego o\u015brodka biznesu, kultury i sztuki Szczecinka.<\/p>\n<p>Je\u015bli nie znale\u017ali\u015bcie jeszcze swojego miejsca na ziemi, koniecznie poznajcie Szczecinek!<\/p>\n<p><em>Opracowanie:<\/em> <strong>Ewa Relska i Andrzej G\u00f3rka<\/strong><\/p>\n<p><em>Zdj\u0119cia:<\/em><strong> Miros\u0142aw Korkus<\/strong><\/p>\n<div id=\"attachment_31649\" style=\"width: 610px\" class=\"wp-caption alignnone\"><a href=\"https:\/\/turysta2.pttk.pl\/wp-content\/uploads\/2024\/12\/Ratusz-Plac_Wolnosci-fot.-Miroslaw_Korkus-scaled.jpg\"><img loading=\"lazy\" decoding=\"async\" aria-describedby=\"caption-attachment-31649\" class=\" wp-image-31649\" src=\"https:\/\/turysta2.pttk.pl\/wp-content\/uploads\/2024\/12\/Ratusz-Plac_Wolnosci-fot.-Miroslaw_Korkus-300x150.jpg\" alt=\"\" width=\"600\" height=\"300\" srcset=\"https:\/\/turysta2.pttk.pl\/wp-content\/uploads\/2024\/12\/Ratusz-Plac_Wolnosci-fot.-Miroslaw_Korkus-300x150.jpg 300w, https:\/\/turysta2.pttk.pl\/wp-content\/uploads\/2024\/12\/Ratusz-Plac_Wolnosci-fot.-Miroslaw_Korkus-1024x512.jpg 1024w, https:\/\/turysta2.pttk.pl\/wp-content\/uploads\/2024\/12\/Ratusz-Plac_Wolnosci-fot.-Miroslaw_Korkus-768x384.jpg 768w, https:\/\/turysta2.pttk.pl\/wp-content\/uploads\/2024\/12\/Ratusz-Plac_Wolnosci-fot.-Miroslaw_Korkus-1536x768.jpg 1536w, https:\/\/turysta2.pttk.pl\/wp-content\/uploads\/2024\/12\/Ratusz-Plac_Wolnosci-fot.-Miroslaw_Korkus-2048x1024.jpg 2048w, https:\/\/turysta2.pttk.pl\/wp-content\/uploads\/2024\/12\/Ratusz-Plac_Wolnosci-fot.-Miroslaw_Korkus-100x50.jpg 100w\" sizes=\"auto, (max-width: 600px) 100vw, 600px\" \/><\/a><p id=\"caption-attachment-31649\" class=\"wp-caption-text\">Ratusz w Szczecinku przy placu Wolno\u015bci<\/p><\/div>\n","protected":false},"excerpt":{"rendered":"Pe\u0142ne uroku miasto, w kt\u00f3rym ju\u017c ponad siedem stuleci burzliwej historii splata si\u0119 z nios\u0105c\u0105 nowe wyzwania wsp\u00f3\u0142czesno\u015bci\u0105. Malowniczo po\u0142o\u00ad\u017cone w\u015br\u00f3d las\u00f3w, jezior i morenowych wzg\u00f3rz, na pograniczu trzech historycznych krain: Pomorza Zachodniego, Pomorza Gda\u0144skiego i Wielkopolski. Miasto z charakterem \u2013 stawiaj\u0105ce na aktywny wypoczynek, turystyk\u0119 i kultur\u0119. Jeden z najd\u0142u\u017cszych na \u015bwiecie wyci\u0105g\u00f3w do nart wodnych, Regionalne Centrum Tenisowe,&nbsp;<a href=\"https:\/\/turysta2.pttk.pl\/?p=31645\" class=\"read-more\">Continue Reading<\/a>","protected":false},"author":13,"featured_media":31651,"comment_status":"closed","ping_status":"closed","sticky":false,"template":"","format":"standard","meta":{"footnotes":""},"categories":[5],"tags":[],"class_list":["post-31645","post","type-post","status-publish","format-standard","has-post-thumbnail","hentry","category-a-to-polska-wlasnie","cat-5-id"],"aioseo_notices":[],"_links":{"self":[{"href":"https:\/\/turysta2.pttk.pl\/index.php?rest_route=\/wp\/v2\/posts\/31645","targetHints":{"allow":["GET"]}}],"collection":[{"href":"https:\/\/turysta2.pttk.pl\/index.php?rest_route=\/wp\/v2\/posts"}],"about":[{"href":"https:\/\/turysta2.pttk.pl\/index.php?rest_route=\/wp\/v2\/types\/post"}],"author":[{"embeddable":true,"href":"https:\/\/turysta2.pttk.pl\/index.php?rest_route=\/wp\/v2\/users\/13"}],"replies":[{"embeddable":true,"href":"https:\/\/turysta2.pttk.pl\/index.php?rest_route=%2Fwp%2Fv2%2Fcomments&post=31645"}],"version-history":[{"count":3,"href":"https:\/\/turysta2.pttk.pl\/index.php?rest_route=\/wp\/v2\/posts\/31645\/revisions"}],"predecessor-version":[{"id":31655,"href":"https:\/\/turysta2.pttk.pl\/index.php?rest_route=\/wp\/v2\/posts\/31645\/revisions\/31655"}],"wp:featuredmedia":[{"embeddable":true,"href":"https:\/\/turysta2.pttk.pl\/index.php?rest_route=\/wp\/v2\/media\/31651"}],"wp:attachment":[{"href":"https:\/\/turysta2.pttk.pl\/index.php?rest_route=%2Fwp%2Fv2%2Fmedia&parent=31645"}],"wp:term":[{"taxonomy":"category","embeddable":true,"href":"https:\/\/turysta2.pttk.pl\/index.php?rest_route=%2Fwp%2Fv2%2Fcategories&post=31645"},{"taxonomy":"post_tag","embeddable":true,"href":"https:\/\/turysta2.pttk.pl\/index.php?rest_route=%2Fwp%2Fv2%2Ftags&post=31645"}],"curies":[{"name":"wp","href":"https:\/\/api.w.org\/{rel}","templated":true}]}}