{"id":31621,"date":"2024-12-09T18:21:55","date_gmt":"2024-12-09T16:21:55","guid":{"rendered":"https:\/\/turysta2.pttk.pl\/?p=31621"},"modified":"2024-12-09T18:27:06","modified_gmt":"2024-12-09T16:27:06","slug":"swieto-ksiazki-turystycznej-i-krajoznawczej","status":"publish","type":"post","link":"https:\/\/turysta2.pttk.pl\/?p=31621","title":{"rendered":"\u015awi\u0119to ksi\u0105\u017cki turystycznej i krajoznawczej"},"content":{"rendered":"<p><strong>Og\u00f3lnopolski Przegl\u0105d Ksi\u0105\u017cki Turystyczno-Krajoznawczej co roku wy\u0142ania spo\u015br\u00f3d nowo\u015bci na rynku ksi\u0119garskim warto\u015bciowe publikacje \u2013 przydatne w podr\u00f3\u017cach, zach\u0119caj\u0105ce do odkrywania nowych miejsc i pog\u0142\u0119biania wiedzy<br \/>\n<\/strong><strong>o znanych zak\u0105tkach naszego kraju.<br \/>\n<\/strong><br \/>\nCentralna Biblioteka PTTK im. Kazimierza Kulwiecia w Warszawie koordynowa\u0142a 32. edycj\u0119 Przegl\u0105du we wsp\u00f3\u0142pracy<br \/>\nz Komisj\u0105 Krajoznawcz\u0105 Zarz\u0105du G\u0142\u00f3wnego PTTK, Wielkopolskim Klubem Publicyst\u00f3w Krajoznawczych PTTK w Poznaniu oraz Oddzia\u0142em PTTK \u201eMazowsze\u201d w Warszawie. W konkursie wzi\u0119\u0142o udzia\u0142 71 uczestnik\u00f3w (sze\u015bciu wi\u0119cej ni\u017c w roku ubieg\u0142ym), kt\u00f3rzy w 107 zg\u0142oszeniach przys\u0142ali 125 tom\u00f3w publikacji, w tym dwa w postaci e-book\u00f3w. Plon Przegl\u0105du oceni\u0142o dziewi\u0119cioosobowe jury, kt\u00f3re obradowa\u0142o pod przewodnictwem prof. dr. hab. Janusza Zdebskiego w dniach<br \/>\n11\u201312 pa\u017adziernika 2024 roku w siedzibie Centralnej Biblioteki PTTK. W sk\u0142adzie tego gremium byli przedstawiciele Towarzystwa, \u015brodowiska wydawc\u00f3w oraz o\u015brodk\u00f3w akademickich.<br \/>\nPublikacje oceniano w sze\u015bciu kategoriach: albumy krajoznawcze, przewodniki, monografie, mapy i atlasy, wydawnictwa dla dzieci oraz inne opracowania krajoznawcze. Jury analizowa\u0142o walory merytoryczne i poziom edytorski nades\u0142anych publikacji.<br \/>\nW tym roku przyznano nagrod\u0119 specjaln\u0105 oficynie PRESSforum z Polanicy-Zdroju, wydawcy 5-tomowego cyklu Atrakcje Ziemi K\u0142odzkiej i Czeskiego Pogranicza, za ca\u0142okszta\u0142t publicystyki krajoznawczej.<br \/>\nUroczysta gala, podczas kt\u00f3rej nagrodzeni wydawcy otrzymali pami\u0105tkowe statuetki, a autorzy wyr\u00f3\u017cnionych ksi\u0105\u017cek \u2013 dyplomy honorowe, odby\u0142a si\u0119 29 listopada 2024 roku w go\u015bcinnych salach Muzeum Sportu i Turystyki \u2013 ju\u017c po raz drugi<br \/>\nz rz\u0119du.<\/p>\n<p>Partnerem wydarzenia jest\u00a0Samorz\u0105d Wojew\u00f3dztwa Mazowieckiego, Mazowiecka Regionalna Organizacja Turystyczna oraz\u00a0Mazowieckie Forum Oddzia\u0142\u00f3w PTTK. Wydarzenie zosta\u0142o obj\u0119te patronatem honorowym: Ministerstwa Sportu i\u00a0Turystyki, Ministerstwa Kultury i Dziedzictwa Narodowego, Prezesa Polskiej Organizacji Turystycznej, Marsza\u0142ka Wojew\u00f3dztwa Mazowieckiego, Prezesa Zarz\u0105du Mazowieckiej Regionalnej Organizacji Turystycznej, Polskiego Towarzystwa Wydawc\u00f3w Ksi\u0105\u017cek oraz\u00a0Muzeum Sportu i\u00a0Turystyki w\u00a0Warszawie. Patronaty medialne: kwartalnik PTTK\u00a0\u201eTurysta\u201d,\u00a0\u00a0AM\u00a0Art-Media Agencja PR, portal rynku wydawniczego WYDAWCA.COM.PL, Stowarzyszenie Bibliotekarzy Polskich, portal TTG Polska Dziennik Turystyczny.<\/p>\n<p>Lista laureat\u00f3w 32. Przegl\u0105du Ksi\u0105\u017cki Krajoznawczej i Turystycznej znajduje si\u0119 na stronie <a href=\"https:\/\/przegladksiazki.pttk.pl\/przeglad-ksiazki-2024-wyniki\/\">https:\/\/przegladksiazki.pttk.pl\/przeglad-ksiazki-2024-wyniki\/<\/a><\/p>\n<p><em>Zdj\u0119cia<\/em> <strong>Adam Fabisz<\/strong><\/p>\n<div id=\"attachment_31627\" style=\"width: 465px\" class=\"wp-caption alignnone\"><a href=\"https:\/\/turysta2.pttk.pl\/wp-content\/uploads\/2024\/12\/fot.-Adam-Fabisz-scaled.jpg\"><img loading=\"lazy\" decoding=\"async\" aria-describedby=\"caption-attachment-31627\" class=\" wp-image-31627\" src=\"https:\/\/turysta2.pttk.pl\/wp-content\/uploads\/2024\/12\/fot.-Adam-Fabisz-300x200.jpg\" alt=\"\" width=\"455\" height=\"303\" srcset=\"https:\/\/turysta2.pttk.pl\/wp-content\/uploads\/2024\/12\/fot.-Adam-Fabisz-300x200.jpg 300w, https:\/\/turysta2.pttk.pl\/wp-content\/uploads\/2024\/12\/fot.-Adam-Fabisz-1024x683.jpg 1024w, https:\/\/turysta2.pttk.pl\/wp-content\/uploads\/2024\/12\/fot.-Adam-Fabisz-768x512.jpg 768w, https:\/\/turysta2.pttk.pl\/wp-content\/uploads\/2024\/12\/fot.-Adam-Fabisz-1536x1024.jpg 1536w, https:\/\/turysta2.pttk.pl\/wp-content\/uploads\/2024\/12\/fot.-Adam-Fabisz-2048x1365.jpg 2048w\" sizes=\"auto, (max-width: 455px) 100vw, 455px\" \/><\/a><p id=\"caption-attachment-31627\" class=\"wp-caption-text\">Jury Przegl\u0105du podczas pracy w siedzibie Centralnej Biblioteki PTTK<br \/>im. Kazimierza Kulwiecia<\/p><\/div>\n<div id=\"attachment_31625\" style=\"width: 465px\" class=\"wp-caption alignnone\"><a href=\"https:\/\/turysta2.pttk.pl\/wp-content\/uploads\/2024\/12\/32_Przeglad-4-scaled.jpg\"><img loading=\"lazy\" decoding=\"async\" aria-describedby=\"caption-attachment-31625\" class=\" wp-image-31625\" src=\"https:\/\/turysta2.pttk.pl\/wp-content\/uploads\/2024\/12\/32_Przeglad-4-300x200.jpg\" alt=\"\" width=\"455\" height=\"304\" srcset=\"https:\/\/turysta2.pttk.pl\/wp-content\/uploads\/2024\/12\/32_Przeglad-4-300x200.jpg 300w, https:\/\/turysta2.pttk.pl\/wp-content\/uploads\/2024\/12\/32_Przeglad-4-1024x683.jpg 1024w, https:\/\/turysta2.pttk.pl\/wp-content\/uploads\/2024\/12\/32_Przeglad-4-768x512.jpg 768w, https:\/\/turysta2.pttk.pl\/wp-content\/uploads\/2024\/12\/32_Przeglad-4-1536x1024.jpg 1536w, https:\/\/turysta2.pttk.pl\/wp-content\/uploads\/2024\/12\/32_Przeglad-4-2048x1365.jpg 2048w\" sizes=\"auto, (max-width: 455px) 100vw, 455px\" \/><\/a><p id=\"caption-attachment-31625\" class=\"wp-caption-text\">Uroczysta gala odby\u0142a si\u0119 w Muzeum Sportu i Turystyki w Warszawie<\/p><\/div>\n","protected":false},"excerpt":{"rendered":"Og\u00f3lnopolski Przegl\u0105d Ksi\u0105\u017cki Turystyczno-Krajoznawczej co roku wy\u0142ania spo\u015br\u00f3d nowo\u015bci na rynku ksi\u0119garskim warto\u015bciowe publikacje \u2013 przydatne w podr\u00f3\u017cach, zach\u0119caj\u0105ce do odkrywania nowych miejsc i pog\u0142\u0119biania wiedzy o znanych zak\u0105tkach naszego kraju. Centralna Biblioteka PTTK im. Kazimierza Kulwiecia w Warszawie koordynowa\u0142a 32. edycj\u0119 Przegl\u0105du we wsp\u00f3\u0142pracy z Komisj\u0105 Krajoznawcz\u0105 Zarz\u0105du G\u0142\u00f3wnego PTTK, Wielkopolskim Klubem Publicyst\u00f3w Krajoznawczych PTTK w Poznaniu oraz Oddzia\u0142em&nbsp;<a href=\"https:\/\/turysta2.pttk.pl\/?p=31621\" class=\"read-more\">Continue Reading<\/a>","protected":false},"author":13,"featured_media":31623,"comment_status":"closed","ping_status":"closed","sticky":false,"template":"","format":"standard","meta":{"footnotes":""},"categories":[92],"tags":[],"class_list":["post-31621","post","type-post","status-publish","format-standard","has-post-thumbnail","hentry","category-polecamy","cat-92-id"],"aioseo_notices":[],"_links":{"self":[{"href":"https:\/\/turysta2.pttk.pl\/index.php?rest_route=\/wp\/v2\/posts\/31621","targetHints":{"allow":["GET"]}}],"collection":[{"href":"https:\/\/turysta2.pttk.pl\/index.php?rest_route=\/wp\/v2\/posts"}],"about":[{"href":"https:\/\/turysta2.pttk.pl\/index.php?rest_route=\/wp\/v2\/types\/post"}],"author":[{"embeddable":true,"href":"https:\/\/turysta2.pttk.pl\/index.php?rest_route=\/wp\/v2\/users\/13"}],"replies":[{"embeddable":true,"href":"https:\/\/turysta2.pttk.pl\/index.php?rest_route=%2Fwp%2Fv2%2Fcomments&post=31621"}],"version-history":[{"count":8,"href":"https:\/\/turysta2.pttk.pl\/index.php?rest_route=\/wp\/v2\/posts\/31621\/revisions"}],"predecessor-version":[{"id":31643,"href":"https:\/\/turysta2.pttk.pl\/index.php?rest_route=\/wp\/v2\/posts\/31621\/revisions\/31643"}],"wp:featuredmedia":[{"embeddable":true,"href":"https:\/\/turysta2.pttk.pl\/index.php?rest_route=\/wp\/v2\/media\/31623"}],"wp:attachment":[{"href":"https:\/\/turysta2.pttk.pl\/index.php?rest_route=%2Fwp%2Fv2%2Fmedia&parent=31621"}],"wp:term":[{"taxonomy":"category","embeddable":true,"href":"https:\/\/turysta2.pttk.pl\/index.php?rest_route=%2Fwp%2Fv2%2Fcategories&post=31621"},{"taxonomy":"post_tag","embeddable":true,"href":"https:\/\/turysta2.pttk.pl\/index.php?rest_route=%2Fwp%2Fv2%2Ftags&post=31621"}],"curies":[{"name":"wp","href":"https:\/\/api.w.org\/{rel}","templated":true}]}}