{"id":31587,"date":"2024-11-13T12:04:46","date_gmt":"2024-11-13T10:04:46","guid":{"rendered":"https:\/\/turysta2.pttk.pl\/?p=31587"},"modified":"2024-11-13T16:33:35","modified_gmt":"2024-11-13T14:33:35","slug":"na-czterech-i-dwoch-kolach-sladami-historii","status":"publish","type":"post","link":"https:\/\/turysta2.pttk.pl\/?p=31587","title":{"rendered":"Na czterech i dw\u00f3ch ko\u0142ach \u015bladami historii"},"content":{"rendered":"<p><strong>Jubileuszowy XXV Mazowiecki Samochodowy i Motocyklowy Rajd Turystyczny Siedlce \u2013 D\u0105browa<\/strong><strong> rozpocz\u0119\u0142a Anna Kirchner \u2013 komandor rajdu, witaj\u0105c g\u0142\u00f3wnych wsp\u00f3\u0142organizator\u00f3w, w tym redaktora naczelnego \u201eTygodnika Siedleckiego\u201d Dariusza Kuziaka oraz Jacka Ku\u017aniarskiego \u2013 zast\u0119pc\u0119 dyrektora Wojew\u00f3dzkiego O\u015brodka Ruchu Drogowego w Siedlcach. <\/strong><\/p>\n<p>Anna Kirchne podkre\u015bli\u0142a, \u017ce impreza zrealizowana zosta\u0142a w ramach projektu \u201eMazowsze dla organizacji pozarz\u0105dowych\u201d. Jest to zadanie publiczne dofinansowane ze \u015brodk\u00f3w samorz\u0105du wojew\u00f3dztwa mazowieckiego i miasta Siedlce. Komandor powita\u0142a pozosta\u0142ych partner\u00f3w wydarzenia: Dariusza Stop\u0119 \u2013 wiceprezydenta Siedlec, Nadbu\u017ca\u0144sk\u0105 Lokaln\u0105 Organizacj\u0119 Turystyczn\u0105 \u2013 reprezentowan\u0105 przez zarz\u0105d (Jana Roma\u0144czuka \u2013 prezesa, Jerzego Chromika \u2013 wiceprezesa, Bo\u017cen\u0119 Polak-Stojanow\u0105 \u2013 sekretarza, Ma\u0142gorzat\u0119 Borkowsk\u0105 \u2013 skarbnika i prezesa Klubu Turystyki Motorowej \u201eMigacz\u201d siedleckiego Oddzia\u0142u PTTK), Toyot\u0119 sp. z o.o. Auto Podlasie, Stowarzyszenie FMB (12 za\u0142\u00f3g motocyklowych), Siedleckie Stowarzyszenie Spo\u0142eczno-Kulturalne \u201eBrama\u201d reprezentowane przez Zbigniewa Piwo\u0144skiego \u2013 prezesa zarz\u0105du, Komend\u0119 Miejsk\u0105 Policji w Siedlcach, Fundacj\u0119 Pomocy dla Dzieci Poszkodowanych w Wypadkach Drogowych i wszystkich uczestnik\u00f3w rajdu, w tym 43 za\u0142ogi samochodowe.<\/p>\n<p><strong>Upami\u0119tnienie wydarze\u0144 z 1920 roku<br \/>\n<\/strong>Po prezentacji obecnych wsp\u00f3\u0142organizator\u00f3w i ich wyst\u0105pieniach komandor Anna Kirchner nawi\u0105za\u0142a do wydarze\u0144, kt\u00f3re mia\u0142y miejsce w sierpniu 1920 roku pod Skrzeszewem i Frankopolem \u2013 zwyci\u0119skiej bitwy u\u0142an\u00f3w Jazdy Ochotniczej majora Feliksa Jaworskiego, uwa\u017canego za \u201eojca\u201d 19. Pu\u0142ku U\u0142an\u00f3w Wo\u0142y\u0144skich. O ich upami\u0119tnienie zabiega\u0142 W\u0142odzimierz Bernard, ostatni u\u0142an mjr. Feliksa Jaworskiego. W zwyci\u0119skiej bitwie, w kt\u00f3rej niezwyk\u0142\u0105 odwag\u0105 i brawur\u0105 odznaczy\u0142 si\u0119 mjr Feliks Jaworski, do niewoli wzi\u0119to 400 bolszewickich je\u0144c\u00f3w. Komandor zaprosi\u0142a uczestnik\u00f3w do odwiedzenia cmentarza w Skrzeszewie, aby z\u0142o\u017cy\u0107 kwiaty i zapali\u0107 znicz pami\u0119ci przed pomnikiem upami\u0119tniaj\u0105cym wydarzenia z okresu wojny polsko-bolszewickiej.<\/p>\n<p>Przed wyruszeniem na tras\u0119 fotoreporterka \u201eTygodnika Siedleckiego\u201d Agnieszka Kr\u00f3l zaprosi\u0142a wszystkich uczestnik\u00f3w imprezy do zbiorowego zdj\u0119cia, skierowanego \u2013 na pro\u015bb\u0119 komandor Anny Kirchner \u2013 do Waldemara Gajewskiego. Swoim humorem i ciekawymi pomys\u0142ami uatrakcyjnia\u0142 dotychczasowe rajdy, jednak ze wzgl\u0119du na pobyt w sanatorium nie m\u00f3g\u0142 uczestniczy\u0107 w tym wydarzeniu.<\/p>\n<p><strong>Tor przeszk\u00f3d i nagrody<br \/>\n<\/strong>Uczestnicy rajdu rywalizowali na torze przeszk\u00f3d przygotowanym przez pracownik\u00f3w Wojew\u00f3dzkiego O\u015brodka Ruchu Drogowego, nadzorowanym przez Stefana Kukl\u0119 \u2013 s\u0119dziego g\u0142\u00f3wnego techniki jazdy. Pierwsze miejsce zaj\u0119\u0142a za\u0142oga nr 31 \u2013 Rafa\u0142 i Monika Kry\u0144scy, drugie miejsce \u2013 za\u0142oga nr 13, Damian i Paulina Sikorscy, a trzecie \u2013 za\u0142oga nr 15, Jakub i Maciej Cie\u0144kowscy.<\/p>\n<p><strong>Konkurs \u201eZnam Mazowsze\u201d i wyr\u00f3\u017cnienia<\/strong><br \/>\nNa mecie rajdu rozegrano konkurs \u201eZnam Mazowsze\u201d, kt\u00f3ry wygrali Piotr Najda, Mariusz Szkopek i Emilia Prachnio. Nagrody ufundowane przez Stowarzyszenie \u201eBrama\u201d wr\u0119czy\u0142 prezes Zbigniew Piwo\u0144ski. Puchary prezydenta Siedlec dla najlepszego pilota kobiety \u2013 Katarzyny B\u0142a\u017cejewskiej oraz dla najlepszego kierowcy kobiety \u2013 Emilii Prachnio wr\u0119czy\u0142 wiceprezydent Siedlec Dariusz Stopa.<\/p>\n<p>W kategorii motocykli zwyci\u0119\u017cy\u0142 Maciej Lazurek, drugie miejsce zaj\u0105\u0142 Micha\u0142 Styczy\u0144ski, a trzecie \u2013 Rados\u0142aw B\u0142o\u0144ski. W kategorii za\u0142\u00f3g samochodowych najlepsze by\u0142y Agnieszka Hawrylewicz-\u0141uka i Karolina \u0141uka (I miejsce), Daniel i Katarzyna B\u0142a\u017cejewscy (II miejsce), Kamil i Emilia Ambroziakowie (III miejsce).<\/p>\n<p><strong>Niespodzianki i atrakcje dla uczestnik\u00f3w<br \/>\n<\/strong>W ramach atrakcji wylosowano dwa talony na zakup paliwa po 500 z\u0142 ka\u017cdy. Talon dla za\u0142\u00f3g samochodowych zdobyli Damian i Paulina Sikorscy (nr 13), a dla motocyklist\u00f3w \u2013 Rados\u0142aw Przyby\u0142ek (nr 10).<\/p>\n<p>\u201eDyplom za wytrwa\u0142o\u015b\u0107\u201d otrzymali Ma\u0142gorzata i Tomasz Zdunkowie z dzie\u0107mi, kt\u00f3rzy uczestniczyli w 24 z 25 dotychczasowych rajd\u00f3w. Fundacja Pomocy dla Dzieci Poszkodowanych w Wypadkach Drogowych z siedzib\u0105 w Siedlcach ufundowa\u0142a pluszaki dla najm\u0142odszych uczestnik\u00f3w rajdu, a starsze dzieci otrzyma\u0142y komplety d\u0142ugopis\u00f3w. Ko\u0142o Gospody\u0144 Wiejskich w D\u0105browie przygotowa\u0142o pyszny pocz\u0119stunek, a uczestnicy mogli zwiedzi\u0107 Muzeum Ziemia\u0144stwa<strong>.<\/strong><\/p>\n<p><strong>Organizacja i wsparcie imprezy<br \/>\n<\/strong>Rajd sprawnie i z humorem poprowadzi\u0142a Edyta Zdunek z \u201eTygodnika Siedleckiego\u201d. Mimo niesprzyjaj\u0105cej aury i chwilami rz\u0119sistego deszczu humory dopisywa\u0142y, a niekt\u00f3rzy uczestnicy ju\u017c umawiali si\u0119 na spotkanie za rok. Nad ca\u0142o\u015bci\u0105 imprezy poza komandor Anna Kirchner czuwali jej zast\u0119pcy \u2013 Ma\u0142gorzata Borkowska i Mateusz Obr\u0119palski, koordynator \u2013 Urszula Obr\u0119palska, s\u0119dzia g\u0142\u00f3wny \u2013 Jaros\u0142aw G\u0142owacki i jego zast\u0119pca \u2013 Jerzy Chromik, cz\u0142onkowie Klubu Turystyki Motorowej \u201eMigacz\u201d \u2013 Agnieszka Szarek-Kozaczuk i El\u017cbieta Stefa\u0144czyk.<\/p>\n<p><strong>W ho\u0142dzie u\u0142anom<br \/>\n<\/strong>Trasa rajdu wiod\u0142a szlakiem wojny polsko-bolszewickiej z 1920 roku. W ho\u0142dzie u\u0142anom motocykli\u015bci ze Stowarzyszenia FMB Siedlce, wraz z Jerzym Chromikiem, z\u0142o\u017cyli na cmentarzu w Skrzeszewie wi\u0105zank\u0119 bia\u0142o-czerwonych kwiat\u00f3w i zapalili znicz. Ten gest spotka\u0142 si\u0119 z ciep\u0142ym przyj\u0119ciem odwiedzaj\u0105cych, kt\u00f3rzy nagrodzili przedstawicieli XXV Mazowieckiego Samochodowego i Motocyklowego Rajdu Turystycznego brawami.<\/p>\n<p><em>Tekst<\/em><strong> Anna Kirchner<br \/>\n<\/strong><em>Zdj\u0119cia<\/em><strong> Piotr Grabowski<\/strong><\/p>\n<div id=\"attachment_31589\" style=\"width: 554px\" class=\"wp-caption alignnone\"><a href=\"https:\/\/turysta2.pttk.pl\/wp-content\/uploads\/2024\/11\/IMG_7423-scaled.jpg\"><img loading=\"lazy\" decoding=\"async\" aria-describedby=\"caption-attachment-31589\" class=\" wp-image-31589\" src=\"https:\/\/turysta2.pttk.pl\/wp-content\/uploads\/2024\/11\/IMG_7423-300x200.jpg\" alt=\"\" width=\"544\" height=\"362\" srcset=\"https:\/\/turysta2.pttk.pl\/wp-content\/uploads\/2024\/11\/IMG_7423-300x200.jpg 300w, https:\/\/turysta2.pttk.pl\/wp-content\/uploads\/2024\/11\/IMG_7423-1024x683.jpg 1024w, https:\/\/turysta2.pttk.pl\/wp-content\/uploads\/2024\/11\/IMG_7423-768x512.jpg 768w, https:\/\/turysta2.pttk.pl\/wp-content\/uploads\/2024\/11\/IMG_7423-1536x1024.jpg 1536w, https:\/\/turysta2.pttk.pl\/wp-content\/uploads\/2024\/11\/IMG_7423-2048x1365.jpg 2048w\" sizes=\"auto, (max-width: 544px) 100vw, 544px\" \/><\/a><p id=\"caption-attachment-31589\" class=\"wp-caption-text\">Uczestnicy pami\u0119tali o Waldemarze Gajewskim, kt\u00f3remu pobyt w sanatorium uniemo\u017cliwi\u0142 udzia\u0142 w rajdzie<\/p><\/div>\n<div id=\"attachment_31591\" style=\"width: 288px\" class=\"wp-caption alignnone\"><a href=\"https:\/\/turysta2.pttk.pl\/wp-content\/uploads\/2024\/11\/IMG_0338-scaled.jpg\"><img loading=\"lazy\" decoding=\"async\" aria-describedby=\"caption-attachment-31591\" class=\" wp-image-31591\" src=\"https:\/\/turysta2.pttk.pl\/wp-content\/uploads\/2024\/11\/IMG_0338-225x300.jpg\" alt=\"\" width=\"278\" height=\"371\" srcset=\"https:\/\/turysta2.pttk.pl\/wp-content\/uploads\/2024\/11\/IMG_0338-225x300.jpg 225w, https:\/\/turysta2.pttk.pl\/wp-content\/uploads\/2024\/11\/IMG_0338-768x1024.jpg 768w, https:\/\/turysta2.pttk.pl\/wp-content\/uploads\/2024\/11\/IMG_0338-1152x1536.jpg 1152w, https:\/\/turysta2.pttk.pl\/wp-content\/uploads\/2024\/11\/IMG_0338-1536x2048.jpg 1536w, https:\/\/turysta2.pttk.pl\/wp-content\/uploads\/2024\/11\/IMG_0338-scaled.jpg 1920w\" sizes=\"auto, (max-width: 278px) 100vw, 278px\" \/><\/a><p id=\"caption-attachment-31591\" class=\"wp-caption-text\">Motocykli\u015bci przed Pa\u0142acem w Patrykozach nazywany \"Per\u0142\u0105 Podlasia\"<\/p><\/div>\n<div id=\"attachment_31593\" style=\"width: 381px\" class=\"wp-caption alignnone\"><a href=\"https:\/\/turysta2.pttk.pl\/wp-content\/uploads\/2024\/11\/IMG_7666-scaled.jpg\"><img loading=\"lazy\" decoding=\"async\" aria-describedby=\"caption-attachment-31593\" class=\" wp-image-31593\" src=\"https:\/\/turysta2.pttk.pl\/wp-content\/uploads\/2024\/11\/IMG_7666-300x200.jpg\" alt=\"\" width=\"371\" height=\"247\" srcset=\"https:\/\/turysta2.pttk.pl\/wp-content\/uploads\/2024\/11\/IMG_7666-300x200.jpg 300w, https:\/\/turysta2.pttk.pl\/wp-content\/uploads\/2024\/11\/IMG_7666-1024x683.jpg 1024w, https:\/\/turysta2.pttk.pl\/wp-content\/uploads\/2024\/11\/IMG_7666-768x512.jpg 768w, https:\/\/turysta2.pttk.pl\/wp-content\/uploads\/2024\/11\/IMG_7666-1536x1024.jpg 1536w, https:\/\/turysta2.pttk.pl\/wp-content\/uploads\/2024\/11\/IMG_7666-2048x1365.jpg 2048w\" sizes=\"auto, (max-width: 371px) 100vw, 371px\" \/><\/a><p id=\"caption-attachment-31593\" class=\"wp-caption-text\">Meta rajdu - Muzeum Ziemia\u0144stwa w D\u0105browie Oddzia\u0142 Muzeum Regionalnego im. Mieczys\u0142awa As\u0142anowicza w Siedlcach<\/p><\/div>\n<div id=\"attachment_31595\" style=\"width: 301px\" class=\"wp-caption alignnone\"><a href=\"https:\/\/turysta2.pttk.pl\/wp-content\/uploads\/2024\/11\/IMG_7707-scaled.jpg\"><img loading=\"lazy\" decoding=\"async\" aria-describedby=\"caption-attachment-31595\" class=\" wp-image-31595\" src=\"https:\/\/turysta2.pttk.pl\/wp-content\/uploads\/2024\/11\/IMG_7707-200x300.jpg\" alt=\"\" width=\"291\" height=\"437\" srcset=\"https:\/\/turysta2.pttk.pl\/wp-content\/uploads\/2024\/11\/IMG_7707-200x300.jpg 200w, https:\/\/turysta2.pttk.pl\/wp-content\/uploads\/2024\/11\/IMG_7707-683x1024.jpg 683w, https:\/\/turysta2.pttk.pl\/wp-content\/uploads\/2024\/11\/IMG_7707-768x1152.jpg 768w, https:\/\/turysta2.pttk.pl\/wp-content\/uploads\/2024\/11\/IMG_7707-1024x1536.jpg 1024w, https:\/\/turysta2.pttk.pl\/wp-content\/uploads\/2024\/11\/IMG_7707-1365x2048.jpg 1365w, https:\/\/turysta2.pttk.pl\/wp-content\/uploads\/2024\/11\/IMG_7707-scaled.jpg 1707w\" sizes=\"auto, (max-width: 291px) 100vw, 291px\" \/><\/a><p id=\"caption-attachment-31595\" class=\"wp-caption-text\">Puchary dla zwyci\u0119zc\u00f3w<\/p><\/div>\n","protected":false},"excerpt":{"rendered":"Jubileuszowy XXV Mazowiecki Samochodowy i Motocyklowy Rajd Turystyczny Siedlce \u2013 D\u0105browa rozpocz\u0119\u0142a Anna Kirchner \u2013 komandor rajdu, witaj\u0105c g\u0142\u00f3wnych wsp\u00f3\u0142organizator\u00f3w, w tym redaktora naczelnego \u201eTygodnika Siedleckiego\u201d Dariusza Kuziaka oraz Jacka Ku\u017aniarskiego \u2013 zast\u0119pc\u0119 dyrektora Wojew\u00f3dzkiego O\u015brodka Ruchu Drogowego w Siedlcach. Anna Kirchne podkre\u015bli\u0142a, \u017ce impreza zrealizowana zosta\u0142a w ramach projektu \u201eMazowsze dla organizacji pozarz\u0105dowych\u201d. Jest to zadanie publiczne dofinansowane ze&nbsp;<a href=\"https:\/\/turysta2.pttk.pl\/?p=31587\" class=\"read-more\">Continue Reading<\/a>","protected":false},"author":13,"featured_media":31589,"comment_status":"closed","ping_status":"closed","sticky":false,"template":"","format":"standard","meta":{"footnotes":""},"categories":[74,41],"tags":[],"class_list":["post-31587","post","type-post","status-publish","format-standard","has-post-thumbnail","hentry","category-turystyka-motorowa","category-turystyka-pttk","cat-74-id","cat-41-id"],"aioseo_notices":[],"_links":{"self":[{"href":"https:\/\/turysta2.pttk.pl\/index.php?rest_route=\/wp\/v2\/posts\/31587","targetHints":{"allow":["GET"]}}],"collection":[{"href":"https:\/\/turysta2.pttk.pl\/index.php?rest_route=\/wp\/v2\/posts"}],"about":[{"href":"https:\/\/turysta2.pttk.pl\/index.php?rest_route=\/wp\/v2\/types\/post"}],"author":[{"embeddable":true,"href":"https:\/\/turysta2.pttk.pl\/index.php?rest_route=\/wp\/v2\/users\/13"}],"replies":[{"embeddable":true,"href":"https:\/\/turysta2.pttk.pl\/index.php?rest_route=%2Fwp%2Fv2%2Fcomments&post=31587"}],"version-history":[{"count":8,"href":"https:\/\/turysta2.pttk.pl\/index.php?rest_route=\/wp\/v2\/posts\/31587\/revisions"}],"predecessor-version":[{"id":31611,"href":"https:\/\/turysta2.pttk.pl\/index.php?rest_route=\/wp\/v2\/posts\/31587\/revisions\/31611"}],"wp:featuredmedia":[{"embeddable":true,"href":"https:\/\/turysta2.pttk.pl\/index.php?rest_route=\/wp\/v2\/media\/31589"}],"wp:attachment":[{"href":"https:\/\/turysta2.pttk.pl\/index.php?rest_route=%2Fwp%2Fv2%2Fmedia&parent=31587"}],"wp:term":[{"taxonomy":"category","embeddable":true,"href":"https:\/\/turysta2.pttk.pl\/index.php?rest_route=%2Fwp%2Fv2%2Fcategories&post=31587"},{"taxonomy":"post_tag","embeddable":true,"href":"https:\/\/turysta2.pttk.pl\/index.php?rest_route=%2Fwp%2Fv2%2Ftags&post=31587"}],"curies":[{"name":"wp","href":"https:\/\/api.w.org\/{rel}","templated":true}]}}