{"id":31565,"date":"2024-11-12T15:28:26","date_gmt":"2024-11-12T13:28:26","guid":{"rendered":"https:\/\/turysta2.pttk.pl\/?p=31565"},"modified":"2024-11-12T15:28:26","modified_gmt":"2024-11-12T13:28:26","slug":"70-lat-dzialalnosci-oddzialu-pttk-w-wagrowcu","status":"publish","type":"post","link":"https:\/\/turysta2.pttk.pl\/?p=31565","title":{"rendered":"70 lat dzia\u0142alno\u015bci Oddzia\u0142u PTTK w W\u0105growcu"},"content":{"rendered":"<p><strong>Jubileuszowe, uroczyste spotkanie cz\u0142onk\u00f3w Oddzia\u0142u PTTK im. Waldemara Balcerowicza w W\u0105growcu odby\u0142o si\u0119 21 wrze\u015bnia 2024 roku w \u0141eknie, w gminnej sali widowiskowej.<\/strong><\/p>\n<p>W wydarzeniu uczestniczyli burmistrz W\u0105growca Alicja Trytt, w\u00f3jt gminy W\u0105growiec Ma\u0142gorzata Chmielarz, Andrzej Kudlaszyk \u2013 cz\u0142onek G\u0142\u00f3wnej Komisji Rewizyjnej PTTK oraz prezes Wielkopolskiej Korporacji Oddzia\u0142\u00f3w PTTK, a tak\u017ce Pawe\u0142 Anders \u2013 cz\u0142onek Kapitu\u0142y Odznacze\u0144 Zarz\u0105du G\u0142\u00f3wnego PTTK i Zas\u0142u\u017cony Instruktor Krajoznawstwa. Na uroczysto\u015b\u0107 przyby\u0142 r\u00f3wnie\u017c Mieczys\u0142aw Koczorowski z Wrzesi\u0144skiego Klubu Rowerowego \u201eWrze\u015bnianie\u201d.<\/p>\n<p><strong>Historia i rozw\u00f3j Oddzia\u0142u<br \/>\n<\/strong>Oddzia\u0142 PTTK w W\u0105growcu, utworzony w 1954 roku z inicjatywy Krystyny Marsza\u0142 i pasjonat\u00f3w turystyki, prowadzony by\u0142 przez Ann\u0119 Wolniewicz. W\u015br\u00f3d licznych inicjatyw propaguj\u0105cych turystyk\u0119 i krajoznawstwo szczeg\u00f3ln\u0105 popularno\u015b\u0107 zdoby\u0142y cykliczne rajdy \u201eJesie\u0144 na Pa\u0142ukach\u201d, \u201eSzlakiem pu\u0142kownika Paszkowa\u201d, a tak\u017ce turnieje wiedzy krajoznawczej organizowane dla m\u0142odzie\u017cy oraz Indywidualne Rajdy na Raty po Pa\u0142ukach. Wsp\u00f3\u0142praca z Pa\u0142uckim Oddzia\u0142em PTTK w \u017bninie zaowocowa\u0142a utworzeniem Pa\u0142uckiej Odznaki Krajoznawczej (1984) oraz organizacj\u0105 Og\u00f3lnopolskich Zlot\u00f3w Turyst\u00f3w \u201eJesie\u0144 na Pa\u0142ukach\u201d i ciesz\u0105cych si\u0119 ogromn\u0105 popularno\u015bci\u0105 Og\u00f3lnopolskich Zimowych Marsz\u00f3w na Orientacj\u0119 \u201eAzyma\u201d.<\/p>\n<p>Po wielu latach stara\u0144 Oddzia\u0142 doczeka\u0142 si\u0119 swego lokalu przy ul. Kolejowej. W szczytowym okresie swej dzia\u0142alno\u015bci w latach 80. XX wieku liczy\u0142 ponad 350 cz\u0142onk\u00f3w zrzeszonych w szkolnych i \u015brodowiskowych ko\u0142ach PTTK. Z okazji 30-lecia w 1985 roku zosta\u0142 wyr\u00f3\u017cniony Z\u0142ot\u0105 Honorow\u0105 Odznak\u0105 PTTK. Po tragicznej \u015bmierci w Bieszczadach Waldemara Balcerowicza (prezesa Oddzia\u0142u w latach 1982\u20131988) nast\u0105pi\u0142a kilkuletnia stagnacja.<\/p>\n<p><strong>Odrodzenie i nowe inicjatywy<br \/>\n<\/strong>Oddzia\u0142 odrodzi\u0142 si\u0119 dzi\u0119ki Romualdowi Styczy\u0144skiemu, honorowemu prezesowi i pasjonatowi turystyki g\u00f3rskiej i rowerowej. Przyst\u0105pi\u0142 do Wielkopolskiej Korporacji Oddzia\u0142\u00f3w PTTK. W 2008 roku powsta\u0142y nowe kluby: Klub Turystyki Kajakowej \u201eZimorodek\u201d, Klub Turystyki G\u00f3rskiej \u201eSzarotka\u201d, Kluby Turystyki Kolarskiej \u201ePa\u0142uki Tour\u201d i \u201eSiode\u0142ko\u201d w Mie\u015bcisku oraz Klub Turystyki Pieszej \u201eW\u0142\u00f3czykij\u201d. Realizuj\u0105 one pr\u0119\u017cnie cele statutowe PTTK i popularyzuj\u0105 turystyk\u0119 kwalifikowan\u0105.<\/p>\n<p>Rok p\u00f3\u017aniej cz\u0142onkowie oddzia\u0142u podj\u0119li decyzj\u0119 o nadaniu Oddzia\u0142owi PTTK w W\u0105growcu imi\u0119 Waldemara Balcerowicza, wspania\u0142ego prezesa, wybitnego dzia\u0142acza, kt\u00f3ry w kr\u00f3tkim sze\u015bcioletnim zarz\u0105dzaniu osi\u0105gn\u0105\u0142 wiele sukces\u00f3w i wzni\u00f3s\u0142 Oddzia\u0142 na szczyty dzia\u0142alno\u015bci turystyczno-krajoznawczej na Pa\u0142ukach W\u0105growieckich. W roku jubileuszu 60-lecia dzia\u0142alno\u015bci ufundowano sztandar, kt\u00f3ry towarzyszy imprezom oddzia\u0142u i uroczysto\u015bciom pa\u0144stwowym i lokalnym.<\/p>\n<p>Oddzia\u0142 liczy dzi\u015b 250 cz\u0142onk\u00f3w, a jego kalendarz imprez jest bogaty i zr\u00f3\u017cnicowany. W\u015br\u00f3d wielu imprez popularno\u015bci\u0105 ciesz\u0105 si\u0119 organizowane cyklicznie wieczornice turystyczne, kuligi, sp\u0142ywy kajakowe \u2013 szczeg\u00f3lnie og\u00f3lnopolskie sp\u0142ywy zimow\u0105 We\u0142n\u0105, zimowe spacery \u201eTwardzieli\u201d, wyprawy g\u00f3rskie, rajdy rowerowe \u201eNiedziela w siode\u0142ku\u201d, wycieczki autokarowe po Wielkopolsce, Polsce i zagraniczne.<\/p>\n<p>Oddzia\u0142 PTTK w W\u0105growcu by\u0142 organizatorem imprez wojew\u00f3dzkich i og\u00f3lnopolskich, m.in. Wielkopolskich Zlot\u00f3w: Przodownik\u00f3w Turystyki Pieszej PTTK w 1973 i 2008 roku, Klub\u00f3w G\u00f3rskich w 2017 roku, Zlotu \u201ePrima Aprilis\u201d w 2014 roku, Przodownik\u00f3w Turystyki Kolarskiej w 2014 i 2018 roku, Instruktor\u00f3w Krajoznawstwa Pa\u0142uki\u20192022, cyklu Og\u00f3lnopolskich Marsz\u00f3w na Orientacj\u0119 \u201eAzyma\u201d w latach 1985\u20131990, Og\u00f3lnopolskich Sp\u0142yw\u00f3w Zimow\u0105 We\u0142n\u0105 od 2007 roku, imprez oddzia\u0142owych i lokalnych, jak: \u201eW\u0105growiecka setka\u201d \u2013 Gwia\u017adzisty Rajd im. R. Styczy\u0144skiego, Nocny Rajd Rowerowy im. Jarka Werbli\u0144skiego, Rajd Rowerowy na Orientacj\u0119 \u201eHarpagan Pa\u0142ucki\u201d, sp\u0142yw kajakowy Strug\u0105 Go\u0142anieck\u0105, \u201eMiko\u0142aje w kajakach\u201d, marsze \u201eTrzech Kr\u00f3li\u201d na Gontyniec i wielu innych.<\/p>\n<p><strong>Wsp\u00f3\u0142praca z samorz\u0105dami i organizacjami<br \/>\n<\/strong>Oddzia\u0142 PTTK w W\u0105growcu wsp\u00f3\u0142pracuje z samorz\u0105dami miasta, gminy i powiatu oraz z Lokaln\u0105 Grup\u0105 Dzia\u0142ania \u201eDolina We\u0142ny\u201d, korzystaj\u0105c ze wsp\u00f3\u0142finansowania imprez i wsp\u00f3\u0142organizuj\u0105c z nimi m.in. Rajdy Piastowskie, Cysterskie, sp\u0142ywy kajakowe We\u0142n\u0105 i Ma\u0142\u0105 We\u0142n\u0105. Dzi\u0119ki wsp\u00f3\u0142pracy klub\u00f3w, nielicznej kadry programowej oraz zaanga\u017cowaniu Zarz\u0105du Oddzia\u0142u dzia\u0142alno\u015b\u0107 krajoznawczo-turystyczna przyci\u0105ga nowych amator\u00f3w czynnego i aktywnego sp\u0119dzania czasu wolnego.<\/p>\n<p>W roku jubileuszowym prezes Oddzia\u0142u Tomasz Biegun wraz z Les\u0142awem Pilcem odnowili znakowany szlak turystyczny \u015bw. Jakuba z W\u0105growca do D\u0105br\u00f3wki Ko\u015bcielnej. Jerzy Szoci\u0144ski, Cz\u0142onek Honorowy PTTK, wsp\u00f3lnie z Waldemarem Fijorem z Klubu InO \u201eSkarmat\u201d Oddzia\u0142u Miejskiego PTTK w Toruniu, opracowa\u0142 dwie trasy TRInO: \u201eW\u0105growiec \u2013 Miasto Cysters\u00f3w\u201d i \u201eNad We\u0142n\u0105 mi\u0119dzy rynkami\u201d prowadz\u0105c\u0105 z W\u0105growca do Janowca Wielkopolskiego.<\/p>\n<p>Spo\u0142eczn\u0105 dzia\u0142alno\u015b\u0107 Oddzia\u0142u PTTK im. W. Balcerowicza doceni\u0142a Rada Miejska W\u0105growca, wyr\u00f3\u017cniaj\u0105c go w 2024 roku Honorow\u0105 Nagrod\u0105 Miasta W\u0105growca \u2013 Statuetk\u0105 \u015bw. Jakuba Aposto\u0142a w kategorii \u201eO\u015bwiata, nauka, kultura fizyczna\u201d.<\/p>\n<p><strong>Z okazji jubileuszu 70-lecia Oddzia\u0142u, zas\u0142u\u017ceni dzia\u0142acze zostali odznaczeni:<\/strong><\/p>\n<ul>\n<li>Z\u0142ot\u0105 Honorow\u0105 Odznak\u0105 PTTK \u2013 Tomasz Biegun i Tadeusz Wi\u015bniewski,<\/li>\n<li>Srebrn\u0105 Honorow\u0105 Odznak\u0105 PTTK \u2013 Lucyna Cegielska, Zdzis\u0142aw G\u0142omb, \u0141ukasz Jasi\u0144ski, Anna Matlach, Les\u0142aw Pilc, Anna Stanis\u0142awska, Zofia \u017bmudzi\u0144ska,<\/li>\n<li>Br\u0105zow\u0105 Honorow\u0105 Odznak\u0105 PTTK \u2013 Anna Biegun, Anna Graj-Matysek, Anna Goli\u0144sk\u0105, Izabela Kozikowsk\u0105, Maria Lalik, Jacek Orchowicz, Monika Szel\u0105g, Micha\u0142 Szuman i Leszek Tomczak.<\/li>\n<\/ul>\n<p><strong>Dyplomami Zarz\u0105du G\u0142\u00f3wnego PTTK wyr\u00f3\u017cniono:<\/strong><\/p>\n<ul>\n<li>Agnieszk\u0119 Hoffmann, Micha\u0142a Jahnza, Ma\u0142gorzat\u0119 Kosi\u00f3r, Gra\u017cyn\u0119 Magiera, El\u017cbiet\u0119 Paw\u0142owsk\u0105 i Teres\u0119 Szubersk\u0105.<\/li>\n<\/ul>\n<p><em>Tekst i zdj\u0119cia<\/em><strong><em> Jerzy Szoci\u0144ski<\/em><\/strong><br \/>\nCz\u0142onek Honorowy PTTK<\/p>\n<div id=\"attachment_31569\" style=\"width: 331px\" class=\"wp-caption alignnone\"><a href=\"https:\/\/turysta2.pttk.pl\/wp-content\/uploads\/2024\/11\/Jakub-960x540-1.jpg\"><img loading=\"lazy\" decoding=\"async\" aria-describedby=\"caption-attachment-31569\" class=\" wp-image-31569\" src=\"https:\/\/turysta2.pttk.pl\/wp-content\/uploads\/2024\/11\/Jakub-960x540-1-300x169.jpg\" alt=\"\" width=\"321\" height=\"181\" srcset=\"https:\/\/turysta2.pttk.pl\/wp-content\/uploads\/2024\/11\/Jakub-960x540-1-300x169.jpg 300w, https:\/\/turysta2.pttk.pl\/wp-content\/uploads\/2024\/11\/Jakub-960x540-1-768x432.jpg 768w, https:\/\/turysta2.pttk.pl\/wp-content\/uploads\/2024\/11\/Jakub-960x540-1.jpg 960w\" sizes=\"auto, (max-width: 321px) 100vw, 321px\" \/><\/a><p id=\"caption-attachment-31569\" class=\"wp-caption-text\">Honorowa Nagroda Miasta W\u0105growca przyznana w 2024 roku \u2013 Statuetka \u015bw. Jakuba Aposto\u0142a<\/p><\/div>\n<div id=\"attachment_31571\" style=\"width: 227px\" class=\"wp-caption alignnone\"><a href=\"https:\/\/turysta2.pttk.pl\/wp-content\/uploads\/2024\/11\/20240921_200119-scaled.jpg\"><img loading=\"lazy\" decoding=\"async\" aria-describedby=\"caption-attachment-31571\" class=\" wp-image-31571\" src=\"https:\/\/turysta2.pttk.pl\/wp-content\/uploads\/2024\/11\/20240921_200119-135x300.jpg\" alt=\"\" width=\"217\" height=\"482\" srcset=\"https:\/\/turysta2.pttk.pl\/wp-content\/uploads\/2024\/11\/20240921_200119-135x300.jpg 135w, https:\/\/turysta2.pttk.pl\/wp-content\/uploads\/2024\/11\/20240921_200119-461x1024.jpg 461w, https:\/\/turysta2.pttk.pl\/wp-content\/uploads\/2024\/11\/20240921_200119-768x1705.jpg 768w, https:\/\/turysta2.pttk.pl\/wp-content\/uploads\/2024\/11\/20240921_200119-692x1536.jpg 692w, https:\/\/turysta2.pttk.pl\/wp-content\/uploads\/2024\/11\/20240921_200119-922x2048.jpg 922w, https:\/\/turysta2.pttk.pl\/wp-content\/uploads\/2024\/11\/20240921_200119-scaled.jpg 1153w\" sizes=\"auto, (max-width: 217px) 100vw, 217px\" \/><\/a><p id=\"caption-attachment-31571\" class=\"wp-caption-text\">70 lat Oddzia\u0142u PTTK im. Waldemara Balcerowicza w W\u0105growcu<\/p><\/div>\n","protected":false},"excerpt":{"rendered":"Jubileuszowe, uroczyste spotkanie cz\u0142onk\u00f3w Oddzia\u0142u PTTK im. Waldemara Balcerowicza w W\u0105growcu odby\u0142o si\u0119 21 wrze\u015bnia 2024 roku w \u0141eknie, w gminnej sali widowiskowej. W wydarzeniu uczestniczyli burmistrz W\u0105growca Alicja Trytt, w\u00f3jt gminy W\u0105growiec Ma\u0142gorzata Chmielarz, Andrzej Kudlaszyk \u2013 cz\u0142onek G\u0142\u00f3wnej Komisji Rewizyjnej PTTK oraz prezes Wielkopolskiej Korporacji Oddzia\u0142\u00f3w PTTK, a tak\u017ce Pawe\u0142 Anders \u2013 cz\u0142onek Kapitu\u0142y Odznacze\u0144 Zarz\u0105du G\u0142\u00f3wnego PTTK&nbsp;<a href=\"https:\/\/turysta2.pttk.pl\/?p=31565\" class=\"read-more\">Continue Reading<\/a>","protected":false},"author":13,"featured_media":31567,"comment_status":"closed","ping_status":"closed","sticky":false,"template":"","format":"standard","meta":{"footnotes":""},"categories":[14,79],"tags":[],"class_list":["post-31565","post","type-post","status-publish","format-standard","has-post-thumbnail","hentry","category-krajoznawstwo","category-z-historii-towarzystwa","cat-14-id","cat-79-id"],"aioseo_notices":[],"_links":{"self":[{"href":"https:\/\/turysta2.pttk.pl\/index.php?rest_route=\/wp\/v2\/posts\/31565","targetHints":{"allow":["GET"]}}],"collection":[{"href":"https:\/\/turysta2.pttk.pl\/index.php?rest_route=\/wp\/v2\/posts"}],"about":[{"href":"https:\/\/turysta2.pttk.pl\/index.php?rest_route=\/wp\/v2\/types\/post"}],"author":[{"embeddable":true,"href":"https:\/\/turysta2.pttk.pl\/index.php?rest_route=\/wp\/v2\/users\/13"}],"replies":[{"embeddable":true,"href":"https:\/\/turysta2.pttk.pl\/index.php?rest_route=%2Fwp%2Fv2%2Fcomments&post=31565"}],"version-history":[{"count":3,"href":"https:\/\/turysta2.pttk.pl\/index.php?rest_route=\/wp\/v2\/posts\/31565\/revisions"}],"predecessor-version":[{"id":31577,"href":"https:\/\/turysta2.pttk.pl\/index.php?rest_route=\/wp\/v2\/posts\/31565\/revisions\/31577"}],"wp:featuredmedia":[{"embeddable":true,"href":"https:\/\/turysta2.pttk.pl\/index.php?rest_route=\/wp\/v2\/media\/31567"}],"wp:attachment":[{"href":"https:\/\/turysta2.pttk.pl\/index.php?rest_route=%2Fwp%2Fv2%2Fmedia&parent=31565"}],"wp:term":[{"taxonomy":"category","embeddable":true,"href":"https:\/\/turysta2.pttk.pl\/index.php?rest_route=%2Fwp%2Fv2%2Fcategories&post=31565"},{"taxonomy":"post_tag","embeddable":true,"href":"https:\/\/turysta2.pttk.pl\/index.php?rest_route=%2Fwp%2Fv2%2Ftags&post=31565"}],"curies":[{"name":"wp","href":"https:\/\/api.w.org\/{rel}","templated":true}]}}