{"id":31535,"date":"2024-10-31T11:26:50","date_gmt":"2024-10-31T09:26:50","guid":{"rendered":"https:\/\/turysta2.pttk.pl\/?p=31535"},"modified":"2024-11-20T10:50:34","modified_gmt":"2024-11-20T08:50:34","slug":"xviii-wojewodzki-zlot-aktywnych-krajoznawcow","status":"publish","type":"post","link":"https:\/\/turysta2.pttk.pl\/xviii-wojewodzki-zlot-aktywnych-krajoznawcow\/","title":{"rendered":"XVIII Wojew\u00f3dzki Zlot Aktywnych Krajoznawc\u00f3w"},"content":{"rendered":"<p><strong>W pierwszy lub drugi weekend pa\u017adziernika, na mocy zasady wprowadzonej w 2006 roku, kujawsko-pomorscy instruktorzy krajoznawstwa spotykaj\u0105 si\u0119 na corocznym Wojew\u00f3dzkim Zlocie Aktywnych Krajoznawc\u00f3w (WZAK). Tegoroczna impreza wpisa\u0142a si\u0119 w obchody jubileuszu XXV-lecia Kujawsko-Pomorskiego Kolegium Instruktor\u00f3w Krajoznawstwa PTTK.<\/strong><\/p>\n<p>Ju\u017c po raz trzeci w historii zlot\u00f3w w rol\u0119 organizatora i gospodarza wcieli\u0142 si\u0119 Oddzia\u0142 Miejski PTTK im. Mariana Sydowa z Torunia. Komandor zlotu, Hanna Czech, wraz z zespo\u0142em dzia\u0142aczy oddzia\u0142u, zaprosili krajoznawc\u00f3w na teren s\u0105siaduj\u0105cych ze sob\u0105 powiat\u00f3w rypi\u0144skiego i lipnowskiego. W powiecie lipnowskim znajduje si\u0119 miasteczko Sk\u0119pe, gdzie w klasztorze oo. Bernardyn\u00f3w zlokalizowana by\u0142a baza zlotu, a powiat rypi\u0144ski stanowi\u0142 teren, do kt\u00f3rego poznania zaprosili uczestnik\u00f3w organizatorzy.<\/p>\n<p>W sobot\u0119, 5 pa\u017adziernika 2024, roku przyby\u0142o \u0142\u0105cznie z organizatorami oko\u0142o czterdziestu krajoznawc\u00f3w z r\u00f3\u017cnych oddzia\u0142\u00f3w PTTK naszego i s\u0105siednich wojew\u00f3dztw. Gospodarzem zlotowej bazy by\u0142 o. Ekspedyt Osiadacz OFM \u2013 kustosz sanktuarium, gwardian klasztoru i proboszcz parafii. Podobnie jak w latach poprzednich nasze kujawsko-pomorskie wojew\u00f3dztwo reprezentowali przedstawiciele oddzia\u0142\u00f3w PTTK z Grudzi\u0105dza, Torunia, Che\u0142mna, Kruszwicy, W\u0142oc\u0142awka, \u017bnina oraz Bydgoszczy. We WZAK uczestniczyli r\u00f3wnie\u017c przedstawiciele z wojew\u00f3dztw warmi\u0144sko-mazurskiego oraz wielkopolskiego.<\/p>\n<p>Po zakwaterowaniu uczestnik\u00f3w w klasztornych miejscach noclegowych komandor zlotu, Hanna Czech, oficjalnie rozpocz\u0119\u0142a imprez\u0119. Przedstawi\u0142a ona program, kt\u00f3ry mia\u0142 zosta\u0107 zrealizowany w pierwszym dniu imprezy \u2013 kierunek Rypin.<\/p>\n<p>Pobyt w Rypinie rozpocz\u0119li\u015bmy od wizyty w Muzeum Ziemi Dobrzy\u0144skiej, gdzie powita\u0142 nas jego dyrektor, pan Andrzej Szalkowski. Powita\u0142 i przej\u0105\u0142 nas, pe\u0142ni\u0105c funkcj\u0119 wy\u015bmienitego przewodnika po ziemi dobrzy\u0144skiej przez ca\u0142\u0105 sobotni\u0105 wycieczk\u0119.<\/p>\n<p>Muzeum znajduje si\u0119 w budynku dawnego komisariatu Policji Pa\u0144stwowej, zwanego Domem Ka\u017ani ze wzgl\u0119du na to, \u017ce w tym miejscu Gestapo przetrzymywa\u0142o, torturowa\u0142o oraz mordowa\u0142o mieszka\u0144c\u00f3w ziemi dobrzy\u0144skiej. Zwiedzanie muzeum zacz\u0119li\u015bmy od wystawy sta\u0142ej pn. \u201ePiwnice Domu Ka\u017ani\u201d, po\u015bwi\u0119conej pami\u0119ci ofiar terroru hitlerowskiego podczas II wojny \u015bwiatowej. Kolejna ekspozycja, kt\u00f3r\u0105 obejrzeli\u015bmy, dotyczy\u0142a szkolnictwa na ziemi dobrzy\u0144skiej od ko\u0144ca XIX wieku do roku 1970. Nast\u0119pnie zwiedzili\u015bmy wystaw\u0119 archeologiczn\u0105, ukazuj\u0105c\u0105 dzieje miasta na podstawie eksponat\u00f3w pochodz\u0105cych z wykopalisk.<\/p>\n<p>W sali po\u015bwi\u0119conej folklorowi czeka\u0142a nas mi\u0142a niespodzianka \u2013 przerwa na kaw\u0119 z ciasteczkiem.<\/p>\n<p><strong>Monumentalne witra\u017ce w Rypinie<br \/>\n<\/strong>Kolejny etap sobotniej wycieczki to zwiedzanie ko\u015bcio\u0142a pw. Naj\u015bwi\u0119tszego Serca Jezusa Chrystusa, znajduj\u0105cego si\u0119 w parafii \u015bw. Stanis\u0142awa Kostki. Do tej \u015bwi\u0105tyni przywiod\u0142y nas przepi\u0119kne, ogromne witra\u017ce, kt\u00f3re s\u0105 jednymi z najwi\u0119kszych sakralnych witra\u017cy w Europie. Najwi\u0119ksze z nich maj\u0105 powierzchni\u0119 212 metr\u00f3w kwadratowych i przedstawiaj\u0105 m.in. Ostatni\u0105 Wieczerz\u0119, Ukrzy\u017cowanie, abstrakcyjn\u0105 wizj\u0119 Stworzenia \u015awiata oraz wizj\u0119 S\u0105du Ostatecznego. S\u0105 te\u017c mniejsze witra\u017ce, przedstawiaj\u0105ce Ducha \u015awi\u0119tego, Matk\u0119 Bo\u017c\u0105 czy \u015bw. Jana Paw\u0142a II. To, \u017ce w Rypinie te gigantyczne witra\u017ce si\u0119 znajduj\u0105, nie jest przypadkiem, bowiem w tym w\u0142a\u015bnie w tym mie\u015bcie ich autorzy prowadz\u0105 pracowni\u0119 witra\u017cy. Dzie\u0142a pa\u0144stwa Bednarskich \u2013 nie\u017cyj\u0105cego ju\u017c Andrzeja i obchodz\u0105cej dwa lata temu jubileusz 50-lecia tw\u00f3rczo\u015bci El\u017cbiety \u2013 zrobi\u0142y na nas ogromne wra\u017cenie. Mieli\u015bmy okazj\u0119 uda\u0107 si\u0119 do pracowni prowadzonej obecnie przez Bartosza Bednarskiego. Pani El\u017cbieta Bednarska zapozna\u0142a nas z tajnikami tworzenia obraz\u00f3w powstaj\u0105cych z kolorowych szkie\u0142 i o\u0142owianych listew. Mieli\u015bmy te\u017c mo\u017cliwo\u015b\u0107 obejrzenia zgromadzonych w galerii sztuki przepi\u0119knych artystycznych wytwor\u00f3w, a tak\u017ce ich zakupu.<\/p>\n<p>Nast\u0119pnie skierowali\u015bmy si\u0119 do neogotyckiego, wybudowanego w 1888 roku, ko\u015bcio\u0142a ewangelicko-augsburskiego. We wn\u0119trzu mogli\u015bmy zobaczy\u0107 ciekaw\u0105 polichromi\u0119, ambon\u0119, wiekowe \u0142awki oraz trzycz\u0119\u015bciowy o\u0142tarz. Interesuj\u0105co wygl\u0105da\u0142y te\u017c kolumny, na kt\u00f3rych usadowiona jest empora. Mieli\u015bmy te\u017c mo\u017cliwo\u015b\u0107 pos\u0142uchania d\u017awi\u0119k\u00f3w organ\u00f3w. Dla zobrazowania dobrej akustyki nasz przewodnik wszed\u0142 na ambon\u0119 i bez mikrofonu kierowa\u0142 do nas swoje s\u0142owa, kt\u00f3re s\u0142ycha\u0107 by\u0142o doskonale.<\/p>\n<p>Nast\u0119pnie przeszli\u015bmy na drug\u0105 stron\u0119 ulicy, by dotrze\u0107 do miejsca, gdzie niegdy\u015b\u00a0 sta\u0142 drewniany ko\u015bci\u00f3\u0142ek Bo\u017cogrobc\u00f3w pw. \u015bw. Ducha, kt\u00f3rego lokacja datowana jest na po\u0142ow\u0119 XIV wieku. Ko\u015bci\u00f3\u0142 ten zosta\u0142 rozebrany przez Niemc\u00f3w w 1940 roku. Obejrzeli\u015bmy obiekty, kt\u00f3re tam si\u0119 obecnie znajduj\u0105: krzy\u017c ods\u0142oni\u0119ty i po\u015bwi\u0119cony w 1999 roku w 900. rocznic\u0119 powstania zakonu Bo\u017cogrobc\u00f3w oraz rze\u017ab\u0119 Bo\u017cogrobca, postawion\u0105 w 2023 roku w 700. rocznic\u0119 przybycia zakonu Bo\u017cogrobc\u00f3w do Rypina. Wok\u00f3\u0142 wzg\u00f3rza zlokalizowana jest te\u017c droga krzy\u017cowa, kt\u00f3rej poszczeg\u00f3lne stacje stanowi\u0105 do\u015b\u0107 du\u017ce g\u0142azy.<\/p>\n<p>Kolejny obiekt, kt\u00f3ry pokaza\u0142 nam przewodnik, to kaplica \u015bw. Barbary, datowana na koniec XVII wieku. Zbudowano j\u0105 w miejscu przeznaczonym na cmentarz, aby pe\u0142ni\u0142a funkcj\u0119 kaplicy cmentarnej. W ostatnim czasie zosta\u0142a ona odrestaurowana i prezentuje si\u0119 bardzo \u0142adnie. Id\u0105c do autokaru, widzieli\u015bmy te\u017c pomnik-popiersie J\u00f3zefa Pi\u0142sudskiego. I to by\u0142 ostatni obiekt, kt\u00f3ry obejrzeli\u015bmy w Rypinie.<\/p>\n<p><strong>Sad\u0142owo i Skrwilno \u2013 \u015bladami przesz\u0142o\u015bci<br \/>\n<\/strong>Skierowali\u015bmy si\u0119 na wsch\u00f3d drog\u0105 nr 563 w kierunku M\u0142awy i \u017buromina. Naszym celem by\u0142a miejscowo\u015b\u0107 Sad\u0142owo i znajduj\u0105cy si\u0119 tam gruntownie odnowiony zabytkowy klasycystyczny pa\u0142ac. Jest on jednym z najbardziej atrakcyjnych zabytk\u00f3w architektury w powiecie rypi\u0144skim. Znajduje si\u0119 w nim O\u015brodek Pracy Tw\u00f3rczej z pracowniami artystycznymi oraz salami wystawowymi.. Mi\u0119dzy innymi zobaczyli\u015bmy tam makiet\u0119 zamku rycerskiego zbudowanego w drugiej po\u0142owie XIV wieku przez kasztelana Piotra \u015awink\u0119. Obejrzeli\u015bmy te\u017c ciekawe obrazy i rze\u017aby.<\/p>\n<p>Z Sad\u0142owa skierowali\u015bmy si\u0119 do Skrwilna, a konkretnie do siedziby Nadle\u015bnictwa Skrwilno. W pomieszczeniach dawnego tartaku parowego, pochodz\u0105cego z 1874 roku, zlokalizowana jest izba edukacyjno-historyczna. W izbie tej mieli\u015bmy mo\u017cliwo\u015b\u0107 obejrzenia wystawy dzikich zwierz\u0105t, zbioru dawnych fotografii oraz XIX-wiecznych przedmiot\u00f3w. Zjedli\u015bmy tu bardzo smaczny \u017curek z jajkiem, przygotowany przez miejscowe gospodynie. Tam te\u017c przedstawiciel nadle\u015bnictwa, specjalista s\u0142u\u017cby le\u015bnej pan Adam Kami\u0144ski, wy\u015bwietli\u0142 film obrazuj\u0105cy r\u00f3\u017cne aspekty pracy le\u015bniczych.<\/p>\n<p>Po wizycie w tartaku parowym skierowali\u015bmy si\u0119 do lasu ko\u0142o miejscowo\u015bci Rak, miejsca u\u015bwi\u0119conego krwi\u0105 Polak\u00f3w pomordowanych przez Niemc\u00f3w w pierwszych miesi\u0105cach II wojny \u015bwiatowej. W tym Miejscu Pami\u0119ci Narodowej nasz przewodnik, pan Andrzej Szalkowski, opowiedzia\u0142 nam, co si\u0119 dzia\u0142o podczas okupacji w Rypinie i okolicach. W lasku skrwile\u0144skim rozstrzelano od 1400 do 3650 os\u00f3b. W 1944 roku hitlerowcy nakazali rozkopywa\u0107 masowe mogi\u0142y i pali\u0107 cia\u0142a, by ukry\u0107 \u015blady swoich zbrodni. Oddali\u015bmy ho\u0142d pomordowanym, po czym ruszyli\u015bmy w drog\u0119 powrotn\u0105 do Sk\u0119pego.<\/p>\n<p>Wielu z nas, uczestnik\u00f3w wycieczki, cieszy\u0142o si\u0119 z jej przebiegu. Przez Rypin przeje\u017cd\u017ca\u0142o si\u0119 wielokrotnie, ale znali\u015bmy go tylko z okien samochodu albo autokaru. Tym razem, dzi\u0119ki organizatorom oraz przewodnikowi Andrzejowi Szalkowskiemu, poznali\u015bmy Rypin i okolice nieco dok\u0142adniej.<\/p>\n<p>O godzinie osiemnastej, po do\u015b\u0107 intensywnym dniu, dotarli\u015bmy do Sk\u0119pego. Tam czeka\u0142a na nas obiadokolacja z klasztornej kuchni, a p\u00f3\u017aniej otwarte spotkanie Kujawsko-Pomorskiego Kolegium Instruktor\u00f3w Krajoznawstwa (K-P KIK) z uczestnikami zlotu.<\/p>\n<p>Takie spotkania odbywaj\u0105 si\u0119 co roku. Tradycja, kt\u00f3r\u0105 zapocz\u0105tkowa\u0142 Krzysztof Czerepowicki, jest przez obecnego przewodnicz\u0105cego K-P KIK kontynuowana. W zakonnym refektarzu, przy kawie i ciasteczkach, Jan Kami\u0144ski om\u00f3wi\u0142, co si\u0119 dzia\u0142o w kolegium od czasu ubieg\u0142orocznego zlotu w Nieszawie. W trakcie spotkania wr\u0119czy\u0142 legitymacje instruktor\u00f3w krajoznawstwa mianowanych w ostatnim czasie przez Krajowe oraz Kujawsko-Pomorskie Kolegium Instruktor\u00f3w Krajoznawstwa. Pawe\u0142 \u015aliwi\u0144ski otrzyma\u0142 legitymacj\u0119 Instruktora Krajoznawstwa Polski, a Andrzej Cyrwus legitymacj\u0119 Instruktora Krajoznawstwa Regionu. Natomiast Krzysztof Czerepowicki, honorowy przewodnicz\u0105cy kolegium, przypomnia\u0142 uczestnikom XXV lat dzia\u0142alno\u015bci naszego wojew\u00f3dzkiego kolegium oraz przedstawi\u0142 kilka informacji statystycznych dotycz\u0105cych kujawsko-pomorskich krajoznawc\u00f3w.<\/p>\n<p>Na zako\u0144czenie spotkania przewodnicz\u0105cy K-P KIK przedstawi\u0142 zebranym miejsce, gdzie odb\u0119dzie si\u0119 kolejny zlot: XIX Wojew\u00f3dzki Zlot Aktywnych Krajoznawc\u00f3w w 2025 roku zorganizuje i przeprowadzi Oddzia\u0142 PTTK w Inowroc\u0142awiu.<\/p>\n<p>I to by\u0142 ostatni punkt obrad. Zako\u0144czy\u0142a si\u0119 otwarta sesja krajoznawcza, jednocze\u015bnie rozpocz\u0119\u0142o si\u0119 kolejne posiedzenie robocze Kujawsko-Pomorskiego Kolegium Instruktor\u00f3w Krajoznawstwa PTTK, kt\u00f3re zako\u0144czy\u0142o ten intensywny i bardzo aktywny dzie\u0144.<\/p>\n<p><strong>\u015awi\u0119te miejsca Sk\u0119pego<br \/>\n<\/strong>W niedzielny poranek spotkali\u015bmy si\u0119 przy \u015bniadaniowym stole. Niedzielny program krajoznawczy obejmowa\u0142 miasteczko Sk\u0119pe. Wcze\u015bniej, po mszy porannej, gwardian oo. Bernardyn\u00f3w, o. Ekspedyt Osiadacz OFM, om\u00f3wi\u0142 histori\u0119 bernardy\u0144skiego zespo\u0142u klasztornego, w sk\u0142ad kt\u00f3rego wchodzi m.in. wzniesiony z ceg\u0142y w latach 1508\u20131510 ko\u015bci\u00f3\u0142 pw. Zwiastowania NMP. W po\u0142owie XVIII wieku wzniesiono barokow\u0105 pi\u0119ciokondygnacyjn\u0105 wie\u017c\u0119 z he\u0142mem i tarcz\u0105 zegarow\u0105. W o\u0142tarzu g\u0142\u00f3wnym ko\u015bcio\u0142a znajduje si\u0119 otoczona szczeg\u00f3lnym kultem, koronowana figura Matki Bo\u017cej Sk\u0119pskiej \u2013 patronki par, kt\u00f3re nie mog\u0105 doczeka\u0107 si\u0119 potomstwa. Jest to niedu\u017ca figura przedstawiaj\u0105ca m\u0142od\u0105 kobiet\u0119 z r\u0119kami z\u0142o\u017conymi na piersiach, oczekuj\u0105c\u0105 potomstwa. Wezwaniem Matki Bo\u017cej, znajduj\u0105cej si\u0119 od 1496 roku w ko\u015bciele Ojc\u00f3w Bernardyn\u00f3w, jest Matka Bo\u017ca Brzemienna, Kr\u00f3lowa Ziemi Dobrzy\u0144skiej, Mazowsza i Kujaw.<\/p>\n<p>Z przewodniczk\u0105, kt\u00f3ra oprowadza\u0142a nas po Sk\u0119pem, pani\u0105 Bo\u017cen\u0105 Ciesielsk\u0105, spotkali\u015bmy si\u0119 przy kaplicy \u015bw. Barbary, wzniesionej w pierwszej po\u0142owie XVIII wieku po\u015brodku klasztornego dziedzi\u0144ca odpustowego. Pierwszym obiektem na trasie spaceru by\u0142 rosn\u0105cy przy murze klasztornym w Wymy\u015blinie pomnik przyrody \u2013 d\u0105b Napoleona.<\/p>\n<p>Nast\u0119pnie przemaszerowali\u015bmy do miejscowo\u015bci Wioska, gdzie obejrzeli\u015bmy pozosta\u0142o\u015bci zespo\u0142u pa\u0142acowo-parkowego Gustawa Zieli\u0144skiego, w kt\u00f3rym obecnie znajduje si\u0119 przedszkole.<\/p>\n<p>Z miejscowo\u015bci Wioska wr\u00f3cili\u015bmy do Sk\u0119pego. Na ulicy Klasztornej naszym pierwszym punktem by\u0142a kapliczka na Borku (albo kaplica \u201eNa Borku\u201d \u2013 obie nazwy funkcjonuj\u0105 do dzi\u015b). Mie\u015bci si\u0119 ona na terenie parku zwanego Borkiem. By\u0142o to miejsce poch\u00f3wku bogatych mieszka\u0144c\u00f3w miasteczka i okolic. Przesz\u0142o\u015b\u0107 Borku wi\u0105\u017ce si\u0119 z usytuowanym niedaleko sanktuarium Matki Bo\u017cej Sk\u0119pskiej. Kaplica ta zosta\u0142a zbudowana na planie prostok\u0105ta. Jej wyposa\u017cenie stanowi drewniany o\u0142tarzyk, na kt\u00f3rym znajduje si\u0119 ludowa rze\u017aba Matki Bo\u017cej Sk\u0119pskiej.<\/p>\n<p>Nast\u0119pnie przeszli\u015bmy obok cmentarza parafialnego, by doj\u015b\u0107 do \u015bredniowiecznego grodziska Okop, po\u0142o\u017conego na przesmyku pomi\u0119dzy jeziorami Wielkim i Ma\u0142ym. Jest ono przyk\u0142adem nizinnego grodziska pier\u015bcieniowatego, kt\u00f3re zosta\u0142o zniszczone w wyniku budowy amfiteatru w 1958 roku.<\/p>\n<p>Kolejny obiekt, kt\u00f3ry nam pokaza\u0142a pani Bo\u017cena, to le\u017c\u0105cy na skarpie nad jeziorem Ma\u0142ym cmentarz \u017cydowski. Zachowa\u0142 si\u0119 tu du\u017cy fundament grobowca oraz kilka podstaw macew.<\/p>\n<p>Nast\u0119pnie dotarli\u015bmy na rynek, kt\u00f3ry jest najstarsz\u0105 cz\u0119\u015bci\u0105 Sk\u0119pego. Ma on kszta\u0142t czworoboku, od jego naro\u017cnik\u00f3w pod k\u0105tem prostym odchodz\u0105 ulice Dobrzy\u0144ska, Sierpecka, Ko\u015bcielna i aleja 1 Maja. W rynku stoj\u0105 jeszcze kamieniczki z ko\u0144ca XVIII i pocz\u0105tku XIX wieku. Na \u015brodku rynku stoi figurka kozio\u0142ka. W taki spos\u00f3b sk\u0119pscy rzemie\u015blnicy uhonorowali kozy, kt\u00f3re by\u0142y wa\u017cnym \u017ar\u00f3d\u0142em dochodu w okresie mi\u0119dzywojennym.<\/p>\n<p>Po powrocie do klasztoru \u2013 ma\u0142e pakowanie, p\u00f3\u017aniej obiad, a po nim podsumowanie XVIII Wojew\u00f3dzkiego Zlotu Aktywnych Krajoznawc\u00f3w Sk\u0119pe 2024. Komandor naszej imprezy, Hanna Czech podzi\u0119kowa\u0142a gospodarzowi obiektu \u2013 gwardianowi oo. Bernardyn\u00f3w o. Ekspedytowi Osiadaczowi za go\u015bcin\u0119, posi\u0142ki i noclegi w klasztornych warunkach. Podczas podsumowania przewodnicz\u0105cy kolegium wr\u0119czy\u0142 podzi\u0119kowania za organizacj\u0119 zlotu Hannie Czech \u2013 komandorowi oraz Komisji Krajoznawczej Oddzia\u0142u Miejskiego im. Mariana Sydowa z Torunia.<\/p>\n<p><strong>Lista rekordzist\u00f3w<br \/>\n<\/strong>Krzysztof Czerepowicki przedstawi\u0142 list\u0119 uczestnik\u00f3w WZAK, kt\u00f3rzy co najmniej dziesi\u0119\u0107 razy uczestniczyli w naszych imprezach. Liczba tych os\u00f3b wzros\u0142a do 21. Na dziesi\u0119ciu zlotach obecni byli: Hanna Czech, Danuta Gostomska, Feliks Paraszkiewicz i \u015bp. Julia Nehring. Jedena\u015bcie zlot\u00f3w odby\u0142o si\u0119 z udzia\u0142em Krzysztofa Cieczkiewicza, Jerzego Chudzy\u0144skiego, Wandy Pietrzykowskiej, Zygmunta Gda\u0144ca oraz \u015bp. Zbys\u0142awa Budzy\u0144skiego i \u015bp. Tadeusza Rauchfleisza. Na dwunastu zlotach byli Ewa Kami\u0144ska, Henryk Pasik i Zdzis\u0142aw Gostomski. Trzyna\u015bcie WZAK zaliczy\u0142 Andrzej Ziobrowski. Na czternastu zlotach by\u0142 Jan Kami\u0144ski, Bogumi\u0142 Korzeniewski i \u015bp. Roman Kowalski. W pi\u0119tnastu imprezach uczestniczyli Kazimierz Andrzejewski i Marek Klain. We wszystkich osiemnastu WZAK brali udzia\u0142 Tadeusz Perlik oraz Krzysztof Czerepowicki.<\/p>\n<p><em>Tekst <\/em><strong>Krzysztof Czerepowicki<em><br \/>\n<\/em><\/strong>Honorowy Przewodnicz\u0105cy Kujawsko-Pomorskiego Kolegium Instruktor\u00f3w Krajoznawstwa PTTK.<\/p>\n<p><em>Zdj\u0119cia<\/em> <strong>Tadeusz Perlik, Leszek Umi\u0144ski, Krzysztof Czerepowicki<\/strong><\/p>\n<div id=\"attachment_31553\" style=\"width: 312px\" class=\"wp-caption alignnone\"><a href=\"https:\/\/turysta2.pttk.pl\/wp-content\/uploads\/2024\/10\/1005_086Rypin-KoscNajswSJChr-FotoGrupy4.jpg\"><img loading=\"lazy\" decoding=\"async\" aria-describedby=\"caption-attachment-31553\" class=\" wp-image-31553\" src=\"https:\/\/turysta2.pttk.pl\/wp-content\/uploads\/2024\/10\/1005_086Rypin-KoscNajswSJChr-FotoGrupy4-200x300.jpg\" alt=\"\" width=\"302\" height=\"453\" srcset=\"https:\/\/turysta2.pttk.pl\/wp-content\/uploads\/2024\/10\/1005_086Rypin-KoscNajswSJChr-FotoGrupy4-200x300.jpg 200w, https:\/\/turysta2.pttk.pl\/wp-content\/uploads\/2024\/10\/1005_086Rypin-KoscNajswSJChr-FotoGrupy4-684x1024.jpg 684w, https:\/\/turysta2.pttk.pl\/wp-content\/uploads\/2024\/10\/1005_086Rypin-KoscNajswSJChr-FotoGrupy4-768x1150.jpg 768w, https:\/\/turysta2.pttk.pl\/wp-content\/uploads\/2024\/10\/1005_086Rypin-KoscNajswSJChr-FotoGrupy4-1026x1536.jpg 1026w, https:\/\/turysta2.pttk.pl\/wp-content\/uploads\/2024\/10\/1005_086Rypin-KoscNajswSJChr-FotoGrupy4-1368x2048.jpg 1368w, https:\/\/turysta2.pttk.pl\/wp-content\/uploads\/2024\/10\/1005_086Rypin-KoscNajswSJChr-FotoGrupy4.jpg 1710w\" sizes=\"auto, (max-width: 302px) 100vw, 302px\" \/><\/a><p id=\"caption-attachment-31553\" class=\"wp-caption-text\">Uczestnicy XVIII WZAK-u przed ko\u015bcio\u0142em Naj\u015bwi\u0119tszego Serca Jezusa Chrystusa w Rypinie fot. Tadeusz Perlik<\/p><\/div>\n<div id=\"attachment_31547\" style=\"width: 372px\" class=\"wp-caption alignnone\"><a href=\"https:\/\/turysta2.pttk.pl\/wp-content\/uploads\/2024\/10\/Zdj.-nr-1_Rypin_oltarz-glowny-witraz-w-kosciele-NSJCh-scaled.jpg\"><img loading=\"lazy\" decoding=\"async\" aria-describedby=\"caption-attachment-31547\" class=\" wp-image-31547\" src=\"https:\/\/turysta2.pttk.pl\/wp-content\/uploads\/2024\/10\/Zdj.-nr-1_Rypin_oltarz-glowny-witraz-w-kosciele-NSJCh-300x300.jpg\" alt=\"\" width=\"362\" height=\"362\" srcset=\"https:\/\/turysta2.pttk.pl\/wp-content\/uploads\/2024\/10\/Zdj.-nr-1_Rypin_oltarz-glowny-witraz-w-kosciele-NSJCh-300x300.jpg 300w, https:\/\/turysta2.pttk.pl\/wp-content\/uploads\/2024\/10\/Zdj.-nr-1_Rypin_oltarz-glowny-witraz-w-kosciele-NSJCh-1024x1024.jpg 1024w, https:\/\/turysta2.pttk.pl\/wp-content\/uploads\/2024\/10\/Zdj.-nr-1_Rypin_oltarz-glowny-witraz-w-kosciele-NSJCh-150x150.jpg 150w, https:\/\/turysta2.pttk.pl\/wp-content\/uploads\/2024\/10\/Zdj.-nr-1_Rypin_oltarz-glowny-witraz-w-kosciele-NSJCh-768x768.jpg 768w, https:\/\/turysta2.pttk.pl\/wp-content\/uploads\/2024\/10\/Zdj.-nr-1_Rypin_oltarz-glowny-witraz-w-kosciele-NSJCh-1536x1536.jpg 1536w, https:\/\/turysta2.pttk.pl\/wp-content\/uploads\/2024\/10\/Zdj.-nr-1_Rypin_oltarz-glowny-witraz-w-kosciele-NSJCh-2048x2048.jpg 2048w\" sizes=\"auto, (max-width: 362px) 100vw, 362px\" \/><\/a><p id=\"caption-attachment-31547\" class=\"wp-caption-text\">Monumentalny witra\u017c w ko\u015bciele pw. Naj\u015bwi\u0119tszego Serca Jezusa Chrystusa w Rypinie<br \/>fot. Leszek Umi\u0144ski<\/p><\/div>\n<div id=\"attachment_31539\" style=\"width: 363px\" class=\"wp-caption alignnone\"><a href=\"https:\/\/turysta2.pttk.pl\/wp-content\/uploads\/2024\/10\/Zdj.-nr-6_Skrwilno_dawny-tartak-parowy.jpg\"><img loading=\"lazy\" decoding=\"async\" aria-describedby=\"caption-attachment-31539\" class=\" wp-image-31539\" src=\"https:\/\/turysta2.pttk.pl\/wp-content\/uploads\/2024\/10\/Zdj.-nr-6_Skrwilno_dawny-tartak-parowy-300x200.jpg\" alt=\"\" width=\"353\" height=\"235\" srcset=\"https:\/\/turysta2.pttk.pl\/wp-content\/uploads\/2024\/10\/Zdj.-nr-6_Skrwilno_dawny-tartak-parowy-300x200.jpg 300w, https:\/\/turysta2.pttk.pl\/wp-content\/uploads\/2024\/10\/Zdj.-nr-6_Skrwilno_dawny-tartak-parowy-1024x684.jpg 1024w, https:\/\/turysta2.pttk.pl\/wp-content\/uploads\/2024\/10\/Zdj.-nr-6_Skrwilno_dawny-tartak-parowy-768x513.jpg 768w, https:\/\/turysta2.pttk.pl\/wp-content\/uploads\/2024\/10\/Zdj.-nr-6_Skrwilno_dawny-tartak-parowy.jpg 1280w\" sizes=\"auto, (max-width: 353px) 100vw, 353px\" \/><\/a><p id=\"caption-attachment-31539\" class=\"wp-caption-text\">Tartak parowy Skrwilno fot. Krzysztof Czerepowicki<\/p><\/div>\n<div id=\"attachment_31541\" style=\"width: 358px\" class=\"wp-caption alignnone\"><a href=\"https:\/\/turysta2.pttk.pl\/wp-content\/uploads\/2024\/10\/Zdj.-nr-7_Skepe_kaplica-sw.-Barbary-w-zespole-klasztornym-oo-Bernardynow.jpg\"><img loading=\"lazy\" decoding=\"async\" aria-describedby=\"caption-attachment-31541\" class=\" wp-image-31541\" src=\"https:\/\/turysta2.pttk.pl\/wp-content\/uploads\/2024\/10\/Zdj.-nr-7_Skepe_kaplica-sw.-Barbary-w-zespole-klasztornym-oo-Bernardynow-300x225.jpg\" alt=\"\" width=\"348\" height=\"261\" srcset=\"https:\/\/turysta2.pttk.pl\/wp-content\/uploads\/2024\/10\/Zdj.-nr-7_Skepe_kaplica-sw.-Barbary-w-zespole-klasztornym-oo-Bernardynow-300x225.jpg 300w, https:\/\/turysta2.pttk.pl\/wp-content\/uploads\/2024\/10\/Zdj.-nr-7_Skepe_kaplica-sw.-Barbary-w-zespole-klasztornym-oo-Bernardynow-768x576.jpg 768w, https:\/\/turysta2.pttk.pl\/wp-content\/uploads\/2024\/10\/Zdj.-nr-7_Skepe_kaplica-sw.-Barbary-w-zespole-klasztornym-oo-Bernardynow-200x150.jpg 200w, https:\/\/turysta2.pttk.pl\/wp-content\/uploads\/2024\/10\/Zdj.-nr-7_Skepe_kaplica-sw.-Barbary-w-zespole-klasztornym-oo-Bernardynow.jpg 809w\" sizes=\"auto, (max-width: 348px) 100vw, 348px\" \/><\/a><p id=\"caption-attachment-31541\" class=\"wp-caption-text\">Kaplica \u015bw. Barbary w zespole klasztornym<br \/>Ojc\u00f3w Bernardyn\u00f3w fot. Tadeusz Perlik<\/p><\/div>\n<div id=\"attachment_31543\" style=\"width: 359px\" class=\"wp-caption alignnone\"><a href=\"https:\/\/turysta2.pttk.pl\/wp-content\/uploads\/2024\/10\/Zdj.-nr-9_Skepe_oltarz-glowny-z-figura-MB-Skepskiej-scaled.jpg\"><img loading=\"lazy\" decoding=\"async\" aria-describedby=\"caption-attachment-31543\" class=\" wp-image-31543\" src=\"https:\/\/turysta2.pttk.pl\/wp-content\/uploads\/2024\/10\/Zdj.-nr-9_Skepe_oltarz-glowny-z-figura-MB-Skepskiej-300x300.jpg\" alt=\"\" width=\"349\" height=\"349\" srcset=\"https:\/\/turysta2.pttk.pl\/wp-content\/uploads\/2024\/10\/Zdj.-nr-9_Skepe_oltarz-glowny-z-figura-MB-Skepskiej-300x300.jpg 300w, https:\/\/turysta2.pttk.pl\/wp-content\/uploads\/2024\/10\/Zdj.-nr-9_Skepe_oltarz-glowny-z-figura-MB-Skepskiej-1024x1024.jpg 1024w, https:\/\/turysta2.pttk.pl\/wp-content\/uploads\/2024\/10\/Zdj.-nr-9_Skepe_oltarz-glowny-z-figura-MB-Skepskiej-150x150.jpg 150w, https:\/\/turysta2.pttk.pl\/wp-content\/uploads\/2024\/10\/Zdj.-nr-9_Skepe_oltarz-glowny-z-figura-MB-Skepskiej-768x768.jpg 768w, https:\/\/turysta2.pttk.pl\/wp-content\/uploads\/2024\/10\/Zdj.-nr-9_Skepe_oltarz-glowny-z-figura-MB-Skepskiej-1536x1536.jpg 1536w, https:\/\/turysta2.pttk.pl\/wp-content\/uploads\/2024\/10\/Zdj.-nr-9_Skepe_oltarz-glowny-z-figura-MB-Skepskiej-2048x2048.jpg 2048w\" sizes=\"auto, (max-width: 349px) 100vw, 349px\" \/><\/a><p id=\"caption-attachment-31543\" class=\"wp-caption-text\">O\u0142tarz g\u0142\u00f3wny z figur\u0105 Matki Bo\u017cej Sk\u0119pskiej w ko\u015bciele Ojc\u00f3w Bernardyn\u00f3w w Sk\u0119pem<br \/>fot. Krzysztof Czerepowicki<\/p><\/div>\n<div id=\"attachment_31545\" style=\"width: 360px\" class=\"wp-caption alignnone\"><a href=\"https:\/\/turysta2.pttk.pl\/wp-content\/uploads\/2024\/10\/Zdj.-nr-10_Skepe_Rynek-figurka-Koziolka-1.jpg\"><img loading=\"lazy\" decoding=\"async\" aria-describedby=\"caption-attachment-31545\" class=\" wp-image-31545\" src=\"https:\/\/turysta2.pttk.pl\/wp-content\/uploads\/2024\/10\/Zdj.-nr-10_Skepe_Rynek-figurka-Koziolka-1-300x225.jpg\" alt=\"\" width=\"350\" height=\"262\" srcset=\"https:\/\/turysta2.pttk.pl\/wp-content\/uploads\/2024\/10\/Zdj.-nr-10_Skepe_Rynek-figurka-Koziolka-1-300x225.jpg 300w, https:\/\/turysta2.pttk.pl\/wp-content\/uploads\/2024\/10\/Zdj.-nr-10_Skepe_Rynek-figurka-Koziolka-1-768x576.jpg 768w, https:\/\/turysta2.pttk.pl\/wp-content\/uploads\/2024\/10\/Zdj.-nr-10_Skepe_Rynek-figurka-Koziolka-1-200x150.jpg 200w, https:\/\/turysta2.pttk.pl\/wp-content\/uploads\/2024\/10\/Zdj.-nr-10_Skepe_Rynek-figurka-Koziolka-1.jpg 809w\" sizes=\"auto, (max-width: 350px) 100vw, 350px\" \/><\/a><p id=\"caption-attachment-31545\" class=\"wp-caption-text\">Uczestnicy XVIII Wojew\u00f3dzkiego Zlotu Aktywnych Krajoznawc\u00f3w na rynku w Sk\u0119pem<br \/>fot. Leszek Umi\u0144ski<\/p><\/div>\n<p><a href=\"https:\/\/turysta2.pttk.pl\/wp-content\/uploads\/2024\/10\/20241005_XVIII-WZAK-Skepe-Plakietka-25Lecia.jpg\"><img loading=\"lazy\" decoding=\"async\" class=\"alignnone size-medium wp-image-31555\" src=\"https:\/\/turysta2.pttk.pl\/wp-content\/uploads\/2024\/10\/20241005_XVIII-WZAK-Skepe-Plakietka-25Lecia-300x300.jpg\" alt=\"\" width=\"300\" height=\"300\" srcset=\"https:\/\/turysta2.pttk.pl\/wp-content\/uploads\/2024\/10\/20241005_XVIII-WZAK-Skepe-Plakietka-25Lecia-300x300.jpg 300w, https:\/\/turysta2.pttk.pl\/wp-content\/uploads\/2024\/10\/20241005_XVIII-WZAK-Skepe-Plakietka-25Lecia.jpg 1024w, https:\/\/turysta2.pttk.pl\/wp-content\/uploads\/2024\/10\/20241005_XVIII-WZAK-Skepe-Plakietka-25Lecia-150x150.jpg 150w, https:\/\/turysta2.pttk.pl\/wp-content\/uploads\/2024\/10\/20241005_XVIII-WZAK-Skepe-Plakietka-25Lecia-768x768.jpg 768w\" sizes=\"auto, (max-width: 300px) 100vw, 300px\" \/><\/a> <a href=\"https:\/\/turysta2.pttk.pl\/wp-content\/uploads\/2024\/10\/20241005_XVIII-WZAK-Skepe-Plakietka.jpg\"><img loading=\"lazy\" decoding=\"async\" class=\"alignnone size-medium wp-image-31557\" src=\"https:\/\/turysta2.pttk.pl\/wp-content\/uploads\/2024\/10\/20241005_XVIII-WZAK-Skepe-Plakietka-300x300.jpg\" alt=\"\" width=\"300\" height=\"300\" srcset=\"https:\/\/turysta2.pttk.pl\/wp-content\/uploads\/2024\/10\/20241005_XVIII-WZAK-Skepe-Plakietka-300x300.jpg 300w, https:\/\/turysta2.pttk.pl\/wp-content\/uploads\/2024\/10\/20241005_XVIII-WZAK-Skepe-Plakietka.jpg 1024w, https:\/\/turysta2.pttk.pl\/wp-content\/uploads\/2024\/10\/20241005_XVIII-WZAK-Skepe-Plakietka-150x150.jpg 150w, https:\/\/turysta2.pttk.pl\/wp-content\/uploads\/2024\/10\/20241005_XVIII-WZAK-Skepe-Plakietka-768x768.jpg 768w\" sizes=\"auto, (max-width: 300px) 100vw, 300px\" \/><\/a><\/p>\n","protected":false},"excerpt":{"rendered":"W pierwszy lub drugi weekend pa\u017adziernika, na mocy zasady wprowadzonej w 2006 roku, kujawsko-pomorscy instruktorzy krajoznawstwa spotykaj\u0105 si\u0119 na corocznym Wojew\u00f3dzkim Zlocie Aktywnych Krajoznawc\u00f3w (WZAK). Tegoroczna impreza wpisa\u0142a si\u0119 w obchody jubileuszu XXV-lecia Kujawsko-Pomorskiego Kolegium Instruktor\u00f3w Krajoznawstwa PTTK. Ju\u017c po raz trzeci w historii zlot\u00f3w w rol\u0119 organizatora i gospodarza wcieli\u0142 si\u0119 Oddzia\u0142 Miejski PTTK im. Mariana Sydowa z Torunia.&nbsp;<a href=\"https:\/\/turysta2.pttk.pl\/xviii-wojewodzki-zlot-aktywnych-krajoznawcow\/\" class=\"read-more\">Continue Reading<\/a>","protected":false},"author":13,"featured_media":31537,"comment_status":"closed","ping_status":"closed","sticky":false,"template":"","format":"standard","meta":{"footnotes":""},"categories":[68,41],"tags":[],"class_list":["post-31535","post","type-post","status-publish","format-standard","has-post-thumbnail","hentry","category-turystyka-piesza","category-turystyka-pttk","cat-68-id","cat-41-id"],"aioseo_notices":[],"aioseo_head":"\n\t\t<!-- All in One SEO 5.0.1.1 - aioseo.com -->\n\t<meta name=\"robots\" content=\"max-image-preview:large\" \/>\n\t<meta name=\"author\" content=\"Agnieszka Zawadzka\"\/>\n\t<link rel=\"canonical\" href=\"https:\/\/turysta2.pttk.pl\/xviii-wojewodzki-zlot-aktywnych-krajoznawcow\/\" \/>\n\t<meta name=\"generator\" content=\"All in One SEO (AIOSEO) 5.0.1.1\" \/>\n\t\t<meta property=\"og:locale\" content=\"pl_PL\" \/>\n\t\t<meta property=\"og:site_name\" content=\"Kwartalnik TURYSTA - PTTK |\" \/>\n\t\t<meta property=\"og:type\" content=\"article\" \/>\n\t\t<meta property=\"og:title\" content=\"XVIII Wojew\u00f3dzki Zlot Aktywnych Krajoznawc\u00f3w | Kwartalnik TURYSTA - PTTK\" \/>\n\t\t<meta property=\"og:url\" content=\"https:\/\/turysta2.pttk.pl\/xviii-wojewodzki-zlot-aktywnych-krajoznawcow\/\" \/>\n\t\t<meta property=\"article:published_time\" content=\"2024-10-31T09:26:50+00:00\" \/>\n\t\t<meta property=\"article:modified_time\" content=\"2024-11-20T08:50:34+00:00\" \/>\n\t\t<meta name=\"twitter:card\" content=\"summary\" \/>\n\t\t<meta name=\"twitter:title\" content=\"XVIII Wojew\u00f3dzki Zlot Aktywnych Krajoznawc\u00f3w | Kwartalnik TURYSTA - PTTK\" \/>\n\t\t<script type=\"application\/ld+json\" class=\"aioseo-schema\">\n\t\t\t{\"@context\":\"https:\\\/\\\/schema.org\",\"@graph\":[{\"@type\":\"Article\",\"@id\":\"https:\\\/\\\/turysta2.pttk.pl\\\/xviii-wojewodzki-zlot-aktywnych-krajoznawcow\\\/#article\",\"name\":\"XVIII Wojew\\u00f3dzki Zlot Aktywnych Krajoznawc\\u00f3w | Kwartalnik TURYSTA - PTTK\",\"headline\":\"XVIII Wojew\\u00f3dzki Zlot Aktywnych Krajoznawc\\u00f3w\",\"author\":{\"@id\":\"https:\\\/\\\/turysta2.pttk.pl\\\/author\\\/azawadzka\\\/#author\"},\"publisher\":{\"@id\":\"https:\\\/\\\/turysta2.pttk.pl\\\/#organization\"},\"image\":{\"@type\":\"ImageObject\",\"url\":\"https:\\\/\\\/turysta2.pttk.pl\\\/wp-content\\\/uploads\\\/2024\\\/10\\\/Zdj.-nr-10_Skepe_Rynek-figurka-Koziolka.jpg\",\"width\":809,\"height\":607},\"datePublished\":\"2024-10-31T11:26:50+02:00\",\"dateModified\":\"2024-11-20T10:50:34+02:00\",\"inLanguage\":\"pl-PL\",\"mainEntityOfPage\":{\"@id\":\"https:\\\/\\\/turysta2.pttk.pl\\\/xviii-wojewodzki-zlot-aktywnych-krajoznawcow\\\/#webpage\"},\"isPartOf\":{\"@id\":\"https:\\\/\\\/turysta2.pttk.pl\\\/xviii-wojewodzki-zlot-aktywnych-krajoznawcow\\\/#webpage\"},\"articleSection\":\"Turystyka piesza, Turystyka w PTTK\"},{\"@type\":\"BreadcrumbList\",\"@id\":\"https:\\\/\\\/turysta2.pttk.pl\\\/xviii-wojewodzki-zlot-aktywnych-krajoznawcow\\\/#breadcrumblist\",\"itemListElement\":[{\"@type\":\"ListItem\",\"@id\":\"https:\\\/\\\/turysta2.pttk.pl#listItem\",\"position\":1,\"name\":\"Home\",\"item\":\"https:\\\/\\\/turysta2.pttk.pl\",\"nextItem\":{\"@type\":\"ListItem\",\"@id\":\"https:\\\/\\\/turysta2.pttk.pl\\\/kategoria\\\/turystyka-pttk\\\/#listItem\",\"name\":\"Turystyka w PTTK\"}},{\"@type\":\"ListItem\",\"@id\":\"https:\\\/\\\/turysta2.pttk.pl\\\/kategoria\\\/turystyka-pttk\\\/#listItem\",\"position\":2,\"name\":\"Turystyka w PTTK\",\"item\":\"https:\\\/\\\/turysta2.pttk.pl\\\/kategoria\\\/turystyka-pttk\\\/\",\"nextItem\":{\"@type\":\"ListItem\",\"@id\":\"https:\\\/\\\/turysta2.pttk.pl\\\/kategoria\\\/turystyka-pttk\\\/turystyka-piesza\\\/#listItem\",\"name\":\"Turystyka piesza\"},\"previousItem\":{\"@type\":\"ListItem\",\"@id\":\"https:\\\/\\\/turysta2.pttk.pl#listItem\",\"name\":\"Home\"}},{\"@type\":\"ListItem\",\"@id\":\"https:\\\/\\\/turysta2.pttk.pl\\\/kategoria\\\/turystyka-pttk\\\/turystyka-piesza\\\/#listItem\",\"position\":3,\"name\":\"Turystyka piesza\",\"item\":\"https:\\\/\\\/turysta2.pttk.pl\\\/kategoria\\\/turystyka-pttk\\\/turystyka-piesza\\\/\",\"nextItem\":{\"@type\":\"ListItem\",\"@id\":\"https:\\\/\\\/turysta2.pttk.pl\\\/xviii-wojewodzki-zlot-aktywnych-krajoznawcow\\\/#listItem\",\"name\":\"XVIII Wojew\\u00f3dzki Zlot Aktywnych Krajoznawc\\u00f3w\"},\"previousItem\":{\"@type\":\"ListItem\",\"@id\":\"https:\\\/\\\/turysta2.pttk.pl\\\/kategoria\\\/turystyka-pttk\\\/#listItem\",\"name\":\"Turystyka w PTTK\"}},{\"@type\":\"ListItem\",\"@id\":\"https:\\\/\\\/turysta2.pttk.pl\\\/xviii-wojewodzki-zlot-aktywnych-krajoznawcow\\\/#listItem\",\"position\":4,\"name\":\"XVIII Wojew\\u00f3dzki Zlot Aktywnych Krajoznawc\\u00f3w\",\"previousItem\":{\"@type\":\"ListItem\",\"@id\":\"https:\\\/\\\/turysta2.pttk.pl\\\/kategoria\\\/turystyka-pttk\\\/turystyka-piesza\\\/#listItem\",\"name\":\"Turystyka piesza\"}}]},{\"@type\":\"Organization\",\"@id\":\"https:\\\/\\\/turysta2.pttk.pl\\\/#organization\",\"name\":\"Kwartalnik TURYSTA - PTTK\",\"url\":\"https:\\\/\\\/turysta2.pttk.pl\\\/\"},{\"@type\":\"Person\",\"@id\":\"https:\\\/\\\/turysta2.pttk.pl\\\/author\\\/azawadzka\\\/#author\",\"url\":\"https:\\\/\\\/turysta2.pttk.pl\\\/author\\\/azawadzka\\\/\",\"name\":\"Agnieszka Zawadzka\",\"image\":{\"@type\":\"ImageObject\",\"@id\":\"https:\\\/\\\/turysta2.pttk.pl\\\/xviii-wojewodzki-zlot-aktywnych-krajoznawcow\\\/#authorImage\",\"url\":\"https:\\\/\\\/secure.gravatar.com\\\/avatar\\\/90bafddfc4ea098cc3194c3829ef2280094f75060a887aa85882a693fba432f1?s=96&d=mm&r=g\",\"width\":96,\"height\":96,\"caption\":\"Agnieszka Zawadzka\"}},{\"@type\":\"WebPage\",\"@id\":\"https:\\\/\\\/turysta2.pttk.pl\\\/xviii-wojewodzki-zlot-aktywnych-krajoznawcow\\\/#webpage\",\"url\":\"https:\\\/\\\/turysta2.pttk.pl\\\/xviii-wojewodzki-zlot-aktywnych-krajoznawcow\\\/\",\"name\":\"XVIII Wojew\\u00f3dzki Zlot Aktywnych Krajoznawc\\u00f3w | Kwartalnik TURYSTA - PTTK\",\"inLanguage\":\"pl-PL\",\"isPartOf\":{\"@id\":\"https:\\\/\\\/turysta2.pttk.pl\\\/#website\"},\"breadcrumb\":{\"@id\":\"https:\\\/\\\/turysta2.pttk.pl\\\/xviii-wojewodzki-zlot-aktywnych-krajoznawcow\\\/#breadcrumblist\"},\"author\":{\"@id\":\"https:\\\/\\\/turysta2.pttk.pl\\\/author\\\/azawadzka\\\/#author\"},\"creator\":{\"@id\":\"https:\\\/\\\/turysta2.pttk.pl\\\/author\\\/azawadzka\\\/#author\"},\"image\":{\"@type\":\"ImageObject\",\"url\":\"https:\\\/\\\/turysta2.pttk.pl\\\/wp-content\\\/uploads\\\/2024\\\/10\\\/Zdj.-nr-10_Skepe_Rynek-figurka-Koziolka.jpg\",\"@id\":\"https:\\\/\\\/turysta2.pttk.pl\\\/xviii-wojewodzki-zlot-aktywnych-krajoznawcow\\\/#mainImage\",\"width\":809,\"height\":607},\"primaryImageOfPage\":{\"@id\":\"https:\\\/\\\/turysta2.pttk.pl\\\/xviii-wojewodzki-zlot-aktywnych-krajoznawcow\\\/#mainImage\"},\"datePublished\":\"2024-10-31T11:26:50+02:00\",\"dateModified\":\"2024-11-20T10:50:34+02:00\"},{\"@type\":\"WebSite\",\"@id\":\"https:\\\/\\\/turysta2.pttk.pl\\\/#website\",\"url\":\"https:\\\/\\\/turysta2.pttk.pl\\\/\",\"name\":\"Kwartalnik TURYSTA - PTTK\",\"inLanguage\":\"pl-PL\",\"publisher\":{\"@id\":\"https:\\\/\\\/turysta2.pttk.pl\\\/#organization\"}}]}\n\t\t<\/script>\n\t\t<!-- All in One SEO -->\n\n","aioseo_head_json":{"title":"XVIII Wojew\u00f3dzki Zlot Aktywnych Krajoznawc\u00f3w | Kwartalnik TURYSTA - PTTK","description":"","canonical_url":"https:\/\/turysta2.pttk.pl\/xviii-wojewodzki-zlot-aktywnych-krajoznawcow\/","robots":"max-image-preview:large","keywords":"","webmasterTools":{"miscellaneous":""},"schema":{"@context":"https:\/\/schema.org","@graph":[{"@type":"Article","@id":"https:\/\/turysta2.pttk.pl\/xviii-wojewodzki-zlot-aktywnych-krajoznawcow\/#article","name":"XVIII Wojew\u00f3dzki Zlot Aktywnych Krajoznawc\u00f3w | Kwartalnik TURYSTA - PTTK","headline":"XVIII Wojew\u00f3dzki Zlot Aktywnych Krajoznawc\u00f3w","author":{"@id":"https:\/\/turysta2.pttk.pl\/author\/azawadzka\/#author"},"publisher":{"@id":"https:\/\/turysta2.pttk.pl\/#organization"},"image":{"@type":"ImageObject","url":"https:\/\/turysta2.pttk.pl\/wp-content\/uploads\/2024\/10\/Zdj.-nr-10_Skepe_Rynek-figurka-Koziolka.jpg","width":809,"height":607},"datePublished":"2024-10-31T11:26:50+02:00","dateModified":"2024-11-20T10:50:34+02:00","inLanguage":"pl-PL","mainEntityOfPage":{"@id":"https:\/\/turysta2.pttk.pl\/xviii-wojewodzki-zlot-aktywnych-krajoznawcow\/#webpage"},"isPartOf":{"@id":"https:\/\/turysta2.pttk.pl\/xviii-wojewodzki-zlot-aktywnych-krajoznawcow\/#webpage"},"articleSection":"Turystyka piesza, Turystyka w PTTK"},{"@type":"BreadcrumbList","@id":"https:\/\/turysta2.pttk.pl\/xviii-wojewodzki-zlot-aktywnych-krajoznawcow\/#breadcrumblist","itemListElement":[{"@type":"ListItem","@id":"https:\/\/turysta2.pttk.pl#listItem","position":1,"name":"Home","item":"https:\/\/turysta2.pttk.pl","nextItem":{"@type":"ListItem","@id":"https:\/\/turysta2.pttk.pl\/kategoria\/turystyka-pttk\/#listItem","name":"Turystyka w PTTK"}},{"@type":"ListItem","@id":"https:\/\/turysta2.pttk.pl\/kategoria\/turystyka-pttk\/#listItem","position":2,"name":"Turystyka w PTTK","item":"https:\/\/turysta2.pttk.pl\/kategoria\/turystyka-pttk\/","nextItem":{"@type":"ListItem","@id":"https:\/\/turysta2.pttk.pl\/kategoria\/turystyka-pttk\/turystyka-piesza\/#listItem","name":"Turystyka piesza"},"previousItem":{"@type":"ListItem","@id":"https:\/\/turysta2.pttk.pl#listItem","name":"Home"}},{"@type":"ListItem","@id":"https:\/\/turysta2.pttk.pl\/kategoria\/turystyka-pttk\/turystyka-piesza\/#listItem","position":3,"name":"Turystyka piesza","item":"https:\/\/turysta2.pttk.pl\/kategoria\/turystyka-pttk\/turystyka-piesza\/","nextItem":{"@type":"ListItem","@id":"https:\/\/turysta2.pttk.pl\/xviii-wojewodzki-zlot-aktywnych-krajoznawcow\/#listItem","name":"XVIII Wojew\u00f3dzki Zlot Aktywnych Krajoznawc\u00f3w"},"previousItem":{"@type":"ListItem","@id":"https:\/\/turysta2.pttk.pl\/kategoria\/turystyka-pttk\/#listItem","name":"Turystyka w PTTK"}},{"@type":"ListItem","@id":"https:\/\/turysta2.pttk.pl\/xviii-wojewodzki-zlot-aktywnych-krajoznawcow\/#listItem","position":4,"name":"XVIII Wojew\u00f3dzki Zlot Aktywnych Krajoznawc\u00f3w","previousItem":{"@type":"ListItem","@id":"https:\/\/turysta2.pttk.pl\/kategoria\/turystyka-pttk\/turystyka-piesza\/#listItem","name":"Turystyka piesza"}}]},{"@type":"Organization","@id":"https:\/\/turysta2.pttk.pl\/#organization","name":"Kwartalnik TURYSTA - PTTK","url":"https:\/\/turysta2.pttk.pl\/"},{"@type":"Person","@id":"https:\/\/turysta2.pttk.pl\/author\/azawadzka\/#author","url":"https:\/\/turysta2.pttk.pl\/author\/azawadzka\/","name":"Agnieszka Zawadzka","image":{"@type":"ImageObject","@id":"https:\/\/turysta2.pttk.pl\/xviii-wojewodzki-zlot-aktywnych-krajoznawcow\/#authorImage","url":"https:\/\/secure.gravatar.com\/avatar\/90bafddfc4ea098cc3194c3829ef2280094f75060a887aa85882a693fba432f1?s=96&d=mm&r=g","width":96,"height":96,"caption":"Agnieszka Zawadzka"}},{"@type":"WebPage","@id":"https:\/\/turysta2.pttk.pl\/xviii-wojewodzki-zlot-aktywnych-krajoznawcow\/#webpage","url":"https:\/\/turysta2.pttk.pl\/xviii-wojewodzki-zlot-aktywnych-krajoznawcow\/","name":"XVIII Wojew\u00f3dzki Zlot Aktywnych Krajoznawc\u00f3w | Kwartalnik TURYSTA - PTTK","inLanguage":"pl-PL","isPartOf":{"@id":"https:\/\/turysta2.pttk.pl\/#website"},"breadcrumb":{"@id":"https:\/\/turysta2.pttk.pl\/xviii-wojewodzki-zlot-aktywnych-krajoznawcow\/#breadcrumblist"},"author":{"@id":"https:\/\/turysta2.pttk.pl\/author\/azawadzka\/#author"},"creator":{"@id":"https:\/\/turysta2.pttk.pl\/author\/azawadzka\/#author"},"image":{"@type":"ImageObject","url":"https:\/\/turysta2.pttk.pl\/wp-content\/uploads\/2024\/10\/Zdj.-nr-10_Skepe_Rynek-figurka-Koziolka.jpg","@id":"https:\/\/turysta2.pttk.pl\/xviii-wojewodzki-zlot-aktywnych-krajoznawcow\/#mainImage","width":809,"height":607},"primaryImageOfPage":{"@id":"https:\/\/turysta2.pttk.pl\/xviii-wojewodzki-zlot-aktywnych-krajoznawcow\/#mainImage"},"datePublished":"2024-10-31T11:26:50+02:00","dateModified":"2024-11-20T10:50:34+02:00"},{"@type":"WebSite","@id":"https:\/\/turysta2.pttk.pl\/#website","url":"https:\/\/turysta2.pttk.pl\/","name":"Kwartalnik TURYSTA - PTTK","inLanguage":"pl-PL","publisher":{"@id":"https:\/\/turysta2.pttk.pl\/#organization"}}]},"og:locale":"pl_PL","og:site_name":"Kwartalnik TURYSTA - PTTK |","og:type":"article","og:title":"XVIII Wojew\u00f3dzki Zlot Aktywnych Krajoznawc\u00f3w | Kwartalnik TURYSTA - PTTK","og:url":"https:\/\/turysta2.pttk.pl\/xviii-wojewodzki-zlot-aktywnych-krajoznawcow\/","article:published_time":"2024-10-31T09:26:50+00:00","article:modified_time":"2024-11-20T08:50:34+00:00","twitter:card":"summary","twitter:title":"XVIII Wojew\u00f3dzki Zlot Aktywnych Krajoznawc\u00f3w | Kwartalnik TURYSTA - PTTK"},"aioseo_meta_data":{"post_id":"31535","title":null,"description":null,"keywords":[],"keyphrases":{"focus":{"keyphrase":"","score":0,"analysis":{"keyphraseInTitle":{"score":0,"maxScore":9,"error":1}}},"additional":[]},"primary_term":null,"canonical_url":null,"og_title":null,"og_description":null,"og_object_type":"default","og_image_type":"default","og_image_url":null,"og_image_width":null,"og_image_height":null,"og_image_custom_url":null,"og_image_custom_fields":null,"og_video":"","og_custom_url":null,"og_article_section":null,"og_article_tags":[],"twitter_use_og":false,"twitter_card":"default","twitter_image_type":"default","twitter_image_url":null,"twitter_image_custom_url":null,"twitter_image_custom_fields":null,"twitter_title":null,"twitter_description":null,"schema":{"blockGraphs":[],"customGraphs":[],"default":{"data":{"Article":[],"Course":[],"Dataset":[],"FAQPage":[],"Movie":[],"Person":[],"Product":[],"ProductReview":[],"Car":[],"Recipe":[],"Service":[],"SoftwareApplication":[],"WebPage":[]},"graphName":"Article","isEnabled":true},"graphs":[]},"schema_type":"default","schema_type_options":null,"pillar_content":false,"robots_default":true,"robots_noindex":false,"robots_noarchive":false,"robots_nosnippet":false,"robots_nofollow":false,"robots_noimageindex":false,"robots_noodp":false,"robots_notranslate":false,"robots_max_snippet":"-1","robots_max_videopreview":"-1","robots_max_imagepreview":"large","priority":null,"frequency":"default","local_seo":null,"breadcrumb_settings":null,"limit_modified_date":false,"ai":null,"created":"2024-10-31 09:09:40","updated":"2024-11-20 09:01:13","focus_keyword":null,"additional_keywords":null,"truseo_locale":null,"seo_analyzer_scan_date":null},"aioseo_breadcrumb":"<div class=\"aioseo-breadcrumbs\"><span class=\"aioseo-breadcrumb\">\n\t\t\t<a href=\"https:\/\/turysta2.pttk.pl\" title=\"Home\">Home<\/a>\n\t\t<\/span><span class=\"aioseo-breadcrumb-separator\">&raquo;<\/span><span class=\"aioseo-breadcrumb\">\n\t\t\t<a href=\"https:\/\/turysta2.pttk.pl\/kategoria\/turystyka-pttk\/\" title=\"Turystyka w PTTK\">Turystyka w PTTK<\/a>\n\t\t<\/span><span class=\"aioseo-breadcrumb-separator\">&raquo;<\/span><span class=\"aioseo-breadcrumb\">\n\t\t\t<a href=\"https:\/\/turysta2.pttk.pl\/kategoria\/turystyka-pttk\/turystyka-piesza\/\" title=\"Turystyka piesza\">Turystyka piesza<\/a>\n\t\t<\/span><span class=\"aioseo-breadcrumb-separator\">&raquo;<\/span><span class=\"aioseo-breadcrumb\">\n\t\t\tXVIII Wojew\u00f3dzki Zlot Aktywnych Krajoznawc\u00f3w\n\t\t<\/span><\/div>","aioseo_breadcrumb_json":[{"label":"Home","link":"https:\/\/turysta2.pttk.pl"},{"label":"Turystyka w PTTK","link":"https:\/\/turysta2.pttk.pl\/kategoria\/turystyka-pttk\/"},{"label":"Turystyka piesza","link":"https:\/\/turysta2.pttk.pl\/kategoria\/turystyka-pttk\/turystyka-piesza\/"},{"label":"XVIII Wojew\u00f3dzki Zlot Aktywnych Krajoznawc\u00f3w","link":"https:\/\/turysta2.pttk.pl\/xviii-wojewodzki-zlot-aktywnych-krajoznawcow\/"}],"_links":{"self":[{"href":"https:\/\/turysta2.pttk.pl\/wp-json\/wp\/v2\/posts\/31535","targetHints":{"allow":["GET"]}}],"collection":[{"href":"https:\/\/turysta2.pttk.pl\/wp-json\/wp\/v2\/posts"}],"about":[{"href":"https:\/\/turysta2.pttk.pl\/wp-json\/wp\/v2\/types\/post"}],"author":[{"embeddable":true,"href":"https:\/\/turysta2.pttk.pl\/wp-json\/wp\/v2\/users\/13"}],"replies":[{"embeddable":true,"href":"https:\/\/turysta2.pttk.pl\/wp-json\/wp\/v2\/comments?post=31535"}],"version-history":[{"count":3,"href":"https:\/\/turysta2.pttk.pl\/wp-json\/wp\/v2\/posts\/31535\/revisions"}],"predecessor-version":[{"id":31615,"href":"https:\/\/turysta2.pttk.pl\/wp-json\/wp\/v2\/posts\/31535\/revisions\/31615"}],"wp:featuredmedia":[{"embeddable":true,"href":"https:\/\/turysta2.pttk.pl\/wp-json\/wp\/v2\/media\/31537"}],"wp:attachment":[{"href":"https:\/\/turysta2.pttk.pl\/wp-json\/wp\/v2\/media?parent=31535"}],"wp:term":[{"taxonomy":"category","embeddable":true,"href":"https:\/\/turysta2.pttk.pl\/wp-json\/wp\/v2\/categories?post=31535"},{"taxonomy":"post_tag","embeddable":true,"href":"https:\/\/turysta2.pttk.pl\/wp-json\/wp\/v2\/tags?post=31535"}],"curies":[{"name":"wp","href":"https:\/\/api.w.org\/{rel}","templated":true}]}}