{"id":31509,"date":"2024-10-24T13:06:35","date_gmt":"2024-10-24T11:06:35","guid":{"rendered":"https:\/\/turysta2.pttk.pl\/?p=31509"},"modified":"2024-10-24T13:07:00","modified_gmt":"2024-10-24T11:07:00","slug":"wiem-jak-spelniac-marzenia","status":"publish","type":"post","link":"https:\/\/turysta2.pttk.pl\/?p=31509","title":{"rendered":"Wiem, jak spe\u0142nia\u0107 marzenia"},"content":{"rendered":"<p><strong>Z podr\u00f3\u017cniczk\u0105 i zdobywczyni\u0105 Korony Ziemi Mi\u0142k\u0105 Raulin rozmawia Robert Mazurek.<\/strong><\/p>\n<p><strong><em>Mi\u0142o\u015bniczka wspinaczki wysokog\u00f3rskiej i szybownictwa. Najm\u0142odsza Polka, z Koron\u0105 Ziemi i trawersem Grenlandii. Pomys\u0142odawczyni i organizatorka Rajdu Rowerowego Po\u0142udnie\u2013P\u00f3\u0142noc oraz Festiwalu Si\u0142y Marze\u0144. Jednym s\u0142owem, jeste\u015b \u201eulepiona z pasji\u201d...<br \/>\n<\/em><\/strong>To prawda, czuj\u0119 si\u0119 ulepiona z wielu pasji: rowerowej, g\u00f3rskiej, a teraz rodzi si\u0119 we mnie zami\u0142owanie do polarnych klimat\u00f3w. Wierz\u0119, \u017ce ka\u017cdy z nas ma jakie\u015b marzenia, trzeba je tylko w sobie rozbudzi\u0107. A gdy wiemy ju\u017c, co nam w sercu bije, nale\u017cy u\u0142o\u017cy\u0107 plan dzia\u0142ania. W\u00f3wczas marzenie staje si\u0119 projektem i mo\u017cemy wspi\u0105\u0107 si\u0119 naprawd\u0119 wysoko. \u201eUlepieni z pasji\u201d \u2013 tak r\u00f3wnie\u017c nazywa si\u0119 m\u00f3j autorski cykl, kt\u00f3ry towarzyszy festiwalowi, i w 2022 roku zosta\u0142 nominowany do Telekamer 2022 w kategorii \u201eProdukcja roku\u201d.<\/p>\n<p><strong><em>Zacznijmy od pocz\u0105tku. Po kim odziedziczy\u0142a\u015b zami\u0142owanie do przyg\u00f3d?<br \/>\n<\/em><\/strong>Po tacie, kt\u00f3ry by\u0142 do\u015b\u0107 szalonym cz\u0142owiekiem i wymy\u015bla\u0142 r\u00f3\u017cne zwariowane rzeczy. To, na co tata nam pozwala\u0142, kiedy by\u0142y\u015bmy ma\u0142e, dzi\u015b by przesz\u0142o, bo \u017caden rodzic nie wpu\u015bci\u0142by dzieci na zamarzni\u0119te jezioro, \u017ceby poszala\u0142y na \u0142y\u017cwach. Tymczasem nasz tata potrafi\u0142 rzuci\u0107 na l\u00f3d czapki, wyznaczaj\u0105c miejsce, do kt\u00f3rego mog\u0142y\u015bmy je\u017adzi\u0107 na \u0142y\u017cwach. Wcze\u015bniej skaka\u0142 po jeziorze z ca\u0142ych si\u0142 i sprawdza\u0142 grubo\u015b\u0107 lodu. No wi\u0119c je\u017adzi\u0142y\u015bmy tak d\u0142ugo, a\u017c mia\u0142y\u015bmy poobijane i pozdzierane kolana. Poza tym zim\u0105 organizowa\u0142 nam kuligi, po kt\u00f3rych by\u0142o ognisko, a jeszcze wcze\u015bniej maszerowa\u0142y\u015bmy po lesie w poszukiwaniu chrustu. A latem wpada\u0142 na pomys\u0142 nocnych wypad\u00f3w nad jezioro. Spokojna tafla wody i gwie\u017adziste niebo. Nigdy tego nie zapomn\u0119... Nigdy si\u0119 z nim nie nudzi\u0142y\u015bmy.<\/p>\n<p><strong><em>A po mamie?<br \/>\n<\/em><\/strong>Konsekwencj\u0119, up\u00f3r, d\u0105\u017cenie do celu.<\/p>\n<p><strong><em>Co jest potrzebne, aby zdoby\u0107 Koron\u0119 Ziemi, maj\u0105c w plecaku brak czasu (26 dni urlopu) i got\u00f3wki?<br \/>\n<\/em><\/strong>Konsekwencja. Nawet jak wyrzuc\u0105 ci\u0119 drzwiami, to zagl\u0105dasz przez okno. No i wspomniany plan dzia\u0142ania, to naprawd\u0119 podstawa.<\/p>\n<p><strong><em>A kiedy pojawi\u0142a si\u0119 pierwsza my\u015bl o tym, \u017ce chcia\u0142aby\u015b zdoby\u0107 najwy\u017csze szczyty wszystkich kontynent\u00f3w?<br \/>\n<\/em><\/strong>Pomys\u0142 zdobycia Korony Ziemi zrodzi\u0142 si\u0119 w 2011 roku, kiedy siedzia\u0142am w samolocie powrotnym do Polski po zdobyciu Kilimand\u017caro. Chodzi\u0142am ju\u017c wcze\u015bniej po g\u00f3rach wysokich. W Himalajach uda\u0142o mi si\u0119 zdoby\u0107 dwa sze\u015bciotysi\u0119czniki, w Andach wulkan Mismi o wysoko\u015bci ponad 5585 m n.p.m., a w Europie Mont Blanc. Mia\u0142am wi\u0119c za sob\u0105 ma\u0142e dokonania i pomy\u015bla\u0142am, \u017ce skoro chodz\u0119 po tych g\u00f3rach, to mo\u017ce warto zrobi\u0107 jaki\u015b wi\u0119kszy projekt? Naiwnie s\u0105dzi\u0142am, \u017ce b\u0119dzie to bu\u0142ka z mas\u0142em. Tak, oczywi\u015bcie, nie by\u0142o, bo przedsi\u0119wzi\u0119cie \u201eKorona Ziemi\u201d kosztowa\u0142o p\u00f3\u0142 miliona z\u0142otych i musia\u0142am jako\u015b te \u015brodki zdoby\u0107. Ca\u0142e szcz\u0119\u015bcie, \u017ce w\u00f3wczas nie wiedzia\u0142am, \u017ce potrzebne b\u0119d\u0105 a\u017c takie pieni\u0105dze, bo pewnie zrezygnowa\u0142abym z tego szalonego pomys\u0142u.<\/p>\n<p><strong><em>To w\u0142a\u015bnie wtedy wymy\u015bli\u0142a\u015b projekt pod nazw\u0105 \u201eSi\u0142a Marze\u0144\u201d?<br \/>\n<\/em><\/strong>To has\u0142o we mnie dojrzewa\u0142o. Wierzy\u0142am w nie, ale wierzy\u0142am i dzia\u0142a\u0142am, bo bez dzia\u0142ania nic si\u0119 nie wydarzy. Podesz\u0142am do zdobycia Korony Ziemi powa\u017cnie i z ogromnym zaanga\u017cowaniem. U\u0142o\u017cy\u0142am plan i krok po kroku go realizowa\u0142am.<\/p>\n<p><strong><em>Kt\u00f3ry ze zdobytych szczyt\u00f3w Korony Ziemi by\u0142 dla ciebie najwi\u0119kszym wyzwaniem? Czy dosz\u0142a\u015b do momentu, w kt\u00f3rym by\u0142a\u015b zmuszona do podj\u0119cia definitywnej decyzji o odwrocie?<br \/>\n<\/em><\/strong>Trudnych moment\u00f3w by\u0142o kilka, ale szcz\u0119\u015bliwie nigdy nie musia\u0142am zawraca\u0107. Trawers Grenlandii by\u0142 dla mnie ogromnym wysi\u0142kiem i gdybym by\u0142a milionerk\u0105 z 250 tys. z\u0142otych w kieszeni, potrzebnymi na ewakuacj\u0119 z l\u0105dolodu bez podania przyczyny medycznej, pewnie bym to zrobi\u0142a. Ale forsy nie mia\u0142am, wi\u0119c ewakuacja turystki wyko\u0144czonej ci\u0105gni\u0119ciem za sob\u0105 prawie 100 kg sa\u0144 nie wchodzi\u0142a w rachub\u0119. Zagryz\u0142am z\u0119by i sz\u0142am przed siebie. Z drugiej strony \u015bwiadomo\u015b\u0107 braku takiego rozwi\u0105zania sprawia, \u017ce cz\u0142owiek \u0142atwiej znosi trudno\u015bci, niewygody i mobilizuje si\u0119, by nie odpuszcza\u0107. Na Evere\u015bcie, Grenlandii czy Denali m\u00f3wi\u0142am sobie: \u201eMi\u0142ka, albo zrobisz to teraz, albo nigdy. Niemoc jest chwilowa\u201d. I tak trzeba do tego podchodzi\u0107.<\/p>\n<p><strong><em>W swoich ksi\u0105\u017ckach z cyklu \u201eSi\u0142a Marze\u0144\u201d piszesz, \u017ce mi\u0142o\u015b\u0107 do g\u00f3r jest jak romans z Bradem Pittem czy Tomem Cruisem, ale w odr\u00f3\u017cnieniu od tych przystojniak\u00f3w g\u00f3ry s\u0105 dost\u0119pne dla ka\u017cdego. Wiesz, jak spe\u0142nia\u0107 marzenia?<br \/>\n<\/em><\/strong>Tak, g\u00f3ry s\u0105 dost\u0119pne dla ka\u017cdego \u2013 zar\u00f3wno dla himalaist\u00f3w, jak i laik\u00f3w mojego pokroju. Z wykszta\u0142cenia jestem in\u017cynierem trakcji elektrycznych, c\u00f3rk\u0105 \u015bpiewaczki operowej i tr\u0119bacza. Nie mog\u0142am liczy\u0107 na rady taty himalaisty czy mamy, kt\u00f3ra wspina\u0142aby si\u0119 po g\u00f3rach. Pochodz\u0119 z zupe\u0142nie innego \u015bwiata, a w dodatku wykszta\u0142ci\u0142am si\u0119 na in\u017cynierk\u0119. Wszystko z innej beczki. Dlatego mog\u0119 \u015bmia\u0142o powiedzie\u0107, \u017ce wiem, jak spe\u0142nia\u0107 marzenia. To prosta sprawa, a schemat jest dost\u0119pny dla ka\u017cdego. Ka\u017cde marzenie trzeba potraktowa\u0107 jak projekt, kt\u00f3ry ma pocz\u0105tek i koniec. Wizualizowa\u0107 je i my\u015ble\u0107 pozytywnie. Uda mi si\u0119! Bo przecie\u017c je\u015bli czego\u015b bardzo chcemy, \u015bwiat przyniesie to, czego potrzebujemy, prawda?<\/p>\n<p><strong><em>A jak si\u0119 czujesz w roli autorki? Obawia\u0142a\u015b si\u0119, jak zostan\u0105 odebrane Twoje ksi\u0105\u017cki?<br \/>\n<\/em><\/strong>Pisz\u0119 tak, jak m\u00f3wi\u0119, z du\u017cym luzem. W swoich ksi\u0105\u017ckach nie unikam trudnych moment\u00f3w, by czytelnik wiedzia\u0142, z czym si\u0119 mierzy\u0142am i razem ze mn\u0105 prze\u017cywa\u0142 i do\u015bwiadcza\u0142. Bardzo istotne jest dla mnie, by przenie\u015b\u0107 odbiorc\u0119 w miejsce, w kt\u00f3rym by\u0142am. Mam to wyj\u0105tkowe szcz\u0119\u015bcie i zaszczyt zwiedza\u0107 \u015bwiat. By\u0107 w zak\u0105tkach nietkni\u0119tych przez cz\u0142owieka czy szalenie trudnych przestrzeniach. Niedzielenie si\u0119 tym z innymi by\u0142oby egoizmem. Staram si\u0119 zatem, by czytelnik podr\u00f3\u017cowa\u0142 ze mn\u0105, przeszed\u0142 Grenlandi\u0119, zdoby\u0142 Everest. Z perspektywy trzech publikacji \u2013 a przymierzam si\u0119 do czwartej \u2013 mog\u0119 powiedzie\u0107, \u017ce w pisaniu jest sporo\u2026 matematyki. Wszystko musi by\u0107 logiczne: przedstawiony i wklejony w rzeczywisto\u015b\u0107 bohater, o\u015b czasu i tak dalej.<\/p>\n<p><strong><em>Wychowujesz 18-letniego syna, Jeremiego. Czy spotyka\u0142a\u015b si\u0119 z zarzutami: \u201eCo z Ciebie za matka, skoro zostawiasz dziecko i idziesz w g\u00f3ry?\u201d<br \/>\n<\/em><\/strong>Oczywi\u015bcie, \u017ce si\u0119 spotka\u0142am, ale zawsze wtedy pytam, czy dzieci maj\u0105 tylko matk\u0119, czy ojciec jest mniej wa\u017cny? Filarem szcz\u0119\u015bliwego dzieci\u0144stwa jest tata i mama. Wiem, \u017ce nam, kobietom, przypisane s\u0105 role zwi\u0105zane z opiek\u0105 nad potomstwem i rzeczywi\u015bcie przez pierwsze lata jeste\u015bmy z czysto biologicznego punktu widzenia dla malucha najwa\u017cniejsze. Ale jednocze\u015bnie wci\u0105\u017c pozostajemy tymi samymi osobami, kobietami, pracownikami, marzycielkami. Jak\u0105 by\u0142abym mam\u0105 dla mojego syna, gdybym nie pokazywa\u0142a mu, \u017ce to, co robi\u0119, dodaje mi skrzyde\u0142? Tak\u0105 filozofi\u0119 wyznaj\u0119 i uwa\u017cam, \u017ce szcz\u0119\u015bliwy rodzic to taki, kt\u00f3ry si\u0119 realizuje. Naj\u0142atwiej robi si\u0119 to, gdy ma si\u0119 oparcie w drugiej osobie, ale s\u0105 te\u017c takie przydatne instytucje jak babcia i dziadek i szczerze je polecam.<\/p>\n<p><strong><em>Po\u015brednio syn by\u0142 z Tob\u0105 na wyprawach, chocia\u017cby na Evere\u015bcie, bo mia\u0142a\u015b ze sob\u0105 jego rysunki...<br \/>\n<\/em><\/strong>Wi\u0119cej, rok przed moj\u0105 wypraw\u0105 Jeremi by\u0142 ze mn\u0105 w Everest Base Camp\u2019ie. A w 2018 roku jego rysunki niczym talizmany zdoby\u0142y ze mn\u0105 szczyt. Wielokrotnie to, co narysowa\u0142, sprawdza\u0142o si\u0119. Kiedy w 2013 roku wybiera\u0142am si\u0119 na Aconcagu\u0119 do Ameryki Po\u0142udniowej, namalowa\u0142 mnie na g\u00f3rze, ale nie sta\u0142am na wierzcho\u0142ku. Zapyta\u0142am go, dlaczego nie jestem na szczycie i poprosi\u0142am, by dorysowa\u0142 jeszcze s\u0142o\u0144ce, bo bardzo chc\u0119 zdoby\u0107 Aconcagu\u0119. W rezultacie mia\u0142am dwa rysunki i by\u0142o dok\u0142adnie tak, jak przedstawi\u0142 to Jeremi. Za pierwszym razem nie dotar\u0142am do szczytu, poniewa\u017c przeszkodzi\u0142 mi w tym wiatr i po do\u015bwiadczeniach z Elbrusem odpu\u015bci\u0142am. Jednak dwa dni potem pojawi\u0142o si\u0119 pi\u0119kne s\u0142o\u0144ce i stwierdzi\u0142am, \u017ce to jest w\u0142a\u015bnie ten czas. Zdoby\u0142am najwy\u017cszy wierzcho\u0142ek obu Ameryk. Podobnie by\u0142o przed wypraw\u0105 na Grenlandi\u0119. Syn m\u0119czy\u0142 si\u0119, aby narysowa\u0107 lini\u0119 brzegow\u0105 najwi\u0119kszej wyspy \u015bwiata. Dopiero, gdy to zrobi\u0142, poczu\u0142am, \u017ce mog\u0119 wsi\u0105\u015b\u0107 do samolotu. Rysunki Jeremiego s\u0105 dla mnie troch\u0119 jak b\u0142ogos\u0142awie\u0144stwo od niego.<\/p>\n<p><strong><em>Po zdobyciu Korony Ziemi nie osiad\u0142a\u015b na laurach. Od 2018 roku organizujesz m.in. Rajd Rowerowy Po\u0142udnie\u2013P\u00f3\u0142noc. Jaki jest jego cel?<br \/>\n<\/em><\/strong>Wsp\u00f3lne \u015bwi\u0119towanie na sportowo rocznicy odzyskania przez Polsk\u0119 niepodleg\u0142o\u015bci. Uwa\u017cam, \u017ce ten dzie\u0144 powinni\u015bmy obchodzi\u0107 bez podzia\u0142\u00f3w, niepotrzebnych politycznych dyskusji, a sport zawsze \u0142\u0105czy, nigdy nie dzieli. Rajd to rowerowa lekcja historii, do kt\u00f3rej ka\u017cdy mo\u017ce si\u0119 przy\u0142\u0105czy\u0107, przeje\u017cd\u017caj\u0105c fragment kilkusetkilometrowej trasy. A nazwa wzi\u0119\u0142a si\u0119 st\u0105d, \u017ce kocham g\u00f3ry, kt\u00f3re le\u017c\u0105 na po\u0142udniu, natomiast p\u00f3\u0142noc \u2013 tam si\u0119 urodzi\u0142am, jestem przecie\u017c rodowit\u0105 Kaszubk\u0105, gdyniank\u0105.<\/p>\n<p><strong><em>Kolejn\u0105 twoj\u0105 akcj\u0105 jest Festiwal Si\u0142y Marze\u0144, kt\u00f3rego jeste\u015b organizatork\u0105 i pomys\u0142odawczyni\u0105. Jak wa\u017cne s\u0105 dla Ciebie marzenia?<br \/>\n<\/em><\/strong>Ten festiwal powsta\u0142 po to, by wzajemnie si\u0119 inspirowa\u0107 i uczy\u0107. Wierz\u0119 w to, \u017ce wiele rzeczy jeste\u015bmy w stanie sami zorganizowa\u0107. Czasami wystarcz\u0105 tylko wskaz\u00f3wki kogo\u015b, kto przed nami przeszed\u0142 t\u0119 drog\u0119. Tak by\u0142o ze mn\u0105. Podczas wypraw korzysta\u0142am z do\u015bwiadcze\u0144 innych. Dlatego stwierdzi\u0142am, \u017ce dobrze by\u0142oby zgromadzi\u0107 w jednym miejscu podr\u00f3\u017cnik\u00f3w i dzieli\u0107 si\u0119 ich wiedz\u0105 i do\u015bwiadczeniem. Tak powsta\u0142 Festiwal Si\u0142y Marze\u0144. A w 2025 roku odb\u0119dzie si\u0119 jego VII edycja. Wszystko dzieje si\u0119 dzi\u0119ki prawdziwemu spo\u0142ecznikowi i cz\u0142owiekowi kultury \u2013 burmistrzowi Ursynowa, Klaudiuszowi Ostrowskiemu, kt\u00f3ry od pierwszej edycji uwierzy\u0142 w m\u00f3j szalony pomys\u0142 i da\u0142 przestrze\u0144 do dzia\u0142ania.<\/p>\n<p><strong><em>W 2022 roku przetrawersowa\u0142a\u015b Grenlandi\u0119. Mo\u017cesz co\u015b wi\u0119cej powiedzie\u0107 o tym projekcie?<br \/>\n<\/em><\/strong>Pomys\u0142 narodzi\u0142 si\u0119 pod domem kultury na warszawskim Ursynowie. Siedzia\u0142am na \u0142awce z koleg\u0105 Szwedem i g\u0142o\u015bno my\u015bla\u0142am: \u201eZrobi\u0142am ju\u017c t\u0119 Koron\u0119 Ziemi, wy\u017cej ni\u017c na Everest nie wejd\u0119, co by tu wymy\u015bli\u0107? Mo\u017ce biegun p\u00f3\u0142nocny\u201d? Kolega na to, \u017ce ch\u0119tnie we\u017amie udzia\u0142 w takiej wyprawie, wi\u0119c postanowili\u015bmy, i\u017c zaplanujemy j\u0105 razem. Pierwotnie pomys\u0142 by\u0142 taki, by pojecha\u0107 na biegun, tymczasem Grenlandia \u201eprzysz\u0142a do nas sama\u201d. M\u00f3j szwedzki przyjaciel zaproponowa\u0142 Grenlandi\u0119 jako przestrze\u0144 pr\u00f3bn\u0105 do zmierzenia si\u0119 z wypraw\u0105 na biegun. Ciesz\u0119 si\u0119, \u017ce tak wysz\u0142o. Najwi\u0119ksza wyspa \u015bwiata to fenomenalny poligon badawczy, przestrze\u0144 pokory, a dla mnie nauka tego, z czym wi\u0105\u017c\u0105 si\u0119 wyprawy polarne, a jest to zupe\u0142nie inna filozofia ni\u017c w przypadku wypraw g\u00f3rskich.<\/p>\n<p><strong><em>Co si\u0119 okaza\u0142o najwi\u0119kszym problemem podczas pokonywania bezkresnej Grenlandii?<br \/>\n<\/em><\/strong>Zdecydowanie moje sanie. By\u0142y najwi\u0119kszym przekle\u0144stwem, wrogiem, bo wa\u017cy\u0142y 94 kg, czyli prawie dwukrotno\u015b\u0107 mojej masy cia\u0142a. Przez pierwsze dni zmaganie si\u0119 z blisko 100-kilogramowym obci\u0105\u017ceniem by\u0142o straszne. Wszystko mnie bola\u0142o, do tego dosz\u0142a rwa udowa i stany zapalne. Jednocze\u015bnie te masywne sanie by\u0142y najwi\u0119kszym przyjacielem pod wzgl\u0119dem zaopatrzenia. Mia\u0142am tam zapas jedzenia, paliwo, ciep\u0142e ubrania, czyli to, co niezb\u0119dne do przetrwania.<\/p>\n<p><strong><em>Zdoby\u0142a\u015b te\u017c w tydzie\u0144, zim\u0105 2023 roku, Koron\u0119 G\u00f3r Polski...<br \/>\n<\/em><\/strong>Do tego projektu zaprosi\u0142a mnie Ania Wilczek, kt\u00f3ra jest przyjaci\u00f3\u0142k\u0105 Ani Gaj. Obie dziewczyny kochaj\u0105 g\u00f3ry i kiedy\u015b razem si\u0119 wspina\u0142y, ale od wypadku na paralotni Ania Gaj porusza si\u0119 na w\u00f3zku inwalidzkim. T\u0105 akcj\u0105 chcia\u0142y\u015bmy zebra\u0107 \u015brodki na jej rehabilitacj\u0119. Bicie rekordu by\u0142o drugorz\u0119dne. Najwa\u017cniejsza by\u0142a zbi\u00f3rka dla Ani Gaj, kt\u00f3ra dzi\u015b jest osob\u0105 niepe\u0142nosprawn\u0105, cho\u0107 nie tak dawno sama biega\u0142a po g\u00f3rach. Po wypadku ma niedow\u0142ad ko\u0144czyn dolnych i cz\u0119\u015bciowy g\u00f3rnych, ale z ogromnym uporem pracuje nad tym, by odzyska\u0107 sprawno\u015b\u0107 i sta\u0107 si\u0119 samodzieln\u0105. Wspiera j\u0105 w tym Ania Wilczek. Gdy us\u0142ysza\u0142am t\u0119 histori\u0119, pomy\u015bla\u0142am: robi\u0119 szalone, ryzykowne rzeczy i to mo\u017ce przytrafi\u0107 si\u0119 ka\u017cdemu, tak\u017ce mnie. Zainspirowana wspania\u0142\u0105 dziewczy\u0144sk\u0105 przyja\u017ani\u0105 oraz z podziwu do determinacji Ani Gaj postanowi\u0142am wzi\u0105\u0107 udzia\u0142 w akcji, kt\u00f3rej celem by\u0142o uzbieranie \u015brodk\u00f3w na jej rehabilitacj\u0119. Wiedzia\u0142y\u015bmy, \u017ce w tym projekcie logistyka i dobra organizacja transportowa to podstawa. I faktycznie, zdoby\u0142y\u015bmy t\u0119 Koron\u0119 G\u00f3r Polskich, czyli 28 szczyt\u00f3w, w siedem dni, zim\u0105, mierz\u0105c si\u0119 czasami z kapry\u015bn\u0105 pogod\u0105, ale g\u0142\u00f3wnie z chronicznym zm\u0119czeniem, poniewa\u017c \u2013 poza momentem przemieszczania si\u0119 pomi\u0119dzy miastami \u2013 nie bardzo mia\u0142y\u015bmy kiedy spa\u0107. Mo\u017ce czasami nie by\u0142y to wymagaj\u0105ce szczyty, bo niekt\u00f3re z nich to pag\u00f3rki, g\u00f3rki, ale zrobienie Korony G\u00f3r Polski w tydzie\u0144 wymaga\u0142o wysi\u0142ku: 220 km w nogach, 2200 km w samochodzie, 28 szczyt\u00f3w rozsianych po ca\u0142ym po\u0142udniu Polski... Co tu du\u017co m\u00f3wi\u0107, by\u0142o grubo.<\/p>\n<p><strong><em>To, czego dokona\u0142a\u015b, jest niesamowite. Niepodwa\u017calne jest to, \u017ce spe\u0142niasz swoje marzenia. Jakie rachunki wystawi\u0142a Ci \u201eSi\u0142a Marze\u0144\u201d?<br \/>\n<\/em><\/strong>Jest ich wiele. Przede wszystkim powracaj\u0105ca anemia z wyczerpania. Miesi\u0105cami przed wyprawami spa\u0142am zdecydowanie za kr\u00f3tko i organizm w ko\u0144cu powiedzia\u0142: \u201eDo\u015b\u0107!\u201d. Do tego chroniczne zm\u0119czenie i nieobecno\u015b\u0107 przy \u015bwi\u0105tecznym stole, bo bywaj\u0105 takie g\u00f3ry, na kt\u00f3re najlepiej wybra\u0107 si\u0119 w grudniu. To, co wida\u0107 na zdj\u0119ciach czy slajdach podczas prelekcji, owszem, \u0142adnie wygl\u0105da, ale stoi za tym ogrom pracy i wysi\u0142ku.<\/p>\n<p><em>Tekst<\/em> <strong>Robert Mazurek<\/strong><strong><em><br \/>\n<\/em><\/strong>Wiceprezes Oddzia\u0142u PTTK w Radzyniu Podlaskim, organizator odbywaj\u0105cych si\u0119 od 2012 roku Radzy\u0144skich Spotka\u0144 z Podr\u00f3\u017cnikami oraz pomys\u0142odawca utworzenia Skweru Podr\u00f3\u017cnik\u00f3w w Radzyniu Podlaskim.<\/p>\n<p><em>Zdj\u0119cia <\/em><strong>Archiwum prywatne Mi\u0142ki Raulin<\/strong><\/p>\n<p><strong>Mi\u0142ka Raulin <\/strong>urodzi\u0142a si\u0119 w 1983 roku, w Gdyni. Z wykszta\u0142cenia jest in\u017cynierem trakcji elektrycznych oraz entuzjastk\u0105 nowoczesnych technologii w transporcie. Najm\u0142odsza Polka, kt\u00f3ra zdoby\u0142a Koron\u0119 Ziemi w wersji dziewi\u0119cioszczytowej. Na swoim koncie ma r\u00f3wnie\u017c Koron\u0119 G\u00f3r Polski, kt\u00f3r\u0105 w niespe\u0142na tydzie\u0144 zdoby\u0142a zim\u0105 2023 roku w ramach akcji charytatywnej <em>Dziewczyny dla Dziewczyny<\/em>. Zdoby\u0142a wiele nagr\u00f3d jest m.in. finalistk\u0105 konkursu Cosmopolitan <em>Mocne Strony Kobiet<\/em> (2018), laureatk\u0105 Herbapolu w konkursie <em>Esencja Natury<\/em> (2018), zaj\u0119\u0142a dziewi\u0105te miejsce na li\u015bcie przegl\u0105du RedBull <em>Polscy bohaterowie<\/em> (2018); spo\u015br\u00f3d 140 kandydat\u00f3w znalaz\u0142a si\u0119 w dziesi\u0105tce zwyci\u0119zc\u00f3w pierwszego plebiscytu Forbes <em>Leaders of the Future<\/em> (2021). Autorka ksi\u0105\u017cek <em>Si\u0142a Marze\u0144, czyli jak zdoby\u0142am Koron\u0119 Ziemi<\/em> (Nagroda Magellana za najlepsz\u0105 publikacj\u0119 turystyczn\u0105 2019, bestseller), <em>Si\u0142a Marze\u0144, czyli jak zdoby\u0142am Everest<\/em> (2020, bestseller) oraz <em>600 kilometr\u00f3w lodow\u0105 pustyni\u0105<\/em> (2023)<em>. <\/em><strong>Wi\u0119cej informacji o Mi\u0142ce Raulin i jej przedsi\u0119wzi\u0119ciach \u2013 na stronie www.milkaraulin.pl<\/strong><\/p>\n<p>&nbsp;<\/p>\n<div id=\"attachment_31519\" style=\"width: 418px\" class=\"wp-caption alignnone\"><a href=\"https:\/\/turysta2.pttk.pl\/wp-content\/uploads\/2024\/10\/IMG_20180514_080004-scaled.jpg\"><img loading=\"lazy\" decoding=\"async\" aria-describedby=\"caption-attachment-31519\" class=\" wp-image-31519\" src=\"https:\/\/turysta2.pttk.pl\/wp-content\/uploads\/2024\/10\/IMG_20180514_080004-300x225.jpg\" alt=\"\" width=\"408\" height=\"306\" srcset=\"https:\/\/turysta2.pttk.pl\/wp-content\/uploads\/2024\/10\/IMG_20180514_080004-300x225.jpg 300w, https:\/\/turysta2.pttk.pl\/wp-content\/uploads\/2024\/10\/IMG_20180514_080004-1024x768.jpg 1024w, https:\/\/turysta2.pttk.pl\/wp-content\/uploads\/2024\/10\/IMG_20180514_080004-768x576.jpg 768w, https:\/\/turysta2.pttk.pl\/wp-content\/uploads\/2024\/10\/IMG_20180514_080004-1536x1152.jpg 1536w, https:\/\/turysta2.pttk.pl\/wp-content\/uploads\/2024\/10\/IMG_20180514_080004-2048x1536.jpg 2048w, https:\/\/turysta2.pttk.pl\/wp-content\/uploads\/2024\/10\/IMG_20180514_080004-200x150.jpg 200w\" sizes=\"auto, (max-width: 408px) 100vw, 408px\" \/><\/a><p id=\"caption-attachment-31519\" class=\"wp-caption-text\">22 maja 2018 roku, jako najm\u0142odsza Polka (35 lat), zdoby\u0142a Mount Everest fot. archiwum prywatne<\/p><\/div>\n<div id=\"attachment_31521\" style=\"width: 299px\" class=\"wp-caption alignnone\"><a href=\"https:\/\/turysta2.pttk.pl\/wp-content\/uploads\/2024\/10\/IMG_5463-scaled.jpg\"><img loading=\"lazy\" decoding=\"async\" aria-describedby=\"caption-attachment-31521\" class=\" wp-image-31521\" src=\"https:\/\/turysta2.pttk.pl\/wp-content\/uploads\/2024\/10\/IMG_5463-225x300.jpg\" alt=\"\" width=\"289\" height=\"385\" srcset=\"https:\/\/turysta2.pttk.pl\/wp-content\/uploads\/2024\/10\/IMG_5463-225x300.jpg 225w, https:\/\/turysta2.pttk.pl\/wp-content\/uploads\/2024\/10\/IMG_5463-768x1024.jpg 768w, https:\/\/turysta2.pttk.pl\/wp-content\/uploads\/2024\/10\/IMG_5463-1152x1536.jpg 1152w, https:\/\/turysta2.pttk.pl\/wp-content\/uploads\/2024\/10\/IMG_5463-1536x2048.jpg 1536w, https:\/\/turysta2.pttk.pl\/wp-content\/uploads\/2024\/10\/IMG_5463-scaled.jpg 1920w\" sizes=\"auto, (max-width: 289px) 100vw, 289px\" \/><\/a><p id=\"caption-attachment-31521\" class=\"wp-caption-text\">W ci\u0105gu tygodnia zdoby\u0142a Koron\u0119 G\u00f3r Polski<br \/>fot. archiwum prywatne<\/p><\/div>\n<div id=\"attachment_31523\" style=\"width: 385px\" class=\"wp-caption alignnone\"><a href=\"https:\/\/turysta2.pttk.pl\/wp-content\/uploads\/2024\/10\/IMG_5859-scaled.jpg\"><img loading=\"lazy\" decoding=\"async\" aria-describedby=\"caption-attachment-31523\" class=\" wp-image-31523\" src=\"https:\/\/turysta2.pttk.pl\/wp-content\/uploads\/2024\/10\/IMG_5859-300x225.jpg\" alt=\"\" width=\"375\" height=\"281\" srcset=\"https:\/\/turysta2.pttk.pl\/wp-content\/uploads\/2024\/10\/IMG_5859-300x225.jpg 300w, https:\/\/turysta2.pttk.pl\/wp-content\/uploads\/2024\/10\/IMG_5859-1024x768.jpg 1024w, https:\/\/turysta2.pttk.pl\/wp-content\/uploads\/2024\/10\/IMG_5859-768x576.jpg 768w, https:\/\/turysta2.pttk.pl\/wp-content\/uploads\/2024\/10\/IMG_5859-1536x1152.jpg 1536w, https:\/\/turysta2.pttk.pl\/wp-content\/uploads\/2024\/10\/IMG_5859-2048x1536.jpg 2048w, https:\/\/turysta2.pttk.pl\/wp-content\/uploads\/2024\/10\/IMG_5859-200x150.jpg 200w\" sizes=\"auto, (max-width: 375px) 100vw, 375px\" \/><\/a><p id=\"caption-attachment-31523\" class=\"wp-caption-text\">Z Ani\u0105 Wilczek (po prawej) Mi\u0142ka Raulin zdoby\u0142a zim\u0105 Koron\u0119 G\u00f3r Polski<br \/>fot. archiwum prywatne<\/p><\/div>\n<div id=\"attachment_31525\" style=\"width: 369px\" class=\"wp-caption alignnone\"><a href=\"https:\/\/turysta2.pttk.pl\/wp-content\/uploads\/2024\/10\/20220602_212847673_iOS-scaled.jpg\"><img loading=\"lazy\" decoding=\"async\" aria-describedby=\"caption-attachment-31525\" class=\" wp-image-31525\" src=\"https:\/\/turysta2.pttk.pl\/wp-content\/uploads\/2024\/10\/20220602_212847673_iOS-300x225.jpg\" alt=\"\" width=\"359\" height=\"269\" srcset=\"https:\/\/turysta2.pttk.pl\/wp-content\/uploads\/2024\/10\/20220602_212847673_iOS-300x225.jpg 300w, https:\/\/turysta2.pttk.pl\/wp-content\/uploads\/2024\/10\/20220602_212847673_iOS-1024x768.jpg 1024w, https:\/\/turysta2.pttk.pl\/wp-content\/uploads\/2024\/10\/20220602_212847673_iOS-768x576.jpg 768w, https:\/\/turysta2.pttk.pl\/wp-content\/uploads\/2024\/10\/20220602_212847673_iOS-1536x1152.jpg 1536w, https:\/\/turysta2.pttk.pl\/wp-content\/uploads\/2024\/10\/20220602_212847673_iOS-2048x1536.jpg 2048w, https:\/\/turysta2.pttk.pl\/wp-content\/uploads\/2024\/10\/20220602_212847673_iOS-200x150.jpg 200w\" sizes=\"auto, (max-width: 359px) 100vw, 359px\" \/><\/a><p id=\"caption-attachment-31525\" class=\"wp-caption-text\">Mi\u0142ka Raulin realizuje marzenia, cz\u0119sto mierz\u0105c si\u0119 z ogromnym wysi\u0142kiem fizycznym, niewyspaniem, ch\u0142odem, deszczem, wiatrem i b\u00f3lem<br \/>fot. archiwum prywatne<\/p><\/div>\n<div id=\"attachment_31527\" style=\"width: 375px\" class=\"wp-caption alignnone\"><a href=\"https:\/\/turysta2.pttk.pl\/wp-content\/uploads\/2024\/10\/20220520_213224813_iOS-scaled.jpg\"><img loading=\"lazy\" decoding=\"async\" aria-describedby=\"caption-attachment-31527\" class=\" wp-image-31527\" src=\"https:\/\/turysta2.pttk.pl\/wp-content\/uploads\/2024\/10\/20220520_213224813_iOS-300x225.jpg\" alt=\"\" width=\"365\" height=\"274\" srcset=\"https:\/\/turysta2.pttk.pl\/wp-content\/uploads\/2024\/10\/20220520_213224813_iOS-300x225.jpg 300w, https:\/\/turysta2.pttk.pl\/wp-content\/uploads\/2024\/10\/20220520_213224813_iOS-1024x768.jpg 1024w, https:\/\/turysta2.pttk.pl\/wp-content\/uploads\/2024\/10\/20220520_213224813_iOS-768x576.jpg 768w, https:\/\/turysta2.pttk.pl\/wp-content\/uploads\/2024\/10\/20220520_213224813_iOS-1536x1152.jpg 1536w, https:\/\/turysta2.pttk.pl\/wp-content\/uploads\/2024\/10\/20220520_213224813_iOS-2048x1536.jpg 2048w, https:\/\/turysta2.pttk.pl\/wp-content\/uploads\/2024\/10\/20220520_213224813_iOS-200x150.jpg 200w\" sizes=\"auto, (max-width: 365px) 100vw, 365px\" \/><\/a><p id=\"caption-attachment-31527\" class=\"wp-caption-text\">Przetrawersowanie Grenlandii trwa\u0142o 28<br \/>fot. archiwum prywatne<\/p><\/div>\n","protected":false},"excerpt":{"rendered":"Z podr\u00f3\u017cniczk\u0105 i zdobywczyni\u0105 Korony Ziemi Mi\u0142k\u0105 Raulin rozmawia Robert Mazurek. Mi\u0142o\u015bniczka wspinaczki wysokog\u00f3rskiej i szybownictwa. Najm\u0142odsza Polka, z Koron\u0105 Ziemi i trawersem Grenlandii. Pomys\u0142odawczyni i organizatorka Rajdu Rowerowego Po\u0142udnie\u2013P\u00f3\u0142noc oraz Festiwalu Si\u0142y Marze\u0144. Jednym s\u0142owem, jeste\u015b \u201eulepiona z pasji\u201d... To prawda, czuj\u0119 si\u0119 ulepiona z wielu pasji: rowerowej, g\u00f3rskiej, a teraz rodzi si\u0119 we mnie zami\u0142owanie do polarnych klimat\u00f3w.&nbsp;<a href=\"https:\/\/turysta2.pttk.pl\/?p=31509\" class=\"read-more\">Continue Reading<\/a>","protected":false},"author":13,"featured_media":31513,"comment_status":"closed","ping_status":"closed","sticky":false,"template":"","format":"standard","meta":{"footnotes":""},"categories":[82],"tags":[],"class_list":["post-31509","post","type-post","status-publish","format-standard","has-post-thumbnail","hentry","category-ludzie-z-pasja","cat-82-id"],"aioseo_notices":[],"_links":{"self":[{"href":"https:\/\/turysta2.pttk.pl\/index.php?rest_route=\/wp\/v2\/posts\/31509","targetHints":{"allow":["GET"]}}],"collection":[{"href":"https:\/\/turysta2.pttk.pl\/index.php?rest_route=\/wp\/v2\/posts"}],"about":[{"href":"https:\/\/turysta2.pttk.pl\/index.php?rest_route=\/wp\/v2\/types\/post"}],"author":[{"embeddable":true,"href":"https:\/\/turysta2.pttk.pl\/index.php?rest_route=\/wp\/v2\/users\/13"}],"replies":[{"embeddable":true,"href":"https:\/\/turysta2.pttk.pl\/index.php?rest_route=%2Fwp%2Fv2%2Fcomments&post=31509"}],"version-history":[{"count":5,"href":"https:\/\/turysta2.pttk.pl\/index.php?rest_route=\/wp\/v2\/posts\/31509\/revisions"}],"predecessor-version":[{"id":31531,"href":"https:\/\/turysta2.pttk.pl\/index.php?rest_route=\/wp\/v2\/posts\/31509\/revisions\/31531"}],"wp:featuredmedia":[{"embeddable":true,"href":"https:\/\/turysta2.pttk.pl\/index.php?rest_route=\/wp\/v2\/media\/31513"}],"wp:attachment":[{"href":"https:\/\/turysta2.pttk.pl\/index.php?rest_route=%2Fwp%2Fv2%2Fmedia&parent=31509"}],"wp:term":[{"taxonomy":"category","embeddable":true,"href":"https:\/\/turysta2.pttk.pl\/index.php?rest_route=%2Fwp%2Fv2%2Fcategories&post=31509"},{"taxonomy":"post_tag","embeddable":true,"href":"https:\/\/turysta2.pttk.pl\/index.php?rest_route=%2Fwp%2Fv2%2Ftags&post=31509"}],"curies":[{"name":"wp","href":"https:\/\/api.w.org\/{rel}","templated":true}]}}