{"id":31453,"date":"2024-10-04T15:19:15","date_gmt":"2024-10-04T13:19:15","guid":{"rendered":"https:\/\/turysta2.pttk.pl\/?p=31453"},"modified":"2024-10-04T15:19:15","modified_gmt":"2024-10-04T13:19:15","slug":"centralny-zlot-turystow-zmotoryzowanych-pttk","status":"publish","type":"post","link":"https:\/\/turysta2.pttk.pl\/?p=31453","title":{"rendered":"Centralny Zlot Turyst\u00f3w Zmotoryzowanych PTTK"},"content":{"rendered":"<p><b>53. Centralny Zlot Turyst\u00f3w Zmotoryzowanych PTTK odby\u0142 si\u0119 w Gda\u0144sku w dniach 17\u201319 maja 2024 roku. Organizatorem by\u0142 Klub Turystyki Motorowej Westerplatte przy Oddziale PTTK w Gda\u0144sku<\/b><span style=\"font-weight: 400;\">.\u00a0<\/span><\/p>\n<p><span style=\"font-weight: 400;\">W zlocie bra\u0142y udzia\u0142 92 osoby reprezentuj\u0105ce 21 jednostek organizacyjnych, m.in. KTM Ursus Warszawa, KTM Flisak Toru\u0144, PKM Przemys\u0142aw Pozna\u0144, KTM Mobilna Elka, KTM Tajfun Poraj, KTM Motomedyk P\u0142ock, KTM Oktawa Choszczno, KIMEiK Klimek Grudzi\u0105dz, KM Energetyk Be\u0142chat\u00f3w, KTM Start Pabianice, KTM Go\u0142oborze Kielce, DKTM D\u0105browa G\u00f3rnicza, KTM Zryw Prudnik, MTM Zewsz\u0105d Elbl\u0105g, MTM Zewsz\u0105d Szamotu\u0142y, PTTK Sudety Zachodnie, KTM Westerplatte. Baz\u0105 zlotu by\u0142o Szkolne Schronisko M\u0142odzie\u017cowe w Gda\u0144sku na ulicy Grunwaldzkiej 244.<\/span><\/p>\n<p><span style=\"font-weight: 400;\">Oficjalne otwarcie zlotu odby\u0142o si\u0119 w Auli \u201ePolskie Niebo\u201d w budynku Urz\u0119du Marsza\u0142kowskiego w Gda\u0144sku. W\u015br\u00f3d zaproszonych go\u015bci byli: Marta Che\u0142kowska \u2013 dyrektor Departamentu Turystyki Urz\u0119du Marsza\u0142kowskiego, Daniel Nazaruk \u2013 prezes Pomorskiego Porozumienia Oddzia\u0142\u00f3w oraz prezes Oddzia\u0142u PTTK im. dr Jerzego Szukalskiego w Gda\u0144sku, Andrzej Nawrocki \u2013 prezes Komisji Rewizyjnej Oddzia\u0142u, Kazimierz Ja\u015bkiewicz \u2013 prezes S\u0105du Kole\u017ce\u0144skiego Oddzia\u0142u i redaktor naczelny \u201eJantarowych Szlak\u00f3w\u201d, Filip Popek \u2013 prezes Ko\u0142a Przewodnik\u00f3w przy Oddziale Gda\u0144skim PTTK. Turyst\u00f3w oraz go\u015bci powita\u0142 w imieniu ZG PTTK kol. Mieczys\u0142aw \u017bochowski.\u00a0<\/span><\/p>\n<p><span style=\"font-weight: 400;\">Poza tradycyjn\u0105 ju\u017c podczas zjazd\u00f3w centralnych narad\u0105 przodownik\u00f3w KTM PTTK oraz egzaminem na nowych przodownik\u00f3w turystyki motorowej na turyst\u00f3w motorowych czeka\u0142y r\u00f3wnie\u017c niespodzianki krajoznawcze. Pierwszym zwiedzanym obiektem by\u0142o Muzeum II Wojny \u015awiatowej. Mie\u015bci si\u0119 w budynku o ciekawej bryle architektonicznej, ma jedn\u0105 z najwi\u0119kszych powierzchni wystawienniczych w Europie. Nie tylko przy pomocy zebranych artefakt\u00f3w z II wojny \u015bwiatowej, ale r\u00f3wnie\u017c multimedi\u00f3w, przedstawiono tu histori\u0119 ludno\u015bci cywilnej w trakcie dzia\u0142a\u0144 wojennych. Ukazano przy tym wyj\u0105tkowo\u015b\u0107 polskich do\u015bwiadcze\u0144 na tle innych narod\u00f3w.\u00a0<\/span><\/p>\n<p><span style=\"font-weight: 400;\">Kolejnym interesuj\u0105cym miejscem by\u0142o Europejskie Centrum Solidarno\u015bci. Siedziba muzeum powsta\u0142a w dzielnicy Gda\u0144ska \u2013 M\u0142yniska na terenie stoczni gda\u0144skiej, w pobli\u017cu bramy nr 2 i Pomnika Poleg\u0142ych Stoczniowc\u00f3w. Obiekt zajmuje powierzchni\u0119 oko\u0142o jednego hektara i ma pi\u0119\u0107 pi\u0119ter. W budynku mie\u015bci si\u0119 biuro pierwszego przewodnicz\u0105cego \u201eSolidarno\u015bci\u201d oraz Prezydenta III RP Lecha Wa\u0142\u0119sy. Wystawa sta\u0142a po\u015bwi\u0119cona jest historii \u201eSolidarno\u015bci\u201d i zmianom, jakim podlega\u0142a pod jej wp\u0142ywem Europa. Cz\u0119\u015bciowo multimedialna wystawa zawiera r\u00f3wnie\u017c wiele pami\u0105tek z tamtych czas\u00f3w, np. tablice 21 postulat\u00f3w wisz\u0105ce na bramie podczas strajku w roku 1980 czy przestrzelona kurtka Ludwika Piernickiego, 20-letniego stoczniowca, ofiary Grudnia 70\u2019.<\/span><\/p>\n<p><span style=\"font-weight: 400;\">W ostatnim dniu zlotu tury\u015bci motorowi przeszli, ws\u0142uchani w s\u0142owa przewodnika, ca\u0142\u0105 drog\u0119 dzia\u0142a\u0144 wojennych<br \/>\nz 1 wrze\u015bnia 1939 \u2013 od miejsca pierwszych salw do pomnika Westerplatte. Pod pomnikiem z\u0142o\u017cono wi\u0105zank\u0119 kwiat\u00f3w,<br \/>\na tak\u017ce wr\u0119czono zdobyte w czasie zlotu uprawnienia przodownickie oraz wyr\u00f3\u017cnienia.<\/span><\/p>\n<p><em>Tekst i zdj\u0119cia<\/em> <strong>Micha\u0142 Ca\u0142ka<\/strong><\/p>\n<div id=\"attachment_31457\" style=\"width: 202px\" class=\"wp-caption alignnone\"><a href=\"https:\/\/turysta2.pttk.pl\/wp-content\/uploads\/2024\/10\/pomnik-stoczniowcow-Michal-Calka-scaled.jpg\"><img loading=\"lazy\" decoding=\"async\" aria-describedby=\"caption-attachment-31457\" class=\" wp-image-31457\" src=\"https:\/\/turysta2.pttk.pl\/wp-content\/uploads\/2024\/10\/pomnik-stoczniowcow-Michal-Calka-169x300.jpg\" alt=\"\" width=\"192\" height=\"341\" srcset=\"https:\/\/turysta2.pttk.pl\/wp-content\/uploads\/2024\/10\/pomnik-stoczniowcow-Michal-Calka-169x300.jpg 169w, https:\/\/turysta2.pttk.pl\/wp-content\/uploads\/2024\/10\/pomnik-stoczniowcow-Michal-Calka-577x1024.jpg 577w, https:\/\/turysta2.pttk.pl\/wp-content\/uploads\/2024\/10\/pomnik-stoczniowcow-Michal-Calka-768x1364.jpg 768w, https:\/\/turysta2.pttk.pl\/wp-content\/uploads\/2024\/10\/pomnik-stoczniowcow-Michal-Calka-865x1536.jpg 865w, https:\/\/turysta2.pttk.pl\/wp-content\/uploads\/2024\/10\/pomnik-stoczniowcow-Michal-Calka-1153x2048.jpg 1153w, https:\/\/turysta2.pttk.pl\/wp-content\/uploads\/2024\/10\/pomnik-stoczniowcow-Michal-Calka-scaled.jpg 1441w\" sizes=\"auto, (max-width: 192px) 100vw, 192px\" \/><\/a><p id=\"caption-attachment-31457\" class=\"wp-caption-text\">Pomnik Poleg\u0142ych Stoczniowc\u00f3w 1970<\/p><\/div>\n<div id=\"attachment_31459\" style=\"width: 372px\" class=\"wp-caption alignnone\"><a href=\"https:\/\/turysta2.pttk.pl\/wp-content\/uploads\/2024\/10\/westerplatte-2-Michal-Calka-scaled.jpg\"><img loading=\"lazy\" decoding=\"async\" aria-describedby=\"caption-attachment-31459\" class=\" wp-image-31459\" src=\"https:\/\/turysta2.pttk.pl\/wp-content\/uploads\/2024\/10\/westerplatte-2-Michal-Calka-300x169.jpg\" alt=\"\" width=\"362\" height=\"204\" srcset=\"https:\/\/turysta2.pttk.pl\/wp-content\/uploads\/2024\/10\/westerplatte-2-Michal-Calka-300x169.jpg 300w, https:\/\/turysta2.pttk.pl\/wp-content\/uploads\/2024\/10\/westerplatte-2-Michal-Calka-1024x577.jpg 1024w, https:\/\/turysta2.pttk.pl\/wp-content\/uploads\/2024\/10\/westerplatte-2-Michal-Calka-768x432.jpg 768w, https:\/\/turysta2.pttk.pl\/wp-content\/uploads\/2024\/10\/westerplatte-2-Michal-Calka-1536x865.jpg 1536w, https:\/\/turysta2.pttk.pl\/wp-content\/uploads\/2024\/10\/westerplatte-2-Michal-Calka-2048x1153.jpg 2048w\" sizes=\"auto, (max-width: 362px) 100vw, 362px\" \/><\/a><p id=\"caption-attachment-31459\" class=\"wp-caption-text\">Uczestnicy zlotu w Gda\u0144sku<\/p><\/div>\n<p>&nbsp;<\/p>\n","protected":false},"excerpt":{"rendered":"53. Centralny Zlot Turyst\u00f3w Zmotoryzowanych PTTK odby\u0142 si\u0119 w Gda\u0144sku w dniach 17\u201319 maja 2024 roku. Organizatorem by\u0142 Klub Turystyki Motorowej Westerplatte przy Oddziale PTTK w Gda\u0144sku.\u00a0 W zlocie bra\u0142y udzia\u0142 92 osoby reprezentuj\u0105ce 21 jednostek organizacyjnych, m.in. KTM Ursus Warszawa, KTM Flisak Toru\u0144, PKM Przemys\u0142aw Pozna\u0144, KTM Mobilna Elka, KTM Tajfun Poraj, KTM Motomedyk P\u0142ock, KTM Oktawa Choszczno, KIMEiK&nbsp;<a href=\"https:\/\/turysta2.pttk.pl\/?p=31453\" class=\"read-more\">Continue Reading<\/a>","protected":false},"author":13,"featured_media":31455,"comment_status":"closed","ping_status":"closed","sticky":false,"template":"","format":"standard","meta":{"footnotes":""},"categories":[74,41],"tags":[],"class_list":["post-31453","post","type-post","status-publish","format-standard","has-post-thumbnail","hentry","category-turystyka-motorowa","category-turystyka-pttk","cat-74-id","cat-41-id"],"aioseo_notices":[],"_links":{"self":[{"href":"https:\/\/turysta2.pttk.pl\/index.php?rest_route=\/wp\/v2\/posts\/31453","targetHints":{"allow":["GET"]}}],"collection":[{"href":"https:\/\/turysta2.pttk.pl\/index.php?rest_route=\/wp\/v2\/posts"}],"about":[{"href":"https:\/\/turysta2.pttk.pl\/index.php?rest_route=\/wp\/v2\/types\/post"}],"author":[{"embeddable":true,"href":"https:\/\/turysta2.pttk.pl\/index.php?rest_route=\/wp\/v2\/users\/13"}],"replies":[{"embeddable":true,"href":"https:\/\/turysta2.pttk.pl\/index.php?rest_route=%2Fwp%2Fv2%2Fcomments&post=31453"}],"version-history":[{"count":2,"href":"https:\/\/turysta2.pttk.pl\/index.php?rest_route=\/wp\/v2\/posts\/31453\/revisions"}],"predecessor-version":[{"id":31463,"href":"https:\/\/turysta2.pttk.pl\/index.php?rest_route=\/wp\/v2\/posts\/31453\/revisions\/31463"}],"wp:featuredmedia":[{"embeddable":true,"href":"https:\/\/turysta2.pttk.pl\/index.php?rest_route=\/wp\/v2\/media\/31455"}],"wp:attachment":[{"href":"https:\/\/turysta2.pttk.pl\/index.php?rest_route=%2Fwp%2Fv2%2Fmedia&parent=31453"}],"wp:term":[{"taxonomy":"category","embeddable":true,"href":"https:\/\/turysta2.pttk.pl\/index.php?rest_route=%2Fwp%2Fv2%2Fcategories&post=31453"},{"taxonomy":"post_tag","embeddable":true,"href":"https:\/\/turysta2.pttk.pl\/index.php?rest_route=%2Fwp%2Fv2%2Ftags&post=31453"}],"curies":[{"name":"wp","href":"https:\/\/api.w.org\/{rel}","templated":true}]}}