{"id":31403,"date":"2024-09-20T13:33:41","date_gmt":"2024-09-20T11:33:41","guid":{"rendered":"https:\/\/turysta2.pttk.pl\/?p=31403"},"modified":"2024-09-20T13:33:41","modified_gmt":"2024-09-20T11:33:41","slug":"w-poszukiwaniu-drogi-do-krajoznawstwa","status":"publish","type":"post","link":"https:\/\/turysta2.pttk.pl\/?p=31403","title":{"rendered":"W poszukiwaniu drogi do krajoznawstwa"},"content":{"rendered":"<p><strong>Jak zach\u0119ci\u0107 wsp\u00f3\u0142czesn\u0105 m\u0142odzie\u017c do turystyki i jak zainteresowa\u0107 j\u0105 krajoznawstwem? To pytania, kt\u00f3re cz\u0119sto stawiamy sobie, zastanawiaj\u0105c si\u0119 nad przysz\u0142o\u015bci\u0105 naszego Towarzystwa. Pr\u00f3b\u0119 znalezienia odpowiedzi podj\u0105\u0142 ostatnio Oddzia\u0142 PTTK w Szamotu\u0142ach podczas zorgani\u00adzowanego w Obrzycku M\u0142odzie\u017cowego Forum Turystycznego. <\/strong><\/p>\n<p>Do udzia\u0142u w imprezie zaproszeni zostali m\u0142odzie\u017cowi liderzy z dzia\u0142aj\u0105cych w szamotulskim Oddziale SKKT jak r\u00f3wnie\u017c przedstawiciele szk\u00f3\u0142, w kt\u00f3rych struktury naszego Towarzystwa nie istniej\u0105. G\u0142\u00f3wn\u0105 cz\u0119\u015bci\u0105 spotkania by\u0142 blok kr\u00f3tkich prelekcji. Kr\u00f3tkich, bo nie chodzi\u0142o o szczeg\u00f3\u0142owe omawianie poszczeg\u00f3lnych zagadnie\u0144, lecz zainteresowanie i zach\u0119cenie do samodzielnego poszukania odpowiedzi na ewentualne pytania.<\/p>\n<p>Uczestnicy M\u0142odzie\u017cowego Forum Turystycz\u00adnego mieli wi\u0119c okazj\u0119 pos\u0142ucha\u0107 czym r\u00f3\u017cni si\u0119 turystyka od krajoznawstwa, co to s\u0105 imprezy na orientacj\u0119 i czym marsze r\u00f3\u017cni\u0105 si\u0119 od bieg\u00f3w. Zapoznali si\u0119 tak\u017ce z ciesz\u0105cymi si\u0119 coraz wi\u0119ksz\u0105 popularno\u015bci\u0105 questami i TRInO, kt\u00f3re umo\u017cliwiaj\u0105 nieco inne poznawanie nowych miejsc i obiekt\u00f3w. Wys\u0142uchali informacji o propozycjach konkurs\u00f3w, jakie kieruje do nich PTTK, a tak\u017ce byli zach\u0119cani do zdobywania odznak turystyczno-krajoznawczych. Podczas prelekcji kr\u0105\u017cy\u0142y prace laureat\u00f3w Og\u00f3lnopolskiego Konkursu Krajoznawczego \u201ePoznajemy Ojcowizn\u0119\u201d. Ka\u017cdy m\u00f3g\u0142 wi\u0119c samodzielnie przekona\u0107 si\u0119 jak wygl\u0105da efekt ko\u0144cowy udzia\u0142u w tym konkursie.<\/p>\n<p>Aby wzmocni\u0107 nadw\u0105tlone podczas cz\u0119\u015bci teoretycznej si\u0142y, wszyscy mieli okazj\u0119 pocz\u0119stowa\u0107 si\u0119 smako\u0142ykami przygotowanymi przez Ko\u0142o Gospody\u0144 Wiejskich w S\u0142opanowie. P\u00f3\u017aniej mogli na w\u0142asnej sk\u00f3rze sprawdzi\u0107 o czym m\u00f3wiono podczas prelekcji. W cz\u0119\u015bci praktycznej uczestnicy wyruszyli bowiem na w\u0119dr\u00f3wk\u0119 ulicami Obrzycka jedn\u0105 z istniej\u0105cych tutaj tras questu i TRInO.<\/p>\n<p>W forum wzi\u0119\u0142o udzia\u0142 50 m\u0142odych turyst\u00f3w z Ostroroga, Mi\u0119dzychodu, Szamotu\u0142, Nojewa, Pniew, Obrzycka, Bytynia i Gaju Ma\u0142ego wraz ze swoimi opiekunami. Organizacja imprezy by\u0142a mo\u017cliwa dzi\u0119ki wsparciu \u015brodkami Programu Rozwoju Obszar\u00f3w Wiejskich otrzymanymi za po\u015brednictwem Lokalnej Grupy Dzia\u0142ania \u201ePuszcza Notecka\u201d. Pozwoli\u0142o na wyposa\u017cenie uczestnik\u00f3w m.in. w ksi\u0105\u017ceczki do zdobywania odznak PTTK.<\/p>\n<p>Jakie efekty przyniesie organizacja forum przekonamy si\u0119 w przysz\u0142o\u015bci. Nadziej\u0119 budz\u0105 jednak pytania m\u0142odych turyst\u00f3w o kolejn\u0105 tego typu imprez\u0119.<\/p>\n<div id=\"attachment_31407\" style=\"width: 410px\" class=\"wp-caption alignnone\"><a href=\"https:\/\/turysta2.pttk.pl\/wp-content\/uploads\/2024\/09\/1.-Mlodziezowe_Forum_Turystyczne-28-fot.-Beata-Szymkowiak-scaled.jpg\"><img loading=\"lazy\" decoding=\"async\" aria-describedby=\"caption-attachment-31407\" class=\" wp-image-31407\" src=\"https:\/\/turysta2.pttk.pl\/wp-content\/uploads\/2024\/09\/1.-Mlodziezowe_Forum_Turystyczne-28-fot.-Beata-Szymkowiak-300x217.jpg\" alt=\"\" width=\"400\" height=\"289\" srcset=\"https:\/\/turysta2.pttk.pl\/wp-content\/uploads\/2024\/09\/1.-Mlodziezowe_Forum_Turystyczne-28-fot.-Beata-Szymkowiak-300x217.jpg 300w, https:\/\/turysta2.pttk.pl\/wp-content\/uploads\/2024\/09\/1.-Mlodziezowe_Forum_Turystyczne-28-fot.-Beata-Szymkowiak-1024x742.jpg 1024w, https:\/\/turysta2.pttk.pl\/wp-content\/uploads\/2024\/09\/1.-Mlodziezowe_Forum_Turystyczne-28-fot.-Beata-Szymkowiak-768x557.jpg 768w, https:\/\/turysta2.pttk.pl\/wp-content\/uploads\/2024\/09\/1.-Mlodziezowe_Forum_Turystyczne-28-fot.-Beata-Szymkowiak-1536x1113.jpg 1536w, https:\/\/turysta2.pttk.pl\/wp-content\/uploads\/2024\/09\/1.-Mlodziezowe_Forum_Turystyczne-28-fot.-Beata-Szymkowiak-2048x1485.jpg 2048w\" sizes=\"auto, (max-width: 400px) 100vw, 400px\" \/><\/a><p id=\"caption-attachment-31407\" class=\"wp-caption-text\">O relacjach pomi\u0119dzy turystyk\u0105 i krajoznawstwem m\u00f3wi\u0142 Pawe\u0142 Mordal \u2013 prezes szamotulskiego Oddzia\u0142u PTTK<\/p><\/div>\n<div id=\"attachment_31405\" style=\"width: 408px\" class=\"wp-caption alignnone\"><a href=\"https:\/\/turysta2.pttk.pl\/wp-content\/uploads\/2024\/09\/3.-Mlodziezowe_Forum_Turystyczne-29-fot.-Beata-Szymkowiak-scaled.jpg\"><img loading=\"lazy\" decoding=\"async\" aria-describedby=\"caption-attachment-31405\" class=\" wp-image-31405\" src=\"https:\/\/turysta2.pttk.pl\/wp-content\/uploads\/2024\/09\/3.-Mlodziezowe_Forum_Turystyczne-29-fot.-Beata-Szymkowiak-300x156.jpg\" alt=\"\" width=\"398\" height=\"207\" srcset=\"https:\/\/turysta2.pttk.pl\/wp-content\/uploads\/2024\/09\/3.-Mlodziezowe_Forum_Turystyczne-29-fot.-Beata-Szymkowiak-300x156.jpg 300w, https:\/\/turysta2.pttk.pl\/wp-content\/uploads\/2024\/09\/3.-Mlodziezowe_Forum_Turystyczne-29-fot.-Beata-Szymkowiak-1024x532.jpg 1024w, https:\/\/turysta2.pttk.pl\/wp-content\/uploads\/2024\/09\/3.-Mlodziezowe_Forum_Turystyczne-29-fot.-Beata-Szymkowiak-768x399.jpg 768w, https:\/\/turysta2.pttk.pl\/wp-content\/uploads\/2024\/09\/3.-Mlodziezowe_Forum_Turystyczne-29-fot.-Beata-Szymkowiak-1536x797.jpg 1536w, https:\/\/turysta2.pttk.pl\/wp-content\/uploads\/2024\/09\/3.-Mlodziezowe_Forum_Turystyczne-29-fot.-Beata-Szymkowiak-2048x1063.jpg 2048w\" sizes=\"auto, (max-width: 398px) 100vw, 398px\" \/><\/a><p id=\"caption-attachment-31405\" class=\"wp-caption-text\">W wydarzeniu wzi\u0119li udzia\u0142 m\u0142odzie\u017cowi liderzy z dziewi\u0119ciu szk\u00f3\u0142 regionu. Wsp\u00f3lne pami\u0105tkowe zdj\u0119cie uczestnik\u00f3w<\/p><\/div>\n<p>&nbsp;<\/p>\n<p><em>Tekst <\/em><strong>Pawe\u0142 Mordal<\/strong><em><br \/>\n<\/em>Prezes Oddzia\u0142u PTTK w Szamotu\u0142ach, krajoznawca i regionalista, Przodownik Turystyki Pieszej i INO, Cz\u0142onek Honorowy PTTK.<br \/>\n<em>Zdj\u0119cia <\/em><strong>Beata Szymkowiak<\/strong><\/p>\n","protected":false},"excerpt":{"rendered":"Jak zach\u0119ci\u0107 wsp\u00f3\u0142czesn\u0105 m\u0142odzie\u017c do turystyki i jak zainteresowa\u0107 j\u0105 krajoznawstwem? To pytania, kt\u00f3re cz\u0119sto stawiamy sobie, zastanawiaj\u0105c si\u0119 nad przysz\u0142o\u015bci\u0105 naszego Towarzystwa. Pr\u00f3b\u0119 znalezienia odpowiedzi podj\u0105\u0142 ostatnio Oddzia\u0142 PTTK w Szamotu\u0142ach podczas zorgani\u00adzowanego w Obrzycku M\u0142odzie\u017cowego Forum Turystycznego. Do udzia\u0142u w imprezie zaproszeni zostali m\u0142odzie\u017cowi liderzy z dzia\u0142aj\u0105cych w szamotulskim Oddziale SKKT jak r\u00f3wnie\u017c przedstawiciele szk\u00f3\u0142, w kt\u00f3rych struktury&nbsp;<a href=\"https:\/\/turysta2.pttk.pl\/?p=31403\" class=\"read-more\">Continue Reading<\/a>","protected":false},"author":13,"featured_media":31409,"comment_status":"closed","ping_status":"closed","sticky":false,"template":"","format":"standard","meta":{"footnotes":""},"categories":[93],"tags":[],"class_list":["post-31403","post","type-post","status-publish","format-standard","has-post-thumbnail","hentry","category-aktualnosci","cat-93-id"],"aioseo_notices":[],"_links":{"self":[{"href":"https:\/\/turysta2.pttk.pl\/index.php?rest_route=\/wp\/v2\/posts\/31403","targetHints":{"allow":["GET"]}}],"collection":[{"href":"https:\/\/turysta2.pttk.pl\/index.php?rest_route=\/wp\/v2\/posts"}],"about":[{"href":"https:\/\/turysta2.pttk.pl\/index.php?rest_route=\/wp\/v2\/types\/post"}],"author":[{"embeddable":true,"href":"https:\/\/turysta2.pttk.pl\/index.php?rest_route=\/wp\/v2\/users\/13"}],"replies":[{"embeddable":true,"href":"https:\/\/turysta2.pttk.pl\/index.php?rest_route=%2Fwp%2Fv2%2Fcomments&post=31403"}],"version-history":[{"count":2,"href":"https:\/\/turysta2.pttk.pl\/index.php?rest_route=\/wp\/v2\/posts\/31403\/revisions"}],"predecessor-version":[{"id":31413,"href":"https:\/\/turysta2.pttk.pl\/index.php?rest_route=\/wp\/v2\/posts\/31403\/revisions\/31413"}],"wp:featuredmedia":[{"embeddable":true,"href":"https:\/\/turysta2.pttk.pl\/index.php?rest_route=\/wp\/v2\/media\/31409"}],"wp:attachment":[{"href":"https:\/\/turysta2.pttk.pl\/index.php?rest_route=%2Fwp%2Fv2%2Fmedia&parent=31403"}],"wp:term":[{"taxonomy":"category","embeddable":true,"href":"https:\/\/turysta2.pttk.pl\/index.php?rest_route=%2Fwp%2Fv2%2Fcategories&post=31403"},{"taxonomy":"post_tag","embeddable":true,"href":"https:\/\/turysta2.pttk.pl\/index.php?rest_route=%2Fwp%2Fv2%2Ftags&post=31403"}],"curies":[{"name":"wp","href":"https:\/\/api.w.org\/{rel}","templated":true}]}}