{"id":31397,"date":"2024-09-20T13:25:05","date_gmt":"2024-09-20T11:25:05","guid":{"rendered":"https:\/\/turysta2.pttk.pl\/?p=31397"},"modified":"2024-09-20T13:25:05","modified_gmt":"2024-09-20T11:25:05","slug":"slownik-biograficzny-krajoznawcow-polskich","status":"publish","type":"post","link":"https:\/\/turysta2.pttk.pl\/?p=31397","title":{"rendered":"S\u0142ownik biograficzny krajoznawc\u00f3w polskich"},"content":{"rendered":"<p><strong>Komisja Krajoznawcza ZG PTTK wraz z Centraln\u0105 Bibliotek\u0105 PTTK przyst\u0105pi\u0142y do opracowania i wydania <em>S\u0142ownika biograficznego krajoznawc\u00f3w polskich<\/em><\/strong> (Uchwa\u0142a nr 18e\/XX KK z 10 grudnia 2023 roku). To znacz\u0105ce przedsi\u0119wzi\u0119cie wydawnicze, kt\u00f3rego celem jest ukazanie rozwoju krajoznawstwa na przestrzeni wiek\u00f3w poprzez ludzi, ich czyny i my\u015bli. Ta publikacja b\u0119dzie naszym wsp\u00f3lnym dzie\u0142em.<\/p>\n<p><em>S\u0142ownik biograficzny krajoznawc\u00f3w polskich <\/em>b\u0119dzie zawiera\u0142 biogramy os\u00f3b, kt\u00f3re szczeg\u00f3lnie przyczyni\u0142y si\u0119 w historii Polski do rozwoju dzia\u0142alno\u015bci krajoznawczej i turystycznej zar\u00f3wno w skali kraju, jak i w poszczeg\u00f3lnych jego regionach. W <em>S\u0142owniku <\/em>zamieszczane b\u0119d\u0105 biogramy wy\u0142\u0105cznie os\u00f3b nie\u017cyj\u0105cych. Publikacja ma charakter naukowy. Planowane jest wydanie <em>S\u0142ownika <\/em>w tzw. systemie holenderskim (w ka\u017cdym tomie has\u0142a b\u0119d\u0105 u\u0142o\u017cone alfabetycznie).<\/p>\n<p>Projekt wspiera merytorycznie Rada Naukowa z przewodnicz\u0105cym prof. Januszem Zdebskim; nad pracami czuwa Rada Redakcyjna z przewodnicz\u0105cym i inicjatorem pomys\u0142u dr. Andrzejem Rembalskim, na koordynatora projektu powo\u0142ano Mari\u0119 Janowicz, na redaktor prowadz\u0105c\u0105 Ma\u0142gorzat\u0119 Paw\u0142owsk\u0105.<\/p>\n<p>Zach\u0119camy do zg\u0142aszania os\u00f3b zas\u0142u\u017conych dla polskiego krajoznawstwa oraz do opracowania poszczeg\u00f3lnych biogram\u00f3w. Teksty prosimy przesy\u0142a\u0107 do CB PTTK (Maria Janowicz, cb@pttk.pl; Ma\u0142\u00adgorzata Paw\u0142owska, mnpawlowska@gmail.com), gdzie w zbiorach specjalnych gromadzone s\u0105 mate\u00adria\u0142y zwi\u0105zane ze <em>S\u0142ownikiem<\/em>.<\/p>\n<p>Zainteresowani autorzy otrzymaj\u0105 instrukcj\u0119 opracowania has\u0142a do <em>S\u0142ownika<\/em>. Obj\u0119to\u015b\u0107 jednego biogramu obejmuje maksymalnie 5 stron znormalizowanego maszynopisu (1800 znak\u00f3w na stronie). Zapraszamy do wsp\u00f3\u0142pracy.<\/p>\n<p><strong><em>Szymon Bijak<\/em><\/strong><br \/>\nPrzewodnicz\u0105cy Komisji Krajoznawczej ZG PTTK<\/p>\n<p><strong>Maria Janowicz<br \/>\n<\/strong>Kierownik Centralnej Biblioteki PTTK<\/p>\n","protected":false},"excerpt":{"rendered":"Komisja Krajoznawcza ZG PTTK wraz z Centraln\u0105 Bibliotek\u0105 PTTK przyst\u0105pi\u0142y do opracowania i wydania S\u0142ownika biograficznego krajoznawc\u00f3w polskich (Uchwa\u0142a nr 18e\/XX KK z 10 grudnia 2023 roku). To znacz\u0105ce przedsi\u0119wzi\u0119cie wydawnicze, kt\u00f3rego celem jest ukazanie rozwoju krajoznawstwa na przestrzeni wiek\u00f3w poprzez ludzi, ich czyny i my\u015bli. Ta publikacja b\u0119dzie naszym wsp\u00f3lnym dzie\u0142em. S\u0142ownik biograficzny krajoznawc\u00f3w polskich b\u0119dzie zawiera\u0142 biogramy os\u00f3b,&nbsp;<a href=\"https:\/\/turysta2.pttk.pl\/?p=31397\" class=\"read-more\">Continue Reading<\/a>","protected":false},"author":13,"featured_media":31399,"comment_status":"closed","ping_status":"closed","sticky":false,"template":"","format":"standard","meta":{"footnotes":""},"categories":[93],"tags":[],"class_list":["post-31397","post","type-post","status-publish","format-standard","has-post-thumbnail","hentry","category-aktualnosci","cat-93-id"],"aioseo_notices":[],"_links":{"self":[{"href":"https:\/\/turysta2.pttk.pl\/index.php?rest_route=\/wp\/v2\/posts\/31397","targetHints":{"allow":["GET"]}}],"collection":[{"href":"https:\/\/turysta2.pttk.pl\/index.php?rest_route=\/wp\/v2\/posts"}],"about":[{"href":"https:\/\/turysta2.pttk.pl\/index.php?rest_route=\/wp\/v2\/types\/post"}],"author":[{"embeddable":true,"href":"https:\/\/turysta2.pttk.pl\/index.php?rest_route=\/wp\/v2\/users\/13"}],"replies":[{"embeddable":true,"href":"https:\/\/turysta2.pttk.pl\/index.php?rest_route=%2Fwp%2Fv2%2Fcomments&post=31397"}],"version-history":[{"count":1,"href":"https:\/\/turysta2.pttk.pl\/index.php?rest_route=\/wp\/v2\/posts\/31397\/revisions"}],"predecessor-version":[{"id":31401,"href":"https:\/\/turysta2.pttk.pl\/index.php?rest_route=\/wp\/v2\/posts\/31397\/revisions\/31401"}],"wp:featuredmedia":[{"embeddable":true,"href":"https:\/\/turysta2.pttk.pl\/index.php?rest_route=\/wp\/v2\/media\/31399"}],"wp:attachment":[{"href":"https:\/\/turysta2.pttk.pl\/index.php?rest_route=%2Fwp%2Fv2%2Fmedia&parent=31397"}],"wp:term":[{"taxonomy":"category","embeddable":true,"href":"https:\/\/turysta2.pttk.pl\/index.php?rest_route=%2Fwp%2Fv2%2Fcategories&post=31397"},{"taxonomy":"post_tag","embeddable":true,"href":"https:\/\/turysta2.pttk.pl\/index.php?rest_route=%2Fwp%2Fv2%2Ftags&post=31397"}],"curies":[{"name":"wp","href":"https:\/\/api.w.org\/{rel}","templated":true}]}}