{"id":31367,"date":"2024-09-20T13:14:52","date_gmt":"2024-09-20T11:14:52","guid":{"rendered":"https:\/\/turysta2.pttk.pl\/?p=31367"},"modified":"2024-09-20T13:14:52","modified_gmt":"2024-09-20T11:14:52","slug":"na-szlakach-mazurskiego-parku-krajobrazowego","status":"publish","type":"post","link":"https:\/\/turysta2.pttk.pl\/?p=31367","title":{"rendered":"Na szlakach Mazurskiego Parku Krajobrazowego"},"content":{"rendered":"<p><strong>Aktywny wypoczynek w otoczeniu pi\u0119knej przyrody? Najwi\u0119ksze jezioro w Polsce, najd\u0142u\u017cszy szlak \u017ceglarski, najpi\u0119kniejszy szlak kajakowy, nowe szlaki rowerowe? To wszystko \u2013 i wiele wi\u0119cej \u2013 znajdziemy w Mazurskim Parku Krajobrazowym.<\/strong><\/p>\n<p>Mazurski Park Krajobrazowy to najstarszy i najwi\u0119kszy park krajobrazowy w wojew\u00f3dztwie war\u00admi\u0144sko-mazurskim. Jednocze\u015bnie jedyny w regionie obszar wpisany na list\u0119 Rezerwat\u00f3w Biosfery UNESCO (\u201eJeziora Mazurskie\u201d). Obejmuje swym zasi\u0119giem tereny Krainy Wielkich Jezior Mazurskich, Pojezierza Mr\u0105gowskiego i R\u00f3wniny Mazurskiej. Na jego obszarze wyst\u0119puje du\u017ce zr\u00f3\u017cnicowanie form krajobrazu oraz bogata sie\u0107 wodna. W granicach parku znalaz\u0142o si\u0119 71 jezior, w tym najwi\u0119ksze w kraju jezioro \u015aniardwy, a tak\u017ce du\u017ce po\u0142acie Puszczy Piskiej. Te tereny to raj dla mi\u0142o\u015bnik\u00f3w bliskiego kontaktu z natur\u0105, kt\u00f3ra zachowa\u0142a si\u0119 tutaj cz\u0119sto w nieska\u017conej postaci.<\/p>\n<p><strong>Pieszo do enklaw dzikiej przyrody<br \/>\n<\/strong>Na terenie parku utworzono 11 rezerwat\u00f3w przyrody i ustanowiono 111 pomnik\u00f3w przyrody o\u017cy\u00adwionej i nieo\u017cywionej. Do wielu z nich mo\u017cemy dotrze\u0107 pieszo. Spo\u015br\u00f3d rezerwat\u00f3w szczeg\u00f3ln\u0105 uwag\u0119 zwraca Jezioro \u0141uknajno z jedn\u0105<br \/>\nz najwi\u0119kszych w Europie kolonii \u0142ab\u0119dzia niemego. Podpatrywanie ptak\u00f3w u\u0142atwiaj\u0105 trzy wie\u017ce widokowe ustawione nad jeziorem oraz \u015bcie\u017cka przyrodnicza wytyczona w jego pobli\u017cu. Podobne obserwacje umo\u017cliwia \u015bcie\u017cka edukacyjna \u201eWok\u00f3\u0142 stawu w Pieckach\u201d, poprowadzona m.in. drewnianymi pomostami o d\u0142ugo\u015bci ponad kilometra. Nad stawem pojawiaj\u0105 si\u0119 ptaki drapie\u017cne, takie jak rybo\u0142\u00f3w, b\u0142otniak stawowy, kania ruda czy bielik. Przez rezerwat Kr\u00f3lewska Sosna prowadzi szlak pieszy ze wsi Kruty\u0144 do Le\u015bnicz\u00f3wki Pranie. W\u0119druj\u0105c nim, zobaczymy kilka imponuj\u0105cych pomnikowych drzew, w tym najs\u0142ynniejszy pomnik przyrody w parku \u2013 \u201eZakochan\u0105 Par\u0119\u201d (d\u0105b obejmuj\u0105cy konarami sosn\u0119). W rezerwatach Kr\u00f3lewska Sosna i Zakr\u0119t znajdziemy osobliwe jeziorka dystroficzne. Na ich zarastaj\u0105cych taflach powstaj\u0105 p\u0142ywaj\u0105ce wysepki, tworzone z fragment\u00f3w zwartego ko\u017cucha ro\u015blinno\u015bci. Mo\u017cemy je ogl\u0105da\u0107 z bliska, korzystaj\u0105c z wytyczonych \u015bcie\u017cek przyrodniczych \u201eZakr\u0119t\u201d i Kruty\u0144 \u2013 Rosocha. Podobne jeziorka zobaczymy na terenie lasu do\u015bwiadczalnego Stacji Badawczej PAN w Popielnie, korzystaj\u0105c z jednej z dw\u00f3ch wytyczonych tu \u015bcie\u017cek. W\u0119dr\u00f3wka nimi pozwoli nam spotka\u0107 si\u0119 oko w oko z konikami polskimi, kt\u00f3rych wolno \u017cyj\u0105ce tabuny zamieszkuj\u0105 teren stacji. Do Popielna mo\u017cemy dotrze\u0107 z okolicy Miko\u0142ajek \u201ena skr\u00f3ty\u201d, korzystaj\u0105c w Wierzbie z jedynej na Mazurach linowej przeprawy promowej, \u0142\u0105cz\u0105cej oddalone o 360 m dwa brzegi jeziora Be\u0142dany.<\/p>\n<div id=\"attachment_31369\" style=\"width: 471px\" class=\"wp-caption alignnone\"><a href=\"https:\/\/turysta2.pttk.pl\/wp-content\/uploads\/2024\/09\/6.-Sciezka-w-Pieckach-3-fot.-Grzegorz-Zawrotny-scaled.jpg\"><img loading=\"lazy\" decoding=\"async\" aria-describedby=\"caption-attachment-31369\" class=\" wp-image-31369\" src=\"https:\/\/turysta2.pttk.pl\/wp-content\/uploads\/2024\/09\/6.-Sciezka-w-Pieckach-3-fot.-Grzegorz-Zawrotny-300x200.jpg\" alt=\"\" width=\"461\" height=\"307\" srcset=\"https:\/\/turysta2.pttk.pl\/wp-content\/uploads\/2024\/09\/6.-Sciezka-w-Pieckach-3-fot.-Grzegorz-Zawrotny-300x200.jpg 300w, https:\/\/turysta2.pttk.pl\/wp-content\/uploads\/2024\/09\/6.-Sciezka-w-Pieckach-3-fot.-Grzegorz-Zawrotny-1024x683.jpg 1024w, https:\/\/turysta2.pttk.pl\/wp-content\/uploads\/2024\/09\/6.-Sciezka-w-Pieckach-3-fot.-Grzegorz-Zawrotny-768x512.jpg 768w, https:\/\/turysta2.pttk.pl\/wp-content\/uploads\/2024\/09\/6.-Sciezka-w-Pieckach-3-fot.-Grzegorz-Zawrotny-1536x1024.jpg 1536w, https:\/\/turysta2.pttk.pl\/wp-content\/uploads\/2024\/09\/6.-Sciezka-w-Pieckach-3-fot.-Grzegorz-Zawrotny-2048x1365.jpg 2048w\" sizes=\"auto, (max-width: 461px) 100vw, 461px\" \/><\/a><p id=\"caption-attachment-31369\" class=\"wp-caption-text\">\u015acie\u017cka edukacyjna \u201eWok\u00f3\u0142 stawu w Pieckach\u201d<br \/>fot. Grzegorz Zawrotny, Mazurski Park Krajobrazowy<\/p><\/div>\n<div id=\"attachment_31373\" style=\"width: 471px\" class=\"wp-caption alignnone\"><a href=\"https:\/\/turysta2.pttk.pl\/wp-content\/uploads\/2024\/09\/2.-Rezerwat-_Zakret_-fot.-Waldemar-Bzura-scaled.jpg\"><img loading=\"lazy\" decoding=\"async\" aria-describedby=\"caption-attachment-31373\" class=\" wp-image-31373\" src=\"https:\/\/turysta2.pttk.pl\/wp-content\/uploads\/2024\/09\/2.-Rezerwat-_Zakret_-fot.-Waldemar-Bzura-300x200.jpg\" alt=\"\" width=\"461\" height=\"307\" srcset=\"https:\/\/turysta2.pttk.pl\/wp-content\/uploads\/2024\/09\/2.-Rezerwat-_Zakret_-fot.-Waldemar-Bzura-300x200.jpg 300w, https:\/\/turysta2.pttk.pl\/wp-content\/uploads\/2024\/09\/2.-Rezerwat-_Zakret_-fot.-Waldemar-Bzura-1024x683.jpg 1024w, https:\/\/turysta2.pttk.pl\/wp-content\/uploads\/2024\/09\/2.-Rezerwat-_Zakret_-fot.-Waldemar-Bzura-768x513.jpg 768w, https:\/\/turysta2.pttk.pl\/wp-content\/uploads\/2024\/09\/2.-Rezerwat-_Zakret_-fot.-Waldemar-Bzura-1536x1025.jpg 1536w, https:\/\/turysta2.pttk.pl\/wp-content\/uploads\/2024\/09\/2.-Rezerwat-_Zakret_-fot.-Waldemar-Bzura-2048x1367.jpg 2048w\" sizes=\"auto, (max-width: 461px) 100vw, 461px\" \/><\/a><p id=\"caption-attachment-31373\" class=\"wp-caption-text\">Rezerwat przyrody Zakr\u0119t \u2013 p\u0142ywaj\u0105ce wysepki<br \/>fot. Waldemar Bzura, Mazurski Park Krajobrazowy<\/p><\/div>\n<p><strong>Na rowerze na spotkanie przygody<\/strong><br \/>\nDo wielu atrakcji przyrodniczych dotrzemy tak\u017ce rowerem. Wzd\u0142u\u017c brzeg\u00f3w jezior Miko\u0142ajskiego, Be\u0142dany, Nidzkiego<br \/>\ni \u015aniardwy biegn\u0105 odcinki Mazurskiej P\u0119tli Rowerowej. Wok\u00f3\u0142 niej powstaj\u0105 kolejne trasy o szczeg\u00f3lnych walorach krajobrazowych. Nowa \u015bcie\u017cka pieszo-rowerowa \u201eSzlak Bociani\u201d po\u0142\u0105czy\u0142a Ukt\u0119, Ga\u0142kowo, Wojnowo i \u015awignajno. Przy trasie powsta\u0142o 13 wiat wypoczynkowych oraz trzy wie\u017ce widokowe. Od granic Mr\u0105gowa (Nikutowo) przez Piecki do wsi Kruty\u0144 wytyczono natomiast \u015bcie\u017ck\u0119 rowerow\u0105, kt\u00f3ra w cz\u0119\u015bci wiedzie dawnym torowiskiem. Poza tym przez tereny parku biegnie jeszcze dziewi\u0119\u0107 innych szlak\u00f3w rowerowych o r\u00f3\u017cnym stopniu trudno\u015bci. Cztery z nich s\u0105 p\u0119tlami<br \/>\nz punktem startowym we wsi Kruty\u0144 i wiod\u0105 do najciekawszych atrakcji przyrodniczych i kulturowych w okolicy. Warto tu wspomnie\u0107 o pami\u0105tkach po starowiercach. W Wojnowie zachowa\u0142 si\u0119 ich dawny klasztor, w kt\u00f3rym dzia\u0142a po\u015bwi\u0119cone im muzeum. We wsi s\u0105 r\u00f3wnie\u017c cmentarz i molenna (dom modlitwy) starowierc\u00f3w oraz cerkiew prawos\u0142awna. W Pieckach znajdziemy Muzeum Regionalne im. Walentyny Dermackiej z Sapieh\u00f3w, prezentuj\u0105ce sztuk\u0119 ludow\u0105, w szczeg\u00f3lno\u015bci figurki z gliny.<br \/>\nNiezwyk\u0142ym zabytkiem Rucianego-Nidy jest wci\u0105\u017c dzia\u0142aj\u0105ca wy\u0142uszczarnia nasion z ko\u0144ca XIX wieku. W ci\u0105gu doby mo\u017ce ona przerabia\u0107 oko\u0142o trzech ton szyszek, z czego pozyskuje si\u0119 35 kg nasion. Z kolei w Kadzid\u0142owie funkcjonuje Osada Kulturowa \u2013 miniskansen, na kt\u00f3ry sk\u0142ada si\u0119 siedem drewnianych budynk\u00f3w z po\u0142udniowej cz\u0119\u015bci Mazur.<br \/>\nW tej miejscowo\u015bci mo\u017cemy odwiedzi\u0107 te\u017c park dzikich zwierz\u0105t.<\/p>\n<div id=\"attachment_31377\" style=\"width: 476px\" class=\"wp-caption alignnone\"><a href=\"https:\/\/turysta2.pttk.pl\/wp-content\/uploads\/2024\/09\/4.-Cerkiew-pod-wezwaniem-Zasniecia-Matki-Bozej-w-Wojnowie-fot.-Waldemar-Bzura-1-scaled.jpg\"><img loading=\"lazy\" decoding=\"async\" aria-describedby=\"caption-attachment-31377\" class=\" wp-image-31377\" src=\"https:\/\/turysta2.pttk.pl\/wp-content\/uploads\/2024\/09\/4.-Cerkiew-pod-wezwaniem-Zasniecia-Matki-Bozej-w-Wojnowie-fot.-Waldemar-Bzura-1-300x199.jpg\" alt=\"\" width=\"466\" height=\"309\" srcset=\"https:\/\/turysta2.pttk.pl\/wp-content\/uploads\/2024\/09\/4.-Cerkiew-pod-wezwaniem-Zasniecia-Matki-Bozej-w-Wojnowie-fot.-Waldemar-Bzura-1-300x199.jpg 300w, https:\/\/turysta2.pttk.pl\/wp-content\/uploads\/2024\/09\/4.-Cerkiew-pod-wezwaniem-Zasniecia-Matki-Bozej-w-Wojnowie-fot.-Waldemar-Bzura-1-1024x681.jpg 1024w, https:\/\/turysta2.pttk.pl\/wp-content\/uploads\/2024\/09\/4.-Cerkiew-pod-wezwaniem-Zasniecia-Matki-Bozej-w-Wojnowie-fot.-Waldemar-Bzura-1-768x511.jpg 768w, https:\/\/turysta2.pttk.pl\/wp-content\/uploads\/2024\/09\/4.-Cerkiew-pod-wezwaniem-Zasniecia-Matki-Bozej-w-Wojnowie-fot.-Waldemar-Bzura-1-1536x1021.jpg 1536w, https:\/\/turysta2.pttk.pl\/wp-content\/uploads\/2024\/09\/4.-Cerkiew-pod-wezwaniem-Zasniecia-Matki-Bozej-w-Wojnowie-fot.-Waldemar-Bzura-1-2048x1362.jpg 2048w\" sizes=\"auto, (max-width: 466px) 100vw, 466px\" \/><\/a><p id=\"caption-attachment-31377\" class=\"wp-caption-text\">Wojnowo \u2013 cerkiew prawos\u0142awna pw. Za\u015bni\u0119cia Matki Bo\u017cej<br \/>fot. Waldemar Bzura, Mazurski Park Krajobrazowy<\/p><\/div>\n<p><strong>Przyroda na wyci\u0105gni\u0119cie r\u0119ki<\/strong><br \/>\nWe wsi Kruty\u0144, opr\u00f3cz O\u015brodka Okresowej Rehabilitacji Bocian\u00f3w, dzia\u0142a tak\u017ce O\u015brodek Edukacji Przyrodniczo-Kulturowej z Izb\u0105 Przyrodnicz\u0105. Obejrzymy tu sze\u015b\u0107 dioram, prezentuj\u0105cych zwierz\u0119ta wyst\u0119puj\u0105ce w r\u00f3\u017cnych siedliskach, a tak\u017ce wystaw\u0119 po\u015bwi\u0119con\u0105 grzybom. W zabytkowym spichlerzu w Popielnie urz\u0105dzono ekspozycje przyrodnicze, spo\u015br\u00f3d kt\u00f3rych wyr\u00f3\u017cnia si\u0119 kolekcja zrzut\u00f3w poro\u017ca jeleni. Inne po\u015bwi\u0119cone s\u0105 konikom polskim, bobrom europejskim<br \/>\ni szacie ro\u015blinnej. Ciekawostk\u0105 jest kolekcja sa\u0144 i woz\u00f3w zaprz\u0119gowych z r\u00f3\u017cnych czas\u00f3w.<br \/>\nW Spychowie mo\u017cemy odwiedzi\u0107 Muzeum Le\u015bne, dzia\u0142aj\u0105ce przy siedzibie nadle\u015bnictwa. Ekspozycje przybli\u017caj\u0105 r\u00f3\u017cne gatunki zwierz\u0105t zamieszkuj\u0105cych Puszcz\u0119 Pisk\u0105, ich siedliska i zwyczaje oraz g\u0142osy. Zobaczymy te\u017c tutaj ponad stuletni\u0105 d\u0142ubank\u0119 \u2013 \u0142\u00f3d\u017a wykonan\u0105 z jednego pnia drzewa.<br \/>\nNowym obiektem jest Mazurskie Centrum Bior\u00f3\u017cnorodno\u015bci i Edukacji Przyrodniczej KUMAK w Urwita\u0142cie nad jeziorem \u0141uknajno. Prezentuje ono procesy zachodz\u0105ce w \u015brodowisku naturalnym regionu, w szczeg\u00f3lno\u015bci w ekosystemach ma\u0142ych zbiornik\u00f3w wodnych i bagien.<\/p>\n<div id=\"attachment_31375\" style=\"width: 471px\" class=\"wp-caption alignnone\"><a href=\"https:\/\/turysta2.pttk.pl\/wp-content\/uploads\/2024\/09\/3.-Izba-Przyrodnicza-fot.-Waldemar-Bzura-scaled.jpg\"><img loading=\"lazy\" decoding=\"async\" aria-describedby=\"caption-attachment-31375\" class=\" wp-image-31375\" src=\"https:\/\/turysta2.pttk.pl\/wp-content\/uploads\/2024\/09\/3.-Izba-Przyrodnicza-fot.-Waldemar-Bzura-300x171.jpg\" alt=\"\" width=\"461\" height=\"263\" srcset=\"https:\/\/turysta2.pttk.pl\/wp-content\/uploads\/2024\/09\/3.-Izba-Przyrodnicza-fot.-Waldemar-Bzura-300x171.jpg 300w, https:\/\/turysta2.pttk.pl\/wp-content\/uploads\/2024\/09\/3.-Izba-Przyrodnicza-fot.-Waldemar-Bzura-1024x585.jpg 1024w, https:\/\/turysta2.pttk.pl\/wp-content\/uploads\/2024\/09\/3.-Izba-Przyrodnicza-fot.-Waldemar-Bzura-768x439.jpg 768w, https:\/\/turysta2.pttk.pl\/wp-content\/uploads\/2024\/09\/3.-Izba-Przyrodnicza-fot.-Waldemar-Bzura-1536x877.jpg 1536w, https:\/\/turysta2.pttk.pl\/wp-content\/uploads\/2024\/09\/3.-Izba-Przyrodnicza-fot.-Waldemar-Bzura-2048x1169.jpg 2048w\" sizes=\"auto, (max-width: 461px) 100vw, 461px\" \/><\/a><p id=\"caption-attachment-31375\" class=\"wp-caption-text\">Kruty\u0144 \u2013 Izba Przyrodnicza w O\u015brodku Edukacji<br \/>Przyrodniczo-Kulturowej<br \/>fot. Waldemar Bzura, Mazurski Park Krajobrazowy<\/p><\/div>\n<p><strong>Szlakiem Krutyni i po Wielkich Jeziorach<\/strong><br \/>\nW granicach parku znalaz\u0142a si\u0119 wi\u0119ksza cz\u0119\u015b\u0107 malowniczej rzeki Krutyni, uwa\u017canej za najpi\u0119kniejszy szlak kajakowy w kraju. Na niekt\u00f3rych odcinkach ruch kajakowy w sezonie turystycznym jest intensywny, ale s\u0105 te\u017c takie, gdzie mo\u017cemy w spokoju i ciszy obcowa\u0107 z przyrod\u0105. Oficjalnie szlak ma sw\u00f3j start w Sorkwitach, a ko\u0144czy si\u0119 w Rucianem-Nidzie. P\u0142yn\u0105c Krutyni\u0105, odnosimy wra\u017cenie, \u017ce przenie\u015bli\u015bmy si\u0119 do rajskiego \u015bwiata. Utwierdzaj\u0105 nas w tym poczuciu bliskie spotkania z licznym ptactwem wodnym. Na trasie mo\u017cemy spotka\u0107 nawet bielika czy rybo\u0142owa. W toni wodnej wida\u0107 g\u0105bki<br \/>\ni krasnorosty, tworz\u0105ce na kamieniach czerwone kolonie (wi\u0119cej w nr. 2\/2021 \u201eTurysty\u201d w artykule \u201eSzlak Krutyni \u2013 nie tylko dla kajakarzy\u201d).<br \/>\nPrzez jeziora \u015aniardwy i Be\u0142dany wiedzie \u017ceglarski Szlak Wielkich Jezior Mazurskich. Mo\u017cemy nim p\u0142yn\u0105\u0107 z W\u0119gorzewa przez Gi\u017cycko i Miko\u0142ajki do Pisza, za\u015b jego odga\u0142\u0119zieniami \u2013 do Rynu i Rucianego-Nidy. W ubieg\u0142ym roku zako\u0144czy\u0142a si\u0119 trwaj\u0105ca kilka lat modernizacja infrastruktury szlaku, w ramach kt\u00f3rej m.in. przebudowano osiem kana\u0142\u00f3w \u0142\u0105cz\u0105cych jeziora. W sezonie turystycznym po jeziorach kursuj\u0105 statki wycieczkowe (m.in. z Miko\u0142ajek, Rucianego-Nidy i Kamienia).<\/p>\n<div id=\"attachment_31379\" style=\"width: 502px\" class=\"wp-caption alignnone\"><a href=\"https:\/\/turysta2.pttk.pl\/wp-content\/uploads\/2024\/09\/5.-Srodpolny-odcinek-Krutyni-w-rejonie-Ukty-fot.-Waldemar-Bzura-scaled.jpg\"><img loading=\"lazy\" decoding=\"async\" aria-describedby=\"caption-attachment-31379\" class=\" wp-image-31379\" src=\"https:\/\/turysta2.pttk.pl\/wp-content\/uploads\/2024\/09\/5.-Srodpolny-odcinek-Krutyni-w-rejonie-Ukty-fot.-Waldemar-Bzura-300x200.jpg\" alt=\"\" width=\"492\" height=\"328\" srcset=\"https:\/\/turysta2.pttk.pl\/wp-content\/uploads\/2024\/09\/5.-Srodpolny-odcinek-Krutyni-w-rejonie-Ukty-fot.-Waldemar-Bzura-300x200.jpg 300w, https:\/\/turysta2.pttk.pl\/wp-content\/uploads\/2024\/09\/5.-Srodpolny-odcinek-Krutyni-w-rejonie-Ukty-fot.-Waldemar-Bzura-1024x683.jpg 1024w, https:\/\/turysta2.pttk.pl\/wp-content\/uploads\/2024\/09\/5.-Srodpolny-odcinek-Krutyni-w-rejonie-Ukty-fot.-Waldemar-Bzura-768x512.jpg 768w, https:\/\/turysta2.pttk.pl\/wp-content\/uploads\/2024\/09\/5.-Srodpolny-odcinek-Krutyni-w-rejonie-Ukty-fot.-Waldemar-Bzura-1536x1024.jpg 1536w, https:\/\/turysta2.pttk.pl\/wp-content\/uploads\/2024\/09\/5.-Srodpolny-odcinek-Krutyni-w-rejonie-Ukty-fot.-Waldemar-Bzura-2048x1366.jpg 2048w\" sizes=\"auto, (max-width: 492px) 100vw, 492px\" \/><\/a><p id=\"caption-attachment-31379\" class=\"wp-caption-text\">\u015ar\u00f3dpolny odcinek Krutyni w rejonie Ukty<br \/>fot. Waldemar Bzura, Mazurski Park Krajobrazowy<\/p><\/div>\n<p><em>Tekst <\/em><strong>Rafa\u0142 \u015aliwiak<\/strong><em><br \/>\n<\/em>Pracownik Departamentu Turystyki i Sportu Urz\u0119du Marsza\u0142kowskiego Wojew\u00f3dztwa Warmi\u0144sko-Mazurskiego. Mi\u0142o\u015bnik turystyki kajakowej i rowerowej.<\/p>\n<p><em>Zdj\u0119cia <\/em><strong>Waldemar Bzura, Grzegorz Zawrotny (Mazurski Park Krajobrazowy)<\/strong><\/p>\n","protected":false},"excerpt":{"rendered":"Aktywny wypoczynek w otoczeniu pi\u0119knej przyrody? Najwi\u0119ksze jezioro w Polsce, najd\u0142u\u017cszy szlak \u017ceglarski, najpi\u0119kniejszy szlak kajakowy, nowe szlaki rowerowe? To wszystko \u2013 i wiele wi\u0119cej \u2013 znajdziemy w Mazurskim Parku Krajobrazowym. Mazurski Park Krajobrazowy to najstarszy i najwi\u0119kszy park krajobrazowy w wojew\u00f3dztwie war\u00admi\u0144sko-mazurskim. Jednocze\u015bnie jedyny w regionie obszar wpisany na list\u0119 Rezerwat\u00f3w Biosfery UNESCO (\u201eJeziora Mazurskie\u201d). Obejmuje swym zasi\u0119giem tereny&nbsp;<a href=\"https:\/\/turysta2.pttk.pl\/?p=31367\" class=\"read-more\">Continue Reading<\/a>","protected":false},"author":13,"featured_media":31371,"comment_status":"closed","ping_status":"closed","sticky":false,"template":"","format":"standard","meta":{"footnotes":""},"categories":[95],"tags":[],"class_list":["post-31367","post","type-post","status-publish","format-standard","has-post-thumbnail","hentry","category-musisz-zobaczyc","cat-95-id"],"aioseo_notices":[],"_links":{"self":[{"href":"https:\/\/turysta2.pttk.pl\/index.php?rest_route=\/wp\/v2\/posts\/31367","targetHints":{"allow":["GET"]}}],"collection":[{"href":"https:\/\/turysta2.pttk.pl\/index.php?rest_route=\/wp\/v2\/posts"}],"about":[{"href":"https:\/\/turysta2.pttk.pl\/index.php?rest_route=\/wp\/v2\/types\/post"}],"author":[{"embeddable":true,"href":"https:\/\/turysta2.pttk.pl\/index.php?rest_route=\/wp\/v2\/users\/13"}],"replies":[{"embeddable":true,"href":"https:\/\/turysta2.pttk.pl\/index.php?rest_route=%2Fwp%2Fv2%2Fcomments&post=31367"}],"version-history":[{"count":7,"href":"https:\/\/turysta2.pttk.pl\/index.php?rest_route=\/wp\/v2\/posts\/31367\/revisions"}],"predecessor-version":[{"id":31393,"href":"https:\/\/turysta2.pttk.pl\/index.php?rest_route=\/wp\/v2\/posts\/31367\/revisions\/31393"}],"wp:featuredmedia":[{"embeddable":true,"href":"https:\/\/turysta2.pttk.pl\/index.php?rest_route=\/wp\/v2\/media\/31371"}],"wp:attachment":[{"href":"https:\/\/turysta2.pttk.pl\/index.php?rest_route=%2Fwp%2Fv2%2Fmedia&parent=31367"}],"wp:term":[{"taxonomy":"category","embeddable":true,"href":"https:\/\/turysta2.pttk.pl\/index.php?rest_route=%2Fwp%2Fv2%2Fcategories&post=31367"},{"taxonomy":"post_tag","embeddable":true,"href":"https:\/\/turysta2.pttk.pl\/index.php?rest_route=%2Fwp%2Fv2%2Ftags&post=31367"}],"curies":[{"name":"wp","href":"https:\/\/api.w.org\/{rel}","templated":true}]}}