{"id":31189,"date":"2024-08-07T13:13:43","date_gmt":"2024-08-07T11:13:43","guid":{"rendered":"https:\/\/turysta2.pttk.pl\/?p=31189"},"modified":"2024-08-07T13:14:18","modified_gmt":"2024-08-07T11:14:18","slug":"zloty-jubileusz-komisji-fotografii-krajoznawczej-zg-pttk","status":"publish","type":"post","link":"https:\/\/turysta2.pttk.pl\/?p=31189","title":{"rendered":"Z\u0142oty Jubileusz Komisji Fotografii Krajoznawczej ZG PTTK"},"content":{"rendered":"<p><strong>W trakcie trwania XXXIV Og\u00f3lnopolskiego Forum Fotografii Krajoznawczej PTTK w Opolu, w dniach 14\u201316 czerwca 2024 roku, odby\u0142y si\u0119 obchody 50-lecia Komisji Fotografii Krajoznawczej ZG PTTK.<\/strong><\/p>\n<p>Bezpo\u015brednim wsp\u00f3\u0142organizatorem uroczysto\u015bci by\u0142<a href=\"https:\/\/www.facebook.com\/people\/Oddzia\u0142-Regionalny-PTTK-\u015al\u0105ska-Opolskiego\/100082209841849\/?__cft__%5b0%5d=AZUinO4Nh0ic0mGWEtlCnXKZWVOFdcJifNgDgN8p7eIjJ0biWwKXOFKDeUCGn6bahUKGropFg08jmxfG-IrKpThhbgVoVD1yj3tAV9EN-nIwbkTzx3NjhevzhZvRQQFsgD2KD9HianoQRjgPUDybca27_x3qBw1sSGmsRikEz6um5Q7xU36BZ9la8uag6NCrN9LfpKvKThx7jXyPgvywwiRg5CroM1p3KfdAqqZbTyg0_A&amp;__tn__=-%5dK-y-R\"> Oddzia\u0142 Regionalny PTTK \u015al\u0105ska Opolskieg<\/a>o. Patronatu honorowego oraz wsparcia finansowego udzieli\u0142 Urz\u0105d Marsza\u0142kowski, reprezentowany na obchodach przez Zast\u0119pc\u0119 Dyrektora Departamentu Sportu i Turystyki Bartosza Ostrowskiego, Urz\u0105d Wojew\u00f3dzki<a href=\"https:\/\/www.facebook.com\/PiotrPospiechWicewojewodaOpolski?__cft__%5b0%5d=AZUinO4Nh0ic0mGWEtlCnXKZWVOFdcJifNgDgN8p7eIjJ0biWwKXOFKDeUCGn6bahUKGropFg08jmxfG-IrKpThhbgVoVD1yj3tAV9EN-nIwbkTzx3NjhevzhZvRQQFsgD2KD9HianoQRjgPUDybca27_x3qBw1sSGmsRikEz6um5Q7xU36BZ9la8uag6NCrN9LfpKvKThx7jXyPgvywwiRg5CroM1p3KfdAqqZbTyg0_A&amp;__tn__=-%5dK-y-R\"> reprezentowa\u0142 Wicewojewoda Opolsk<\/a>i Piotr Po\u015bpiech. Pr\u00f3cz tego do wsp\u00f3\u0142organizacji Forum zaproszono Muzeum Wsi Opolskiej w Opolu z dyrektorem Jaros\u0142awem Ga\u0142\u0119z\u0105 i kustosz Magdalen\u0105 G\u00f3rniak-Bardzik. To dzi\u0119ki nim mo\u017cna by\u0142o podziwia\u0107 wystaw\u0119 fotograficzn\u0105 prac Fryderyka Kremsera oraz otrzyma\u0107 wznowiony katalog \u201eOdkrywanie \u015bwiata Fryderyka Kremsera\u201d. Forum wraz z uroczysto\u015bciami jubileuszowymi zosta\u0142o dofinansowane przez KFK ZG PTTK ze \u015brodk\u00f3w przyznanych przez Zarz\u0105d G\u0142\u00f3wny PTTK.<\/p>\n<p>Posta\u0107 Fryderyka Kremsera przybli\u017cy\u0142 zgromadzonym w Sali Or\u0142a Bia\u0142ego Opolskiego Urz\u0119du Marsza\u0142kowskiego prof. Stanis\u0142aw Nicieja z Uniwersytetu Opolskiego, a histori\u0119 Komisji Fotografii Krajoznawczej ZG PTTK \u2013 przewodnicz\u0105cy Andrzej Kowol. W trakcie uroczysto\u015bci mo\u017cna by\u0142o obejrze\u0107 tak\u017ce film dokumentalny \u201eM\u00f3j \u015al\u0105ski W\u0119ze\u0142\u201d, kt\u00f3ry stanowi integraln\u0105 cz\u0119\u015b\u0107 wystawy sprawiaj\u0105c wra\u017cenia, jakby sam Kremser opowiada\u0142 nam o swojej fotografii. Wiele pomocy przy tym projekcie okaza\u0142 Joachim Sosnowski \u2013 inicjator ratowania dorobku Fryderyka Kremsera oraz znawca jego tw\u00f3rczo\u015bci, a wszystko to spi\u0105\u0142 w ca\u0142o\u015b\u0107 kol. Jacek Ramus wraz z \u017con\u0105 Izabel\u0105 z OR PTTK \u015al\u0105ska Opolskiego. W\u0142adze Towarzystwa reprezentowali prezes Jerzy Kap\u0142on, wiceprezes Jakub Nowak i Waldemar Osypiuk i prowadz\u0105c uroczysto\u015bci<a href=\"https:\/\/www.facebook.com\/lucjuszbilik?__cft__%5b0%5d=AZUinO4Nh0ic0mGWEtlCnXKZWVOFdcJifNgDgN8p7eIjJ0biWwKXOFKDeUCGn6bahUKGropFg08jmxfG-IrKpThhbgVoVD1yj3tAV9EN-nIwbkTzx3NjhevzhZvRQQFsgD2KD9HianoQRjgPUDybca27_x3qBw1sSGmsRikEz6um5Q7xU36BZ9la8uag6NCrN9LfpKvKThx7jXyPgvywwiRg5CroM1p3KfdAqqZbTyg0_A&amp;__tn__=-%5dK-y-R\"> Lucjusz Bili<\/a>k, wiceprezes. Do Opola przyjecha\u0142a tak\u017ce rodzina Fryderyka Kremsera z synem Waldemarem Kremserem na czele oraz wiele os\u00f3b, kt\u00f3re kiedy\u015b wsp\u00f3\u0142pracowa\u0142y z wybitnym fotografem. Oczywi\u015bcie byli tak\u017ce Instruktorzy Fotografii Krajoznawczej PTTK i uczestnicy Forum. Integraln\u0105 cz\u0119\u015bci\u0105 imprezy by\u0142o uroczyste wr\u0119czenie Honorowej Nagrody im. Fryderyka Kremsera. Wyr\u00f3\u017cnienie odebrali: Jerzy Gazda, Waldemar Kremser i Roman Hlawacz. Wszyscy uczestnicy otrzymali tak\u017ce pami\u0105tkowy medal z podobizn\u0105 F. Kremsera. Uroczysto\u015bci jubileuszu 50-lecia Komisji Fotografii Krajoznawczej ZG PTTK wzbogaci\u0142a r\u00f3wnie\u017c firma FOTOPLUS z Krakowa umo\u017cliwiaj\u0105c zapoznanie si\u0119 ze swoj\u0105 ofert\u0105 fotograficzn\u0105.<\/p>\n<p>Dope\u0142nieniem uroczysto\u015bci by\u0142o ods\u0142oni\u0119cie pami\u0105tkowej tablicy na kamienicy, gdzie mie\u015bci\u0142a si\u0119 jedna z pracowni Fryderyka Kremsera (ul. Piastowska 22) oraz z\u0142o\u017cenie przez delegacj\u0119 kwiat\u00f3w na jego grobie. Reszta uczestnik\u00f3w uroczysto\u015bci odby\u0142a w tym czasie spacer z przewodniczk\u0105 po Opolu. Fotografuj\u0105cy zawsze zostawali w tyle, ale my, fotografowie-krajoznawcy jeste\u015bmy do tego przyzwyczajeni. W niedziel\u0119 za\u015b ch\u0119tni mogli wybra\u0107 si\u0119 na plener fotograficzny do Muzeum Wsi Opolskiej w pobliskich Bierkowicach, b\u0105d\u017a odszuka\u0107 ulic\u0119 Fryderyka Kremsera w Opolu.<\/p>\n<p><em>Serdecznie dzi\u0119kujemy wszystkim zaanga\u017cowanym w uroczysto\u015bci 50-lecia Komisji Fotografii Krajoznawczej ZG PTTK,<br \/>\n<\/em><em>a fotograf\u00f3w-krajoznawc\u00f3w zapraszamy w pa\u017adzierniku (11\u201313.10) na kontynuacj\u0119 obchod\u00f3w w czasie IV Zjazdu Klub\u00f3w i Komisji Fotografii Krajoznawczej oraz TRW PTTK w Go\u0142uchowie.<\/em><\/p>\n<div id=\"attachment_31203\" style=\"width: 390px\" class=\"wp-caption alignnone\"><a href=\"https:\/\/turysta2.pttk.pl\/wp-content\/uploads\/2024\/08\/Rozpoczecie-uroczystosci-fot.-Izabela-Rucinska-scaled.jpg\"><img loading=\"lazy\" decoding=\"async\" aria-describedby=\"caption-attachment-31203\" class=\" wp-image-31203\" src=\"https:\/\/turysta2.pttk.pl\/wp-content\/uploads\/2024\/08\/Rozpoczecie-uroczystosci-fot.-Izabela-Rucinska-300x200.jpg\" alt=\"\" width=\"380\" height=\"253\" srcset=\"https:\/\/turysta2.pttk.pl\/wp-content\/uploads\/2024\/08\/Rozpoczecie-uroczystosci-fot.-Izabela-Rucinska-300x200.jpg 300w, https:\/\/turysta2.pttk.pl\/wp-content\/uploads\/2024\/08\/Rozpoczecie-uroczystosci-fot.-Izabela-Rucinska-1024x683.jpg 1024w, https:\/\/turysta2.pttk.pl\/wp-content\/uploads\/2024\/08\/Rozpoczecie-uroczystosci-fot.-Izabela-Rucinska-768x512.jpg 768w, https:\/\/turysta2.pttk.pl\/wp-content\/uploads\/2024\/08\/Rozpoczecie-uroczystosci-fot.-Izabela-Rucinska-1536x1024.jpg 1536w, https:\/\/turysta2.pttk.pl\/wp-content\/uploads\/2024\/08\/Rozpoczecie-uroczystosci-fot.-Izabela-Rucinska-2048x1365.jpg 2048w\" sizes=\"auto, (max-width: 380px) 100vw, 380px\" \/><\/a><p id=\"caption-attachment-31203\" class=\"wp-caption-text\">Rozpocz\u0119cie uroczysto\u015bci<\/p><\/div>\n<div id=\"attachment_31205\" style=\"width: 390px\" class=\"wp-caption alignnone\"><a href=\"https:\/\/turysta2.pttk.pl\/wp-content\/uploads\/2024\/08\/Tablice-odslania-wnuk-F.-Kremsera-fot.-Izabela-Rucinska-scaled.jpg\"><img loading=\"lazy\" decoding=\"async\" aria-describedby=\"caption-attachment-31205\" class=\" wp-image-31205\" src=\"https:\/\/turysta2.pttk.pl\/wp-content\/uploads\/2024\/08\/Tablice-odslania-wnuk-F.-Kremsera-fot.-Izabela-Rucinska-300x200.jpg\" alt=\"\" width=\"380\" height=\"253\" srcset=\"https:\/\/turysta2.pttk.pl\/wp-content\/uploads\/2024\/08\/Tablice-odslania-wnuk-F.-Kremsera-fot.-Izabela-Rucinska-300x200.jpg 300w, https:\/\/turysta2.pttk.pl\/wp-content\/uploads\/2024\/08\/Tablice-odslania-wnuk-F.-Kremsera-fot.-Izabela-Rucinska-1024x683.jpg 1024w, https:\/\/turysta2.pttk.pl\/wp-content\/uploads\/2024\/08\/Tablice-odslania-wnuk-F.-Kremsera-fot.-Izabela-Rucinska-768x512.jpg 768w, https:\/\/turysta2.pttk.pl\/wp-content\/uploads\/2024\/08\/Tablice-odslania-wnuk-F.-Kremsera-fot.-Izabela-Rucinska-1536x1024.jpg 1536w, https:\/\/turysta2.pttk.pl\/wp-content\/uploads\/2024\/08\/Tablice-odslania-wnuk-F.-Kremsera-fot.-Izabela-Rucinska-2048x1365.jpg 2048w\" sizes=\"auto, (max-width: 380px) 100vw, 380px\" \/><\/a><p id=\"caption-attachment-31205\" class=\"wp-caption-text\">Tablic\u0119 ods\u0142ania wnuk Fryderyka Kremsera<\/p><\/div>\n<div id=\"attachment_31199\" style=\"width: 268px\" class=\"wp-caption alignnone\"><a href=\"https:\/\/turysta2.pttk.pl\/wp-content\/uploads\/2024\/08\/Wyklad-prof.-St.-Nicieji-fot.-Izabela-Rucinska-scaled.jpg\"><img loading=\"lazy\" decoding=\"async\" aria-describedby=\"caption-attachment-31199\" class=\" wp-image-31199\" src=\"https:\/\/turysta2.pttk.pl\/wp-content\/uploads\/2024\/08\/Wyklad-prof.-St.-Nicieji-fot.-Izabela-Rucinska-200x300.jpg\" alt=\"\" width=\"258\" height=\"387\" srcset=\"https:\/\/turysta2.pttk.pl\/wp-content\/uploads\/2024\/08\/Wyklad-prof.-St.-Nicieji-fot.-Izabela-Rucinska-200x300.jpg 200w, https:\/\/turysta2.pttk.pl\/wp-content\/uploads\/2024\/08\/Wyklad-prof.-St.-Nicieji-fot.-Izabela-Rucinska-683x1024.jpg 683w, https:\/\/turysta2.pttk.pl\/wp-content\/uploads\/2024\/08\/Wyklad-prof.-St.-Nicieji-fot.-Izabela-Rucinska-768x1152.jpg 768w, https:\/\/turysta2.pttk.pl\/wp-content\/uploads\/2024\/08\/Wyklad-prof.-St.-Nicieji-fot.-Izabela-Rucinska-1024x1536.jpg 1024w, https:\/\/turysta2.pttk.pl\/wp-content\/uploads\/2024\/08\/Wyklad-prof.-St.-Nicieji-fot.-Izabela-Rucinska-1365x2048.jpg 1365w, https:\/\/turysta2.pttk.pl\/wp-content\/uploads\/2024\/08\/Wyklad-prof.-St.-Nicieji-fot.-Izabela-Rucinska-scaled.jpg 1707w\" sizes=\"auto, (max-width: 258px) 100vw, 258px\" \/><\/a><p id=\"caption-attachment-31199\" class=\"wp-caption-text\">Wyk\u0142ad prof. Stanis\u0142awa Nicieji<\/p><\/div>\n<div id=\"attachment_31207\" style=\"width: 388px\" class=\"wp-caption alignnone\"><a href=\"https:\/\/turysta2.pttk.pl\/wp-content\/uploads\/2024\/08\/Pamiatkowe-dyplomy-dla-wspolorganizatorow-i-gosci-honorowych-fot.-Izabela-Rucinska-scaled.jpg\"><img loading=\"lazy\" decoding=\"async\" aria-describedby=\"caption-attachment-31207\" class=\" wp-image-31207\" src=\"https:\/\/turysta2.pttk.pl\/wp-content\/uploads\/2024\/08\/Pamiatkowe-dyplomy-dla-wspolorganizatorow-i-gosci-honorowych-fot.-Izabela-Rucinska-300x200.jpg\" alt=\"\" width=\"378\" height=\"252\" srcset=\"https:\/\/turysta2.pttk.pl\/wp-content\/uploads\/2024\/08\/Pamiatkowe-dyplomy-dla-wspolorganizatorow-i-gosci-honorowych-fot.-Izabela-Rucinska-300x200.jpg 300w, https:\/\/turysta2.pttk.pl\/wp-content\/uploads\/2024\/08\/Pamiatkowe-dyplomy-dla-wspolorganizatorow-i-gosci-honorowych-fot.-Izabela-Rucinska-1024x683.jpg 1024w, https:\/\/turysta2.pttk.pl\/wp-content\/uploads\/2024\/08\/Pamiatkowe-dyplomy-dla-wspolorganizatorow-i-gosci-honorowych-fot.-Izabela-Rucinska-768x512.jpg 768w, https:\/\/turysta2.pttk.pl\/wp-content\/uploads\/2024\/08\/Pamiatkowe-dyplomy-dla-wspolorganizatorow-i-gosci-honorowych-fot.-Izabela-Rucinska-1536x1024.jpg 1536w, https:\/\/turysta2.pttk.pl\/wp-content\/uploads\/2024\/08\/Pamiatkowe-dyplomy-dla-wspolorganizatorow-i-gosci-honorowych-fot.-Izabela-Rucinska-2048x1365.jpg 2048w\" sizes=\"auto, (max-width: 378px) 100vw, 378px\" \/><\/a><p id=\"caption-attachment-31207\" class=\"wp-caption-text\">Pami\u0105tkowe dyplomy dla wsp\u00f3\u0142organizator\u00f3w i go\u015bci honorowych<\/p><\/div>\n<div id=\"attachment_31197\" style=\"width: 391px\" class=\"wp-caption alignnone\"><a href=\"https:\/\/turysta2.pttk.pl\/wp-content\/uploads\/2024\/08\/Wyroznieni-Honorowa-Nagroda-im.-F.-Kremsera-fot.-Izabela-Rucinska-scaled.jpg\"><img loading=\"lazy\" decoding=\"async\" aria-describedby=\"caption-attachment-31197\" class=\" wp-image-31197\" src=\"https:\/\/turysta2.pttk.pl\/wp-content\/uploads\/2024\/08\/Wyroznieni-Honorowa-Nagroda-im.-F.-Kremsera-fot.-Izabela-Rucinska-300x200.jpg\" alt=\"\" width=\"381\" height=\"254\" srcset=\"https:\/\/turysta2.pttk.pl\/wp-content\/uploads\/2024\/08\/Wyroznieni-Honorowa-Nagroda-im.-F.-Kremsera-fot.-Izabela-Rucinska-300x200.jpg 300w, https:\/\/turysta2.pttk.pl\/wp-content\/uploads\/2024\/08\/Wyroznieni-Honorowa-Nagroda-im.-F.-Kremsera-fot.-Izabela-Rucinska-1024x683.jpg 1024w, https:\/\/turysta2.pttk.pl\/wp-content\/uploads\/2024\/08\/Wyroznieni-Honorowa-Nagroda-im.-F.-Kremsera-fot.-Izabela-Rucinska-768x512.jpg 768w, https:\/\/turysta2.pttk.pl\/wp-content\/uploads\/2024\/08\/Wyroznieni-Honorowa-Nagroda-im.-F.-Kremsera-fot.-Izabela-Rucinska-1536x1024.jpg 1536w, https:\/\/turysta2.pttk.pl\/wp-content\/uploads\/2024\/08\/Wyroznieni-Honorowa-Nagroda-im.-F.-Kremsera-fot.-Izabela-Rucinska-2048x1365.jpg 2048w\" sizes=\"auto, (max-width: 381px) 100vw, 381px\" \/><\/a><p id=\"caption-attachment-31197\" class=\"wp-caption-text\">Wyr\u00f3\u017cnieni Honorow\u0105 Nagrod\u0105 im. Fryderyka Kremsera<\/p><\/div>\n<div id=\"attachment_31201\" style=\"width: 393px\" class=\"wp-caption alignnone\"><a href=\"https:\/\/turysta2.pttk.pl\/wp-content\/uploads\/2024\/08\/Uczestnicy-Jubileuszu-fot.-Izabela-Rucinska-scaled.jpg\"><img loading=\"lazy\" decoding=\"async\" aria-describedby=\"caption-attachment-31201\" class=\" wp-image-31201\" src=\"https:\/\/turysta2.pttk.pl\/wp-content\/uploads\/2024\/08\/Uczestnicy-Jubileuszu-fot.-Izabela-Rucinska-300x200.jpg\" alt=\"\" width=\"383\" height=\"255\" srcset=\"https:\/\/turysta2.pttk.pl\/wp-content\/uploads\/2024\/08\/Uczestnicy-Jubileuszu-fot.-Izabela-Rucinska-300x200.jpg 300w, https:\/\/turysta2.pttk.pl\/wp-content\/uploads\/2024\/08\/Uczestnicy-Jubileuszu-fot.-Izabela-Rucinska-1024x683.jpg 1024w, https:\/\/turysta2.pttk.pl\/wp-content\/uploads\/2024\/08\/Uczestnicy-Jubileuszu-fot.-Izabela-Rucinska-768x512.jpg 768w, https:\/\/turysta2.pttk.pl\/wp-content\/uploads\/2024\/08\/Uczestnicy-Jubileuszu-fot.-Izabela-Rucinska-1536x1024.jpg 1536w, https:\/\/turysta2.pttk.pl\/wp-content\/uploads\/2024\/08\/Uczestnicy-Jubileuszu-fot.-Izabela-Rucinska-2048x1365.jpg 2048w\" sizes=\"auto, (max-width: 383px) 100vw, 383px\" \/><\/a><p id=\"caption-attachment-31201\" class=\"wp-caption-text\">Uczestnicy Jubileuszu<\/p><\/div>\n<div id=\"attachment_31195\" style=\"width: 394px\" class=\"wp-caption alignnone\"><a href=\"https:\/\/turysta2.pttk.pl\/wp-content\/uploads\/2024\/08\/Wystawa-prac-F.-Kremsera-fot.-Izabela-Rucinska-scaled.jpg\"><img loading=\"lazy\" decoding=\"async\" aria-describedby=\"caption-attachment-31195\" class=\" wp-image-31195\" src=\"https:\/\/turysta2.pttk.pl\/wp-content\/uploads\/2024\/08\/Wystawa-prac-F.-Kremsera-fot.-Izabela-Rucinska-300x200.jpg\" alt=\"\" width=\"384\" height=\"256\" srcset=\"https:\/\/turysta2.pttk.pl\/wp-content\/uploads\/2024\/08\/Wystawa-prac-F.-Kremsera-fot.-Izabela-Rucinska-300x200.jpg 300w, https:\/\/turysta2.pttk.pl\/wp-content\/uploads\/2024\/08\/Wystawa-prac-F.-Kremsera-fot.-Izabela-Rucinska-1024x683.jpg 1024w, https:\/\/turysta2.pttk.pl\/wp-content\/uploads\/2024\/08\/Wystawa-prac-F.-Kremsera-fot.-Izabela-Rucinska-768x512.jpg 768w, https:\/\/turysta2.pttk.pl\/wp-content\/uploads\/2024\/08\/Wystawa-prac-F.-Kremsera-fot.-Izabela-Rucinska-1536x1024.jpg 1536w, https:\/\/turysta2.pttk.pl\/wp-content\/uploads\/2024\/08\/Wystawa-prac-F.-Kremsera-fot.-Izabela-Rucinska-2048x1365.jpg 2048w\" sizes=\"auto, (max-width: 384px) 100vw, 384px\" \/><\/a><p id=\"caption-attachment-31195\" class=\"wp-caption-text\">Wystawa prac Fryderyka Kremsera<\/p><\/div>\n<div id=\"attachment_31193\" style=\"width: 394px\" class=\"wp-caption alignnone\"><a href=\"https:\/\/turysta2.pttk.pl\/wp-content\/uploads\/2024\/08\/Zwiedzanie-Opola-fot.-Izabela-Rucinska-scaled.jpg\"><img loading=\"lazy\" decoding=\"async\" aria-describedby=\"caption-attachment-31193\" class=\" wp-image-31193\" src=\"https:\/\/turysta2.pttk.pl\/wp-content\/uploads\/2024\/08\/Zwiedzanie-Opola-fot.-Izabela-Rucinska-300x200.jpg\" alt=\"\" width=\"384\" height=\"256\" srcset=\"https:\/\/turysta2.pttk.pl\/wp-content\/uploads\/2024\/08\/Zwiedzanie-Opola-fot.-Izabela-Rucinska-300x200.jpg 300w, https:\/\/turysta2.pttk.pl\/wp-content\/uploads\/2024\/08\/Zwiedzanie-Opola-fot.-Izabela-Rucinska-1024x683.jpg 1024w, https:\/\/turysta2.pttk.pl\/wp-content\/uploads\/2024\/08\/Zwiedzanie-Opola-fot.-Izabela-Rucinska-768x512.jpg 768w, https:\/\/turysta2.pttk.pl\/wp-content\/uploads\/2024\/08\/Zwiedzanie-Opola-fot.-Izabela-Rucinska-1536x1024.jpg 1536w, https:\/\/turysta2.pttk.pl\/wp-content\/uploads\/2024\/08\/Zwiedzanie-Opola-fot.-Izabela-Rucinska-2048x1365.jpg 2048w\" sizes=\"auto, (max-width: 384px) 100vw, 384px\" \/><\/a><p id=\"caption-attachment-31193\" class=\"wp-caption-text\">Zwiedzanie Opola<\/p><\/div>\n<div id=\"attachment_31209\" style=\"width: 275px\" class=\"wp-caption alignnone\"><a href=\"https:\/\/turysta2.pttk.pl\/wp-content\/uploads\/2024\/08\/Opolska-starowka-fot.-Izabela-Rucinska-scaled.jpg\"><img loading=\"lazy\" decoding=\"async\" aria-describedby=\"caption-attachment-31209\" class=\" wp-image-31209\" src=\"https:\/\/turysta2.pttk.pl\/wp-content\/uploads\/2024\/08\/Opolska-starowka-fot.-Izabela-Rucinska-200x300.jpg\" alt=\"\" width=\"265\" height=\"398\" srcset=\"https:\/\/turysta2.pttk.pl\/wp-content\/uploads\/2024\/08\/Opolska-starowka-fot.-Izabela-Rucinska-200x300.jpg 200w, https:\/\/turysta2.pttk.pl\/wp-content\/uploads\/2024\/08\/Opolska-starowka-fot.-Izabela-Rucinska-683x1024.jpg 683w, https:\/\/turysta2.pttk.pl\/wp-content\/uploads\/2024\/08\/Opolska-starowka-fot.-Izabela-Rucinska-768x1152.jpg 768w, https:\/\/turysta2.pttk.pl\/wp-content\/uploads\/2024\/08\/Opolska-starowka-fot.-Izabela-Rucinska-1024x1536.jpg 1024w, https:\/\/turysta2.pttk.pl\/wp-content\/uploads\/2024\/08\/Opolska-starowka-fot.-Izabela-Rucinska-1365x2048.jpg 1365w, https:\/\/turysta2.pttk.pl\/wp-content\/uploads\/2024\/08\/Opolska-starowka-fot.-Izabela-Rucinska-scaled.jpg 1707w\" sizes=\"auto, (max-width: 265px) 100vw, 265px\" \/><\/a><p id=\"caption-attachment-31209\" class=\"wp-caption-text\">Opolska star\u00f3wka<\/p><\/div>\n<p><strong>Fotografia towarzyszy krajoznawstwu i turystyce od pocz\u0105tku, czyli ju\u017c od po\u0142owy XIX wieku. Zar\u00f3wno cz\u0142onkowie Polskiego Towarzystwa Tatrza\u0144skiego, jak i Polskiego Towarzystwa Krajoznawczego fotografowali,<br \/>\na potem wykorzystywali swoje zdj\u0119cia do swoich cel\u00f3w statutowych.<\/strong><\/p>\n<p>Ze wzgl\u0119du na koszty sprz\u0119tu i materia\u0142\u00f3w fotograficznych by\u0142a to ekskluzywna dziedzina, ale dzi\u0119ki mo\u017cliwo\u015bci powielenia, potem wystawiania b\u0105d\u017a druku np. w \u201eZiemi\u201d lub w formie poczt\u00f3wek, mog\u0142a dociera\u0107 do szerszych kr\u0119g\u00f3w spo\u0142ecze\u0144stwa. Jej potencja\u0142 by\u0142 w PTK tak ceniony, \u017ce ju\u017c w 1908 roku powsta\u0142a Komisja Fotograficzna, maj\u0105ca w swoim sk\u0142adzie cz\u0142onk\u00f3w Zarz\u0105du Towarzystwa (np. Kazimierz Kulwie\u0107, Miko\u0142aj Wisznicki). Wtedy te\u017c okre\u015blono ramy definicji fotografii krajoznawczej, jako b\u0119d\u0105cej dokumentacj\u0105 pi\u0119kna ojczystego krajobrazu, przyrody, dzie\u0142 ludzkich r\u0105k,<br \/>\na jednocze\u015bnie nie pozbawion\u0105 walor\u00f3w artystycznych i patriotycznych.<\/p>\n<p>W okresie dwudziestolecia mi\u0119dzywojennego kontynuowano dzia\u0142ania podj\u0119te przed I wojn\u0105 \u015bwiatow\u0105, ale w PTK nacisk po\u0142o\u017cono na uporz\u0105dkowanie dotychczasowych struktur (w 1921 roku do PTK do\u0142\u0105czono Oddzia\u0142 Lwowski). Do momentu wybuchu II wojny \u015bwiatowej Komisja Fotograficzna nie wr\u00f3ci\u0142a do struktur ZG PTK, aczkolwiek znaczenie fotografii krajoznawczej oraz potrzeba systematycznego jej gromadzenia, opracowywania, a nast\u0119pnie udost\u0119pniania by\u0142o wielokrotnie podkre\u015blane. Wielk\u0105 rol\u0119 na rzecz poznawania ziem odrodzonej Polski stanowi\u0142y og\u00f3lnopolskie wystawy fotograficzne organizowane przez PTK.<\/p>\n<p>Druga wojna \u015bwiatowa przynios\u0142a \u015brodowisku fotograf\u00f3w krajoznawc\u00f3w PTK ogromne straty. W powsta\u0142ym w 1950 roku \u2013 z po\u0142\u0105czenia Polskiego Towarzystwa Krajoznawczego i Polskiego Towarzystwa Tatrza\u0144skiego \u2013 Polskim Towarzystwie Turystyczno-Krajoznawczym fotografia krajoznawcza by\u0142a wysoko ceniona. Dotychczasowi dzia\u0142acze PTK (J\u00f3zef Ko\u0142odziejczyk, Kazimierz Staszewski, Mieczys\u0142aw Or\u0142owicz i Jan Bu\u0142hak) dokumentowali powojenne zniszczenia,<br \/>\na nast\u0119pnie proces odbudowy kraju, a swoje dzia\u0142ania programowe kontynuowali w ramach PTTK.<\/p>\n<p>Stopniowo w ramach struktur PTTK powstawa\u0142y sekcje fotograficzne, a nast\u0119pnie komisje i kluby. Brak centralnej agendy zajmuj\u0105cej si\u0119 wtedy fotografi\u0105 krajoznawcz\u0105 utrudnia\u0142 integracj\u0119 \u015brodowiska fotograficznego. Pierwsz\u0105 \u201ejask\u00f3\u0142k\u0105\u201d zwiastuj\u0105c\u0105 unormowanie sytuacji w \u015brodowisku fotograf\u00f3w-krajoznawc\u00f3w by\u0142o powo\u0142anie 14 lutego 1962 roku Podkomisji Fotograficznej Komisji Krajoznawczej ZG PTTK. Mimo wielu niedoci\u0105gni\u0119\u0107 organizacyjnych, stanowi\u0142 to swego rodzaju katalizator do szerszych przedsi\u0119wzi\u0119\u0107 \u015brodowiska fotografuj\u0105cych krajoznawc\u00f3w. Podczas Kongresu Krajoznawczego w Opolu w 1970 roku odby\u0142o si\u0119 I Sympozjum Fotografii Krajoznawczej wraz z wystaw\u0105, za\u015b w kolejnym roku zosta\u0142 zorganizowany I Centralny Plener na Roztoczu. W 1972 roku odby\u0142o si\u0119 I Forum Fotografii Krajoznawczej. W tym te\u017c roku zapocz\u0105tkowano w Opolu Centralne Przegl\u0105dy Diapozytyw\u00f3w Krajoznawczych \u201eDiakraj\u201d, a w kolejnym roku \u2013 Przegl\u0105d Zestaw\u00f3w Przezroczy Ud\u017awi\u0119kowionych w Szczecinie. Ogromn\u0105 rol\u0119 dla popularyzacji idei fotografii w PTTK by\u0142o te\u017c wprowadzenie w 1972 roku trzystopniowej Odznaki Fotografii Krajoznawczej.<\/p>\n<p>Wszystkie te dzia\u0142ania doprowadzi\u0142y do utworzenia w czerwcu 1974 roku Komisji Fotografii Krajoznawczej przy ZG PTTK. Trzeba podkre\u015bli\u0107, \u017ce mocno o to zabiega\u0142 \u00f3wczesny przewodnicz\u0105cy Podkomisji \u2013 Fryderyk Kremser. On te\u017c stan\u0105\u0142 na czele nowej Komisji, prowadz\u0105c j\u0105 przez kolejne 20 lat. W trakcie pierwszej kadencji w KFK ZG PTTK znale\u017ali si\u0119: wiceprzewodnicz\u0105cy Pawe\u0142 Pier\u015bci\u0144ski (Kielce) i Jerzy Zienkiewicz (Gryfino), Jadwiga Rynkiewicz, a potem Ewa Michlewska (Warszawa) \u2013 sekretarze oraz cz\u0142onkowie: Lech Charewicz (Warszawa), Adam Czarnowski (Warszawa), Juliusz Garztecki (Warszawa), Henryk Gerli\u0144ski (Bytom), Henryk Hermanowicz (Krak\u00f3w), Krzysztof Kami\u0144ski (Gda\u0144sk), Jan Magierski (Lublin), Andrzej Przedlacki (Opole), Gustaw Russ (Warszawa), Zygmunt \u015awi\u0105tek (Warszawa), Grzegorz Witkiewicz (Gda\u0144sk) oraz Ryszard \u015amiech (Pabianice). Jako fachowy organ ZG PTTK i centralny przedstawiciel \u015brodowiska fotograf\u00f3w-krajoznawc\u00f3w, KFK za g\u0142\u00f3wne zadanie wyznaczy\u0142a sobie prowadzenie prac koncepcyjnych nad programem, wdra\u017canie oraz popularyzacj\u0119 organizacji, metodyki, historii, estetyki, a tak\u017ce ochron\u0119 archiwali\u00f3w zwi\u0105zanych z fotografi\u0105 krajoznawcz\u0105. Wa\u017cn\u0105 rol\u0119 mia\u0142o odgrywa\u0107 tak\u017ce rozwijanie \u015brodowiska i doskonalenie pracy instruktor\u00f3w, a tak\u017ce nawi\u0105zywanie kontakt\u00f3w z wybitnymi fotografami i korzystanie z ich do\u015bwiadcze\u0144. Pr\u00f3cz tego Komisja mia\u0142a si\u0119 zajmowa\u0107 koordynacj\u0105 dzia\u0142alno\u015bci ogniw fotograficznych PTTK, a tak\u017ce wsp\u00f3\u0142pracowa\u0107 z instytucjami pa\u0144stwowymi oraz organizacjami spo\u0142ecznymi i tw\u00f3rczymi. Komisja przyznawa\u0142a r\u00f3wnie\u017c Odznaki Fotografii Krajoznawczej oraz nadawa\u0142a wyr\u00f3\u017cnienia za osi\u0105gni\u0119cia i zas\u0142ugi na polu fotografii krajoznawczej \u2013 tak zreszt\u0105 czyni do dzisiaj. Najwy\u017csz\u0105 form\u0105 uznania zas\u0142ug w dziedzinie tw\u00f3rczo\u015bci artystycznej, organizacyjnej oraz popularyzacji fotografii krajoznawczej jest przyznawana od 1998 roku Nagroda Honorowa im. Fryderyka Kremsera.<\/p>\n<p>Przez kolejne lata dzia\u0142aniami KFK ZG PTTK kierowali: Fryderyk Kremser (1974\u20131991), Waldemar Doniec (1991\u20131997), Jerzy Wygoda (1997\u20132001), Zofia Lubczy\u0144ska (2001\u20132006), Jerzy Maciejewski (2006\u20132023), Andrzej Kowol (2023 \u2013 do dzisiaj). Przez nast\u0119pne kadencje Komisja zmaga\u0142a si\u0119 z r\u00f3\u017cnymi problemami i zadaniami, jednak\u017ce najbardziej pal\u0105cym okaza\u0142 si\u0119 brak mo\u017cliwo\u015bci archiwizowania dorobku fotograf\u00f3w-krajoznawc\u00f3w i jego ochrona. W wyniku szeregu dzia\u0142a\u0144, zar\u00f3wno Komisji, jak i aktywu \u015brodowiska fotograf\u00f3w-krajoznawc\u00f3w, uda\u0142o si\u0119 utworzy\u0107 w listopadzie 1988 roku Centrum Fotografii Krajoznawczej w \u0141odzi (oficjalne otwarcie nast\u0105pi\u0142o 25 listopada 1989 roku). Sta\u0142o si\u0119 ono siedzib\u0105 Komisji, a cz\u0119\u015b\u0107 zada\u0144 zosta\u0142o scedowanych na nowo utworzon\u0105 jednostk\u0119. Komisja wspiera merytorycznie CFK PTTK przede wszystkim przez udzia\u0142 jej cz\u0142onk\u00f3w w Radzie Programowej.<\/p>\n<div id=\"attachment_31215\" style=\"width: 405px\" class=\"wp-caption alignnone\"><a href=\"https:\/\/turysta2.pttk.pl\/wp-content\/uploads\/2024\/08\/Plener-GRECJA-86-fot.-Zbigniew-Fedyczek.jpg\"><img loading=\"lazy\" decoding=\"async\" aria-describedby=\"caption-attachment-31215\" class=\" wp-image-31215\" src=\"https:\/\/turysta2.pttk.pl\/wp-content\/uploads\/2024\/08\/Plener-GRECJA-86-fot.-Zbigniew-Fedyczek-300x198.jpg\" alt=\"\" width=\"395\" height=\"261\" srcset=\"https:\/\/turysta2.pttk.pl\/wp-content\/uploads\/2024\/08\/Plener-GRECJA-86-fot.-Zbigniew-Fedyczek-300x198.jpg 300w, https:\/\/turysta2.pttk.pl\/wp-content\/uploads\/2024\/08\/Plener-GRECJA-86-fot.-Zbigniew-Fedyczek-1024x675.jpg 1024w, https:\/\/turysta2.pttk.pl\/wp-content\/uploads\/2024\/08\/Plener-GRECJA-86-fot.-Zbigniew-Fedyczek-768x506.jpg 768w, https:\/\/turysta2.pttk.pl\/wp-content\/uploads\/2024\/08\/Plener-GRECJA-86-fot.-Zbigniew-Fedyczek.jpg 1382w\" sizes=\"auto, (max-width: 395px) 100vw, 395px\" \/><\/a><p id=\"caption-attachment-31215\" class=\"wp-caption-text\">Fryderyk Kremser w Grecji w 1986 roku fot. Zbigniew Fedyczek<\/p><\/div>\n<p>Pomimo trudno\u015bci okresu transformacji ustrojowej i braku wi\u0119kszych dotacji ze strony ZG PTTK, KFK utrzyma\u0142a organizowanie corocznego Forum Fotograf\u00f3w Krajoznawc\u00f3w PTTK po\u0142\u0105czonego z dawnym Centralnym Plenerem. Od 2021 roku co roku odbywaj\u0105 si\u0119 \u2013 zainicjowane przez Izabel\u0119 Ruci\u0144sk\u0105 \u2013 Zjazdy Klub\u00f3w i Komisji Fotografii Krajoznawczej oraz TRW PTTK. Dotychczas odby\u0142y si\u0119 w: \u0141odzi, Malborku i \u017barkach. Komisja inicjuje i wspiera swym patronatem szereg plener\u00f3w, konkurs\u00f3w i innych inicjatyw zwi\u0105zanych z promowaniem idei fotografii krajoznawczej.<\/p>\n<p><em>Tekst i zdj\u0119cia <\/em><strong><em>Izabela Ruci\u0144ska<\/em><\/strong><strong><em><br \/>\n<\/em><\/strong>Zas\u0142u\u017cony Instruktor Fotografii Krajoznawczej PTTK, Instruktor Krajoznawstwa PTTK, autor i wsp\u00f3\u0142autor przewodnik\u00f3w oraz artyku\u0142\u00f3w o \u0141odzi i regionie.<\/p>\n","protected":false},"excerpt":{"rendered":"W trakcie trwania XXXIV Og\u00f3lnopolskiego Forum Fotografii Krajoznawczej PTTK w Opolu, w dniach 14\u201316 czerwca 2024 roku, odby\u0142y si\u0119 obchody 50-lecia Komisji Fotografii Krajoznawczej ZG PTTK. Bezpo\u015brednim wsp\u00f3\u0142organizatorem uroczysto\u015bci by\u0142 Oddzia\u0142 Regionalny PTTK \u015al\u0105ska Opolskiego. Patronatu honorowego oraz wsparcia finansowego udzieli\u0142 Urz\u0105d Marsza\u0142kowski, reprezentowany na obchodach przez Zast\u0119pc\u0119 Dyrektora Departamentu Sportu i Turystyki Bartosza Ostrowskiego, Urz\u0105d Wojew\u00f3dzki reprezentowa\u0142 Wicewojewoda Opolski&nbsp;<a href=\"https:\/\/turysta2.pttk.pl\/?p=31189\" class=\"read-more\">Continue Reading<\/a>","protected":false},"author":13,"featured_media":31213,"comment_status":"closed","ping_status":"closed","sticky":false,"template":"","format":"standard","meta":{"footnotes":""},"categories":[90,11],"tags":[],"class_list":["post-31189","post","type-post","status-publish","format-standard","has-post-thumbnail","hentry","category-kalendarz-imprez","category-turysta-poleca","cat-90-id","cat-11-id"],"aioseo_notices":[],"_links":{"self":[{"href":"https:\/\/turysta2.pttk.pl\/index.php?rest_route=\/wp\/v2\/posts\/31189","targetHints":{"allow":["GET"]}}],"collection":[{"href":"https:\/\/turysta2.pttk.pl\/index.php?rest_route=\/wp\/v2\/posts"}],"about":[{"href":"https:\/\/turysta2.pttk.pl\/index.php?rest_route=\/wp\/v2\/types\/post"}],"author":[{"embeddable":true,"href":"https:\/\/turysta2.pttk.pl\/index.php?rest_route=\/wp\/v2\/users\/13"}],"replies":[{"embeddable":true,"href":"https:\/\/turysta2.pttk.pl\/index.php?rest_route=%2Fwp%2Fv2%2Fcomments&post=31189"}],"version-history":[{"count":4,"href":"https:\/\/turysta2.pttk.pl\/index.php?rest_route=\/wp\/v2\/posts\/31189\/revisions"}],"predecessor-version":[{"id":31223,"href":"https:\/\/turysta2.pttk.pl\/index.php?rest_route=\/wp\/v2\/posts\/31189\/revisions\/31223"}],"wp:featuredmedia":[{"embeddable":true,"href":"https:\/\/turysta2.pttk.pl\/index.php?rest_route=\/wp\/v2\/media\/31213"}],"wp:attachment":[{"href":"https:\/\/turysta2.pttk.pl\/index.php?rest_route=%2Fwp%2Fv2%2Fmedia&parent=31189"}],"wp:term":[{"taxonomy":"category","embeddable":true,"href":"https:\/\/turysta2.pttk.pl\/index.php?rest_route=%2Fwp%2Fv2%2Fcategories&post=31189"},{"taxonomy":"post_tag","embeddable":true,"href":"https:\/\/turysta2.pttk.pl\/index.php?rest_route=%2Fwp%2Fv2%2Ftags&post=31189"}],"curies":[{"name":"wp","href":"https:\/\/api.w.org\/{rel}","templated":true}]}}