{"id":31121,"date":"2024-06-24T12:00:36","date_gmt":"2024-06-24T10:00:36","guid":{"rendered":"https:\/\/turysta2.pttk.pl\/?p=31121"},"modified":"2024-06-24T12:00:36","modified_gmt":"2024-06-24T10:00:36","slug":"wesola-majowka-z-historia-i-tatrami-w-tle","status":"publish","type":"post","link":"https:\/\/turysta2.pttk.pl\/?p=31121","title":{"rendered":"Weso\u0142a maj\u00f3wka z histori\u0105 i Tatrami w tle"},"content":{"rendered":"<p><strong>Korzystaj\u0105c z wcze\u015bnie przyby\u0142ej tego roku wiosny, wybrali\u015bmy si\u0119 na Pog\u00f3rze Ro\u017cnowskie, na weso\u0142\u0105 wycieczk\u0119 \u0142\u0105cz\u0105c\u0105 histori\u0119 i pi\u0119kno krajobrazu.<\/strong><br \/>\nJeden z maj\u00f3wkowych wypad\u00f3w turystycznych organizowanych przez Oddzia\u0142 PTTK w Rzeszowie w ramach cyklu \u201eZa miasto z przewodnikiem PTTK\u201d, odby\u0142 si\u0119 na Pog\u00f3rzu Ro\u017cnowskim. To teren, gdzie w latach 1914\u20131915, w czasie Wielkiej Wojny, mia\u0142y miejsce zaci\u0119te walki. Do dzisiaj pozosta\u0142y po niej liczne \u015blady \u2013 majestatyczne cmentarze, ale i np. pozosta\u0142o\u015bci okop\u00f3w, czy \u015blady po artyleryjskim ostrzale. Wiosna w tym roku przysz\u0142a znacznie wcze\u015bniej ni\u017c zwykle, wi\u0119c woko\u0142o by\u0142o kwieci\u015bcie i \u017cywo zielono. W\u0119drowali\u015bmy niby po niewysokim terenie (wysoko\u015bci bezwzgl\u0119dne nie przekracza\u0142y bowiem 400 m n.p.m.), ale mogli\u015bmy na w\u0142asnej sk\u00f3rze przekona\u0107 si\u0119 o urozmaiconej rze\u017abie pog\u00f3rza\u0144skiego terenu \u2013 w trakcie trzech podej\u015b\u0107, pokonali\u015bmy prawie 600 m przewy\u017cszenia! Trasa wiod\u0142a przez lasy, kt\u00f3re zachwyci\u0142y nas \u015bwie\u017co\u015bci\u0105 zieleni na rozkwitaj\u0105cych drzewach i krzewach. Urocze (nomen-omen) uroczyska tutejszych strumyk\u00f3w, kt\u00f3re cudownie meandrowa\u0142y w\u015br\u00f3d stromych zboczy, tworzy\u0142y malownicze urwiska, ciekawe prze\u0142omy, niesamowite zakr\u0119tasy i zakola. Na fragmencie trasy d\u0142ugo\u015bci ok. 2\u20133 km przekraczali\u015bmy je kilkana\u015bcie razy! Przechodzili\u015bmy w okolicach najwy\u017cszego drzewa li\u015bciastego w Polsce (buk \u2013 o wysoko\u015bci 48,6 m \u2013 czwarty pod wzgl\u0119dem wysoko\u015bci buk na \u015bwiecie!!). Na razie jest trudno dost\u0119pny, jednak le\u015bnictwo Ple\u015bna jest na etapie wytyczenia \u015bcie\u017cki turystycznej \u2013 mamy wi\u0119c cel na kolejn\u0105 wypraw\u0119 w te tereny...<br \/>\nDotarli\u015bmy do czterech cmentarzy z czas\u00f3w I wojny \u015bwiatowej (numery 173, 191, 192 i 193). Po\u0142o\u017cone w\u015br\u00f3d le\u015bnych ost\u0119p\u00f3w, przypominaj\u0105 o tragicznych walkach z lat 1914\u20131915. Spoczywa na nich \u0142\u0105cznie ponad 1500 \u017co\u0142nierzy cesarstwa austro-w\u0119gierskiego i armii rosyjskiej. R\u00f3wno u\u0142o\u017cone groby, ale i monumentalne pomniki centralne, zachwycaj\u0105 (prawie) ka\u017cdego, kto je zobaczy. Do tego symboliczne i wymowne inskrypcje, kt\u00f3re wykuto na pomnikach: \u201eBohaterowie szturmowali to wzg\u00f3rze bronione przez bohater\u00f3w\u201d i \u201eWsp\u00f3lna ojczyzna wzywa wszystkich poleg\u0142ych\u201d. Wszystko przypomina o szczytnej idei, kt\u00f3r\u0105 kierowali si\u0119 tw\u00f3rcy i budowniczowie tych nekropolii \u2013 doceni\u0107 poleg\u0142ych nie tylko swojej, zwyci\u0119skiej armii, ale obu walcz\u0105cych stron. Kolejnym punktem wycieczki by\u0142a wie\u017ca widokowa w D\u0105br\u00f3wce Szczepanowskiej. Wprawdzie przejrzysto\u015b\u0107 powietrza nie by\u0142a idealna, ale mogli\u015bmy podziwia\u0107 widoki na Pog\u00f3rze Ro\u017cnowskie, rozleg\u0142\u0105 dolin\u0119 Dunajca, Tarn\u00f3w i okolice, ale przede wszystkim szerokie panoramy Beskid\u00f3w: Niskiego, S\u0105deckiego, Wyspowego, Makowskiego i oczywi\u015bcie Tatry. Znale\u017ali\u015bmy te\u017c czas na smakowanie kie\u0142basek i innych frykas\u00f3w, upieczonych samodzielnie przez uczestnik\u00f3w w\u0119dr\u00f3wki na ognisku. By\u0142o \u2013 w nawi\u0105zaniu do \u017co\u0142nierskiej doli \u2013 prawie wszystko: tu\u0142aczka, pot, \u0142zy (zabrak\u0142o tylko krwi, ale za ni\u0105 akurat chyba nikt nie t\u0119skni\u0142). By\u0142o b\u0142otko, s\u0142o\u0144ce i dla niekt\u00f3rych pierwsza opalenizna... By\u0142o te\u017c oczywi\u015bcie... weso\u0142o. Czyli tytu\u0142owa \u201eWeso\u0142a maj\u00f3wka z histori\u0105 i Tatrami w tle\u201d zosta\u0142a w pe\u0142ni zrealizowana! Do zobaczenia na kolejnych w\u0119dr\u00f3wkach.<\/p>\n<div id=\"attachment_31125\" style=\"width: 538px\" class=\"wp-caption alignnone\"><a href=\"https:\/\/turysta2.pttk.pl\/wp-content\/uploads\/2024\/06\/ostepy-miedzy-Lubinka-a-Dabrowka-fot.-Andrzej-Wesol-scaled.jpg\"><img loading=\"lazy\" decoding=\"async\" aria-describedby=\"caption-attachment-31125\" class=\" wp-image-31125\" src=\"https:\/\/turysta2.pttk.pl\/wp-content\/uploads\/2024\/06\/ostepy-miedzy-Lubinka-a-Dabrowka-fot.-Andrzej-Wesol-300x225.jpg\" alt=\"\" width=\"528\" height=\"396\" srcset=\"https:\/\/turysta2.pttk.pl\/wp-content\/uploads\/2024\/06\/ostepy-miedzy-Lubinka-a-Dabrowka-fot.-Andrzej-Wesol-300x225.jpg 300w, https:\/\/turysta2.pttk.pl\/wp-content\/uploads\/2024\/06\/ostepy-miedzy-Lubinka-a-Dabrowka-fot.-Andrzej-Wesol-1024x768.jpg 1024w, https:\/\/turysta2.pttk.pl\/wp-content\/uploads\/2024\/06\/ostepy-miedzy-Lubinka-a-Dabrowka-fot.-Andrzej-Wesol-768x576.jpg 768w, https:\/\/turysta2.pttk.pl\/wp-content\/uploads\/2024\/06\/ostepy-miedzy-Lubinka-a-Dabrowka-fot.-Andrzej-Wesol-1536x1152.jpg 1536w, https:\/\/turysta2.pttk.pl\/wp-content\/uploads\/2024\/06\/ostepy-miedzy-Lubinka-a-Dabrowka-fot.-Andrzej-Wesol-2048x1536.jpg 2048w, https:\/\/turysta2.pttk.pl\/wp-content\/uploads\/2024\/06\/ostepy-miedzy-Lubinka-a-Dabrowka-fot.-Andrzej-Wesol-200x150.jpg 200w\" sizes=\"auto, (max-width: 528px) 100vw, 528px\" \/><\/a><p id=\"caption-attachment-31125\" class=\"wp-caption-text\">Ost\u0119py mi\u0119dzy Lubink\u0105 a D\u0105br\u00f3wk\u0105 fot. Andrzej Wes\u00f3\u0142<\/p><\/div>\n<div id=\"attachment_31127\" style=\"width: 540px\" class=\"wp-caption alignnone\"><a href=\"https:\/\/turysta2.pttk.pl\/wp-content\/uploads\/2024\/06\/Pod-pomnikiem-centralnym-nr-193-fot.-Andrzej-Wesol-scaled.jpg\"><img loading=\"lazy\" decoding=\"async\" aria-describedby=\"caption-attachment-31127\" class=\" wp-image-31127\" src=\"https:\/\/turysta2.pttk.pl\/wp-content\/uploads\/2024\/06\/Pod-pomnikiem-centralnym-nr-193-fot.-Andrzej-Wesol-300x225.jpg\" alt=\"\" width=\"530\" height=\"397\" srcset=\"https:\/\/turysta2.pttk.pl\/wp-content\/uploads\/2024\/06\/Pod-pomnikiem-centralnym-nr-193-fot.-Andrzej-Wesol-300x225.jpg 300w, https:\/\/turysta2.pttk.pl\/wp-content\/uploads\/2024\/06\/Pod-pomnikiem-centralnym-nr-193-fot.-Andrzej-Wesol-1024x768.jpg 1024w, https:\/\/turysta2.pttk.pl\/wp-content\/uploads\/2024\/06\/Pod-pomnikiem-centralnym-nr-193-fot.-Andrzej-Wesol-768x576.jpg 768w, https:\/\/turysta2.pttk.pl\/wp-content\/uploads\/2024\/06\/Pod-pomnikiem-centralnym-nr-193-fot.-Andrzej-Wesol-1536x1152.jpg 1536w, https:\/\/turysta2.pttk.pl\/wp-content\/uploads\/2024\/06\/Pod-pomnikiem-centralnym-nr-193-fot.-Andrzej-Wesol-2048x1536.jpg 2048w, https:\/\/turysta2.pttk.pl\/wp-content\/uploads\/2024\/06\/Pod-pomnikiem-centralnym-nr-193-fot.-Andrzej-Wesol-200x150.jpg 200w\" sizes=\"auto, (max-width: 530px) 100vw, 530px\" \/><\/a><p id=\"caption-attachment-31127\" class=\"wp-caption-text\">Pod pomnikiem centralnym nr 193 w D\u0105br\u00f3wce Szczepanowskiej fot. Andrzej Wes\u00f3\u0142<\/p><\/div>\n<p><em>Tekst <\/em><strong>Andrzej <\/strong><strong>&#x1f60a; Wes\u00f3\u0142<\/strong><br \/>\nPrzewodnik beskidzki, Oddzia\u0142 PTTK w Rzeszowie.<\/p>\n","protected":false},"excerpt":{"rendered":"Korzystaj\u0105c z wcze\u015bnie przyby\u0142ej tego roku wiosny, wybrali\u015bmy si\u0119 na Pog\u00f3rze Ro\u017cnowskie, na weso\u0142\u0105 wycieczk\u0119 \u0142\u0105cz\u0105c\u0105 histori\u0119 i pi\u0119kno krajobrazu. Jeden z maj\u00f3wkowych wypad\u00f3w turystycznych organizowanych przez Oddzia\u0142 PTTK w Rzeszowie w ramach cyklu \u201eZa miasto z przewodnikiem PTTK\u201d, odby\u0142 si\u0119 na Pog\u00f3rzu Ro\u017cnowskim. To teren, gdzie w latach 1914\u20131915, w czasie Wielkiej Wojny, mia\u0142y miejsce zaci\u0119te walki. Do dzisiaj&nbsp;<a href=\"https:\/\/turysta2.pttk.pl\/?p=31121\" class=\"read-more\">Continue Reading<\/a>","protected":false},"author":13,"featured_media":31123,"comment_status":"closed","ping_status":"closed","sticky":false,"template":"","format":"standard","meta":{"footnotes":""},"categories":[71,41],"tags":[],"class_list":["post-31121","post","type-post","status-publish","format-standard","has-post-thumbnail","hentry","category-turystyka-gorska","category-turystyka-pttk","cat-71-id","cat-41-id"],"aioseo_notices":[],"_links":{"self":[{"href":"https:\/\/turysta2.pttk.pl\/index.php?rest_route=\/wp\/v2\/posts\/31121","targetHints":{"allow":["GET"]}}],"collection":[{"href":"https:\/\/turysta2.pttk.pl\/index.php?rest_route=\/wp\/v2\/posts"}],"about":[{"href":"https:\/\/turysta2.pttk.pl\/index.php?rest_route=\/wp\/v2\/types\/post"}],"author":[{"embeddable":true,"href":"https:\/\/turysta2.pttk.pl\/index.php?rest_route=\/wp\/v2\/users\/13"}],"replies":[{"embeddable":true,"href":"https:\/\/turysta2.pttk.pl\/index.php?rest_route=%2Fwp%2Fv2%2Fcomments&post=31121"}],"version-history":[{"count":1,"href":"https:\/\/turysta2.pttk.pl\/index.php?rest_route=\/wp\/v2\/posts\/31121\/revisions"}],"predecessor-version":[{"id":31129,"href":"https:\/\/turysta2.pttk.pl\/index.php?rest_route=\/wp\/v2\/posts\/31121\/revisions\/31129"}],"wp:featuredmedia":[{"embeddable":true,"href":"https:\/\/turysta2.pttk.pl\/index.php?rest_route=\/wp\/v2\/media\/31123"}],"wp:attachment":[{"href":"https:\/\/turysta2.pttk.pl\/index.php?rest_route=%2Fwp%2Fv2%2Fmedia&parent=31121"}],"wp:term":[{"taxonomy":"category","embeddable":true,"href":"https:\/\/turysta2.pttk.pl\/index.php?rest_route=%2Fwp%2Fv2%2Fcategories&post=31121"},{"taxonomy":"post_tag","embeddable":true,"href":"https:\/\/turysta2.pttk.pl\/index.php?rest_route=%2Fwp%2Fv2%2Ftags&post=31121"}],"curies":[{"name":"wp","href":"https:\/\/api.w.org\/{rel}","templated":true}]}}