{"id":31103,"date":"2024-06-24T11:51:57","date_gmt":"2024-06-24T09:51:57","guid":{"rendered":"https:\/\/turysta2.pttk.pl\/?p=31103"},"modified":"2024-06-24T11:51:57","modified_gmt":"2024-06-24T09:51:57","slug":"pierwszy-dzien-wiosny-na-trasach-trino","status":"publish","type":"post","link":"https:\/\/turysta2.pttk.pl\/?p=31103","title":{"rendered":"Pierwszy dzie\u0144 wiosny na trasach TRInO"},"content":{"rendered":"<p><strong>Poznawanie historii i walor\u00f3w krajoznawczych danego miejsca w ramach dobrej zabawy leg\u0142o u podstaw stworzenia TRInO, czyli turystyczno-rekreacyjnych imprez na orientacj\u0119. Ta nietypowa forma sp\u0119dzania czasu z roku na rok zdobywa sobie coraz wi\u0119ksze grono zwolennik\u00f3w. Systematycznie powi\u0119ksza si\u0119 te\u017c liczba dost\u0119pnych dla turyst\u00f3w tras. Coraz szybciej zbli\u017ca si\u0119 do tysi\u0105ca. Pierwszego dnia tegorocznej wiosny kolejne trasy zacz\u0119\u0142y funkcjonowa\u0107 w Trzcielu, Zb\u0105szyniu i Obornikach Wlkp.<\/strong><\/p>\n<p>Otwarcie nowych tras w Trzcielu i Zb\u0105szyniu sta\u0142a si\u0119 okazj\u0105 do ich pierwszego przej\u015bcia w ramach zorganizowanej przez Oddzia\u0142 PTTK w Szamotu\u0142ach imprezy \u201ePowitanie wiosny na trasach TRInO\u201d. Wzi\u0119\u0142o w niej udzia\u0142 428 uczestnik\u00f3w, kt\u00f3rzy bez wzgl\u0119du na zmienn\u0105 tego dnia pogod\u0105 wyruszyli z mapami w poszukiwaniu punkt\u00f3w kontrolnych. TRInO polega bowiem, najpro\u015bciej rzecz ujmuj\u0105c, na poznawaniu historii i walor\u00f3w krajoznawczych danej miejscowo\u015bci poprzez pokonanie okre\u015blonej trasy i odnalezienie zaznaczonych na mapie punkt\u00f3w kontrolnych. Przy okazji, obserwuj\u0105c wskazane miejsca trzeba odpowiedzie\u0107 na zadane pytania lub dopasowa\u0107 zamieszczone zdj\u0119cia (nie zawsze ca\u0142e, nie zawsze wsp\u00f3\u0142czesne). Pomys\u0142 na opracowanie kolejnych tras w kilku wielkopolskich miejscowo\u015bciach pojawi\u0142 si\u0119 podczas ubieg\u0142orocznego LXIV Og\u00f3lnopolskiego Wysokokwalifikowanego Rajdu Pieszego PTTK. W\u0119druj\u0105cy tras\u0105 nr 1 Wojtek Drozda z warszawskiego Harcerskiego Klubu Turystycznego PTTK \u201eTrep\u201d niejako przy okazji zbiera\u0142 materia\u0142y do opracowania nowych tras w Rogo\u017anie, Obornikach Wlkp., Pszczewie, Trzcielu i Zb\u0105szyniu. Pomys\u0142 spodoba\u0142 si\u0119 organizatorom OWRP i kiedy jesieni\u0105 powsta\u0142a pierwsza z tras prowadz\u0105ca ulicami Pszczewa, to z szamotulskiego oddzia\u0142u na jej testowanie w ci\u0105gu miesi\u0105ca wyruszy\u0142o ponad 300 uczestnik\u00f3w z siedmiu SKKT-PTTK. Wkr\u00f3tce gotowe by\u0142y kolejne trasy, kt\u00f3rych inauguracja odby\u0142a si\u0119 pierwszego dnia tegorocznej wiosny. W Trzcielu, niedu\u017cym miasteczku w powiecie mi\u0119dzyrzeckim na tras\u0119 wybra\u0142a si\u0119 niemal ca\u0142a szko\u0142a, a dok\u0142adnie 242 uczni\u00f3w, 28 nauczycieli i 29 rodzic\u00f3w. <em>Tak liczne uczestnictwo by\u0142o efektem corocznego udzia\u0142u naszych uczni\u00f3w w ciekawych przedsi\u0119wzi\u0119ciach i wydarzeniach, stanowi\u0105cych alternatyw\u0119 dla popularnych pierwszego dnia wiosny wagar\u00f3w. W tym roku wyb\u00f3r pad\u0142 na TRInO. Scenariusz gry wyda\u0142 mi si\u0119 na tyle atrakcyjny, a przekaz z niej p\u0142yn\u0105cy wa\u017cny ze wzgl\u0119du na walory poznawcze, \u017ce zaproponowa\u0142em udzia\u0142 ca\u0142ej spo\u0142eczno\u015bci szkolnej. Jak si\u0119 okaza\u0142o taki wyb\u00f3r okaza\u0142 si\u0119 strza\u0142em w dziesi\u0105tk\u0119<\/em> \u2013 informowa\u0142 dyrektor Zespo\u0142u Edukacyjnego w Trzcielu Dariusz Orzeszko. Trzcielsk\u0105 tras\u0119, wsp\u00f3lnie z jego uczniami, pokonywa\u0142a te\u017c m\u0142odzie\u017c z SKKT-PTTK z SP w Ostrorogu (29 os\u00f3b) i LO w Szamotu\u0142ach (tak\u017ce 29 os\u00f3b). Tym samym ustanowili oni wsp\u00f3lnie rekord w liczbie os\u00f3b, kt\u00f3re tego samego dnia przebyli jedn\u0105 tras\u0119 TRInO. Jak oceni\u0142 dyrektor ZE w Trzcielu: <em>Wszyscy uczestnicy zabawy byli zachwyceni tak\u0105 form\u0105 sp\u0119dzenia czasu na \u015bwie\u017cym powietrzu, po\u0142\u0105czon\u0105 z odkrywaniem ciekawostek o swojej ma\u0142ej ojczy\u017anie. Z wypiekami na twarzy i rado\u015bci\u0105 rozwi\u0105zywali kolejne zagadki. TRInO pozwoli\u0142o i dzieciom i doros\u0142ym odkry\u0107 nasze miasteczko z zupe\u0142nie innej, niezwykle ciekawej strony. Wszyscy uczestnicy zgodnie zadeklarowali ponowne przej\u015bcie trasy ze swoimi rodzinami i polecenie jej jako wyj\u0105tkowej formy sp\u0119dzania czasu.<\/em> Tego samego dnia nowa trasa TRInO zacz\u0119\u0142a tak\u017ce funkcjonowa\u0107 w Zb\u0105szyniu (powiat nowotomyski). Wsp\u00f3lnie pokonywa\u0142a j\u0105 m\u0142odzie\u017c z miejscowej szko\u0142y podstawowej oraz z SP nr 2 w Mi\u0119dzychodzie; w sumie 71 os\u00f3b. Na zako\u0144czenie zabawy czeka\u0142y na nich atrakcje w miejscowym Muzeum Regionu Koz\u0142a. Wszyscy uczestnicy \u201ePowitania wiosny na trasach TRInO\u201d otrzymali specjalne certyfikaty potwierdzaj\u0105ce fakt przebycia nowych tras. W ostatnich latach nast\u0105pi\u0142a prawdziwa eksplozja zainteresowania trasami TRInO. Jego fenomen polega m.in. na tym, \u017ce \u0142\u0105cz\u0105 one w sobie aktywno\u015b\u0107 ruchow\u0105 przy jednoczesnym zaspokojeniu potrzeb poznawczych. Co wa\u017cne, trasy mo\u017cna pokonywa\u0107 w dowolnym, dogodnym dla siebie czasie i wybranym towarzystwie. I to podoba si\u0119 uczestnikom, a dla tw\u00f3rc\u00f3w i popularyzator\u00f3w TRInO najwa\u017cniejsze s\u0105 pozytywne g\u0142osy uczestnik\u00f3w, kt\u00f3rych, jak wida\u0107 nie brakuje. Z niecierpliwo\u015bci\u0105 czekamy wi\u0119c na kolejne propozycje.<\/p>\n<p><em>S\u0142owa szczeg\u00f3lnego podzi\u0119kowania za pomoc w organizacji imprezy nale\u017c\u0105 si\u0119 te\u017c burmistrzowi Zb\u0105szynia i Nadle\u015bnictwu Trzciel.<\/em><\/p>\n<div id=\"attachment_31109\" style=\"width: 414px\" class=\"wp-caption alignnone\"><a href=\"https:\/\/turysta2.pttk.pl\/wp-content\/uploads\/2024\/06\/Zbaszyn_6_ASPZ.jpg\"><img loading=\"lazy\" decoding=\"async\" aria-describedby=\"caption-attachment-31109\" class=\" wp-image-31109\" src=\"https:\/\/turysta2.pttk.pl\/wp-content\/uploads\/2024\/06\/Zbaszyn_6_ASPZ-300x225.jpg\" alt=\"\" width=\"404\" height=\"303\" srcset=\"https:\/\/turysta2.pttk.pl\/wp-content\/uploads\/2024\/06\/Zbaszyn_6_ASPZ-300x225.jpg 300w, https:\/\/turysta2.pttk.pl\/wp-content\/uploads\/2024\/06\/Zbaszyn_6_ASPZ-1024x768.jpg 1024w, https:\/\/turysta2.pttk.pl\/wp-content\/uploads\/2024\/06\/Zbaszyn_6_ASPZ-768x576.jpg 768w, https:\/\/turysta2.pttk.pl\/wp-content\/uploads\/2024\/06\/Zbaszyn_6_ASPZ-1536x1152.jpg 1536w, https:\/\/turysta2.pttk.pl\/wp-content\/uploads\/2024\/06\/Zbaszyn_6_ASPZ-200x150.jpg 200w, https:\/\/turysta2.pttk.pl\/wp-content\/uploads\/2024\/06\/Zbaszyn_6_ASPZ.jpg 2048w\" sizes=\"auto, (max-width: 404px) 100vw, 404px\" \/><\/a><p id=\"caption-attachment-31109\" class=\"wp-caption-text\">Kilka uwag prezesa przed wyruszeniem na tras\u0119 po Zb\u0105szyniu<\/p><\/div>\n<div id=\"attachment_31113\" style=\"width: 411px\" class=\"wp-caption alignnone\"><a href=\"https:\/\/turysta2.pttk.pl\/wp-content\/uploads\/2024\/06\/Trzciel-ZE_2_AZET.jpg\"><img loading=\"lazy\" decoding=\"async\" aria-describedby=\"caption-attachment-31113\" class=\" wp-image-31113\" src=\"https:\/\/turysta2.pttk.pl\/wp-content\/uploads\/2024\/06\/Trzciel-ZE_2_AZET-300x225.jpg\" alt=\"\" width=\"401\" height=\"301\" srcset=\"https:\/\/turysta2.pttk.pl\/wp-content\/uploads\/2024\/06\/Trzciel-ZE_2_AZET-300x225.jpg 300w, https:\/\/turysta2.pttk.pl\/wp-content\/uploads\/2024\/06\/Trzciel-ZE_2_AZET-1024x768.jpg 1024w, https:\/\/turysta2.pttk.pl\/wp-content\/uploads\/2024\/06\/Trzciel-ZE_2_AZET-768x576.jpg 768w, https:\/\/turysta2.pttk.pl\/wp-content\/uploads\/2024\/06\/Trzciel-ZE_2_AZET-1536x1152.jpg 1536w, https:\/\/turysta2.pttk.pl\/wp-content\/uploads\/2024\/06\/Trzciel-ZE_2_AZET-200x150.jpg 200w, https:\/\/turysta2.pttk.pl\/wp-content\/uploads\/2024\/06\/Trzciel-ZE_2_AZET.jpg 1600w\" sizes=\"auto, (max-width: 401px) 100vw, 401px\" \/><\/a><p id=\"caption-attachment-31113\" class=\"wp-caption-text\">Jeden z punkt\u00f3w kontrolnych znajdowa\u0142 si\u0119<br \/>na starym cmentarzu w Trzcielu<\/p><\/div>\n<div id=\"attachment_31115\" style=\"width: 410px\" class=\"wp-caption alignnone\"><a href=\"https:\/\/turysta2.pttk.pl\/wp-content\/uploads\/2024\/06\/Trzciel-OS_13_ASPO.jpg\"><img loading=\"lazy\" decoding=\"async\" aria-describedby=\"caption-attachment-31115\" class=\" wp-image-31115\" src=\"https:\/\/turysta2.pttk.pl\/wp-content\/uploads\/2024\/06\/Trzciel-OS_13_ASPO-300x220.jpg\" alt=\"\" width=\"400\" height=\"293\" srcset=\"https:\/\/turysta2.pttk.pl\/wp-content\/uploads\/2024\/06\/Trzciel-OS_13_ASPO-300x220.jpg 300w, https:\/\/turysta2.pttk.pl\/wp-content\/uploads\/2024\/06\/Trzciel-OS_13_ASPO-1024x750.jpg 1024w, https:\/\/turysta2.pttk.pl\/wp-content\/uploads\/2024\/06\/Trzciel-OS_13_ASPO-768x563.jpg 768w, https:\/\/turysta2.pttk.pl\/wp-content\/uploads\/2024\/06\/Trzciel-OS_13_ASPO.jpg 1373w\" sizes=\"auto, (max-width: 400px) 100vw, 400px\" \/><\/a><p id=\"caption-attachment-31115\" class=\"wp-caption-text\">Mapy uczestnikom wr\u0119cza\u0142 dyrektor Zespo\u0142u Edukacyjnego<br \/>w Trzcielu Dariusz Orzeszko<\/p><\/div>\n<div id=\"attachment_31111\" style=\"width: 488px\" class=\"wp-caption alignnone\"><a href=\"https:\/\/turysta2.pttk.pl\/wp-content\/uploads\/2024\/06\/Zbaszyn_4_ASPZ.jpg\"><img loading=\"lazy\" decoding=\"async\" aria-describedby=\"caption-attachment-31111\" class=\" wp-image-31111\" src=\"https:\/\/turysta2.pttk.pl\/wp-content\/uploads\/2024\/06\/Zbaszyn_4_ASPZ-300x225.jpg\" alt=\"\" width=\"478\" height=\"358\" srcset=\"https:\/\/turysta2.pttk.pl\/wp-content\/uploads\/2024\/06\/Zbaszyn_4_ASPZ-300x225.jpg 300w, https:\/\/turysta2.pttk.pl\/wp-content\/uploads\/2024\/06\/Zbaszyn_4_ASPZ-1024x768.jpg 1024w, https:\/\/turysta2.pttk.pl\/wp-content\/uploads\/2024\/06\/Zbaszyn_4_ASPZ-768x576.jpg 768w, https:\/\/turysta2.pttk.pl\/wp-content\/uploads\/2024\/06\/Zbaszyn_4_ASPZ-1536x1152.jpg 1536w, https:\/\/turysta2.pttk.pl\/wp-content\/uploads\/2024\/06\/Zbaszyn_4_ASPZ-200x150.jpg 200w, https:\/\/turysta2.pttk.pl\/wp-content\/uploads\/2024\/06\/Zbaszyn_4_ASPZ.jpg 2048w\" sizes=\"auto, (max-width: 478px) 100vw, 478px\" \/><\/a><p id=\"caption-attachment-31111\" class=\"wp-caption-text\">Wsp\u00f3lne zdj\u0119cie m\u0142odzie\u017cy z SP w Zb\u0105szyniu i SP nr 2 w Mi\u0119dzychodzie<\/p><\/div>\n<p><em>Tekst<\/em> <strong>Pawe\u0142 Mordal<\/strong><br \/>\nPrezes Oddzia\u0142u PTTK w Szamotu\u0142ach, krajoznawca i regionalista, przodownik turystyki pieszej i INO,<br \/>\nCz\u0142onek Honorowy PTTK.<\/p>\n<p><em>Zdj\u0119cia: <\/em><strong>Archiwum ZE w Trzcielu, Archiwum SP w Zb\u0105szyniu,<br \/>\nArchiwum SP w Ostrorogu<\/strong><\/p>\n","protected":false},"excerpt":{"rendered":"Poznawanie historii i walor\u00f3w krajoznawczych danego miejsca w ramach dobrej zabawy leg\u0142o u podstaw stworzenia TRInO, czyli turystyczno-rekreacyjnych imprez na orientacj\u0119. Ta nietypowa forma sp\u0119dzania czasu z roku na rok zdobywa sobie coraz wi\u0119ksze grono zwolennik\u00f3w. Systematycznie powi\u0119ksza si\u0119 te\u017c liczba dost\u0119pnych dla turyst\u00f3w tras. Coraz szybciej zbli\u017ca si\u0119 do tysi\u0105ca. Pierwszego dnia tegorocznej wiosny kolejne trasy zacz\u0119\u0142y funkcjonowa\u0107 w&nbsp;<a href=\"https:\/\/turysta2.pttk.pl\/?p=31103\" class=\"read-more\">Continue Reading<\/a>","protected":false},"author":13,"featured_media":31107,"comment_status":"closed","ping_status":"closed","sticky":false,"template":"","format":"standard","meta":{"footnotes":""},"categories":[68,41],"tags":[],"class_list":["post-31103","post","type-post","status-publish","format-standard","has-post-thumbnail","hentry","category-turystyka-piesza","category-turystyka-pttk","cat-68-id","cat-41-id"],"aioseo_notices":[],"_links":{"self":[{"href":"https:\/\/turysta2.pttk.pl\/index.php?rest_route=\/wp\/v2\/posts\/31103","targetHints":{"allow":["GET"]}}],"collection":[{"href":"https:\/\/turysta2.pttk.pl\/index.php?rest_route=\/wp\/v2\/posts"}],"about":[{"href":"https:\/\/turysta2.pttk.pl\/index.php?rest_route=\/wp\/v2\/types\/post"}],"author":[{"embeddable":true,"href":"https:\/\/turysta2.pttk.pl\/index.php?rest_route=\/wp\/v2\/users\/13"}],"replies":[{"embeddable":true,"href":"https:\/\/turysta2.pttk.pl\/index.php?rest_route=%2Fwp%2Fv2%2Fcomments&post=31103"}],"version-history":[{"count":3,"href":"https:\/\/turysta2.pttk.pl\/index.php?rest_route=\/wp\/v2\/posts\/31103\/revisions"}],"predecessor-version":[{"id":31119,"href":"https:\/\/turysta2.pttk.pl\/index.php?rest_route=\/wp\/v2\/posts\/31103\/revisions\/31119"}],"wp:featuredmedia":[{"embeddable":true,"href":"https:\/\/turysta2.pttk.pl\/index.php?rest_route=\/wp\/v2\/media\/31107"}],"wp:attachment":[{"href":"https:\/\/turysta2.pttk.pl\/index.php?rest_route=%2Fwp%2Fv2%2Fmedia&parent=31103"}],"wp:term":[{"taxonomy":"category","embeddable":true,"href":"https:\/\/turysta2.pttk.pl\/index.php?rest_route=%2Fwp%2Fv2%2Fcategories&post=31103"},{"taxonomy":"post_tag","embeddable":true,"href":"https:\/\/turysta2.pttk.pl\/index.php?rest_route=%2Fwp%2Fv2%2Ftags&post=31103"}],"curies":[{"name":"wp","href":"https:\/\/api.w.org\/{rel}","templated":true}]}}