{"id":31089,"date":"2024-06-24T11:28:06","date_gmt":"2024-06-24T09:28:06","guid":{"rendered":"https:\/\/turysta2.pttk.pl\/?p=31089"},"modified":"2024-06-24T11:28:06","modified_gmt":"2024-06-24T09:28:06","slug":"dolnoslaski-szlak-zamkow-piastowskich","status":"publish","type":"post","link":"https:\/\/turysta2.pttk.pl\/?p=31089","title":{"rendered":"Dolno\u015bl\u0105ski szlak zamk\u00f3w piastowskich"},"content":{"rendered":"<p><strong>Trasa z Wroc\u0142awia przez Jelcz-Laskowice, O\u0142aw\u0119, Ma\u0142ujowice do Brzegu przedstawia najciekawsze zamki po\u0142o\u017cone po lewej stronie Odry zwi\u0105zane z piastowskimi w\u0142adcami. Jest to doskona\u0142a propozycja na jednodniow\u0105 wypraw\u0119, w czasie kt\u00f3rej poznamy kilka dolno\u015bl\u0105skich pere\u0142 architektury.<\/strong><\/p>\n<p>Z Wroc\u0142awia wyje\u017cd\u017camy w kierunku po\u0142udniowo-wschodnim i drog\u0105 nr 455 docieramy do Jelcza- -Laskowic. Na po\u0142udniowym kra\u0144cu wsi, na wyspie po\u0142o\u017conej na starorzeczu Odry wznosz\u0105 si\u0119 pozosta\u0142o\u015bci zamku. By\u0142 to wczesnogotycki dw\u00f3r ksi\u0105\u017c\u0119cy, kt\u00f3ry stanowi\u0142 posadowiony na kamiennych fundamentach prostok\u0105tny budynek. Do dzi\u015b zachowa\u0142a si\u0119 kondygnacja przyziemia z\u0142o\u017cona z trzech izb, skomunikowanych ze sob\u0105 na osi budynku. Z Jelcza drog\u0105 nr 455 jedziemy na po\u0142udnie do O\u0142awy. W zachodniej cz\u0119\u015bci miasta znajduje si\u0119 renesansowo-barokowy zamek Sobieskich. Budow\u0119 rozpocz\u0105\u0142 w 1541 roku mistrz Jakub z Mediolanu, a kontynuowa\u0142 j\u0105 od 1588 roku, r\u00f3wnie\u017c W\u0142och, Bernard Niuron. Kolejn\u0105 rozbudow\u0119 przeprowadzi\u0142a w latach 1673\u20131680 ksi\u0119\u017cna Ludwika Anhalcka. Za rz\u0105d\u00f3w Jakuba Sobieskiego zamek otrzyma\u0142 nowe wyposa\u017cenie wn\u0119trz. W centrum rynku wznosi si\u0119 neoklasycystyczny ratusz z 1832 roku. Barokowa wie\u017ca ma cztery tarcze zegara i cztery figury poruszaj\u0105ce si\u0119 przy wybijaniu godzin.<\/p>\n<div id=\"attachment_31091\" style=\"width: 436px\" class=\"wp-caption alignnone\"><a href=\"https:\/\/turysta2.pttk.pl\/wp-content\/uploads\/2024\/06\/2.-Ratusz_Olawski_2-fot.-Jar.ciurus-Wikimedia-Commons.jpg\"><img loading=\"lazy\" decoding=\"async\" aria-describedby=\"caption-attachment-31091\" class=\" wp-image-31091\" src=\"https:\/\/turysta2.pttk.pl\/wp-content\/uploads\/2024\/06\/2.-Ratusz_Olawski_2-fot.-Jar.ciurus-Wikimedia-Commons-300x187.jpg\" alt=\"\" width=\"426\" height=\"266\" srcset=\"https:\/\/turysta2.pttk.pl\/wp-content\/uploads\/2024\/06\/2.-Ratusz_Olawski_2-fot.-Jar.ciurus-Wikimedia-Commons-300x187.jpg 300w, https:\/\/turysta2.pttk.pl\/wp-content\/uploads\/2024\/06\/2.-Ratusz_Olawski_2-fot.-Jar.ciurus-Wikimedia-Commons-1024x639.jpg 1024w, https:\/\/turysta2.pttk.pl\/wp-content\/uploads\/2024\/06\/2.-Ratusz_Olawski_2-fot.-Jar.ciurus-Wikimedia-Commons-768x479.jpg 768w, https:\/\/turysta2.pttk.pl\/wp-content\/uploads\/2024\/06\/2.-Ratusz_Olawski_2-fot.-Jar.ciurus-Wikimedia-Commons-1536x959.jpg 1536w, https:\/\/turysta2.pttk.pl\/wp-content\/uploads\/2024\/06\/2.-Ratusz_Olawski_2-fot.-Jar.ciurus-Wikimedia-Commons-2048x1278.jpg 2048w\" sizes=\"auto, (max-width: 426px) 100vw, 426px\" \/><\/a><p id=\"caption-attachment-31091\" class=\"wp-caption-text\">Ratusz w O\u0142awie<\/p><\/div>\n<p>W po\u0142udniowo-wschodniej cz\u0119\u015bci rynku stoi ko\u015bci\u00f3\u0142 parafialny pw. Matki Bo\u017cej Pocieszenia. Z gotyckiego ko\u015bcio\u0142a z oko\u0142o 1300 roku zachowa\u0142o si\u0119 prezbiterium, do kt\u00f3rego dobudowano w 1587 roku korpus nawowy, wie\u017c\u0119 i zakrysti\u0119. Z O\u0142awy jedziemy na wsch\u00f3d drog\u0105 nr 94. W Godzikowicach skr\u0119camy na zach\u00f3d w drog\u0119 nr 346. Po 1 km skr\u0119camy na po\u0142udnie w kierunku Osieka i dalej jedziemy do Ole\u015bnicy Ma\u0142ej. Znajduje si\u0119 tu okaza\u0142y zesp\u00f3\u0142 pa\u0142acowo-parkowy. Pierwotnie by\u0142a to jedna z siedzib Henryka I Brodatego. W latach 1226\u20131312 mie\u015bci\u0142a si\u0119 tu pierwsza na ziemiach polskich komandoria templariuszy. Od 1815 do 1945 roku kompleks stanowi\u0142 w\u0142asno\u015b\u0107 rodziny Yorck von Wartenburg. W czasie II wojny \u015bwiatowej Peter Yorck by\u0142 wsp\u00f3\u0142za\u0142o\u017cycielem antyhitlerowskiej organizacji Kr\u0105g Krzy\u017cowej. Obecnie w pa\u0142acu znajduje si\u0119 siedziba Zak\u0142adu Do\u015bwiadczalnego Hodowli i Aklimatyzacji Ro\u015blin. W skrzydle po\u0142udniowym mie\u015bci si\u0119 ko\u015bci\u00f3\u0142 pod wezwaniem \u015bw. Wawrzy\u0144ca Diakona. W parku otaczaj\u0105cym pa\u0142ac na wsch\u00f3d od niego znajduje si\u0119 Mauzoleum rodziny Yorck von Wartenburg. Ze wsi wyje\u017cd\u017camy w kierunku p\u00f3\u0142nocno- -zachodnim do Owczar, st\u0105d drog\u0105 nr 39 docieramy do Ma\u0142ujowic. We wsi znajduje si\u0119 gotycki ko\u015bci\u00f3\u0142 pw. \u015bw. Jakuba Aposto\u0142a, zbudowany w 1250 roku. W latach 60. XIV wieku wykonany zosta\u0142 przez artyst\u0119 ze szko\u0142y praskiej cykl bogatych polichromii o tematyce staro- i nowotestamentowej, pomy\u015blany jako biblia pauperum. W\u015br\u00f3d malowide\u0142 mo\u017cna podziwia\u0107: Stworzenie Ewy, Grzech pierworodny i Wygnanie z Raju, Dzieci\u0144stwo Chrystusa oraz Cnoty Krzy\u017cuj\u0105ce Chrystusa. W zwi\u0105zku z tymi polichromiami ma\u0142ujowicki ko\u015bci\u00f3\u0142 cz\u0119sto nazywany jest \u201e\u015bl\u0105sk\u0105 Sykstyn\u0105\u201d.<\/p>\n<div id=\"attachment_31095\" style=\"width: 432px\" class=\"wp-caption alignnone\"><a href=\"https:\/\/turysta2.pttk.pl\/wp-content\/uploads\/2024\/06\/4.-Wnetrze-kosciola-w-Malujowicach-fot.-J.-Maciejewski-scaled.jpg\"><img loading=\"lazy\" decoding=\"async\" aria-describedby=\"caption-attachment-31095\" class=\" wp-image-31095\" src=\"https:\/\/turysta2.pttk.pl\/wp-content\/uploads\/2024\/06\/4.-Wnetrze-kosciola-w-Malujowicach-fot.-J.-Maciejewski-300x200.jpg\" alt=\"\" width=\"422\" height=\"281\" srcset=\"https:\/\/turysta2.pttk.pl\/wp-content\/uploads\/2024\/06\/4.-Wnetrze-kosciola-w-Malujowicach-fot.-J.-Maciejewski-300x200.jpg 300w, https:\/\/turysta2.pttk.pl\/wp-content\/uploads\/2024\/06\/4.-Wnetrze-kosciola-w-Malujowicach-fot.-J.-Maciejewski-1024x683.jpg 1024w, https:\/\/turysta2.pttk.pl\/wp-content\/uploads\/2024\/06\/4.-Wnetrze-kosciola-w-Malujowicach-fot.-J.-Maciejewski-768x512.jpg 768w, https:\/\/turysta2.pttk.pl\/wp-content\/uploads\/2024\/06\/4.-Wnetrze-kosciola-w-Malujowicach-fot.-J.-Maciejewski-1536x1024.jpg 1536w, https:\/\/turysta2.pttk.pl\/wp-content\/uploads\/2024\/06\/4.-Wnetrze-kosciola-w-Malujowicach-fot.-J.-Maciejewski-2048x1365.jpg 2048w\" sizes=\"auto, (max-width: 422px) 100vw, 422px\" \/><\/a><p id=\"caption-attachment-31095\" class=\"wp-caption-text\">Wn\u0119trze ko\u015bcio\u0142a \u015bw. Jakuba Aposto\u0142a w Ma\u0142ujowicach. Ponad 1300 m kw. polichromii fot. J. Maciejewski<\/p><\/div>\n<div id=\"attachment_31093\" style=\"width: 431px\" class=\"wp-caption alignnone\"><a href=\"https:\/\/turysta2.pttk.pl\/wp-content\/uploads\/2024\/06\/3.-SM_Malujowice_KosciolswJakubas-scaled.jpg\"><img loading=\"lazy\" decoding=\"async\" aria-describedby=\"caption-attachment-31093\" class=\" wp-image-31093\" src=\"https:\/\/turysta2.pttk.pl\/wp-content\/uploads\/2024\/06\/3.-SM_Malujowice_KosciolswJakubas-300x200.jpg\" alt=\"\" width=\"421\" height=\"280\" srcset=\"https:\/\/turysta2.pttk.pl\/wp-content\/uploads\/2024\/06\/3.-SM_Malujowice_KosciolswJakubas-300x200.jpg 300w, https:\/\/turysta2.pttk.pl\/wp-content\/uploads\/2024\/06\/3.-SM_Malujowice_KosciolswJakubas-1024x683.jpg 1024w, https:\/\/turysta2.pttk.pl\/wp-content\/uploads\/2024\/06\/3.-SM_Malujowice_KosciolswJakubas-768x512.jpg 768w, https:\/\/turysta2.pttk.pl\/wp-content\/uploads\/2024\/06\/3.-SM_Malujowice_KosciolswJakubas-1536x1024.jpg 1536w, https:\/\/turysta2.pttk.pl\/wp-content\/uploads\/2024\/06\/3.-SM_Malujowice_KosciolswJakubas-2048x1365.jpg 2048w\" sizes=\"auto, (max-width: 421px) 100vw, 421px\" \/><\/a><p id=\"caption-attachment-31093\" class=\"wp-caption-text\">Ko\u015bci\u00f3\u0142 \u015bw. Jakuba Aposto\u0142a w Ma\u0142ujowicach<\/p><\/div>\n<p>Jad\u0105c dalej drog\u0105 nr 39 docieramy do Brzegu. W zachodniej cz\u0119\u015bci miasta stoi renesansowy zamek Piast\u00f3w \u015al\u0105skich. Budowla z XIII\u2013XVI wieku zwana jest \u015bl\u0105skim Wawelem. Na pl. Zamkowym stoi wzniesiony w 1731 roku pomnik \u015bw. Tr\u00f3jcy. Przy placu znajduje si\u0119 ko\u015bci\u00f3\u0142 Podwy\u017cszenia Krzy\u017ca \u015awi\u0119tego z XVIII wieku z iluzjonistycznymi freskami Jana Kubena z lat 1739\u2013 1745. Przed ko\u015bcio\u0142em stoj\u0105 barokowe figury Jana Nepomucena i Tadeusza Judy z 1722 roku. Planty brzeskie to pozosta\u0142o\u015bci twierdzy bastionowej wzniesionej wok\u00f3\u0142 \u015bredniowiecznego miasta. Jej budow\u0119 rozpocz\u0119to w 1572 roku. By\u0142a kilkakrotnie rozbudowywana w XVII\u2013XIX wieku. Ostatecznie rozebrana w 1807 roku zamieniona zosta\u0142a na zesp\u00f3\u0142 park\u00f3w. W pobli\u017cu zamku, na brzegu Odry, stoi Brama Odrza\u0144ska z lat 1595\u20131596. W rynku znajduje si\u0119 ratusz z XIV wieku, przebudowany w latach 1569\u20131572. W zachodniej cz\u0119\u015bci miasta wznosi si\u0119 gotycki ko\u015bci\u00f3\u0142 pw. \u015bw. Miko\u0142aja z lat 1370\u20131417. W zakrystii mo\u017cna obejrze\u0107 \u015bredniowieczne polichromie. Z Brzegu wracamy do Wroc\u0142awia drog\u0105 nr 94.<\/p>\n<div id=\"attachment_31097\" style=\"width: 429px\" class=\"wp-caption alignnone\"><a href=\"https:\/\/turysta2.pttk.pl\/wp-content\/uploads\/2024\/06\/Plik_3-scaled.jpg\"><img loading=\"lazy\" decoding=\"async\" aria-describedby=\"caption-attachment-31097\" class=\" wp-image-31097\" src=\"https:\/\/turysta2.pttk.pl\/wp-content\/uploads\/2024\/06\/Plik_3-300x200.jpg\" alt=\"\" width=\"419\" height=\"279\" srcset=\"https:\/\/turysta2.pttk.pl\/wp-content\/uploads\/2024\/06\/Plik_3-300x200.jpg 300w, https:\/\/turysta2.pttk.pl\/wp-content\/uploads\/2024\/06\/Plik_3-1024x682.jpg 1024w, https:\/\/turysta2.pttk.pl\/wp-content\/uploads\/2024\/06\/Plik_3-768x512.jpg 768w, https:\/\/turysta2.pttk.pl\/wp-content\/uploads\/2024\/06\/Plik_3-1536x1023.jpg 1536w, https:\/\/turysta2.pttk.pl\/wp-content\/uploads\/2024\/06\/Plik_3-2048x1364.jpg 2048w\" sizes=\"auto, (max-width: 419px) 100vw, 419px\" \/><\/a><p id=\"caption-attachment-31097\" class=\"wp-caption-text\">Brzeg \u2013 po lewej stronie widoczny Zamek Piast\u00f3w \u015al\u0105skich, po prawej ko\u015bci\u00f3\u0142 Podwy\u017cszenia Krzy\u017ca \u015awi\u0119tego<\/p><\/div>\n<p><em>Tekst <\/em><strong>Jerzy Maciejewski<\/strong><br \/>\nKrajoznawca i fotografik, dzia\u0142acz spo\u0142eczny; Instruktor Fotografii Krajoznawczej PTTK.<\/p>\n","protected":false},"excerpt":{"rendered":"Trasa z Wroc\u0142awia przez Jelcz-Laskowice, O\u0142aw\u0119, Ma\u0142ujowice do Brzegu przedstawia najciekawsze zamki po\u0142o\u017cone po lewej stronie Odry zwi\u0105zane z piastowskimi w\u0142adcami. Jest to doskona\u0142a propozycja na jednodniow\u0105 wypraw\u0119, w czasie kt\u00f3rej poznamy kilka dolno\u015bl\u0105skich pere\u0142 architektury. Z Wroc\u0142awia wyje\u017cd\u017camy w kierunku po\u0142udniowo-wschodnim i drog\u0105 nr 455 docieramy do Jelcza- -Laskowic. Na po\u0142udniowym kra\u0144cu wsi, na wyspie po\u0142o\u017conej na starorzeczu Odry&nbsp;<a href=\"https:\/\/turysta2.pttk.pl\/?p=31089\" class=\"read-more\">Continue Reading<\/a>","protected":false},"author":13,"featured_media":31099,"comment_status":"closed","ping_status":"closed","sticky":false,"template":"","format":"standard","meta":{"footnotes":""},"categories":[14,5],"tags":[],"class_list":["post-31089","post","type-post","status-publish","format-standard","has-post-thumbnail","hentry","category-krajoznawstwo","category-a-to-polska-wlasnie","cat-14-id","cat-5-id"],"aioseo_notices":[],"_links":{"self":[{"href":"https:\/\/turysta2.pttk.pl\/index.php?rest_route=\/wp\/v2\/posts\/31089","targetHints":{"allow":["GET"]}}],"collection":[{"href":"https:\/\/turysta2.pttk.pl\/index.php?rest_route=\/wp\/v2\/posts"}],"about":[{"href":"https:\/\/turysta2.pttk.pl\/index.php?rest_route=\/wp\/v2\/types\/post"}],"author":[{"embeddable":true,"href":"https:\/\/turysta2.pttk.pl\/index.php?rest_route=\/wp\/v2\/users\/13"}],"replies":[{"embeddable":true,"href":"https:\/\/turysta2.pttk.pl\/index.php?rest_route=%2Fwp%2Fv2%2Fcomments&post=31089"}],"version-history":[{"count":1,"href":"https:\/\/turysta2.pttk.pl\/index.php?rest_route=\/wp\/v2\/posts\/31089\/revisions"}],"predecessor-version":[{"id":31101,"href":"https:\/\/turysta2.pttk.pl\/index.php?rest_route=\/wp\/v2\/posts\/31089\/revisions\/31101"}],"wp:featuredmedia":[{"embeddable":true,"href":"https:\/\/turysta2.pttk.pl\/index.php?rest_route=\/wp\/v2\/media\/31099"}],"wp:attachment":[{"href":"https:\/\/turysta2.pttk.pl\/index.php?rest_route=%2Fwp%2Fv2%2Fmedia&parent=31089"}],"wp:term":[{"taxonomy":"category","embeddable":true,"href":"https:\/\/turysta2.pttk.pl\/index.php?rest_route=%2Fwp%2Fv2%2Fcategories&post=31089"},{"taxonomy":"post_tag","embeddable":true,"href":"https:\/\/turysta2.pttk.pl\/index.php?rest_route=%2Fwp%2Fv2%2Ftags&post=31089"}],"curies":[{"name":"wp","href":"https:\/\/api.w.org\/{rel}","templated":true}]}}