{"id":31035,"date":"2024-06-20T11:45:58","date_gmt":"2024-06-20T09:45:58","guid":{"rendered":"https:\/\/turysta2.pttk.pl\/?p=31035"},"modified":"2024-06-20T11:45:58","modified_gmt":"2024-06-20T09:45:58","slug":"morska-pielgrzymka-rybakow","status":"publish","type":"post","link":"https:\/\/turysta2.pttk.pl\/?p=31035","title":{"rendered":"Morska Pielgrzymka Rybak\u00f3w"},"content":{"rendered":"<p><strong>To unikatowe wydarzenie nie ma odpowiednika na innym akwenie morskim w kraju. Co wi\u0119cej, jest to jedyna pielgrzymka \u0142odziami na Morzu Ba\u0142tyckim i zarazem rzadka forma pielgrzymowania w\u015br\u00f3d chrze\u015bcijan na \u015bwiecie. <\/strong><\/p>\n<p>Tradycja Morskiej Pielgrzymki Rybak\u00f3w do Pucka na odpust \u015bw. Piotra i Paw\u0142a si\u0119ga odleg\u0142ych czas\u00f3w. \u0141odzie z P\u00f3\u0142wyspu Helskiego przybywa\u0142y do Pucka na doroczny jarmark z okazji odpustu zwi\u0105zanego z patronami parafii ju\u017c w XIII wieku. Nale\u017cy podkre\u015bli\u0107 uwarunkowania geograficzne tego zwyczaju. Pierwotne dotarcie do Pucka mog\u0142o odbywa\u0107 si\u0119 jedynie za pomoc\u0105 \u0142odzi rybackich. P\u00f3\u0142wysep Helski dopiero z czasem zosta\u0142 nadbu\u00addowany przez piaski niesione z pr\u0105dem morskim i przekszta\u0142ci\u0142 si\u0119 z ci\u0105gu wysepek we wsp\u00f3\u0142czesny p\u00f3\u0142wysep mierzejowy.<\/p>\n<p>Od czasu pierwszej powojennej pielgrzymki, kt\u00f3ra odby\u0142a si\u0119 w 1981 roku, pielgrzymi wyruszaj\u0105 przez Ma\u0142e Morze, jak nazywana jest Zatoka Pucka. \u0141odzie pochodz\u0105 ze wszystkich port\u00f3w i przystani P\u00f3\u0142wyspu Helskiego i Zatoki Puckiej. Najdalej do Pucka maj\u0105 rybacy z W\u0142adys\u0142awowa, kt\u00f3rzy musz\u0105 okr\u0105\u017cy\u0107 d\u0142ugi na 35 km p\u00f3\u0142wysep.<br \/>\nWsp\u00f3\u0142autor artyku\u0142u corocznie, w dniu pielgrzymki, wcze\u015bnie rano przyje\u017cd\u017ca do portu w Jastarni. St\u0105d o godz. 9 flotylla kutr\u00f3w wyp\u0142ywa na zatok\u0119 w szyku zwartym. Ze wzgl\u0119d\u00f3w na uwarunkowania batymetryczne i nawigacyjne, najpierw pielgrzymi p\u0142yn\u0105 w kierunku Rewy, potem Swarzewa, gdzie dop\u0142ywaj\u0105 inne wi\u0119ksze i mniejsze jednostki rybackie, niekt\u00f3re nawet pod \u017caglami.<br \/>\nLiczba jednostek p\u0142ywaj\u0105cych, bior\u0105cych udzia\u0142 w pielgrzymce w poszczeg\u00f3lnych latach jest zr\u00f3\u017c\u00adnicowana, na co wp\u0142yw mia\u0142y uwarunkowania polityczne i pogodowe. Trudno ustali\u0107 liczb\u0119 wszystkich pielgrzym\u00f3w. Mo\u017cna przyj\u0105\u0107, \u017ce w latach, w kt\u00f3rych bra\u0142o udzia\u0142 ponad 50 jednostek p\u0142ywaj\u0105cych, ich liczba mog\u0142a dochodzi\u0107 do 1200 os\u00f3b.<\/p>\n<p>Od 1985 roku \u0142odzie i kutry spotykaj\u0105 si\u0119 na trawersie Rzucewa. Tam najpierw cumuj\u0105 burta w burt\u0119 du\u017ce kutry, a do nich do\u0142\u0105czaj\u0105 mniejsze \u0142odzie, tworz\u0105c \u201ep\u0142ywaj\u0105c\u0105 wysp\u0119\u201d. Nast\u0119pnie cumuj\u0105 do nich przyby\u0142e z Pucka kutry z biskupem i go\u015b\u0107mi honorowymi. Po przywitaniu pielgrzym\u00f3w, biskup odprawia kr\u00f3tkie nabo\u017ce\u0144stwo, podczas kt\u00f3rego podkre\u015bla si\u0119 wiar\u0119 i nierozerwalno\u015b\u0107 codziennej, ci\u0119\u017ckiej pracy na morzu kaszubskich rybak\u00f3w. Po nim liczna i barwna \u201ewielka armada\u201d p\u0142ynie do puckiego portu. Tam, po powitaniu, rozpoczyna si\u0119 uroczysta odpustowa msza \u015bwi\u0119ta.<br \/>\nNale\u017cy podkre\u015bli\u0107 szczeg\u00f3ln\u0105 atmosfer\u0119 skupienia i modlitwy panuj\u0105ce w czasie podr\u00f3\u017cy morskiej do Pucka. W przerwie miedzy \u201eprogramem religijnym\u201d niejednokrotnie wsp\u00f3\u0142autor, podobnie jak pozostali pielgrzymi, by\u0142 cz\u0119stowany kaw\u0105 i dro\u017cd\u017c\u00f3wk\u0105 przez pani\u0105 Barbar\u0119, \u017con\u0119 w\u0142a\u015bciciela kutra Edwarda Mu\u017ca. Ponadto na uwag\u0119 zas\u0142uguje zar\u00f3wno od\u015bwi\u0119tny str\u00f3j rybak\u00f3w, jak i wystr\u00f3j ich \u0142odzi. Te ostatnie maj\u0105 podniesion\u0105 gal\u0119 banderow\u0105, czyli zestaw flag mi\u0119dzynarodowego kodu morskiego, flagi pa\u0144stwowe, papieskie i kaszubskie, a krzy\u017ce oplecione s\u0105 nierzadko li\u015b\u0107mi d\u0119bowymi.<\/p>\n<p>W czasie powitania i po\u017cegnania pielgrzym\u00f3w w Pucku ma miejsce wa\u017cny element tradycji pielgrzymkowej. W czasie uroczystej mszy uczestnicy dzi\u0119kuj\u0105 za otrzymane dobra i modl\u0105 si\u0119 o pomy\u015bl\u00adno\u015b\u0107 dla wszystkich ludzi morza. W czasie sk\u0142adania dar\u00f3w ofiarnych rybacy w od\u015bwi\u0119tnych tradycyjnych strojach kaszubskich przynosz\u0105 z\u0142owione w Ba\u0142tyku i uw\u0119dzone ryby. Nast\u0119pnie w tym samym miejscu, ju\u017c w lu\u017aniejszej atmosferze, odby\u00adwaj\u0105 si\u0119 koncerty kaszubskich, i nie tylko, ch\u00f3r\u00f3w, zespo\u0142\u00f3w i solist\u00f3w, a w pobli\u017cu portu i na ulicach miasta pielgrzymi odwiedzaj\u0105 liczne kramy i stra\u00adgany z wyrobami tradycyjnej kaszubskiej sztuki ludowej. O godz. 17 na wype\u0142nionym po brzegi go\u015b\u0107mi nabrze\u017cu portowym ma miejsce uroczyste po\u017cegnanie oraz po\u015bwi\u0119cenie kutr\u00f3w i pielgrzym\u00f3w. W tym czasie na pok\u0142adzie \u201eMagdaleny\u201d, przy akompaniamencie gitary szyper Edward Mu\u017ca i jego ma\u0142\u017conka Barbara, przy wsparciu pozosta\u0142ych pielgrzym\u00f3w, ju\u017c w lu\u017anej atmosferze, \u015bpiewaj\u0105 piosenki religijne. Do Jastarni kutry zawijaj\u0105 oko\u0142o godz. 19. Opuszczaj\u0105c pok\u0142ad, wszyscy uczestnicy tego wyj\u0105tkowego rejsu sk\u0142adaj\u0105 podzi\u0119kowania w\u0142a\u015bcicielowi kutra i jego ma\u0142\u017conce. Ci z kolei zapraszaj\u0105 na nast\u0119pn\u0105 pielgrzymk\u0119 za rok.<\/p>\n<p>W Morskiej Pielgrzymce Rybak\u00f3w uczestniczyli m.in. prezydent Lech Wa\u0142\u0119sa, doradca prezydenta USA prof. Zbigniew Brzezi\u0144ski, marsza\u0142ek Sejmu RP Maciej P\u0142a\u017cy\u0144ski oraz wielu polityk\u00f3w i znanych osobisto\u015bci ze \u015bwiata kultury i nauki.<br \/>\nDo dzisiaj na P\u00f3\u0142wyspie Helskim trwaj\u0105 osiad\u0142e tu od lat stare rody rybackie. W dzisiejszej rzeczywisto\u015bci i przy zmniejszaj\u0105cych si\u0119 zasobach rybnych liczba jednostek po\u0142owowych na polskim wybrze\u017cu maleje. Kutry i \u0142odzie ulegaj\u0105 z\u0142omo\u00adwaniu lub poci\u0119ciu na opa\u0142. Nale\u017cy mie\u0107 nadziej\u0119, \u017ce cz\u0119\u015b\u0107 z nich pozostanie i w dalszym ci\u0105gu b\u0119dzie kontynuowa\u0142a przywi\u0105zanie do kaszubskich tradycji rybackich, etnicznej odr\u0119bno\u015bci i wiary przodk\u00f3w. Pozwoli to na piel\u0119gnowanie tradycji i coroczne, kolejne czerwcowe morskie pielgrzymki na pok\u0142adach \u0142odzi i kutr\u00f3w w drodze przez Ma\u0142e Morze do st\u00f3p puckiej fary.<\/p>\n<p><em>Tekst<\/em><br \/>\n<strong>Tadeusz Palmowski<br \/>\n<\/strong>Profesor zwyczajny, wieloletni kierownik Katedry, a potem Zak\u0142adu Rozwoju Regionalnego Uniwersytetu Gda\u0144skiego. Podr\u00f3\u017cnik, odwiedzi\u0142 wszystkie kontynenty i ponad 100 kraj\u00f3w \u015bwiata.<\/p>\n<p><strong>dr hab. Lucyna Przybylska<br \/>\n<\/strong>Profesor Uniwersytetu Gda\u0144skiego. Jej dorobek naukowy zwi\u0105zany jest g\u0142\u00f3wnie z geografi\u0105 religii. Prowadzi badania naukowe dotycz\u0105ce przestrzennych aspekt\u00f3w proces\u00f3w sakralizacji i desakralizacji w Polsce.<\/p>\n<p><em>Zdj\u0119cia<\/em> <strong>Tadeusz Palmowski<\/strong><\/p>\n","protected":false},"excerpt":{"rendered":"To unikatowe wydarzenie nie ma odpowiednika na innym akwenie morskim w kraju. Co wi\u0119cej, jest to jedyna pielgrzymka \u0142odziami na Morzu Ba\u0142tyckim i zarazem rzadka forma pielgrzymowania w\u015br\u00f3d chrze\u015bcijan na \u015bwiecie. Tradycja Morskiej Pielgrzymki Rybak\u00f3w do Pucka na odpust \u015bw. Piotra i Paw\u0142a si\u0119ga odleg\u0142ych czas\u00f3w. \u0141odzie z P\u00f3\u0142wyspu Helskiego przybywa\u0142y do Pucka na doroczny jarmark z okazji odpustu zwi\u0105zanego&nbsp;<a href=\"https:\/\/turysta2.pttk.pl\/?p=31035\" class=\"read-more\">Continue Reading<\/a>","protected":false},"author":13,"featured_media":31037,"comment_status":"closed","ping_status":"closed","sticky":false,"template":"","format":"standard","meta":{"footnotes":""},"categories":[92,5],"tags":[],"class_list":["post-31035","post","type-post","status-publish","format-standard","has-post-thumbnail","hentry","category-polecamy","category-a-to-polska-wlasnie","cat-92-id","cat-5-id"],"aioseo_notices":[],"_links":{"self":[{"href":"https:\/\/turysta2.pttk.pl\/index.php?rest_route=\/wp\/v2\/posts\/31035","targetHints":{"allow":["GET"]}}],"collection":[{"href":"https:\/\/turysta2.pttk.pl\/index.php?rest_route=\/wp\/v2\/posts"}],"about":[{"href":"https:\/\/turysta2.pttk.pl\/index.php?rest_route=\/wp\/v2\/types\/post"}],"author":[{"embeddable":true,"href":"https:\/\/turysta2.pttk.pl\/index.php?rest_route=\/wp\/v2\/users\/13"}],"replies":[{"embeddable":true,"href":"https:\/\/turysta2.pttk.pl\/index.php?rest_route=%2Fwp%2Fv2%2Fcomments&post=31035"}],"version-history":[{"count":1,"href":"https:\/\/turysta2.pttk.pl\/index.php?rest_route=\/wp\/v2\/posts\/31035\/revisions"}],"predecessor-version":[{"id":31039,"href":"https:\/\/turysta2.pttk.pl\/index.php?rest_route=\/wp\/v2\/posts\/31035\/revisions\/31039"}],"wp:featuredmedia":[{"embeddable":true,"href":"https:\/\/turysta2.pttk.pl\/index.php?rest_route=\/wp\/v2\/media\/31037"}],"wp:attachment":[{"href":"https:\/\/turysta2.pttk.pl\/index.php?rest_route=%2Fwp%2Fv2%2Fmedia&parent=31035"}],"wp:term":[{"taxonomy":"category","embeddable":true,"href":"https:\/\/turysta2.pttk.pl\/index.php?rest_route=%2Fwp%2Fv2%2Fcategories&post=31035"},{"taxonomy":"post_tag","embeddable":true,"href":"https:\/\/turysta2.pttk.pl\/index.php?rest_route=%2Fwp%2Fv2%2Ftags&post=31035"}],"curies":[{"name":"wp","href":"https:\/\/api.w.org\/{rel}","templated":true}]}}