{"id":31021,"date":"2024-06-20T11:33:29","date_gmt":"2024-06-20T09:33:29","guid":{"rendered":"https:\/\/turysta2.pttk.pl\/?p=31021"},"modified":"2024-06-20T11:33:29","modified_gmt":"2024-06-20T09:33:29","slug":"kadzielnia-moc-atrakcji-w-jednym-miejscu","status":"publish","type":"post","link":"https:\/\/turysta2.pttk.pl\/?p=31021","title":{"rendered":"Kadzielnia \u2013 moc atrakcji w jednym miejscu"},"content":{"rendered":"<p><strong>Park Kadzielnia to wyj\u0105tkowe miejsce, b\u0119d\u0105ce niew\u0105tpliwie jedn\u0105 z g\u0142\u00f3wnych atrakcji Kielc. Na odwiedzaj\u0105cych, poza ciekawostkami przyrodniczymi, czekaj\u0105 tak\u017ce ska\u0142ki, tyrolki, jeziorka, jaskinie oraz \u015bcie\u017cki edukacyjne przybli\u017caj\u0105ce walory tego miejsca. Spragnieni wra\u017ce\u0144 kulturalnych mog\u0105 wzi\u0105\u0107 udzia\u0142 w jednej z wielu imprez odbywaj\u0105cych si\u0119 w znajduj\u0105cym si\u0119 w parku amfiteatrze.<\/strong><\/p>\n<p><strong>O pochodzeniu Kadzielni<br \/>\n<\/strong>Do dzi\u015b nie ma pewno\u015bci, sk\u0105d pochodzi nazwa Kadzielni. Wed\u0142ug jednych ma ona zwi\u0105zek z w\u0142a\u015bcicielem tego terenu, kt\u00f3rym mia\u0142 by\u0107 ko\u015bcielny katedry Wniebowzi\u0119cia NMP zwany kadzielnikiem. Z kolei inni wskazuj\u0105 na zwi\u0105zki z porastaj\u0105cym ten teren i s\u0142u\u017c\u0105cym do wyrobu kadzid\u0142a ja\u0142owcem. Wiadomo natomiast czemu Kadzielnia zawdzi\u0119cza sw\u00f3j obecny wygl\u0105d. Wszystko zacz\u0119\u0142o si\u0119 blisko 360 milion\u00f3w lat temu. By\u0142y to czasy, gdy fragment skorupy ziemskiej, na kt\u00f3rym dzi\u015b le\u017c\u0105 m.in. Kielce i G\u00f3ry \u015awi\u0119tokrzyskie znajdowa\u0142 si\u0119 bli\u017cej r\u00f3wnika, pod powierzchni\u0105 p\u0142ytkiego, t\u0119tni\u0105cego \u017cyciem tropikalnego morza. Morze z czasem ust\u0105pi\u0142o, a powolne ruchy g\u00f3rotw\u00f3rcze wypi\u0119trzy\u0142y nawarstwiaj\u0105ce si\u0119 przez tysi\u0105clecia wapienne osady, tworz\u0105c wznosz\u0105ce si\u0119 na 295 m n.p.m. wzg\u00f3rze.<\/p>\n<p><strong>Od kamienio\u0142omu do rezerwatu<br \/>\n<\/strong>W wieku XVIII z Kadzielni zacz\u0119to pozyskiwa\u0107 wapie\u0144, kt\u00f3ry znajduje zastosowanie w budownictwie, hutnictwie (przy produkcji szk\u0142a), rolnictwie (jako naw\u00f3z), a nawet przemy\u015ble cukrowniczym. Na kadzielnickich wapieniach wzniesiono wiele budynk\u00f3w w mie\u015bcie, w tym okaza\u0142y Pa\u0142ac Biskup\u00f3w Krakowskich. Zreszt\u0105 biskupi zawsze dostrzegali znaczenie tego miejsca. W ko\u0144cu to za spraw\u0105 biskupa Kajetana Ignacego So\u0142tyka w 1770 roku stan\u0105\u0142 tutaj pierwszy piec do wypalania wapna. Dzia\u0142alno\u015b\u0107 kamienio\u0142omu zawieszono w 1 po\u0142owie XIX wieku. W\u00f3wczas to Kadzielnia sta\u0142a si\u0119 popularnym miejscem rekreacji i niedzielnych wycieczek \u201eza miasto\u201d. Planowano nawet utworzy\u0107 tutaj park z ogrodem botanicznym. Nic jednak z tego nie wysz\u0142o, a rosn\u0105cy popyt na materia\u0142y budowlane spowodowa\u0142, \u017ce w 1884 roku ponownie uruchomiono wyrobiska, kt\u00f3re eksploatowano do 1968 roku.<br \/>\nPo odzyskaniu przez Polsk\u0119 niepodleg\u0142o\u015bci zacz\u0119to, opr\u00f3cz gospodarczych, dostrzega\u0107 tak\u017ce przyrodnicze walory Kadzielni. Dzi\u0119ki staraniom zakochanego w G\u00f3rach \u015awi\u0119tokrzyskich geologa Jana Czarnockiego w 1931 roku uchroniono od zniszczenia i obj\u0119to ochron\u0105 Ska\u0142k\u0119 Geolog\u00f3w. W 1962 roku utworzono na niej rezerwat przyrody \u201eKadzielnia\u201d o powierzchni 0,6 ha. Obejmuje on swym zasi\u0119giem g\u00f3rn\u0105 cz\u0119\u015b\u0107 tego reliktowego osta\u0144ca skalnego.<\/p>\n<p><strong>Kadzielnia artystyczna<br \/>\n<\/strong>W 1971 roku w po\u0142udniowej cz\u0119\u015bci kamienio\u0142omu wybudowano amfiteatr. W 2010 roku przeszed\u0142 on gruntown\u0105 modernizacj\u0119 i zosta\u0142 zadaszony, a na przebudowanej widowni mo\u017ce obecnie zasi\u0105\u015b\u0107 ponad 5400 widz\u00f3w. Od 2021 roku nosi imi\u0119 Andrzeja Litwina, wieloletniego dyrektora Wojew\u00f3dzkiego Domu Kultury w Kielcach. W amfiteatrze odbywaj\u0105 si\u0119 r\u00f3\u017cnorodne wydarzenia kulturalno-rozrywkowe, w tym koncerty znanych gwiazd estrady (Bajm, Dawid Kwiatkowski, Sylwia Grzeszczak) oraz festiwale muzyczne (Kielce Rockuj\u0105, Kielecka Gala Disco Polo czy Super Koncerty z Gwiazdami). Od pewnego czasu goszcz\u0105 tutaj tak\u017ce arty\u015bci kabaretowi, kt\u00f3rzy bawi\u0105 publiczno\u015b\u0107 podczas Polskiej Nocy Kabaretowej czy \u015awi\u0119to\u00adkrzyskiej Biesiady Kabaretowej.<\/p>\n<p><strong>Jeziora Kadzielni<br \/>\n<\/strong>Efektem dzia\u0142alno\u015bci g\u00f3rniczej na Kadzielni s\u0105 g\u0142\u0119bokie wyrobiska, kt\u00f3re po zako\u0144czeniu eksploatacji zacz\u0119\u0142y by\u0107 zalewane wodami podsk\u00f3rnymi. Utworzy\u0142y one jeziorko, zwane od wyj\u0105tkowego koloru wody \u2013 Szmaragdowym. Zarybione niegdy\u015b pstr\u0105gami, niestety wysch\u0142o w latach 80. XX wieku. Obecnie w p\u00f3\u0142nocno-zachodniej cz\u0119\u015bci wyrobiska utworzy\u0142o si\u0119 niewielkie jeziorko zasilane g\u0142\u00f3wnie wodami opadowymi oraz podpowierzchniowymi pochodz\u0105cymi z pobliskiej rzeki Silnicy. Jego powierzchnia zmienia si\u0119 wraz z porami roku i cho\u0107 nie ma pierwotnej, szmaragdowej barwy, to jednak stanowi niew\u0105tpliw\u0105 ozdob\u0119 i urozmaicenie dla surowego krajobrazu dawnego kamienio\u0142omu.<\/p>\n<p><strong>Kadzielnia jaskiniowa<br \/>\n<\/strong>Kadzielnia to r\u00f3wnie\u017c jedno z najbardziej znanych stanowisk jaskiniowych w Polsce. Zidentyfikowano tutaj a\u017c 25 jaski\u0144 i schronisk skalnych. Trzy z nich, Jaskinia Odkrywc\u00f3w, Prochownia i Szczelina na Kadzielni, tworz\u0105 obecnie najwi\u0119kszy i najd\u0142u\u017cszy w regionie system jaskiniowy o \u0142\u0105cznej d\u0142ugo\u015bci oko\u0142o 400 metr\u00f3w. Cz\u0119\u015b\u0107 tego systemu udost\u0119pniona jest dla zwiedzaj\u0105cych i stanowi Podziemn\u0105 Tras\u0119 Turystyczn\u0105. Z uwagi na zimuj\u0105ce tutaj nietoperze jest ona dost\u0119pna od kwietnia do pa\u017adziernika. Zwiedzanie licz\u0105cej sobie 140 m d\u0142ugo\u015bci trasy trwa oko\u0142o 30 minut i odbywa si\u0119 pod opiek\u0105 przewodnika.<\/p>\n<p><strong>Kadzielnia pomnikowa<br \/>\n<\/strong>Charakterystycznym elementem krajobrazu Kadzielni s\u0105 pomniki. Najstarszy i zarazem najokazalszy wzniesiono w 1979 roku na Wzg\u00f3rzu Harcerskim i po\u015bwi\u0119cono \u201eBojownikom o Narodowe i Spo\u0142eczne Wyzwolenie\u201d. Autorem tego dzie\u0142a by\u0142 Stefan Maj. Kolejne dwa znajduj\u0105 si\u0119 na Skwerze Pami\u0119ci Ofiar Katynia. S\u0105 to ods\u0142oni\u0119ty w 2013 roku g\u0142az z tablic\u0105 po\u015bwi\u0119con\u0105 zamordowanym w 1940 roku z rozkazu Stalina kielczanom, oficerom Wojska Polskiego i funkcjonariuszom Policji Pa\u0144stwowej oraz pomnik Matki Polki Sybiraczki, kt\u00f3rego ods\u0142oni\u0119cie i uroczyste po\u015bwi\u0119cenie mia\u0142o miejsce w pa\u017adzierniku 2021 roku. W tym samym roku ods\u0142oni\u0119to jeszcze pomnik po\u015bwi\u0119cony obro\u0144com Kielc, kt\u00f3rzy na przedpolach Kadzielni 5 wrze\u015bnia 1939 roku pod komend\u0105 p\u0142k. Wac\u0142awa Wilniewczyca, walczyli z niemieckim naje\u017ad\u017ac\u0105. Z kolei w 2005 roku, na wschodnich zboczach Kadzielni, pomi\u0119dzy amfiteatrem a ulic\u0105 Krakowsk\u0105, z inicjatywy \u00f3wczesnego prezydenta Kielc, Wojciecha Lubawskiego, ustawiono dwie \u017celbetonowe tablice Dekalogu. Ten licz\u0105cy 6 m wysoko\u015bci monument ma symbolizowa\u0107 wsp\u00f3lne warto\u015bci chrze\u015bcija\u0144stwa, judaizmu i islamu.<\/p>\n<p><strong>Pami\u0119ci Jerzego Kapu\u015bci\u0144skiego<br \/>\n<\/strong>Z Kadzielni\u0105 nierozerwalnie zwi\u0105zana jest posta\u0107 Jerzego Kapu\u015bci\u0144skiego, jednego z najbardziej znanych i zas\u0142u\u017conych przewodnik\u00f3w i mi\u0142o\u015bnik\u00f3w przyrody. Ten autor licznych publikacji popularyzuj\u0105cych region \u015bwi\u0119tokrzyski pe\u0142ni\u0142 wiele funkcji spo\u0142ecznych w PTTK, Lidze Ochrony Przyrody oraz Lo\u017cy Jerzych. Jako wybitny znawca regionu przez prelekcje i s\u0142uchowiska radiowe propagowa\u0142 jego walory przyrodnicze i kulturowe. Obecnie ma on tutaj swoj\u0105 \u0142aweczk\u0119, przy kt\u00f3rej mo\u017cna pos\u0142ucha\u0107 jednej z jego opowie\u015bci o Kadzielni. Jego imi\u0119 nosi tak\u017ce oddana do u\u017cytku w 2019 roku biegn\u0105ca dooko\u0142a kamienio\u0142omu \u015bcie\u017cka edukacyjna.<\/p>\n<p><strong>Kadzielnia aktywna<br \/>\n<\/strong>W Kadzielni znajdziemy tak\u017ce co\u015b dla amator\u00f3w mocnych wra\u017ce\u0144 i zapieraj\u0105cych dech w piersiach widok\u00f3w. Licz\u0105c\u0105 sobie \u0142\u0105cznie 600 m Podniebn\u0105 Tras\u0119 Widokow\u0105 otwarto wiosn\u0105 2019 roku. Sk\u0142ada si\u0119 ona z trzech tyrolek, platform widokowych i poprowadzonego w\u015br\u00f3d koron drzew mostu linowego. Najd\u0142u\u017cszy ze zjazd\u00f3w ma ponad 330 metr\u00f3w, trwa ponad 40 sekund i odbywa si\u0119 na wysoko\u015bci 40 m ponad ska\u0142ami Kadzielni. Trasa jest w pe\u0142ni zabezpieczona, a jedyne co mo\u017ce zagra\u017ca\u0107 to nisko lataj\u0105ce czarownice, o czym amator\u00f3w podniebnych zjazd\u00f3w informuje ustawiony przy tyrolce znak ostrzegawczy. Najnowsz\u0105 atrakcj\u0105, otwart\u0105 w kwietniu 2022 roku, jest najwi\u0119kszy w Kielcach skatepark. Na powierzchni ponad 660 m kw. znalaz\u0142y si\u0119 m.in. takie urz\u0105dzenia jak bank i spine ramp, pumptrack, Quarter Pipe, cornery, rollin, bowl, funboxy, por\u0119cz czy piramida. Skatepark jest otwarty przez ca\u0142y rok oraz ca\u0142kowicie bezp\u0142atny.<\/p>\n<p><em>Tekst<\/em> <em>i zdj\u0119cia<\/em> <strong>Dariusz Mazurek<br \/>\n<\/strong>Instruktor Krajoznawstwa Regionu PTTK, Przodownik InO, autor ponad 200 tras turystyczno-krajoznawczych na orientacj\u0119.<\/p>\n<div id=\"attachment_31027\" style=\"width: 530px\" class=\"wp-caption alignnone\"><a href=\"https:\/\/turysta2.pttk.pl\/wp-content\/uploads\/2024\/06\/Skalka-Geologow-5-fot.-D.-Mazurek-scaled.jpg\"><img loading=\"lazy\" decoding=\"async\" aria-describedby=\"caption-attachment-31027\" class=\" wp-image-31027\" src=\"https:\/\/turysta2.pttk.pl\/wp-content\/uploads\/2024\/06\/Skalka-Geologow-5-fot.-D.-Mazurek-300x120.jpg\" alt=\"\" width=\"520\" height=\"208\" srcset=\"https:\/\/turysta2.pttk.pl\/wp-content\/uploads\/2024\/06\/Skalka-Geologow-5-fot.-D.-Mazurek-300x120.jpg 300w, https:\/\/turysta2.pttk.pl\/wp-content\/uploads\/2024\/06\/Skalka-Geologow-5-fot.-D.-Mazurek-1024x411.jpg 1024w, https:\/\/turysta2.pttk.pl\/wp-content\/uploads\/2024\/06\/Skalka-Geologow-5-fot.-D.-Mazurek-768x308.jpg 768w, https:\/\/turysta2.pttk.pl\/wp-content\/uploads\/2024\/06\/Skalka-Geologow-5-fot.-D.-Mazurek-1536x617.jpg 1536w, https:\/\/turysta2.pttk.pl\/wp-content\/uploads\/2024\/06\/Skalka-Geologow-5-fot.-D.-Mazurek-2048x822.jpg 2048w\" sizes=\"auto, (max-width: 520px) 100vw, 520px\" \/><\/a><p id=\"caption-attachment-31027\" class=\"wp-caption-text\">Ska\u0142ka Geolog\u00f3w<\/p><\/div>\n<div id=\"attachment_31025\" style=\"width: 528px\" class=\"wp-caption alignnone\"><a href=\"https:\/\/turysta2.pttk.pl\/wp-content\/uploads\/2024\/06\/2.-Amfiteatr-fot.-D.-Mazurek-scaled.jpg\"><img loading=\"lazy\" decoding=\"async\" aria-describedby=\"caption-attachment-31025\" class=\" wp-image-31025\" src=\"https:\/\/turysta2.pttk.pl\/wp-content\/uploads\/2024\/06\/2.-Amfiteatr-fot.-D.-Mazurek-300x200.jpg\" alt=\"\" width=\"518\" height=\"345\" srcset=\"https:\/\/turysta2.pttk.pl\/wp-content\/uploads\/2024\/06\/2.-Amfiteatr-fot.-D.-Mazurek-300x200.jpg 300w, https:\/\/turysta2.pttk.pl\/wp-content\/uploads\/2024\/06\/2.-Amfiteatr-fot.-D.-Mazurek-1024x683.jpg 1024w, https:\/\/turysta2.pttk.pl\/wp-content\/uploads\/2024\/06\/2.-Amfiteatr-fot.-D.-Mazurek-768x512.jpg 768w, https:\/\/turysta2.pttk.pl\/wp-content\/uploads\/2024\/06\/2.-Amfiteatr-fot.-D.-Mazurek-1536x1024.jpg 1536w, https:\/\/turysta2.pttk.pl\/wp-content\/uploads\/2024\/06\/2.-Amfiteatr-fot.-D.-Mazurek-2048x1365.jpg 2048w\" sizes=\"auto, (max-width: 518px) 100vw, 518px\" \/><\/a><p id=\"caption-attachment-31025\" class=\"wp-caption-text\">Amfiteatr Kadzielnia powsta\u0142 w 1971 roku w po\u0142udniowej cz\u0119\u015bci dawnego kamienio\u0142omu<\/p><\/div>\n<div id=\"attachment_31029\" style=\"width: 313px\" class=\"wp-caption alignnone\"><a href=\"https:\/\/turysta2.pttk.pl\/wp-content\/uploads\/2024\/06\/3.-wejscie-do-Podziemnej-Trasy-Turystycznej-fot.-D.-Mazurek-scaled.jpg\"><img loading=\"lazy\" decoding=\"async\" aria-describedby=\"caption-attachment-31029\" class=\" wp-image-31029\" src=\"https:\/\/turysta2.pttk.pl\/wp-content\/uploads\/2024\/06\/3.-wejscie-do-Podziemnej-Trasy-Turystycznej-fot.-D.-Mazurek-200x300.jpg\" alt=\"\" width=\"303\" height=\"455\" srcset=\"https:\/\/turysta2.pttk.pl\/wp-content\/uploads\/2024\/06\/3.-wejscie-do-Podziemnej-Trasy-Turystycznej-fot.-D.-Mazurek-200x300.jpg 200w, https:\/\/turysta2.pttk.pl\/wp-content\/uploads\/2024\/06\/3.-wejscie-do-Podziemnej-Trasy-Turystycznej-fot.-D.-Mazurek-683x1024.jpg 683w, https:\/\/turysta2.pttk.pl\/wp-content\/uploads\/2024\/06\/3.-wejscie-do-Podziemnej-Trasy-Turystycznej-fot.-D.-Mazurek-768x1152.jpg 768w, https:\/\/turysta2.pttk.pl\/wp-content\/uploads\/2024\/06\/3.-wejscie-do-Podziemnej-Trasy-Turystycznej-fot.-D.-Mazurek-1024x1536.jpg 1024w, https:\/\/turysta2.pttk.pl\/wp-content\/uploads\/2024\/06\/3.-wejscie-do-Podziemnej-Trasy-Turystycznej-fot.-D.-Mazurek-1365x2048.jpg 1365w, https:\/\/turysta2.pttk.pl\/wp-content\/uploads\/2024\/06\/3.-wejscie-do-Podziemnej-Trasy-Turystycznej-fot.-D.-Mazurek-scaled.jpg 1707w\" sizes=\"auto, (max-width: 303px) 100vw, 303px\" \/><\/a><p id=\"caption-attachment-31029\" class=\"wp-caption-text\">Podziemna Trasa Turystyczna na Kadzielni<\/p><\/div>\n","protected":false},"excerpt":{"rendered":"Park Kadzielnia to wyj\u0105tkowe miejsce, b\u0119d\u0105ce niew\u0105tpliwie jedn\u0105 z g\u0142\u00f3wnych atrakcji Kielc. Na odwiedzaj\u0105cych, poza ciekawostkami przyrodniczymi, czekaj\u0105 tak\u017ce ska\u0142ki, tyrolki, jeziorka, jaskinie oraz \u015bcie\u017cki edukacyjne przybli\u017caj\u0105ce walory tego miejsca. Spragnieni wra\u017ce\u0144 kulturalnych mog\u0105 wzi\u0105\u0107 udzia\u0142 w jednej z wielu imprez odbywaj\u0105cych si\u0119 w znajduj\u0105cym si\u0119 w parku amfiteatrze. O pochodzeniu Kadzielni Do dzi\u015b nie ma pewno\u015bci, sk\u0105d pochodzi nazwa&nbsp;<a href=\"https:\/\/turysta2.pttk.pl\/?p=31021\" class=\"read-more\">Continue Reading<\/a>","protected":false},"author":13,"featured_media":31023,"comment_status":"closed","ping_status":"closed","sticky":false,"template":"","format":"standard","meta":{"footnotes":""},"categories":[84,11],"tags":[],"class_list":["post-31021","post","type-post","status-publish","format-standard","has-post-thumbnail","hentry","category-poznajemy-szlaki","category-turysta-poleca","cat-84-id","cat-11-id"],"aioseo_notices":[],"_links":{"self":[{"href":"https:\/\/turysta2.pttk.pl\/index.php?rest_route=\/wp\/v2\/posts\/31021","targetHints":{"allow":["GET"]}}],"collection":[{"href":"https:\/\/turysta2.pttk.pl\/index.php?rest_route=\/wp\/v2\/posts"}],"about":[{"href":"https:\/\/turysta2.pttk.pl\/index.php?rest_route=\/wp\/v2\/types\/post"}],"author":[{"embeddable":true,"href":"https:\/\/turysta2.pttk.pl\/index.php?rest_route=\/wp\/v2\/users\/13"}],"replies":[{"embeddable":true,"href":"https:\/\/turysta2.pttk.pl\/index.php?rest_route=%2Fwp%2Fv2%2Fcomments&post=31021"}],"version-history":[{"count":2,"href":"https:\/\/turysta2.pttk.pl\/index.php?rest_route=\/wp\/v2\/posts\/31021\/revisions"}],"predecessor-version":[{"id":31033,"href":"https:\/\/turysta2.pttk.pl\/index.php?rest_route=\/wp\/v2\/posts\/31021\/revisions\/31033"}],"wp:featuredmedia":[{"embeddable":true,"href":"https:\/\/turysta2.pttk.pl\/index.php?rest_route=\/wp\/v2\/media\/31023"}],"wp:attachment":[{"href":"https:\/\/turysta2.pttk.pl\/index.php?rest_route=%2Fwp%2Fv2%2Fmedia&parent=31021"}],"wp:term":[{"taxonomy":"category","embeddable":true,"href":"https:\/\/turysta2.pttk.pl\/index.php?rest_route=%2Fwp%2Fv2%2Fcategories&post=31021"},{"taxonomy":"post_tag","embeddable":true,"href":"https:\/\/turysta2.pttk.pl\/index.php?rest_route=%2Fwp%2Fv2%2Ftags&post=31021"}],"curies":[{"name":"wp","href":"https:\/\/api.w.org\/{rel}","templated":true}]}}