{"id":30985,"date":"2024-06-20T10:48:28","date_gmt":"2024-06-20T08:48:28","guid":{"rendered":"https:\/\/turysta2.pttk.pl\/?p=30985"},"modified":"2024-06-20T10:48:28","modified_gmt":"2024-06-20T08:48:28","slug":"morkowskie-atrakcje","status":"publish","type":"post","link":"https:\/\/turysta2.pttk.pl\/?p=30985","title":{"rendered":"M\u00f3rkowskie atrakcje"},"content":{"rendered":"<p><strong>Czy ma\u0142e miejscowo\u015bci mog\u0105 mie\u0107 ciekawe, nie\u00adzwyk\u0142e obiekty, kt\u00f3re powinny przyci\u0105ga\u0107 tury\u00adst\u00f3w? Wie\u015b M\u00f3rkowo w powiecie leszczy\u0144skim za\u015bwiadcza, \u017ce tak, a czasem bywa, \u017ce takich obiek\u00adt\u00f3w znajdziemy w nich nawet i dwa.<\/p>\n<p><\/strong><\/p>\n<p>Le\u017c\u0105ce nieco na uboczu, 3 km na po\u0142udniowy zach\u00f3d od gminnego Lipna, przy drodze do Wilko\u00adwic, M\u00f3rkowo znane jest ju\u017c od 1362 roku. Przy g\u0142\u00f3wnym skrzy\u017cowaniu urz\u0105dzono niewielkie miejsce odpoczynku, z \u0142aweczkami pod drewnia\u00adnym \u201egrzybkiem\u201d i skromn\u0105 kompozycj\u0105 ozdobnej zieleni. W s\u0105siedztwie, w 2014 roku, posadzono jeden z D\u0119b\u00f3w Wolno\u015bci, kt\u00f3re pojawi\u0142y si\u0119 w ca\u0142ej Polsce na 25-lecie przemian ustrojowych.<\/p>\n<p>Niedaleko skrzy\u017cowania dr\u00f3g wznosi si\u0119 p\u00f3\u017ano\u00adgotycki ko\u015bci\u00f3\u0142 Wszystkich \u015awi\u0119tych. Zbudowany zosta\u0142 zapewne w drugiej po\u0142owie XVI wieku, a kon\u00adsekrowano go w 1638 roku. Drewniana wie\u017ca zwie\u0144czona blaszanym he\u0142mem z latarni\u0105 powsta\u0142a oko\u0142o 1909 roku. Z zewn\u0105trz \u015bwi\u0105tynia nie wygl\u0105da zbyt efektownie, cho\u0107 uwag\u0119 zwraca prosto zamkni\u0119ta \u015bciana wschodnia. W czasie, kiedy budowano ko\u015bci\u00f3\u0142, stosowano tr\u00f3jboczne zako\u0144czenie prezbi\u00adterium (cho\u0107 w niedalekim Ko\u015bcianie wyst\u0119puje sied\u00admioboczne!). Prosta \u015bciana w M\u00f3rkowie mo\u017ce by\u0107 nawi\u0105zaniem do wczesnego okresu rozwoju stylu gotyckiego (miejscowego proboszcza Marcina odno\u00adtowa\u0142 ju\u017c dokument z 1405 roku) albo po prostu prze\u00adjawem prymitywnego budownictwa \u201ena prowincji\u201d.<\/p>\n<p>Nietypowo i ciekawie przedstawia si\u0119 wn\u0119trze \u015bwi\u0105tyni. Nawa zosta\u0142a zbudowana na planie kwadratu, a typowe dla gotyku sklepienie gwia\u017adziste o zr\u00f3\u017cnicowanym uk\u0142adzie podtrzymuj\u0105 dwie grube kolumny. Umieszczenie ich po\u015brodku jest przyczyn\u0105 podawania w niekt\u00f3rych publika\u00adcjach, \u017ce to ko\u015bci\u00f3\u0142 dwunawowy. Gdy spojrzymy na rzut \u015bwi\u0105tyni i widoczny na nim uk\u0142ad przyp\u00f3r znajduj\u0105cych si\u0119 w naro\u017cach nawy, pojawia si\u0119 przypuszczenie, \u017ce pierwszym etapem budowy by\u0142 \u00f3w kwadrat nawy, a prezbiterium i przybud\u00f3wki powsta\u0142y p\u00f3\u017aniej.<\/p>\n<p>Prezbiterium, w\u0119\u017csze i ni\u017csze od nawy, r\u00f3wnie\u017c ma kszta\u0142t kwadratu. Znajduj\u0105cy si\u0119 tu g\u0142\u00f3wny o\u0142tarz ma form\u0119 neogotyck\u0105, z obramieniami zaokr\u0105glonymi w charakterystyczny kszta\u0142t \u201eo\u015blego grzbietu\u201d. Starsze, bo z XVIII wieku, s\u0105 znaj\u00adduj\u0105cy w tym o\u0142tarzu przemalowany obraz <em>\u015awi\u0119tych Obcowanie <\/em>i cztery rze\u017aby \u015bwi\u0119tych. Z okresu budowy \u015bwi\u0105tyni zachowa\u0142y si\u0119 dwie piaskow\u00adcowe p\u0142yty nagrobne z postaciami zmar\u0142ych. Nakryciem prezbiterium jest strop kasetonowy z 1931 roku.<\/p>\n<p>Obok ko\u015bcio\u0142a prowadzi wjazd do pi\u0119trowego dworu z ko\u0144ca XIX wieku, kt\u00f3ry dzi\u015b, po rozbudowie, pe\u0142ni funkcj\u0119 nowicjatu Towarzystwa Chrystusowego dla Polonii Zagranicznej. Budowl\u0119 otacza \u0142adnie utrzymany park krajobrazowy o powierzchni 4 ha. Tu\u017c przy dworze po\u0142o\u017cony jest niewysoki, otoczony fos\u0105 kopiec. W tym miejscu sta\u0142o w XIV, a mo\u017ce XV wieku domostwo w\u0142a\u015bcicieli wsi, kt\u00f3rych w\u00f3wczas zapisywano jako Morkowskich. By\u0142a to tzw. obronna siedziba na kopcu, gdzie na sto\u017cku ziemnym stawiano drewnian\u0105 (rzadziej murowan\u0105 z kamieni lub cegie\u0142) wie\u017c\u0119 mieszkaln\u0105. Wok\u00f3\u0142 przebiega\u0142a fosa, zasilana wod\u0105 ze stawu (w ostatnich suchych latach troch\u0119 tej wody brakuje). Do naszych czas\u00f3w zachowa\u0142o si\u0119 bardzo ma\u0142o takich \u015brednio\u00adwiecznych budowli, troch\u0119 wi\u0119cej mo\u017cna obejrze\u0107 ich podstaw ziemnych. Analogiczny i dobrze zachowany sto\u017cek znajduje si\u0119 te\u017c przy ko\u015bciele w pobliskich Wilkowicach.<\/p>\n<p><em>Tekst<\/em> <strong>Pawe\u0142 Anders<br \/>\n<\/strong>Regionalista, krajoznawca, autor publikacji o Wielkopolsce<br \/>\ni przewodnik\u00f3w turystycznych, Cz\u0142onek Honorowy PTTK.<strong><br \/>\n<\/strong><\/p>\n<p><em>Zdj\u0119cia<\/em> <strong>Pawe\u0142 Anders, Marek Jankowski\/lesznoregion.pl<\/strong><\/p>\n<div id=\"attachment_30991\" style=\"width: 235px\" class=\"wp-caption alignnone\"><a href=\"https:\/\/turysta2.pttk.pl\/wp-content\/uploads\/2024\/06\/3.-Morkowo-fot.-Pawel-Anders-scaled.jpg\"><img loading=\"lazy\" decoding=\"async\" aria-describedby=\"caption-attachment-30991\" class=\" wp-image-30991\" src=\"https:\/\/turysta2.pttk.pl\/wp-content\/uploads\/2024\/06\/3.-Morkowo-fot.-Pawel-Anders-200x300.jpg\" alt=\"\" width=\"225\" height=\"338\" srcset=\"https:\/\/turysta2.pttk.pl\/wp-content\/uploads\/2024\/06\/3.-Morkowo-fot.-Pawel-Anders-200x300.jpg 200w, https:\/\/turysta2.pttk.pl\/wp-content\/uploads\/2024\/06\/3.-Morkowo-fot.-Pawel-Anders-683x1024.jpg 683w, https:\/\/turysta2.pttk.pl\/wp-content\/uploads\/2024\/06\/3.-Morkowo-fot.-Pawel-Anders-768x1152.jpg 768w, https:\/\/turysta2.pttk.pl\/wp-content\/uploads\/2024\/06\/3.-Morkowo-fot.-Pawel-Anders-1024x1536.jpg 1024w, https:\/\/turysta2.pttk.pl\/wp-content\/uploads\/2024\/06\/3.-Morkowo-fot.-Pawel-Anders-1365x2048.jpg 1365w, https:\/\/turysta2.pttk.pl\/wp-content\/uploads\/2024\/06\/3.-Morkowo-fot.-Pawel-Anders-scaled.jpg 1707w\" sizes=\"auto, (max-width: 225px) 100vw, 225px\" \/><\/a><p id=\"caption-attachment-30991\" class=\"wp-caption-text\">Kolumny podtrzymuj\u0105ce gotyckie sklepienie ko\u015bcio\u0142a<\/p><\/div>\n","protected":false},"excerpt":{"rendered":"Czy ma\u0142e miejscowo\u015bci mog\u0105 mie\u0107 ciekawe, nie\u00adzwyk\u0142e obiekty, kt\u00f3re powinny przyci\u0105ga\u0107 tury\u00adst\u00f3w? Wie\u015b M\u00f3rkowo w powiecie leszczy\u0144skim za\u015bwiadcza, \u017ce tak, a czasem bywa, \u017ce takich obiek\u00adt\u00f3w znajdziemy w nich nawet i dwa. Le\u017c\u0105ce nieco na uboczu, 3 km na po\u0142udniowy zach\u00f3d od gminnego Lipna, przy drodze do Wilko\u00adwic, M\u00f3rkowo znane jest ju\u017c od 1362 roku. Przy g\u0142\u00f3wnym skrzy\u017cowaniu urz\u0105dzono niewielkie&nbsp;<a href=\"https:\/\/turysta2.pttk.pl\/?p=30985\" class=\"read-more\">Continue Reading<\/a>","protected":false},"author":13,"featured_media":30989,"comment_status":"closed","ping_status":"closed","sticky":false,"template":"","format":"standard","meta":{"footnotes":""},"categories":[5],"tags":[],"class_list":["post-30985","post","type-post","status-publish","format-standard","has-post-thumbnail","hentry","category-a-to-polska-wlasnie","cat-5-id"],"aioseo_notices":[],"_links":{"self":[{"href":"https:\/\/turysta2.pttk.pl\/index.php?rest_route=\/wp\/v2\/posts\/30985","targetHints":{"allow":["GET"]}}],"collection":[{"href":"https:\/\/turysta2.pttk.pl\/index.php?rest_route=\/wp\/v2\/posts"}],"about":[{"href":"https:\/\/turysta2.pttk.pl\/index.php?rest_route=\/wp\/v2\/types\/post"}],"author":[{"embeddable":true,"href":"https:\/\/turysta2.pttk.pl\/index.php?rest_route=\/wp\/v2\/users\/13"}],"replies":[{"embeddable":true,"href":"https:\/\/turysta2.pttk.pl\/index.php?rest_route=%2Fwp%2Fv2%2Fcomments&post=30985"}],"version-history":[{"count":2,"href":"https:\/\/turysta2.pttk.pl\/index.php?rest_route=\/wp\/v2\/posts\/30985\/revisions"}],"predecessor-version":[{"id":30993,"href":"https:\/\/turysta2.pttk.pl\/index.php?rest_route=\/wp\/v2\/posts\/30985\/revisions\/30993"}],"wp:featuredmedia":[{"embeddable":true,"href":"https:\/\/turysta2.pttk.pl\/index.php?rest_route=\/wp\/v2\/media\/30989"}],"wp:attachment":[{"href":"https:\/\/turysta2.pttk.pl\/index.php?rest_route=%2Fwp%2Fv2%2Fmedia&parent=30985"}],"wp:term":[{"taxonomy":"category","embeddable":true,"href":"https:\/\/turysta2.pttk.pl\/index.php?rest_route=%2Fwp%2Fv2%2Fcategories&post=30985"},{"taxonomy":"post_tag","embeddable":true,"href":"https:\/\/turysta2.pttk.pl\/index.php?rest_route=%2Fwp%2Fv2%2Ftags&post=30985"}],"curies":[{"name":"wp","href":"https:\/\/api.w.org\/{rel}","templated":true}]}}