{"id":30863,"date":"2024-05-29T13:22:33","date_gmt":"2024-05-29T11:22:33","guid":{"rendered":"https:\/\/turysta2.pttk.pl\/?p=30863"},"modified":"2024-05-29T13:22:33","modified_gmt":"2024-05-29T11:22:33","slug":"jubileusz-70-lecia-kola-przewodnikow-w-rzeszowie","status":"publish","type":"post","link":"https:\/\/turysta2.pttk.pl\/?p=30863","title":{"rendered":"Jubileusz 70-lecia Ko\u0142a Przewodnik\u00f3w w Rzeszowie"},"content":{"rendered":"<p><strong>13 i 14 kwietnia 2024 roku Ko\u0142o Przewodnik\u00f3w Terenowych i Beskidzkich przy Oddziale PTTK w Rzeszowie obchodzi\u0142o jubileusz 70 lat swojego istnienia.<\/strong><\/p>\n<p>W sobot\u0119, 13 kwietnia, w Sali Audytoryjnej Urz\u0119du Marsza\u0142kowskiego w Rzeszowie odby\u0142a si\u0119 uroczysta akademia z udzia\u0142em wicemarsza\u0142ka wojew\u00f3dztwa podkarpackiego, Stanis\u0142awa Kruczka, przedstawiciela prezydenta miasta Rzeszowa, prezesa Zarz\u0105du Oddzia\u0142u PTTK w Rzeszowie, Janusza Filarowskiego, oraz cz\u0142onk\u00f3w krajowych struktur przewodnik\u00f3w PTTK z przewodnicz\u0105c\u0105 Komisji Przewodnickiej ZG PTTK Swiet\u0142an\u0105 Koniuszewsk\u0105 na czele. Akademi\u0119 poprowadzi\u0142 Tomasz Dziurawiec \u2013 prezes Ko\u0142a. Przez ca\u0142\u0105 uroczysto\u015b\u0107, na sali by\u0142 obecny sztandar Ko\u0142a, a w poczcie sztandarowym stali Jacek Dziwisz, Przemys\u0142aw Misi\u0105g i Robert Bajorek. Opr\u00f3cz zwyk\u0142ych cz\u0142onk\u00f3w Ko\u0142a obecni byli tak\u017ce cz\u0142onkowie honorowi: Jan Podolski z Przemy\u015bla, Bogus\u0142aw Szawerda ze \u015awidnicy i Aleksander Nu\u017cnyj ze Lwowa. Na uroczysto\u015b\u0107 przyjecha\u0142o kilkadziesi\u0105t os\u00f3b z r\u00f3\u017cnych stron kraju, przede wszystkim przewodnicy z Mi\u0119dzyzdroj\u00f3w, Cz\u0119stochowy, \u0141odzi, Krakowa, Przemy\u015bla, Krosna, Jaros\u0142awia, Dobczyc i Sanoka. Przybyli gospodarze Piotrowej Polany w Wetlinie: Gra\u017cyna i Piotr Ostrowscy. Histori\u0119 Ko\u0142a w formie prezentacji audiowizualnej barwnie zaprezentowa\u0142 Eugeniusz Taradajko \u2013 wiceprezes Ko\u0142a. Prezentacj\u0119 przygotowali koledzy Taradajko i \u0141ukasz Kuczmarz.<\/p>\n<p>Stanis\u0142aw Kruczek poinformowa\u0142, \u017ce Eugeniusz Taradajko otrzyma\u0142 z okazji jubileuszu 70-lecia Ko\u0142a tytu\u0142 \u201eZas\u0142u\u017cony dla wojew\u00f3dztwa podkarpackiego\u201d. Uroczyste wr\u0119czenie odznaki mia\u0142o miejsce 25 kwietnia 2024 roku na uroczystej sesji Sejmiku Podkarpackiego. Wielu przewodnik\u00f3w zosta\u0142o docenionych za swoj\u0105 prac\u0119 przewodnika oraz za prac\u0119 spo\u0142eczn\u0105 na rzecz PTTK. Kole\u017canka Swiet\u0142ana Koniuszewska i kolega Janusz Filarowski wr\u0119czyli nast\u0119puj\u0105ce wyr\u00f3\u017cnienia::<\/p>\n<ul>\n<li>Z\u0142ot\u0105 Honorow\u0105 Odznak\u0119 ZG PTTK: Alicja \u0106wiok i Ryszard Nykun.<\/li>\n<li>Srebrn\u0105 Honorow\u0105 Odznak\u0119 ZG PTTK: Ryszard \u0106wiok, Tadeusz Ga\u0142\u0105zka, Jakub G\u0105sior, Magdalena Lubas, Przemys\u0142aw Misi\u0105g, J\u00f3zefa \u015alemp i Andrzej Wes\u00f3\u0142.<\/li>\n<li>Br\u0105zow\u0105 Honorow\u0105 Odznak\u0119 ZG PTTK: Marek Latusek i Daniel Loegler.<\/li>\n<li>Odznak\u0119 z\u0142ot\u0105 PTTK \u201eZas\u0142u\u017cony w pracy w\u015br\u00f3d m\u0142odzie\u017cy\u201d: Tomasz Dziurawiec, Marcin Kowalski i Stanis\u0142aw Pola\u0144ski.<\/li>\n<li>Odznak\u0119 srebrn\u0105 PTTK \u201eZas\u0142u\u017cony w pracy w\u015br\u00f3d m\u0142odzie\u017cy\u201d: Aleksander Dawidziak.<\/li>\n<li>Dyplom i medal PTTK w 100 rocznic\u0119 odzyskania niepodleg\u0142o\u015bci: Witold Haspel, Marek Korbecki i Zygmunt Solarski.<\/li>\n<li>Odznak\u0119 \u201eZas\u0142u\u017cony Przewodnik\u201d: Tomasz Jankowski, Jadwiga Korbecka, \u0141ukasz Kuczmarz, J\u00f3zef Ob\u0142\u00f3j i Jacek Zi\u0119ba.<\/li>\n<li>Odznak\u0119 \u201e50 lat w PTTK\u201d: Zygmunt Cebula, Witold Haspel, Ma\u0142gorzata Haspel i El\u017cbieta Ka\u0142u\u017ca.<\/li>\n<li>Z\u0142ot\u0105 odznak\u0119 Honorow\u0105 Oddzia\u0142u PTTK Rzesz\u00f3w: Micha\u0142 Organ.<\/li>\n<li>Srebrn\u0105 odznak\u0119 Honorow\u0105 Oddzia\u0142u PTTK Rzesz\u00f3w: Renata Ferenc Pupek, Leszek Misi\u0105g, Krzysztof Stacha\u0144ski i Artur \u015awie\u017cy.<\/li>\n<li>Br\u0105zow\u0105 odznak\u0119 Honorow\u0105 Oddzia\u0142u PTTK Rzesz\u00f3w: Agata Lidwin, Alicja Mr\u00f3zek, Waldemar Procyk i Amelia Sak.<\/li>\n<li>Dyplom Zarz\u0105du Ko\u0142a: Robert Bajorek, Renata Biega, Mi\u0142osz Ko\u015bcielny, Maciej Po\u017aniak, Monika Mularz Dobrowolska i Adam Skiba.<\/li>\n<\/ul>\n<p>Wszyscy uczestnicy akademii otrzymali w okoliczno\u015bciowej torbie: znaczek jubileuszowy, bardzo \u0142adny, z bia\u0142oczerwon\u0105 otok\u0105 i napisem: <em>70 lat, 1954\u20132024<\/em>, d\u0142ugopis, mapki z regionu oraz foldery promuj\u0105ce atrakcje turystyczne Podkarpacia. Uczestnicy mogli wpisa\u0107 si\u0119 do kroniki Jubileuszu. Na akademii by\u0142a dost\u0119pna okoliczno\u015bciowa piecz\u0119\u0107 jubileuszowa. Na jej zako\u0144czenie mia\u0142y miejsce wyst\u0105pienia przyby\u0142ych go\u015bci, gratulacje, dyplomy, prezenty, kt\u00f3re w imieniu Ko\u0142a odebra\u0142 prezes Tomasz Dziurawiec.<\/p>\n<p>52 osoby wzi\u0119\u0142y udzia\u0142 w wycieczce krajoznawczej do Muzeum Polak\u00f3w Ratuj\u0105cych \u017byd\u00f3w podczas II wojny \u015bwiatowej im. Rodziny Ulm\u00f3w w Markowej i bazyliki oo. Bernardyn\u00f3w w Le\u017cajsku. W Le\u017cajsku opr\u00f3cz zwiedzania klasztoru i bazyliki mo\u017cna by\u0142o posili\u0107 si\u0119 tradycyjnym \u017curkiem, a uczt\u0105 dla ducha by\u0142 koncert organowy. Przewodnikami na wycieczce byli Tomasz Dziurawiec i Eugeniusz Taradajko.<\/p>\n<p>Sobotnie uroczysto\u015bci zako\u0144czy\u0142 bal przewodnicki, kt\u00f3ry odby\u0142 si\u0119 w restauracji hotelu \u201eTwierdza\u201d w Rzeszowie z zespo\u0142em Grzegorza Pacze\u015bniaka. Bal otworzyli\u015bmy polonezem, kt\u00f3ry do muzyki z filmu \u201ePan Tadeusz\u201d poprowadzi\u0142 Eugeniusz Taradajko z partnerk\u0105.<\/p>\n<p>W niedziel\u0119, 14 kwietnia, uczestniczyli\u015bmy w uroczystej mszy \u015bwi\u0119tej w bazylice oo. Bernardyn\u00f3w w Rzeszowie. Msz\u0119 celebrowa\u0142o kilku ksi\u0119\u017cy, w tym cz\u0142onkowie Ko\u0142a ksi\u0105dz J\u00f3zef Ob\u0142\u00f3j oraz Artur \u015awie\u017cy SDB. Kazanie wyg\u0142osi\u0142 ksi\u0105dz profesor Wies\u0142aw Matyskiewicz, sekretarz biskupa. Czytania mszalne wykonali cz\u0142onkowie Ko\u0142a: Tomasz Dziurawiec i Piotr Ruszel, a modlitw\u0119 wiernych odczyta\u0142 Wac\u0142aw Wa\u0142ach. Poczet sztandarowy tworzyli Adam Skiba, Daniel Loegler i Aleksander Dawidziak. Jako dary o\u0142tarza Ko\u0142o ufundowa\u0142o: kwiaty, op\u0142atki, wino mszalne i \u015bwiece Wr\u0119czyli je Dorota Michnia, Jadwiga Korbecka, Stanis\u0142aw Pola\u0144ski i Eugeniusz Taradajko. Po mszy \u015bwi\u0119tej w pi\u0119knych ogrodach bernardy\u0144skich uczestnicy jubileuszu zrobili sobie wsp\u00f3lne zdj\u0119cia. Zako\u0144czeniem obchod\u00f3w by\u0142 spacer z przewodnikami, Zygmuntem Cebul\u0105 i Stanis\u0142awem Pola\u0144skim, po Rzeszowie.<\/p>\n<p><em>Tekst<\/em><strong> Jadwiga Korbecka<\/strong><br \/>\nSekretarza Ko\u0142a Przewodnik\u00f3w<\/p>\n<div id=\"attachment_30835\" style=\"width: 426px\" class=\"wp-caption alignnone\"><a href=\"https:\/\/turysta2.pttk.pl\/wp-content\/uploads\/2024\/05\/DSC07992-1-scaled.jpg\"><img loading=\"lazy\" decoding=\"async\" aria-describedby=\"caption-attachment-30835\" class=\" wp-image-30835\" src=\"https:\/\/turysta2.pttk.pl\/wp-content\/uploads\/2024\/05\/DSC07992-1-300x200.jpg\" alt=\"\" width=\"416\" height=\"277\" srcset=\"https:\/\/turysta2.pttk.pl\/wp-content\/uploads\/2024\/05\/DSC07992-1-300x200.jpg 300w, https:\/\/turysta2.pttk.pl\/wp-content\/uploads\/2024\/05\/DSC07992-1-1024x682.jpg 1024w, https:\/\/turysta2.pttk.pl\/wp-content\/uploads\/2024\/05\/DSC07992-1-768x511.jpg 768w, https:\/\/turysta2.pttk.pl\/wp-content\/uploads\/2024\/05\/DSC07992-1-1536x1022.jpg 1536w, https:\/\/turysta2.pttk.pl\/wp-content\/uploads\/2024\/05\/DSC07992-1-2048x1363.jpg 2048w\" sizes=\"auto, (max-width: 416px) 100vw, 416px\" \/><\/a><p id=\"caption-attachment-30835\" class=\"wp-caption-text\">Uroczysta Akademia w auli Podkarpackiego Urz\u0119du Marsza\u0142kowskiego<\/p><\/div>\n","protected":false},"excerpt":{"rendered":"13 i 14 kwietnia 2024 roku Ko\u0142o Przewodnik\u00f3w Terenowych i Beskidzkich przy Oddziale PTTK w Rzeszowie obchodzi\u0142o jubileusz 70 lat swojego istnienia. W sobot\u0119, 13 kwietnia, w Sali Audytoryjnej Urz\u0119du Marsza\u0142kowskiego w Rzeszowie odby\u0142a si\u0119 uroczysta akademia z udzia\u0142em wicemarsza\u0142ka wojew\u00f3dztwa podkarpackiego, Stanis\u0142awa Kruczka, przedstawiciela prezydenta miasta Rzeszowa, prezesa Zarz\u0105du Oddzia\u0142u PTTK w Rzeszowie, Janusza Filarowskiego, oraz cz\u0142onk\u00f3w krajowych struktur&nbsp;<a href=\"https:\/\/turysta2.pttk.pl\/?p=30863\" class=\"read-more\">Continue Reading<\/a>","protected":false},"author":13,"featured_media":30833,"comment_status":"closed","ping_status":"closed","sticky":false,"template":"","format":"standard","meta":{"footnotes":""},"categories":[93,9],"tags":[],"class_list":["post-30863","post","type-post","status-publish","format-standard","has-post-thumbnail","hentry","category-aktualnosci","category-warto-wiedziec","cat-93-id","cat-9-id"],"aioseo_notices":[],"_links":{"self":[{"href":"https:\/\/turysta2.pttk.pl\/index.php?rest_route=\/wp\/v2\/posts\/30863","targetHints":{"allow":["GET"]}}],"collection":[{"href":"https:\/\/turysta2.pttk.pl\/index.php?rest_route=\/wp\/v2\/posts"}],"about":[{"href":"https:\/\/turysta2.pttk.pl\/index.php?rest_route=\/wp\/v2\/types\/post"}],"author":[{"embeddable":true,"href":"https:\/\/turysta2.pttk.pl\/index.php?rest_route=\/wp\/v2\/users\/13"}],"replies":[{"embeddable":true,"href":"https:\/\/turysta2.pttk.pl\/index.php?rest_route=%2Fwp%2Fv2%2Fcomments&post=30863"}],"version-history":[{"count":1,"href":"https:\/\/turysta2.pttk.pl\/index.php?rest_route=\/wp\/v2\/posts\/30863\/revisions"}],"predecessor-version":[{"id":30865,"href":"https:\/\/turysta2.pttk.pl\/index.php?rest_route=\/wp\/v2\/posts\/30863\/revisions\/30865"}],"wp:featuredmedia":[{"embeddable":true,"href":"https:\/\/turysta2.pttk.pl\/index.php?rest_route=\/wp\/v2\/media\/30833"}],"wp:attachment":[{"href":"https:\/\/turysta2.pttk.pl\/index.php?rest_route=%2Fwp%2Fv2%2Fmedia&parent=30863"}],"wp:term":[{"taxonomy":"category","embeddable":true,"href":"https:\/\/turysta2.pttk.pl\/index.php?rest_route=%2Fwp%2Fv2%2Fcategories&post=30863"},{"taxonomy":"post_tag","embeddable":true,"href":"https:\/\/turysta2.pttk.pl\/index.php?rest_route=%2Fwp%2Fv2%2Ftags&post=30863"}],"curies":[{"name":"wp","href":"https:\/\/api.w.org\/{rel}","templated":true}]}}