{"id":30855,"date":"2024-05-29T10:04:34","date_gmt":"2024-05-29T08:04:34","guid":{"rendered":"https:\/\/turysta2.pttk.pl\/?p=30855"},"modified":"2024-05-29T10:04:34","modified_gmt":"2024-05-29T08:04:34","slug":"iv-ogolnopolski-rajd-im-jaroslawa-samsela-wroblewo-i-okolice","status":"publish","type":"post","link":"https:\/\/turysta2.pttk.pl\/?p=30855","title":{"rendered":"IV Og\u00f3lnopolski Rajd im. Jaros\u0142awa Samsela \u201eWr\u00f3blewo i okolice\u201d"},"content":{"rendered":"<p><span style=\"font-weight: 400;\">13 kwietnia 2024 roku ju\u017c po raz czwarty oddzia\u0142y PTTK Morski w Gdyni, Sopockim oraz Przewodnicki w Malborku zorganizowa\u0142y Og\u00f3lnopolski Zlot im. Jaros\u0142awa Samsela. Patron imprezy by\u0142 cz\u0142onkiem Oddzia\u0142u Morskiego PTTK w Gdyni. W imprezie udzia\u0142 wzi\u0119\u0142o ponad 50 uczestnik\u00f3w na pi\u0119ciu r\u00f3\u017cnych trasach i dyscyplinach. Odby\u0142y si\u0119 nast\u0119puj\u0105ce trasy:<\/span><\/p>\n<p><span style=\"font-weight: 400;\">- piesza, szlakiem Mot\u0142awskim z Gda\u0144ska (oko\u0142o 16 km),<br \/>\n<\/span><span style=\"font-weight: 400;\">- rowerowa \u201egda\u0144ska\u201d wzd\u0142u\u017c Wi\u015blanej Trasy Rowerowej EuroVelo 9 z Tczewa (oko\u0142o 40 km),<br \/>\n<\/span><span style=\"font-weight: 400;\">- kajakowa z Gda\u0144ska rzek\u0105 Mot\u0142aw\u0105 (oko\u0142o 15 km),<br \/>\n<\/span><span style=\"font-weight: 400;\">- rowerowa \u201emalborska\u2019 z Malborka (oko\u0142o 100 km),<br \/>\n<\/span><span style=\"font-weight: 400;\">- w\u0142asna.<\/span><\/p>\n<p><span style=\"font-weight: 400;\">Wszyscy uczestnicy finalnie spotkali si\u0119 na mecie Zlotu w miejscowo\u015bci Wr\u00f3blewo, gm. Suchy D\u0105b, gdzie zostali serdecznie ugoszczeni przez w\u00f3jta wsi Przemys\u0142awa Benedykta wraz z mieszka\u0144cami. Na wszystkich przyby\u0142ych czeka\u0142 \u017curek, pyszne ciasta, ciep\u0142e napoje oraz ognisko, na kt\u00f3rym pieczono kie\u0142baski. Ponadto uczestnikom imprezy zosta\u0142 udost\u0119pniony do zwiedzania XVI-wieczny ko\u015bci\u00f3\u0142 pw. Wniebowzi\u0119cia Naj\u015bwi\u0119tszej Maryi Panny. Po drodze zwiedzili\u015bmy tak\u017ce m. in. gotycki XIV-wieczny ko\u015bci\u00f3\u0142 pw. Matki Bo\u017cej R\u00f3\u017ca\u0144cowej w miejscowo\u015bci Ko\u017aliny, ruiny gotyckiego ko\u015bcio\u0142a z XIV wieku, kaplic\u0119 grobow\u0105 rodziny Wessel i nagrobki dawnego cmentarza, dwa domy podcieniowe z XVIII wieku w Steblewie oraz gotycki ko\u015bci\u00f3\u0142 pw. Znalezienia Krzy\u017ca w Krzywym Kole z XIV wieku. Podczas ca\u0142ego Zlotu trwa\u0142a rywalizacja zorganizowana przez Pomorsk\u0105 Komisj\u0119 Fotografii Krajoznawczej PTTK na wykonanie najciekawszego zdj\u0119cia zwi\u0105zanego z imprez\u0105.\u00a0<\/span><\/p>\n<p><em>Tekst <b>Pawe\u0142 Wysocki<\/b><br \/>\nPrezes OM PTTK w Gdyni<br \/>\n<\/em><\/p>\n<div id=\"attachment_30859\" style=\"width: 415px\" class=\"wp-caption alignnone\"><a href=\"https:\/\/turysta2.pttk.pl\/wp-content\/uploads\/2024\/05\/2.jpg\"><img loading=\"lazy\" decoding=\"async\" aria-describedby=\"caption-attachment-30859\" class=\" wp-image-30859\" src=\"https:\/\/turysta2.pttk.pl\/wp-content\/uploads\/2024\/05\/2-300x169.jpg\" alt=\"\" width=\"405\" height=\"228\" srcset=\"https:\/\/turysta2.pttk.pl\/wp-content\/uploads\/2024\/05\/2-300x169.jpg 300w, https:\/\/turysta2.pttk.pl\/wp-content\/uploads\/2024\/05\/2-1024x576.jpg 1024w, https:\/\/turysta2.pttk.pl\/wp-content\/uploads\/2024\/05\/2-768x432.jpg 768w, https:\/\/turysta2.pttk.pl\/wp-content\/uploads\/2024\/05\/2.jpg 1080w\" sizes=\"auto, (max-width: 405px) 100vw, 405px\" \/><\/a><p id=\"caption-attachment-30859\" class=\"wp-caption-text\">Meta zlotu w miejscowo\u015bci Wr\u00f3blewo<\/p><\/div>\n","protected":false},"excerpt":{"rendered":"13 kwietnia 2024 roku ju\u017c po raz czwarty oddzia\u0142y PTTK Morski w Gdyni, Sopockim oraz Przewodnicki w Malborku zorganizowa\u0142y Og\u00f3lnopolski Zlot im. Jaros\u0142awa Samsela. Patron imprezy by\u0142 cz\u0142onkiem Oddzia\u0142u Morskiego PTTK w Gdyni. W imprezie udzia\u0142 wzi\u0119\u0142o ponad 50 uczestnik\u00f3w na pi\u0119ciu r\u00f3\u017cnych trasach i dyscyplinach. Odby\u0142y si\u0119 nast\u0119puj\u0105ce trasy: - piesza, szlakiem Mot\u0142awskim z Gda\u0144ska (oko\u0142o 16 km), -&nbsp;<a href=\"https:\/\/turysta2.pttk.pl\/?p=30855\" class=\"read-more\">Continue Reading<\/a>","protected":false},"author":13,"featured_media":30857,"comment_status":"closed","ping_status":"closed","sticky":false,"template":"","format":"standard","meta":{"footnotes":""},"categories":[9],"tags":[],"class_list":["post-30855","post","type-post","status-publish","format-standard","has-post-thumbnail","hentry","category-warto-wiedziec","cat-9-id"],"aioseo_notices":[],"_links":{"self":[{"href":"https:\/\/turysta2.pttk.pl\/index.php?rest_route=\/wp\/v2\/posts\/30855","targetHints":{"allow":["GET"]}}],"collection":[{"href":"https:\/\/turysta2.pttk.pl\/index.php?rest_route=\/wp\/v2\/posts"}],"about":[{"href":"https:\/\/turysta2.pttk.pl\/index.php?rest_route=\/wp\/v2\/types\/post"}],"author":[{"embeddable":true,"href":"https:\/\/turysta2.pttk.pl\/index.php?rest_route=\/wp\/v2\/users\/13"}],"replies":[{"embeddable":true,"href":"https:\/\/turysta2.pttk.pl\/index.php?rest_route=%2Fwp%2Fv2%2Fcomments&post=30855"}],"version-history":[{"count":1,"href":"https:\/\/turysta2.pttk.pl\/index.php?rest_route=\/wp\/v2\/posts\/30855\/revisions"}],"predecessor-version":[{"id":30861,"href":"https:\/\/turysta2.pttk.pl\/index.php?rest_route=\/wp\/v2\/posts\/30855\/revisions\/30861"}],"wp:featuredmedia":[{"embeddable":true,"href":"https:\/\/turysta2.pttk.pl\/index.php?rest_route=\/wp\/v2\/media\/30857"}],"wp:attachment":[{"href":"https:\/\/turysta2.pttk.pl\/index.php?rest_route=%2Fwp%2Fv2%2Fmedia&parent=30855"}],"wp:term":[{"taxonomy":"category","embeddable":true,"href":"https:\/\/turysta2.pttk.pl\/index.php?rest_route=%2Fwp%2Fv2%2Fcategories&post=30855"},{"taxonomy":"post_tag","embeddable":true,"href":"https:\/\/turysta2.pttk.pl\/index.php?rest_route=%2Fwp%2Fv2%2Ftags&post=30855"}],"curies":[{"name":"wp","href":"https:\/\/api.w.org\/{rel}","templated":true}]}}