{"id":30841,"date":"2024-05-28T10:16:37","date_gmt":"2024-05-28T08:16:37","guid":{"rendered":"https:\/\/turysta2.pttk.pl\/?p=30841"},"modified":"2024-05-28T10:16:37","modified_gmt":"2024-05-28T08:16:37","slug":"wystarczy-tylko-wstac-z-fotela-otworzyc-drzwi-i-ruszyc-przed-siebie","status":"publish","type":"post","link":"https:\/\/turysta2.pttk.pl\/?p=30841","title":{"rendered":"Wystarczy tylko wsta\u0107 z fotela, otworzy\u0107 drzwi i ruszy\u0107 przed siebie"},"content":{"rendered":"<p><strong>Rozmowa Roberta Mazurka z \u0141ukaszem Wierzbickim, podr\u00f3\u017cnikiem i autorem ksi\u0105\u017cek dla dzieci.<\/strong><\/p>\n<p><strong>\u0141ukaszu, wiem, \u017ce ju\u017c w szkole podstawowej tworzy\u0142e\u015b swoje pierwsze opowiadania. Kto Ci\u0119 do tego motywowa\u0142 i by\u0142 oddanym czytelnikiem?<br \/>\n<\/strong>Nawet wcze\u015bniej ni\u017c w podstaw\u00f3wce. Kiedy znalaz\u0142em sw\u00f3j pierwszy zeszycik, na jego ko\u0144cu widnia\u0142a napisana dzieci\u0119c\u0105 r\u0105czk\u0105 data: rok 1980. Zatem musia\u0142em mie\u0107 sze\u015b\u0107 lat. To by\u0142y czasy, gdy ksi\u0105\u017cka by\u0142a skarbem na wag\u0119 z\u0142ota do tego stopnia, \u017ce wycina\u0142o si\u0119 z czasopism strony, zszywa\u0142o ni\u0107mi i k\u0142ad\u0142o ko\u0142o \u0142\u00f3\u017cka. A ja ksi\u0105\u017cki kocha\u0142em od zawsze. Od dziecka fascynowa\u0142 mnie te\u017c \u015bwiat. Gdy w telewizji pojawia\u0142 si\u0119 film przyrodniczy, co wtedy wcale nie zdarza\u0142o si\u0119 zbyt cz\u0119sto, siedzia\u0142em na dywanie i ogl\u0105da\u0142em z otwart\u0105 buzi\u0105. A pokus\u0119, by samemu stworzy\u0107 ksi\u0105\u017ck\u0119, poczu\u0142em po obejrzeniu fragmentu \u201ePana Wo\u0142odyjowskiego\u201d. We wspomnianym zeszyciku rycerza, kt\u00f3ry widnia\u0142 te\u017c na ok\u0142adce, ponumerowa\u0142em strony, na ko\u0144cu napisa\u0142em rok wydania i... tak naprawd\u0119 tylko babcia obejrza\u0142a moje dzie\u0142o. Nikt w\u00f3wczas powa\u017cnie nie traktowa\u0142 moich pasji, cho\u0107 by\u0142y one szczere i autentyczne. To dow\u00f3d na to, \u017ce dzieci\u0119ce marzenia, zainteresowania s\u0105 o wiele bardziej prawdziwe ni\u017c to, co spotyka nas w \u017cyciu doros\u0142ym. Bo ja w nim zb\u0142\u0105dzi\u0142em. Poszed\u0142em na studia, pracowa\u0142em w banku i to pragnienie ma\u0142ego ch\u0142opca o byciu pisarzem na jaki\u015b czas zasn\u0119\u0142o. Rozbudzi\u0142o si\u0119 dopiero, gdy mia\u0142em ponad 30 lat pod wp\u0142ywem reporta\u017cy z Afryki Kazimierza Nowaka.<\/p>\n<p><strong>A sk\u0105d wzi\u0119\u0142a si\u0119 u Ciebie \u017cy\u0142ka podr\u00f3\u017cnika? Kiedy pierwszy raz zarzuci\u0142e\u015b plecak na rami\u0119 i ruszy\u0142e\u015b w nieznane?<br \/>\n<\/strong>Zawsze kocha\u0142em podr\u00f3\u017ce i ten plecak towarzyszy\u0142 mi, odk\u0105d pami\u0119tam. By\u0142em z nim w Karkonoszach, Sudetach. Zabiera\u0142em go na w\u0119dr\u00f3wki po lasach i do Czechos\u0142owacji, gdzie po sko\u0144czeniu zer\u00f3wki pojechali\u015bmy z dziadkiem ma\u0142ym fiatem. Fascynowa\u0142a mnie te\u017c literatura podr\u00f3\u017cnicza, a kiedy od\u0142o\u017cy\u0142em m\u0142odzie\u017cowe ksi\u0105\u017cki przygodowe, zacz\u0105\u0142em si\u0119ga\u0107 po reporta\u017ce. To m\u00f3j ulubiony rodzaj literatury. I pewnie nie pisa\u0142bym ksi\u0105\u017cek podr\u00f3\u017cniczych, tylko mo\u017ce romanse, krymina\u0142y, gdybym w duszy nie by\u0142 podr\u00f3\u017cnikiem i nie by\u0142 przekonany, \u017ce otaczaj\u0105cy nas \u015bwiat jest bardzo inspiruj\u0105cy. Wystarczy tylko wsta\u0107 z fotela, otworzy\u0107 drzwi i ruszy\u0107 przed siebie. I ta my\u015bl towarzyszy\u0142a mi, od kiedy zacz\u0105\u0142em na powa\u017cnie pisa\u0107 ksi\u0105\u017cki dla dzieci.<\/p>\n<p><strong>Piszesz ksi\u0105\u017cki dla dzieci i podr\u00f3\u017cujesz. Co jest Ci bli\u017csze?<br \/>\n<\/strong>To s\u0105 naczynia po\u0142\u0105czone. Gdy pokazuj\u0119 moje rekwizyty, walizy, worki, kt\u00f3re wo\u017c\u0119 na spotkania z dzie\u0107mi, \u017cartuj\u0119 czasem, m\u00f3wi\u0105c: \u201eZobaczcie, tak wygl\u0105da praca pisarza, autora ksi\u0105\u017cek dla dzieci\u201d. Kto\u015b mo\u017ce sobie wyobra\u017ca\u0107, \u017ce wstaj\u0119 rano, robi\u0119 wielki kubek herbaty i w szlafroku siadam za biurkiem, wymy\u015blam histori\u0119 i pisz\u0119, a potem sprawdzam, ile ksi\u0105\u017cek si\u0119 sprzeda\u0142o. Nie, to tak nie wygl\u0105da. Najpierw trzeba znale\u017a\u0107 pomys\u0142, zrobi\u0107 research, zg\u0142\u0119bi\u0107 temat, nast\u0119pnie jest pisanie i uk\u0142adanie, co, nie ukrywam, bywa \u017cmudne i trudne. Dopiero wtedy nast\u0119puje druga cz\u0119\u015b\u0107 pracy, czyli wyj\u015bcie z ksi\u0105\u017ck\u0105 do czytelnika, by sprawdzi\u0107, jak te historie s\u0105 odbierane przez dzieci. Podr\u00f3\u017ce z walizkami, ksi\u0105\u017ckami to nieod\u0142\u0105czna cz\u0119\u015b\u0107 mojej pracy. Nie wyobra\u017cam sobie by\u0107 pisarzem, kt\u00f3ry zamyka si\u0119 w czterech \u015bcianach i nie wy\u015bciubia nosa ze swojego gabinetu.<\/p>\n<p><strong>Pisanie o swoich podr\u00f3\u017cach i historycznych bohaterach dla dzieci jest trudniejsze i stanowi wi\u0119ksze wyzwanie ni\u017c pisanie dla doros\u0142ych. Sk\u0105d ten wyb\u00f3r?<br \/>\n<\/strong>Mam wra\u017cenie, \u017ce o wiele trudniejsze. Dziecko jest bardziej wymagaj\u0105cym s\u0142uchaczem, czytelnikiem, bo \u2013 m\u00f3wi\u0105c kolokwialnie \u2013 nie kupi lipy. Ono musi dosta\u0107 ciekaw\u0105 histori\u0119. Tymczasem doros\u0142y przeczyta ksi\u0105\u017ck\u0119, bo np. poleci\u0142a j\u0105 s\u0105siadka czy jest moda na danego pisarza. A dlaczego dzieci? Gdy by\u0142a ju\u017c gotowa publikacja pt. \u201eRowerem i pieszo przez Czarny L\u0105d. Listy z podr\u00f3\u017cy afryka\u0144skiej z lat 1931-1936\u201d, zaprosili\u015bmy w 2006 roku na ods\u0142oni\u0119cie znajduj\u0105cej si\u0119 na pozna\u0144skim dworcu tablicy po\u015bwi\u0119conej Kazimierzowi Nowakowi Ryszarda Kapu\u015bci\u0144skiego. Reporta\u017cysta zwr\u00f3ci\u0142 si\u0119 do mnie i Macieja Pastwy \u2013 inicjatora ufundowania tablicy \u2013 prosz\u0105c, by\u015bmy nie ustawali w popularyzacji postaci podr\u00f3\u017cnika, zw\u0142aszcza w\u015br\u00f3d dzieci i m\u0142odzie\u017cy. Zacz\u0105\u0142em zastanawia\u0107 si\u0119, co jeszcze mog\u0119 zrobi\u0107 \u201ew sprawie Nowaka\u201d. Przypomnia\u0142em sobie, jak wa\u017cne by\u0142y dla mnie ksi\u0105\u017cki, gdy mia\u0142em kilka, kilkana\u015bcie lat, jak one mnie budowa\u0142y, inspirowa\u0142y. Pomy\u015bla\u0142em, \u017ce mo\u017ce powinienem ocali\u0107 od zapomnienia histori\u0119 Kazimierza Nowaka i opowiedzie\u0107 j\u0105 dzieciom w przyst\u0119pnym dla nich j\u0119zyku. Kiedy klamka zapad\u0142a, \u017ce napisz\u0119 ksi\u0105\u017ck\u0119, zacz\u0105\u0142em pe\u0142en pozytywnej energii chodzi\u0107 po pokoju, uk\u0142adaj\u0105c w g\u0142owie spis tre\u015bci, wybieraj\u0105c przygody.<\/p>\n<p><strong>I tak mamy \u201eAfryk\u0119 Kazika\u201d, ale w jaki spos\u00f3b zainteresowa\u0142e\u015b si\u0119 postaci\u0105 Kazimierza Nowaka?<br \/>\n<\/strong>W\u0142a\u015bciwie by\u0142 on obecny w moim \u017cyciu, odk\u0105d pami\u0119tam. A wszystko za spraw\u0105 dziadka, po kt\u00f3rym odziedziczy\u0142em fascynacj\u0119 przyrod\u0105, geografi\u0105 i podr\u00f3\u017cami. Posta\u0107 Kazimierza Nowaka bardzo go interesowa\u0142a. Dla jego list\u00f3w z Afryki kupowa\u0142 gazety, a kiedy podr\u00f3\u017cnik, kt\u00f3ry r\u00f3wnie\u017c pochodzi\u0142 z Poznania, wr\u00f3ci\u0142 z wyprawy, chodzi\u0142 na jego spotkania. S\u0142owa dziadka o tym, jak bardzo mu \u017cal, \u017ce Nowak nie napisa\u0142 ksi\u0105\u017cki i w\u0142a\u015bciwie o nim zapomniano, zainspirowa\u0142y mnie do dzia\u0142ania. Zapyta\u0142em, gdzie czyta\u0142 te listy z Afryki. Dziadek zacz\u0105\u0142 sobie przypomina\u0107 nazwy czasopism i kierowany jego wspomnieniami uda\u0142em si\u0119 do Biblioteki Raczy\u0144skich. Tam odnalaz\u0142em w przedwojennym \u201eKurierze Pozna\u0144skim\u201d opublikowane listy podpisane przez Nowaka. By\u0142o ich du\u017co i uk\u0142ada\u0142y si\u0119 w niewiarygodn\u0105 opowie\u015b\u0107 o podr\u00f3\u017cniku przemierzaj\u0105cym przez pi\u0119\u0107 lat kontynent jeszcze nie do ko\u0144ca poznany \u2013 rowerem, konno, pieszo, na wielb\u0142\u0105dzie.<\/p>\n<p><strong>Po sukcesie pierwszej ksi\u0105\u017cki dla doros\u0142ych powsta\u0142a druga, dla dzieci - \u201eAfryka Kazika\u201d. Okaza\u0142o si\u0119, \u017ce Kazik rozbudzi\u0142 wyobra\u017ani\u0119 najm\u0142odszych...<br \/>\n<\/strong>Kompletnie si\u0119 tego nie spodziewa\u0142em, zw\u0142aszcza \u017ce gdy zacz\u0105\u0142em w\u0119drowa\u0107 po wydawnictwach, us\u0142ysza\u0142em wiele argument\u00f3w, \u017ce ta ksi\u0105\u017cka niekoniecznie jest dobrym pomys\u0142em. A potem, kiedy ju\u017c si\u0119 ukaza\u0142a, owszem, wierzy\u0142em w ni\u0105, ale nawet nie marzy\u0142em, \u017ce zostanie przyj\u0119ta tak entuzjastycznie i dzi\u015b, 16 lat po premierze, b\u0119dzie budzi\u0107 tak \u017cywe emocje. Ogromnie si\u0119 wzruszy\u0142em, kiedy dosta\u0142em od dzieci zestaw rysunk\u00f3w z Kazikiem w roli g\u0142\u00f3wnej lub gdy widzia\u0142em, jak odgrywaj\u0105 scenki z ksi\u0105\u017cki. Okaza\u0142o si\u0119, \u017ce intuicja dobrze mi podpowiedzia\u0142a, a pomys\u0142, do kt\u00f3rego w\u00f3wczas wiele os\u00f3b podchodzi\u0142o sceptycznie, m\u00f3wi\u0105c z przek\u0105sem, \u017ce \u201eKazik to przecie\u017c w Kulcie \u015bpiewa\u201d, by\u0142 strza\u0142em w dziesi\u0105tk\u0119. Moja publikacja sta\u0142a si\u0119 lektur\u0105 szkoln\u0105, dzi\u0119ki czemu dotar\u0142a do wielu miejsc. A dodatkow\u0105 atrakcj\u0105 dla dzieci jest fakt, \u017ce autor ksi\u0105\u017cki, kt\u00f3r\u0105 omawiaj\u0105 na lekcjach, jeszcze \u017cyje.<\/p>\n<p><strong>Ruszy\u0142a te\u017c \u201eSztafeta \u015bladami Kazimierza Nowaka\u201d, kt\u00f3rej stanowi\u0142e\u015b wa\u017cny element. Mo\u017cesz co\u015b wi\u0119cej powiedzie\u0107 o tym projekcie?<br \/>\n<\/strong>Wszystko zacz\u0119\u0142o si\u0119 w 2011 roku. Wydawa\u0142o mi si\u0119, \u017ce nikt nie jest w stanie powt\u00f3rzy\u0107 wyczynu Nowaka i dwa razy na prze\u0142aj przemierzy\u0107 Afryki rowerem, pieszo, konno, \u0142odzi\u0105 i na wielb\u0142\u0105dzie. Ale zafascynowana t\u0105 wypraw\u0105 grupa podr\u00f3\u017cnik\u00f3w z r\u00f3\u017cnych stron Polski wymy\u015bli\u0142a sprytny plan, by podzieli\u0107 szlak na etapy i zrobi\u0107 sztafet\u0119, czyli ka\u017cda dru\u017cyna przez miesi\u0105c b\u0119dzie jecha\u0142a przez jeden kraj, a potem przeka\u017ce symboliczn\u0105 pa\u0142eczk\u0119 kolejnym osobom. Mia\u0142 by\u0107 to ho\u0142d oddany cz\u0142owiekowi, kt\u00f3ry dokona\u0142 czego\u015b wielkiego. Wi\u0119kszo\u015b\u0107, oczywi\u015bcie, chcia\u0142a podr\u00f3\u017cowa\u0107 rowerem. Powiedzia\u0142em wtedy: zaraz, zaraz, przecie\u017c Nowak w pewnym momencie przesiad\u0142 si\u0119 z jedno\u015bladu na konia. Postanowi\u0142em przemierzy\u0107 sw\u00f3j fragment trasy w siodle. Wybra\u0142em Namibi\u0119, gdzie ju\u017c wcze\u015bniej by\u0142em i wiedzia\u0142em, \u017ce jest bezpiecznie. By\u0142o to wa\u017cne, bo na wypraw\u0119 zabra\u0142em \u017con\u0119 siedmiomiesi\u0119cznego syna. Symbolicznie wystartowali\u015bmy z farmy Gomuchab, z kt\u00f3rej Kazimierz Nowak w sierpniu 1934 roku wyruszy\u0142 wierzchem w kierunku granicy z Angol\u0105. Nasza przygoda trwa\u0142a pi\u0119\u0107 tygodni, a nie pi\u0119\u0107 lat. Przejechali\u015bmy konno jedynie fragment szlaku, ale by\u0142a to jedna z pi\u0119kniejszych podr\u00f3\u017cy.<\/p>\n<p><strong>A czym jest Pogotowie Kazikowe?<br \/>\n<\/strong>Nazwa powsta\u0142a przypadkowo. Pojecha\u0142em kiedy\u015b na spotkanie z dzie\u0107mi do Wroc\u0142awia \u2013 z walizk\u0105, b\u0119bnem, pluszowymi w\u0119\u017cami, dzid\u0105 i ca\u0142\u0105 reszt\u0105 mojej gemeli. Przyjaciel, kt\u00f3ry mnie tam zaprosi\u0142, na m\u00f3j widok zawo\u0142a\u0142: \u201eO, pogotowie kazikowe przyjecha\u0142o\u201d. Spodoba\u0142 mi si\u0119 ten \u017carcik i zacz\u0105\u0142em u\u017cywa\u0107 tej nazwy na okre\u015blenie tego wszystkiego, co robi\u0119. Bo to jest co\u015b wi\u0119cej ni\u017c pisanie ksi\u0105\u017cek i spotkania autorskie. I mimo \u017ce ju\u017c nie tylko Kazik jest bohaterem moich opowie\u015bci, to nazwa pozosta\u0142a i w pewnym sensie sta\u0142a si\u0119 moim znakiem rozpoznawczym. Wykorzysta\u0142em j\u0105 te\u017c w nazwie mojego wydawnictwa.<\/p>\n<p><strong>\u201eDziadek i nied\u017awiadek\u201d, \u201eWyprawa nies\u0142ychana Benedykta i Jana\u201d, \u201eMachin\u0105 przez Chiny\u201d, \u201eOcean to piku\u015b\u201d, \u201eWok\u00f3\u0142 \u015bwiata na wariata\u201d czy \u201eCo hrabia porabia?\u201d \u2013 to tytu\u0142y Twoich pozosta\u0142ych ksi\u0105\u017cek dla dzieci. Czy m\u00f3g\u0142by\u015b pokr\u00f3tce powiedzie\u0107, komu zosta\u0142y one po\u015bwi\u0119cone?<br \/>\n<\/strong>Ka\u017cda z tych historii jest inna, na sw\u00f3j spos\u00f3b szczeg\u00f3lna, wyj\u0105tkowa. \u201eDziadek i nied\u017awiadek\u201d to opowie\u015b\u0107 o wojnie, ale przede wszystkim o przyja\u017ani z nied\u017awiedziem, kt\u00f3ry udowodni\u0142, \u017ce w najgorszych czasach trzeba by\u0107... cz\u0142owiekiem. Z kolei \u201eWyprawa nies\u0142ychana Benedykta i Jana\u201d dzieje si\u0119 w \u015bredniowieczu. Przyznaj\u0119, \u017ce sporo tam nazmy\u015bla\u0142em, bo informacji o wyprawie Benedykta Polaka by\u0142o niewiele, wi\u0119c po\u0142ow\u0119 tre\u015bci podyktowa\u0142a mi wyobra\u017ania, ale osnu\u0142em j\u0105 na autentycznej podr\u00f3\u017cy do Mongolii z XIII wieku. Potem przysz\u0142a wyj\u0105tkowa przygoda, bo zaproszono mnie do pracy nad pami\u0119tnikami Haliny Korolec-Bujakowskiej z jej po\u015blubnej wyprawy motocyklowej do Szanghaju. Tak powsta\u0142a ksi\u0105\u017cka \u201eMachin\u0105 przez Chiny\u201d. Nast\u0119pnie si\u0119gn\u0105\u0142em po jeszcze jedn\u0105 opowie\u015b\u0107, kt\u00f3r\u0105 pami\u0119ta\u0142em z relacji mojego dziadka. Chodzi o wypraw\u0119 dw\u00f3ch szalonych i te\u017c nieco zapomnianych poznaniak\u00f3w \u2013 Tadeusza Perkitnego i Leona Mroczkiewicza. Ich podro\u017c dooko\u0142a \u015bwiata \u2013 w kt\u00f3r\u0105 ruszyli, zabieraj\u0105c s\u0142oik kiszonych og\u00f3rk\u00f3w, kilogram jab\u0142ek, sto z\u0142otych i niewiele wi\u0119cej, a wr\u00f3cili po trzech latach w\u0142asnym samochodem z ma\u0142p\u0105 w garniturze \u2013 opisuj\u0119 w \u201eWok\u00f3\u0142 \u015bwiata na wariata\u201d. W trakcie pracy nad t\u0105 ksi\u0105\u017ck\u0105 pojawi\u0142 si\u0119 pomys\u0142, by przybli\u017cy\u0107 dzieciom posta\u0107 Aleksandra Doby i jego transatlantyckie wyprawy kajakowe. Na pocz\u0105tku wydawa\u0142o mi si\u0119 to karko\u0142omnym wyzwaniem, bo czym tu przyku\u0107 uwag\u0119 m\u0142odego czytelnika, skoro podr\u00f3\u017cnik w\u0142a\u015bciwie nic nie robi, tylko kilkana\u015bcie godzin dziennie wios\u0142uje, a dooko\u0142a jedynie ocean. Jednak kiedy spotka\u0142em si\u0119 z Olkiem i us\u0142ysza\u0142em jego przygody o rekinach, wielorybach czy walce z falami, poczu\u0142em, \u017ce mam przed sob\u0105 bohatera ksi\u0105\u017cki, jakiego bym nie wymy\u015bli\u0142. Wsp\u00f3lnie stworzyli\u015bmy opowie\u015b\u0107 pod tytu\u0142em \u201eOcean to piku\u015b\u201d. Natomiast w zesz\u0142ym roku ukaza\u0142a si\u0119 ksi\u0105\u017cka pt. \u201eCo hrabia porabia\u201d. To historia opowiedziana w listach, kt\u00f3re Pawe\u0142 Edmund Strzelecki pisa\u0142 do kobiety, mi\u0142o\u015bci \u017cycia, z Hawaj\u00f3w, Tahiti, Nowej Zelandii, Australii i Tasmanii. Opr\u00f3cz zabawnych przyg\u00f3d s\u0105 w niej te\u017c momenty wzruszaj\u0105ce, jak np. wej\u015bcie na G\u00f3r\u0119 Ko\u015bciuszki, jest te\u017c o przemijaniu i refleksji nad \u015bwiatem, kt\u00f3rego zaraz nie b\u0119dzie, bo wszystko wok\u00f3\u0142 si\u0119 zmienia.<\/p>\n<p><strong>Czy do podr\u00f3\u017cy inspiruj\u0105 Ci\u0119 ksi\u0105\u017cki, nad kt\u00f3rymi pracujesz?<br \/>\n<\/strong>Oczywi\u015bcie, chocia\u017cby wizyta na Monte Cassino by\u0142a podyktowana ksi\u0105\u017ck\u0105 \u201eDziadek i nied\u017awiadek\u201d. Wcze\u015bniej tam nie by\u0142em i postanowi\u0142em, \u017ce musz\u0119 odwiedzi\u0107 to miejsce. Ale tak naprawd\u0119 to dzia\u0142a w dwie strony, bo z kolei pisz\u0105c o Strzeleckim, zacz\u0105\u0142em wspomina\u0107 sw\u00f3j pobyt w Australii. Aczkolwiek do wielu miejsc, w kt\u00f3rych byli bohaterowie moich ksi\u0105\u017cek, nie dotar\u0142em i pewnie nie dotr\u0119.<\/p>\n<p><strong>Podr\u00f3\u017cowanie wymaga dyscypliny i umiej\u0119tno\u015bci planowania. Wyprawy z dzie\u0107mi, kt\u00f3rych odby\u0142e\u015b wiele np. do Afryki, to ju\u017c wy\u017csza szko\u0142a jazdy. Kto w Twojej rodzinie jest g\u0142\u00f3wnym logistykiem?<br \/>\n<\/strong>Bez dw\u00f3ch zda\u0144 \u2013 \u017cona. W minione wakacje byli\u015bmy w Japonii i to w\u0142a\u015bnie Klaudia wyszukiwa\u0142a informacje, planowa\u0142a wypraw\u0119. Kiedy zapyta\u0142a, co chcia\u0142bym zobaczy\u0107, odpowiedzia\u0142em, \u017ce po prostu chc\u0119 by\u0107 w Japonii i cokolwiek tam zobaczymy, b\u0119d\u0119 szcz\u0119\u015bliwy, bo znajd\u0119 si\u0119 w kraju, kt\u00f3ry jest jedyny w swoim rodzaju.<\/p>\n<p><strong>Najm\u0142odsi nie zawsze chc\u0105 chodzi\u0107 \u015bcie\u017ckami rodzic\u00f3w. Zdradzisz jakie\u015b ciekawe patenty na zaj\u0119cie dzieci w podr\u00f3\u017cy?<br \/>\n<\/strong>Dzisiaj podr\u00f3\u017cujemy zupe\u0142nie inaczej ni\u017c wtedy, gdy nie mieli\u015bmy dzieci. Planuj\u0105c wypraw\u0119, wybieramy miejsca, w kt\u00f3rych b\u0119d\u0105 mog\u0142y prze\u017cy\u0107 co\u015b ciekawego, fajnego. Japonia naszym synom bardzo si\u0119 spodoba\u0142a, zw\u0142aszcza roboty, kt\u00f3re roznosi\u0142y w restauracjach obiad, shinkanseny, czyli p\u0119dz\u0105ce poci\u0105gi, i k\u0105piele w onsenach. Z drugiej strony podr\u00f3\u017c jest takim momentem, gdy otoczenie si\u0119 zmienia i \u2013 czego wiele razy do\u015bwiadczy\u0142em, gdy Jonasz i Jeremi byli m\u0142odsi \u2013 \u0142atwiej jest zainteresowa\u0107 dziecko ni\u017c w domu, gdzie wszystkie zabawki ju\u017c si\u0119 opatrzy\u0142y. Pami\u0119tam, jak na Sri Lance, gdy wje\u017cd\u017cali\u015bmy busem do\u015b\u0107 kr\u0119t\u0105 tras\u0105 na g\u00f3r\u0119, Jonasz \u017ale si\u0119 poczu\u0142 i generalnie by\u0142 zm\u0119czony. W pewnym momencie kierowca si\u0119 zatrzyma\u0142 i zawo\u0142a\u0142 syna, pokazuj\u0105c mu w\u015br\u00f3d traw mimoz\u0119, kt\u00f3ra s\u0142ynie ze zwijania si\u0119 listk\u00f3w po ich dotkni\u0119ciu. Jonasza bardzo to zaciekawi\u0142o i z\u0142e samopoczucie znikn\u0119\u0142o jak r\u0119k\u0105 odj\u0105\u0142. Takich sytuacji by\u0142o wiele. Czasami sami wmy\u015blamy sztuczki, by zainteresowa\u0107 dzieci, a innym razem z pomoc\u0105 przychodzi nam otaczaj\u0105cy \u015bwiat.<\/p>\n<p><strong>Ze spotka\u0144 autorskich uczyni\u0142e\u015b teatr jednego aktora, kt\u00f3ry \u015bwietnie trafia do m\u0142odych (i starszych!) czytelnik\u00f3w. W jaki spos\u00f3b si\u0119 do nich przygotowujesz? Czy one ewoluuj\u0105 pod wp\u0142ywem kolejnych spotka\u0144?<br \/>\n<\/strong>W\u0142a\u015bciwie opr\u00f3cz mnie jest kilku aktor\u00f3w, bo przecie\u017c mamy nied\u017awiedzia Wojtka, rekiny, Olka Dob\u0119. Od jakiego\u015b czasu w ten spektakl wci\u0105gam dzieci, co bywa ryzykowne, bo przecie\u017c scena r\u00f3\u017cnie mo\u017ce si\u0119 potoczy\u0107, jednak to zawsze si\u0119 op\u0142aca. Przez wiele lat jako menad\u017cer, organizator spektakli teatralnych, kabaretowych, musicali i r\u00f3\u017cnych imprez mia\u0142em okazj\u0119 podgl\u0105da\u0107 prac\u0119 artyst\u00f3w, ich kontakt z lud\u017ami, metody wykorzystywania rekwizyt\u00f3w. Zauwa\u017cy\u0142em, \u017ce sukces odnosili ci, kt\u00f3rzy po ka\u017cdym spektaklu analizowali, co posz\u0142o dobrze, a co \u015brednio. Zacz\u0105\u0142em robi\u0107 to samo i wyci\u0105ga\u0107 wnioski. Ka\u017cde z moich spotka\u0144 jest zbiorem do\u015bwiadcze\u0144. Staram si\u0119, by by\u0142o nie za d\u0142ugie, ale te\u017c nie za kr\u00f3tkie, bior\u0119 pod uwag\u0119 wiek uczestnik\u00f3w, ich ilo\u015b\u0107. Poza tym nie ma mowy o odegraniu przygotowanego wcze\u015bniej scenariusza, bo trzeba zostawi\u0107 ca\u0142kiem sporo miejsca na improwizacj\u0119.<\/p>\n<p><strong>Na co dzieci Ci\u0119 uwra\u017cliwi\u0142y, na co zwracaj\u0105 uwag\u0119, o co pytaj\u0105? Czy wierzysz, \u017ce cz\u0119\u015b\u0107 z nich pewnego dnia zarzuci plecak na plecy i ruszy we w\u0142asn\u0105, pe\u0142n\u0105 przyg\u00f3d, podr\u00f3\u017c?<br \/>\n<\/strong>Zrobi to co drugi, jestem o tym przekonany. Jednak namawiam dzieci przede wszystkim do szukania swoich pasji, fascynacji. Nie chodzi o to, by po spotkaniu ka\u017cdy stawa\u0142 si\u0119 pisarzem czy podr\u00f3\u017cnikiem. Udowadniam im na przyk\u0142adzie historii moich bohater\u00f3w, \u017ce ka\u017cdy z nas ma swoje marzenia, a kluczem do ich spe\u0142nienia jest to, by by\u0142y one naprawd\u0119 nasze i autentyczne.<\/p>\n<p><strong>Czy nadal trafiaj\u0105 do Ciebie historie warte ocalenia i popularyzacji? Co \u201echodzi Ci po g\u0142owie\u201d?<br \/>\n<\/strong>Takich historii trafia do mnie mn\u00f3stwo. Mam nawet specjaln\u0105 teczk\u0119 pod nazw\u0105 \u201einne tematy\u201d. Kto wie, mo\u017ce przyjdzie czas, \u017ce do niej zajrz\u0119. Jednak jest pewien warunek: musz\u0119 poczu\u0107, \u017ce to w\u0142a\u015bnie ja powinienem opowiedzie\u0107 dan\u0105 histori\u0119. Zdarzy\u0142o mi si\u0119 par\u0119 razy, \u017ce kto\u015b podpowiada\u0142 mi jaki\u015b temat, a ja wiedzia\u0142em, \u017ce to nie dla mnie. Tak by\u0142o np. z himalaistami i \u015bwiatem wysokich g\u00f3r. Nie potrafi\u0142bym odda\u0107 fascynacji tych ludzi, bo nie do ko\u0144ca j\u0105 rozumiem. To nie moja bajka. A \u017ceby ksi\u0105\u017cka by\u0142a wiarygodna, autor musi zostawi\u0107 w opowie\u015bci cz\u0105stk\u0119 siebie. I tak staram si\u0119 robi\u0107. Ka\u017cdy bohater dostaje co\u015b od \u0141ukasza Wierzbickiego. Obecnie po publikacjach \u201eWok\u00f3\u0142 \u015bwiata na wariata\u201d i \u201eCo hrabia porabia\u201d czuj\u0119, \u017ce to, co mia\u0142em na ten moment do powiedzenia moim czytelnikom, przekaza\u0142em. Potrzebuj\u0119 chwili refleksji, resetu, oczyszczenia g\u0142owy, by, siadaj\u0105c do nowej historii, mie\u0107 w sobie \u015bwie\u017c\u0105 energi\u0119 i nie powtarza\u0107 tego, co wyrazi\u0142em w ostatnich ksi\u0105\u017ckach.<\/p>\n<p><strong>Twoja mapa \u015bwiata pe\u0142na jest zakre\u015ble\u0144, jednak na koniec zapytam przewrotnie \u2013 gdzie Ci\u0119 jeszcze nie widziano, a gdzie najch\u0119tniej pojawi\u0142by\u015b si\u0119 po raz wt\u00f3ry?<br \/>\n<\/strong>Na pewno chcia\u0142bym wr\u00f3ci\u0107 do Namibii, gdzie mam przyjaci\u00f3\u0142. Marzy mi si\u0119 Nowa Zelandia. Hrabia, bohater mojej ksi\u0105\u017cki, odwiedzi\u0142 ten kraj, wi\u0119c mam nadziej\u0119, \u017ce za jaki\u015b czas rusz\u0119 jego \u015bladem.<\/p>\n<p><em>Rozmawia\u0142\u00a0 <\/em><strong>Robert Mazurek<br \/>\n<\/strong>Wiceprezes Oddzia\u0142u PTTK w Radzyniu Podlaskim, dyrektor Radzy\u0144skiego O\u015brodka Kultury, pomys\u0142odawca i organizator odbywaj\u0105cych si\u0119 od 2012 roku Radzy\u0144skich Spotka\u0144 z Podr\u00f3\u017cnikami.<strong><br \/>\n<\/strong><\/p>\n<p><em>Zdj\u0119cia<\/em> <strong>Tomasz M\u0142ynarczyk\/Radzy\u0144ski O\u015brodek Kultury<\/strong><\/p>\n<div id=\"attachment_30849\" style=\"width: 548px\" class=\"wp-caption alignnone\"><a href=\"https:\/\/turysta2.pttk.pl\/wp-content\/uploads\/2024\/05\/wywiad-lukasz-wierzbicki2-fot.-Tomasz-Mlynarczyk-scaled.jpg\"><img loading=\"lazy\" decoding=\"async\" aria-describedby=\"caption-attachment-30849\" class=\" wp-image-30849\" src=\"https:\/\/turysta2.pttk.pl\/wp-content\/uploads\/2024\/05\/wywiad-lukasz-wierzbicki2-fot.-Tomasz-Mlynarczyk-300x200.jpg\" alt=\"\" width=\"538\" height=\"359\" srcset=\"https:\/\/turysta2.pttk.pl\/wp-content\/uploads\/2024\/05\/wywiad-lukasz-wierzbicki2-fot.-Tomasz-Mlynarczyk-300x200.jpg 300w, https:\/\/turysta2.pttk.pl\/wp-content\/uploads\/2024\/05\/wywiad-lukasz-wierzbicki2-fot.-Tomasz-Mlynarczyk-1024x683.jpg 1024w, https:\/\/turysta2.pttk.pl\/wp-content\/uploads\/2024\/05\/wywiad-lukasz-wierzbicki2-fot.-Tomasz-Mlynarczyk-768x512.jpg 768w, https:\/\/turysta2.pttk.pl\/wp-content\/uploads\/2024\/05\/wywiad-lukasz-wierzbicki2-fot.-Tomasz-Mlynarczyk-1536x1025.jpg 1536w, https:\/\/turysta2.pttk.pl\/wp-content\/uploads\/2024\/05\/wywiad-lukasz-wierzbicki2-fot.-Tomasz-Mlynarczyk-2048x1366.jpg 2048w\" sizes=\"auto, (max-width: 538px) 100vw, 538px\" \/><\/a><p id=\"caption-attachment-30849\" class=\"wp-caption-text\">Podczas spotkania w Radzyniu Podlaskim by\u0142a wspania\u0142a atmosfera i du\u017ce zainteresowanie dzieci opowie\u015bciami o Afryce<\/p><\/div>\n","protected":false},"excerpt":{"rendered":"Rozmowa Roberta Mazurka z \u0141ukaszem Wierzbickim, podr\u00f3\u017cnikiem i autorem ksi\u0105\u017cek dla dzieci. \u0141ukaszu, wiem, \u017ce ju\u017c w szkole podstawowej tworzy\u0142e\u015b swoje pierwsze opowiadania. Kto Ci\u0119 do tego motywowa\u0142 i by\u0142 oddanym czytelnikiem? Nawet wcze\u015bniej ni\u017c w podstaw\u00f3wce. Kiedy znalaz\u0142em sw\u00f3j pierwszy zeszycik, na jego ko\u0144cu widnia\u0142a napisana dzieci\u0119c\u0105 r\u0105czk\u0105 data: rok 1980. Zatem musia\u0142em mie\u0107 sze\u015b\u0107 lat. To by\u0142y czasy,&nbsp;<a href=\"https:\/\/turysta2.pttk.pl\/?p=30841\" class=\"read-more\">Continue Reading<\/a>","protected":false},"author":13,"featured_media":30847,"comment_status":"closed","ping_status":"closed","sticky":false,"template":"","format":"standard","meta":{"footnotes":""},"categories":[92,82],"tags":[],"class_list":["post-30841","post","type-post","status-publish","format-standard","has-post-thumbnail","hentry","category-polecamy","category-ludzie-z-pasja","cat-92-id","cat-82-id"],"aioseo_notices":[],"_links":{"self":[{"href":"https:\/\/turysta2.pttk.pl\/index.php?rest_route=\/wp\/v2\/posts\/30841","targetHints":{"allow":["GET"]}}],"collection":[{"href":"https:\/\/turysta2.pttk.pl\/index.php?rest_route=\/wp\/v2\/posts"}],"about":[{"href":"https:\/\/turysta2.pttk.pl\/index.php?rest_route=\/wp\/v2\/types\/post"}],"author":[{"embeddable":true,"href":"https:\/\/turysta2.pttk.pl\/index.php?rest_route=\/wp\/v2\/users\/13"}],"replies":[{"embeddable":true,"href":"https:\/\/turysta2.pttk.pl\/index.php?rest_route=%2Fwp%2Fv2%2Fcomments&post=30841"}],"version-history":[{"count":3,"href":"https:\/\/turysta2.pttk.pl\/index.php?rest_route=\/wp\/v2\/posts\/30841\/revisions"}],"predecessor-version":[{"id":30851,"href":"https:\/\/turysta2.pttk.pl\/index.php?rest_route=\/wp\/v2\/posts\/30841\/revisions\/30851"}],"wp:featuredmedia":[{"embeddable":true,"href":"https:\/\/turysta2.pttk.pl\/index.php?rest_route=\/wp\/v2\/media\/30847"}],"wp:attachment":[{"href":"https:\/\/turysta2.pttk.pl\/index.php?rest_route=%2Fwp%2Fv2%2Fmedia&parent=30841"}],"wp:term":[{"taxonomy":"category","embeddable":true,"href":"https:\/\/turysta2.pttk.pl\/index.php?rest_route=%2Fwp%2Fv2%2Fcategories&post=30841"},{"taxonomy":"post_tag","embeddable":true,"href":"https:\/\/turysta2.pttk.pl\/index.php?rest_route=%2Fwp%2Fv2%2Ftags&post=30841"}],"curies":[{"name":"wp","href":"https:\/\/api.w.org\/{rel}","templated":true}]}}