{"id":30817,"date":"2024-05-28T09:39:19","date_gmt":"2024-05-28T07:39:19","guid":{"rendered":"https:\/\/turysta2.pttk.pl\/?p=30817"},"modified":"2024-05-28T09:39:19","modified_gmt":"2024-05-28T07:39:19","slug":"xx-rozpoczecie-sezonu-rowerowego-z-ktp-babelki","status":"publish","type":"post","link":"https:\/\/turysta2.pttk.pl\/?p=30817","title":{"rendered":"XX Rozpocz\u0119cie Sezonu Rowerowego z KTP ,,B\u0105belki\u201d"},"content":{"rendered":"<p>6\u20137 kwietnia 2024 roku odby\u0142o si\u0119 XX Rozpocz\u0119cie Sezonu Rowerowego, corocznie organizowane przez Klub Turyst\u00f3w Pieszych ,,B\u0105belki\u201d dzia\u0142aj\u0105cy w Oddziale PTTK im. dr. J. Szukalskiego w Gda\u0144sku. To coroczne spotkanie cyklist\u00f3w symbolicznie otwiera sezon rowerowy w naszym \u015brodowisku, cho\u0107 od kilku lat sezon trwa ca\u0142y rok. Propagujemy turystyk\u0119 rowerow\u0105 nawet w okresie zimowym, czego szczeg\u00f3lnym przyk\u0142adem jest trasa rowerowa na Rajdzie Pomorskim \u201eStolemy\u201d.<\/p>\n<p>W tym roku do udzia\u0142u w rozpocz\u0119ciu zg\u0142osi\u0142o si\u0119 38 uczestnik\u00f3w z r\u00f3\u017cnych \u015brodowisk rowerowych wojew\u00f3dztwa pomorskiego, w tym dw\u00f3ch Cz\u0142onk\u00f3w Honorowych PTTK. Jan Lewicki i Stanis\u0142aw Strojny. Przedzia\u0142 wiekowy uczestnik\u00f3w by\u0142 imponuj\u0105cy, gdy\u017c najm\u0142odszy uczestnik trasy mia\u0142 11, a najstarszy 85 lat. Postanowili\u015bmy wyruszy\u0107 z Gda\u0144ska i uda\u0107 si\u0119 na Kaszuby. Na baz\u0119 noclegow\u0105 imprezy wybrano O\u015brodek Wypoczynkowy ,,U Krefta\u201d w Chmielnie. Oficjalna zbi\u00f3rka uczestnik\u00f3w nast\u0105pi\u0142a przy trasie Pomorskiej Kolei Metropolitalnej ko\u0142o stacji Kie\u0142pinek. Rozwi\u0105zanie to pozwoli\u0142o dotrze\u0107 uczestnikom z r\u00f3\u017cnych zak\u0105tk\u00f3w wojew\u00f3dztwa, takich jak m. in. S\u0142upsk, Kwidzyn czy Wejherowo. Najliczniejsz\u0105 prawie dwudziestoosobow\u0105 grup\u0119 stanowili przedstawiciele organizatora tj. Klubu Turyst\u00f3w Pieszych ,,B\u0105belki\u201d z Gda\u0144ska obchodz\u0105cego w tym roku Jubileusz 65-lecia swojego istnienia.<\/p>\n<p>Niespodziewanie pogoda w ten weekend dopisa\u0142a w pe\u0142ni. By\u0142o s\u0142onecznie, pi\u0119knie i ciep\u0142o. W sobot\u0119 g\u0142\u00f3wnym celem krajoznawczym na trasie by\u0142o \u017bukowo ze swoimi wyj\u0105tkowymi zabytkami, na czele z ko\u015bcio\u0142em Wniebowzi\u0119cia Naj\u015bwi\u0119tszej Maryi Panny z XIV wieku. Ko\u015bci\u00f3\u0142 gotycki stanowi cz\u0119\u015b\u0107 dawnego klasztoru norbertanek. Ko\u015bci\u00f3\u0142 do 1834 roku by\u0142 w posiadaniu klasztoru, kt\u00f3ry zosta\u0142 skasowany przez rz\u0105d pruski. Dwa lata p\u00f3\u017aniej przej\u0119\u0142a go parafia \u017bukowska. Do dnia dzisiejszego z klasztoru ocala\u0142 ko\u015bci\u00f3\u0142 klasztorny, stajnia i wozownia, budynek z filarem, mur z wn\u0119kami oraz figura \u015bw. Norberta na dziedzi\u0144cu. Ko\u015bci\u00f3\u0142 wzniesiony zosta\u0142 w stylu gotyckim z ceg\u0142y. Jest to budowla o d\u0142ugo\u015bci 38 m, szeroko\u015bci 9 m i wysoko\u015bci 14 m. We wn\u0119trzu zastosowano dwa rodzaje sklepie\u0144: krzy\u017cowe i kolebkowe. Po zwiedzaniu udali\u015bmy si\u0119 w dalsz\u0105 tras\u0119 przez malownicze tereny Kaszub do Chmielna. Trasa tego dnia by\u0142a wymagaj\u0105ca, a wiele podjazd\u00f3w da\u0142o si\u0119 poczu\u0107 w nogach. W godzinach popo\u0142udniowych dotarli\u015bmy do Chmielna. Wieczorem zap\u0142on\u0119\u0142o ognisko, podczas kt\u00f3regowsp\u00f3lnie uczestnicy omawiali plany na rok bie\u017c\u0105cy.<\/p>\n<p>S\u0142oneczny poranek rozpocz\u0105\u0142 si\u0119 od \u015bniadania, po kt\u00f3rym ruszyli\u015bmy w dalsz\u0105 drog\u0119. Po dotarciu do Kartuz rozpocz\u0119li\u015bmy od zwiedzania kolegiaty pw. Wniebowzi\u0119cia Naj\u015bwi\u0119tszej Maryi Panny. Ko\u015bci\u00f3\u0142 ten zosta\u0142 wybudowany w latach 1383\u20131405. Posiada oryginalny dach w kszta\u0142cie trumny i barokowy he\u0142m wie\u017cy z 1733 roku. Najcenniejszym zabytkiem w kolegiacie jest gotycki o\u0142tarz z 1444 roku. Dalej przejechali\u015bmy przez malownicze miasto, odwiedzaj\u0105c m. in. kartuski rynek. Jad\u0105c w kierunku Gda\u0144ska skr\u0119cili\u015bmy w kierunku wyj\u0105tkowego rezerwatu przyrody \u201eJar Rzeki Raduni\u201d. Jest to krajobrazowy rezerwat przyrody utworzony w 1972 roku, obejmuj\u0105cy obszar 84,24 ha. Jest to jedno z najbogatszych na ni\u017cu stanowisk flory i ro\u015blinno\u015bci o charakterze podg\u00f3rskim. Obejmuje znacz\u0105cy teren prze\u0142omu Raduni. Przerw\u0119 na trasie zrobili\u015bmy przy mo\u015bcie pomi\u0119dzy miejscowo\u015bciami Borowo a Babi D\u00f3\u0142. Uczestnicy mieli tam mo\u017cliwo\u015b\u0107 pow\u0119drowania szlakiem pieszym i zapoznania si\u0119 z urokami rezerwatu. Dalej przyjemn\u0105 drog\u0105 kierowali\u015bmy si\u0119 w stron\u0119 Gda\u0144ska. Nad jeziorem Otomi\u0144skim zrobili\u015bmy ostatni odpoczynek. Do Gda\u0144ska dotarli\u015bmy oko\u0142o godziny 15:00 i imprez\u0119 zako\u0144czyli\u015bmy w miejscu jej startu.<\/p>\n<p>By\u0142o to kolejne udane rozpocz\u0119cie sezonu rowerowego. Przejechali\u015bmy \u0142\u0105cznie ponad 80 kilometrow\u0105 tras\u0119. Liczymy, \u017ce w przysz\u0142ym roku spotkamy si\u0119 w wi\u0119kszym gronie na pomorskich trasach. Tegoroczn\u0105 edycj\u0119 mia\u0142em przyjemno\u015b\u0107 poprowadzi\u0107 wsp\u00f3lnie z Jaros\u0142awem Kowalczukiem i Grzegorzem Oskarbskim.<\/p>\n<p><em>Tekst<\/em> <strong>Daniel Nazaruk<\/strong><\/p>\n<div id=\"attachment_30819\" style=\"width: 429px\" class=\"wp-caption alignnone\"><a href=\"https:\/\/turysta2.pttk.pl\/wp-content\/uploads\/2024\/05\/1715153735252-fot.-Daniel-Nazaruk-scaled.jpg\"><img loading=\"lazy\" decoding=\"async\" aria-describedby=\"caption-attachment-30819\" class=\" wp-image-30819\" src=\"https:\/\/turysta2.pttk.pl\/wp-content\/uploads\/2024\/05\/1715153735252-fot.-Daniel-Nazaruk-300x225.jpg\" alt=\"\" width=\"419\" height=\"314\" srcset=\"https:\/\/turysta2.pttk.pl\/wp-content\/uploads\/2024\/05\/1715153735252-fot.-Daniel-Nazaruk-300x225.jpg 300w, https:\/\/turysta2.pttk.pl\/wp-content\/uploads\/2024\/05\/1715153735252-fot.-Daniel-Nazaruk-1024x768.jpg 1024w, https:\/\/turysta2.pttk.pl\/wp-content\/uploads\/2024\/05\/1715153735252-fot.-Daniel-Nazaruk-768x576.jpg 768w, https:\/\/turysta2.pttk.pl\/wp-content\/uploads\/2024\/05\/1715153735252-fot.-Daniel-Nazaruk-1536x1152.jpg 1536w, https:\/\/turysta2.pttk.pl\/wp-content\/uploads\/2024\/05\/1715153735252-fot.-Daniel-Nazaruk-2048x1536.jpg 2048w, https:\/\/turysta2.pttk.pl\/wp-content\/uploads\/2024\/05\/1715153735252-fot.-Daniel-Nazaruk-200x150.jpg 200w\" sizes=\"auto, (max-width: 419px) 100vw, 419px\" \/><\/a><p id=\"caption-attachment-30819\" class=\"wp-caption-text\">Pami\u0105tkowe zdj\u0119cie uczestnik\u00f3w rajdu<\/p><\/div>\n<div id=\"attachment_30823\" style=\"width: 304px\" class=\"wp-caption alignnone\"><a href=\"https:\/\/turysta2.pttk.pl\/wp-content\/uploads\/2024\/05\/1715153735271-fot.-Daniel-Nazaruk-scaled.jpg\"><img loading=\"lazy\" decoding=\"async\" aria-describedby=\"caption-attachment-30823\" class=\" wp-image-30823\" src=\"https:\/\/turysta2.pttk.pl\/wp-content\/uploads\/2024\/05\/1715153735271-fot.-Daniel-Nazaruk-225x300.jpg\" alt=\"\" width=\"294\" height=\"392\" srcset=\"https:\/\/turysta2.pttk.pl\/wp-content\/uploads\/2024\/05\/1715153735271-fot.-Daniel-Nazaruk-225x300.jpg 225w, https:\/\/turysta2.pttk.pl\/wp-content\/uploads\/2024\/05\/1715153735271-fot.-Daniel-Nazaruk-769x1024.jpg 769w, https:\/\/turysta2.pttk.pl\/wp-content\/uploads\/2024\/05\/1715153735271-fot.-Daniel-Nazaruk-768x1022.jpg 768w, https:\/\/turysta2.pttk.pl\/wp-content\/uploads\/2024\/05\/1715153735271-fot.-Daniel-Nazaruk-1154x1536.jpg 1154w, https:\/\/turysta2.pttk.pl\/wp-content\/uploads\/2024\/05\/1715153735271-fot.-Daniel-Nazaruk-1538x2048.jpg 1538w, https:\/\/turysta2.pttk.pl\/wp-content\/uploads\/2024\/05\/1715153735271-fot.-Daniel-Nazaruk-scaled.jpg 1923w\" sizes=\"auto, (max-width: 294px) 100vw, 294px\" \/><\/a><p id=\"caption-attachment-30823\" class=\"wp-caption-text\">Sezon rowerowy rozpocz\u0119ty<\/p><\/div>\n","protected":false},"excerpt":{"rendered":"6\u20137 kwietnia 2024 roku odby\u0142o si\u0119 XX Rozpocz\u0119cie Sezonu Rowerowego, corocznie organizowane przez Klub Turyst\u00f3w Pieszych ,,B\u0105belki\u201d dzia\u0142aj\u0105cy w Oddziale PTTK im. dr. J. Szukalskiego w Gda\u0144sku. To coroczne spotkanie cyklist\u00f3w symbolicznie otwiera sezon rowerowy w naszym \u015brodowisku, cho\u0107 od kilku lat sezon trwa ca\u0142y rok. Propagujemy turystyk\u0119 rowerow\u0105 nawet w okresie zimowym, czego szczeg\u00f3lnym przyk\u0142adem jest trasa rowerowa na&nbsp;<a href=\"https:\/\/turysta2.pttk.pl\/?p=30817\" class=\"read-more\">Continue Reading<\/a>","protected":false},"author":13,"featured_media":30821,"comment_status":"closed","ping_status":"closed","sticky":false,"template":"","format":"standard","meta":{"footnotes":""},"categories":[93,9],"tags":[],"class_list":["post-30817","post","type-post","status-publish","format-standard","has-post-thumbnail","hentry","category-aktualnosci","category-warto-wiedziec","cat-93-id","cat-9-id"],"aioseo_notices":[],"_links":{"self":[{"href":"https:\/\/turysta2.pttk.pl\/index.php?rest_route=\/wp\/v2\/posts\/30817","targetHints":{"allow":["GET"]}}],"collection":[{"href":"https:\/\/turysta2.pttk.pl\/index.php?rest_route=\/wp\/v2\/posts"}],"about":[{"href":"https:\/\/turysta2.pttk.pl\/index.php?rest_route=\/wp\/v2\/types\/post"}],"author":[{"embeddable":true,"href":"https:\/\/turysta2.pttk.pl\/index.php?rest_route=\/wp\/v2\/users\/13"}],"replies":[{"embeddable":true,"href":"https:\/\/turysta2.pttk.pl\/index.php?rest_route=%2Fwp%2Fv2%2Fcomments&post=30817"}],"version-history":[{"count":2,"href":"https:\/\/turysta2.pttk.pl\/index.php?rest_route=\/wp\/v2\/posts\/30817\/revisions"}],"predecessor-version":[{"id":30827,"href":"https:\/\/turysta2.pttk.pl\/index.php?rest_route=\/wp\/v2\/posts\/30817\/revisions\/30827"}],"wp:featuredmedia":[{"embeddable":true,"href":"https:\/\/turysta2.pttk.pl\/index.php?rest_route=\/wp\/v2\/media\/30821"}],"wp:attachment":[{"href":"https:\/\/turysta2.pttk.pl\/index.php?rest_route=%2Fwp%2Fv2%2Fmedia&parent=30817"}],"wp:term":[{"taxonomy":"category","embeddable":true,"href":"https:\/\/turysta2.pttk.pl\/index.php?rest_route=%2Fwp%2Fv2%2Fcategories&post=30817"},{"taxonomy":"post_tag","embeddable":true,"href":"https:\/\/turysta2.pttk.pl\/index.php?rest_route=%2Fwp%2Fv2%2Ftags&post=30817"}],"curies":[{"name":"wp","href":"https:\/\/api.w.org\/{rel}","templated":true}]}}